{"id":10062,"date":"2022-07-27T05:13:42","date_gmt":"2022-07-27T09:13:42","guid":{"rendered":"https:\/\/energiesnet.com\/espanol\/?p=10062"},"modified":"2022-07-27T07:18:29","modified_gmt":"2022-07-27T11:18:29","slug":"la-ue-acuerda-plan-de-ahorro-de-gas-ante-reduccion-de-suministro-ruso-afp","status":"publish","type":"post","link":"https:\/\/energiesnet.com\/espanol\/la-ue-acuerda-plan-de-ahorro-de-gas-ante-reduccion-de-suministro-ruso-afp\/","title":{"rendered":"La UE acuerda plan de ahorro de gas ante reducci\u00f3n de suministro ruso -AFP"},"content":{"rendered":"\n<figure class=\"wp-block-image size-full\"><img fetchpriority=\"high\" decoding=\"async\" width=\"600\" height=\"400\" src=\"https:\/\/energiesnet.com\/espanol\/wp-content\/uploads\/2022\/07\/gaspipeline_nord_stream_lubmin-1-afp.jpg\" alt=\"\" class=\"wp-image-10063\" srcset=\"https:\/\/energiesnet.com\/espanol\/wp-content\/uploads\/2022\/07\/gaspipeline_nord_stream_lubmin-1-afp.jpg 600w, https:\/\/energiesnet.com\/espanol\/wp-content\/uploads\/2022\/07\/gaspipeline_nord_stream_lubmin-1-afp-300x200.jpg 300w\" sizes=\"(max-width: 600px) 100vw, 600px\" \/><figcaption>El gasoducto Nord Stream 1 cerca de Lubmin, en el noreste de Alemania, el 20 de julio de 2022&nbsp; (AFP)  <\/figcaption><\/figure>\n\n\n\n<p>AFP  <\/p>\n\n\n\n<p>BRUSELAS  <br>EnergiesNet.com 27 06 2022  <\/p>\n\n\n\n<p>La Uni\u00f3n Europea acord\u00f3 este martes reducir el consumo de gas para ser menos dependiente de Rusia, que anunci\u00f3 un nuevo recorte de los suministros hacia Europa y lanz\u00f3 bombardeos \u00abmasivos\u00bb en el sur de Ucrania.<\/p>\n\n\n\n<p>\u00ab\u00a1No era una misi\u00f3n imposible! Los ministros [de Energ\u00eda de los 27 Estados miembros] llegaron a un acuerdo pol\u00edtico sobre la reducci\u00f3n de la demanda de gas para el pr\u00f3ximo invierno\u00bb, anunci\u00f3 en Twitter la presidencia checa, que ejerce la presidencia rotatoria del Consejo de la UE.<\/p>\n\n\n\n<p>Ante la amenaza de una crisis energ\u00e9tica avivada por los recortes de gas ruso, los ministros, reunidos en Bruselas, pactaron un plan de ahorro propuesto la semana pasada por la Comisi\u00f3n. El contenido fue ampliamente modificado, aunque sus grandes l\u00edneas permanecieron iguales.<\/p>\n\n\n\n<p>El documento aprobado prev\u00e9 que cada pa\u00eds haga \u00abtodo lo posible\u00bb para reducir en al menos un 15% el consumo de gas entre agosto de 2022 y marzo de 2023, respecto a la media de los \u00faltimos cinco a\u00f1os del mismo periodo.<\/p>\n\n\n\n<p>En caso de \u00abriesgo grave de penuria\u00bb, un mecanismo har\u00e1 obligatoria esa reducci\u00f3n, pero el objetivo ser\u00e1 adaptado a las realidades de cada pa\u00eds a trav\u00e9s de una serie de exenciones.<\/p>\n\n\n\n<p>\u00abEste compromiso colectivo es muy significativo y nos ayudar\u00e1 a reponer las existencias antes del invierno\u00bb, celebr\u00f3 la presidenta de la Comisi\u00f3n Europea, Ursula von der Leyen.<\/p>\n\n\n\n<p>El lunes, la compa\u00f1\u00eda estatal rusa Gazprom anunci\u00f3 que reducir\u00e1 a partir del mi\u00e9rcoles los suministros de gas a Europa por el gasoducto Nord Stream a 33 millones de metros c\u00fabicos diarios. Esta cifra supone alrededor del 20% de la capacidad del gasoducto.<\/p>\n\n\n\n<p>Rusia alega la necesidad de mantenimiento de una turbina, pero los pa\u00edses occidentales acusan a Mosc\u00fa de usar su energ\u00eda como \u00abarma\u00bb en respuesta a las sanciones adoptadas por la invasi\u00f3n de Ucrania el 24 de febrero.<\/p>\n\n\n\n<p>Un portavoz del Kremlin dijo el martes que la reducci\u00f3n del suministro se deb\u00eda a las sanciones occidentales tomadas contra Rusia tras la invasi\u00f3n de Ucrania. \u00abSi no hubiera sido por estas restricciones, todo se hubiera cumplido (\u2026) dentro del plazo habitual, sin llegar a la situaci\u00f3n que vemos hoy\u00bb, asever\u00f3.<\/p>\n\n\n\n<p>Tras cinco meses de un conflicto que ya ha causado miles de muertos y millones de desplazados, Rusia sigue bombardeando el este y el sur del territorio, donde centra su ofensiva.<\/p>\n\n\n\n<p>Las autoridades ucranianas denunciaron el martes una serie de ataques cerca del puerto de Odesa y en la ciudad de Mikolaiv, ambas a orillas del mar Negro.<\/p>\n\n\n\n<p><strong>&#8211; \u00abChantaje\u00bb de Putin &#8211;<\/strong><\/p>\n\n\n\n<p>\u00abLa UE est\u00e1 unida y solidaria. La decisi\u00f3n de hoy ha dejado claro que los Estados miembros se opondr\u00e1n a cualquier intento ruso de dividir a la UE utilizando el suministro energ\u00e9tico como arma\u00bb, declar\u00f3 el ministro checo de Energ\u00eda Jozef Sikela en Bruselas.<\/p>\n\n\n\n<p>Su hom\u00f3logo luxemburgu\u00e9s, Claude Turmes, coment\u00f3 a su vez que reducir el consumo de gas era \u00abla mejor manera de hacer frente al chantaje con gas de Putin\u00bb.<\/p>\n\n\n\n<p>De los 27 Estados miembros, Hungr\u00eda es el \u00fanico pa\u00eds que vot\u00f3 en contra del plan, al que el canciller h\u00fangaro tach\u00f3 de \u00abinaplicable y perjudicial\u00bb.<\/p>\n\n\n\n<p>La reducci\u00f3n de un 15% del consumo de gas hab\u00eda suscitado recelos de varios pa\u00edses miembros -entre ellos Polonia, Espa\u00f1a, Italia, Grecia y Portugal- que criticaron el hecho de que no ten\u00eda en cuenta las especificidades de cada uno.<\/p>\n\n\n\n<p>El plan de ahorro energ\u00e9tico pretende aunar esfuerzos en caso de emergencia para ayudar sobre todo a Alemania, muy dependiente del gas ruso y cuya industria est\u00e1 muy ligada a las del conjunto de la UE.<\/p>\n\n\n\n<p>\u00abSi la industria qu\u00edmica de Alemania tose, toda la industria europea puede detenerse\u00bb, advirti\u00f3 la ministra francesa de Transici\u00f3n Ecol\u00f3gica, Agn\u00e8s Pannier-Runacher.<\/p>\n\n\n\n<p>Hasta el a\u00f1o pasado, cerca del 40% de las importaciones de gas de la UE proven\u00edan de Rusia.<\/p>\n\n\n\n<p><strong>&#8211; Bombardeos \u00abmasivos\u00bb &#8211;<\/strong><\/p>\n\n\n\n<p>En el terreno, la ofensiva rusa sigue su curso. Las autoridades ucranianas informaron el martes de bombardeos rusos \u00abmasivos\u00bb en el sur, cerca de los puertos de Odesa y Mikolaiv.<\/p>\n\n\n\n<p>\u00abEn Odesa, se alcanzaron edificios residenciales de las aglomeraciones costeras sin dejar v\u00edctimas, seg\u00fan las primeras informaciones\u00bb, indic\u00f3 el ej\u00e9rcito ucraniano.<\/p>\n\n\n\n<p>El cuerpo armado tambi\u00e9n inform\u00f3 de bombardeos en la regi\u00f3n de Mikolaiv, m\u00e1s al este, donde se apunt\u00f3 \u00abla infraestructura portuaria\u00bb.<\/p>\n\n\n\n<p>El gobernador regional de Mikolaiv, Vitali Kim, tambi\u00e9n inform\u00f3 de un \u00abbombardeo masivo\u00bb sobre la ciudad.<\/p>\n\n\n\n<p>Estos nuevos ataques se producen despu\u00e9s de otro el s\u00e1bado en Odesa, el mayor puerto de Ucrania, apenas un d\u00eda despu\u00e9s de que se firmara un acuerdo entre Kiev y Mosc\u00fa para exportar los granos a trav\u00e9s de \u00abcorredores seguros\u00bb por el mar Negro.<\/p>\n\n\n\n<p>El ataque gener\u00f3 una oleada de condenas y gener\u00f3 dudas sobre la posibilidad de implementar el hist\u00f3rico convenio, auspiciado por la ONU con la mediaci\u00f3n de Turqu\u00eda. El lunes, Kiev asegur\u00f3 sin embargo que esperaba reanudad las exportaciones \u00abesta semana\u00bb.<\/p>\n\n\n\n<p>En el este, tres civiles murieron las \u00faltimas 24 horas en la regi\u00f3n de Donetsk, seg\u00fan el gobernador Pavlo Kyrylenko.<\/p>\n\n\n\n<p>En esa regi\u00f3n, que junto a la de Lugansk conforma el Donb\u00e1s, tambi\u00e9n fueron bombardeadas la madrugada del martes Toretsk, Avdivka, M\u00e1rinka y Krasnog\u00f3rivka, seg\u00fan la misma fuente. El funcionario tambi\u00e9n inform\u00f3 de ataques en Bajmut y Sloviansk.<\/p>\n\n\n\n<p>afp.com 26 07 2022<\/p>\n","protected":false},"excerpt":{"rendered":"<p>AFP BRUSELAS EnergiesNet.com 27 06 2022 La Uni\u00f3n Europea acord\u00f3 este martes reducir el consumo de gas para ser menos dependiente de Rusia, que anunci\u00f3 un nuevo recorte de los suministros hacia Europa y lanz\u00f3 bombardeos \u00abmasivos\u00bb en el sur de Ucrania. \u00ab\u00a1No era una misi\u00f3n imposible! Los ministros [de Energ\u00eda de los 27 Estados &hellip;<\/p>\n<p class=\"read-more\"> <a class=\"\" href=\"https:\/\/energiesnet.com\/espanol\/la-ue-acuerda-plan-de-ahorro-de-gas-ante-reduccion-de-suministro-ruso-afp\/\"> <span class=\"screen-reader-text\">La UE acuerda plan de ahorro de gas ante reducci\u00f3n de suministro ruso -AFP<\/span> Leer m\u00e1s &raquo;<\/a><\/p>\n","protected":false},"author":2,"featured_media":10063,"comment_status":"open","ping_status":"open","sticky":false,"template":"","format":"standard","meta":{"_monsterinsights_skip_tracking":false,"_monsterinsights_sitenote_active":false,"_monsterinsights_sitenote_note":"","_monsterinsights_sitenote_category":0,"site-sidebar-layout":"default","site-content-layout":"default","ast-global-header-display":"","ast-main-header-display":"","ast-hfb-above-header-display":"","ast-hfb-below-header-display":"","ast-hfb-mobile-header-display":"","site-post-title":"","ast-breadcrumbs-content":"","ast-featured-img":"","footer-sml-layout":"","theme-transparent-header-meta":"","adv-header-id-meta":"","stick-header-meta":"","header-above-stick-meta":"","header-main-stick-meta":"","header-below-stick-meta":"","footnotes":""},"categories":[45],"tags":[],"class_list":["post-10062","post","type-post","status-publish","format-standard","has-post-thumbnail","hentry","category-noticias-diarias"],"aioseo_notices":[],"_links":{"self":[{"href":"https:\/\/energiesnet.com\/espanol\/wp-json\/wp\/v2\/posts\/10062","targetHints":{"allow":["GET"]}}],"collection":[{"href":"https:\/\/energiesnet.com\/espanol\/wp-json\/wp\/v2\/posts"}],"about":[{"href":"https:\/\/energiesnet.com\/espanol\/wp-json\/wp\/v2\/types\/post"}],"author":[{"embeddable":true,"href":"https:\/\/energiesnet.com\/espanol\/wp-json\/wp\/v2\/users\/2"}],"replies":[{"embeddable":true,"href":"https:\/\/energiesnet.com\/espanol\/wp-json\/wp\/v2\/comments?post=10062"}],"version-history":[{"count":0,"href":"https:\/\/energiesnet.com\/espanol\/wp-json\/wp\/v2\/posts\/10062\/revisions"}],"wp:featuredmedia":[{"embeddable":true,"href":"https:\/\/energiesnet.com\/espanol\/wp-json\/wp\/v2\/media\/10063"}],"wp:attachment":[{"href":"https:\/\/energiesnet.com\/espanol\/wp-json\/wp\/v2\/media?parent=10062"}],"wp:term":[{"taxonomy":"category","embeddable":true,"href":"https:\/\/energiesnet.com\/espanol\/wp-json\/wp\/v2\/categories?post=10062"},{"taxonomy":"post_tag","embeddable":true,"href":"https:\/\/energiesnet.com\/espanol\/wp-json\/wp\/v2\/tags?post=10062"}],"curies":[{"name":"wp","href":"https:\/\/api.w.org\/{rel}","templated":true}]}}