{"id":10170,"date":"2022-07-29T13:04:05","date_gmt":"2022-07-29T17:04:05","guid":{"rendered":"https:\/\/energiesnet.com\/espanol\/?p=10170"},"modified":"2022-08-01T08:15:43","modified_gmt":"2022-08-01T12:15:43","slug":"enrique-novoa-nuevo-presidente-de-la-camara-petrolera-de-venezuela-cpv","status":"publish","type":"post","link":"https:\/\/energiesnet.com\/espanol\/enrique-novoa-nuevo-presidente-de-la-camara-petrolera-de-venezuela-cpv\/","title":{"rendered":"Enrique Novoa nuevo presidente de la C\u00e1mara Petrolera de Venezuela -EN"},"content":{"rendered":"\n<figure class=\"wp-block-image size-full\"><img fetchpriority=\"high\" decoding=\"async\" width=\"600\" height=\"572\" src=\"https:\/\/energiesnet.com\/espanol\/wp-content\/uploads\/2022\/07\/enrique_novoa_cpv_barriles.jpg\" alt=\"\" class=\"wp-image-10171\" srcset=\"https:\/\/energiesnet.com\/espanol\/wp-content\/uploads\/2022\/07\/enrique_novoa_cpv_barriles.jpg 600w, https:\/\/energiesnet.com\/espanol\/wp-content\/uploads\/2022\/07\/enrique_novoa_cpv_barriles-300x286.jpg 300w\" sizes=\"(max-width: 600px) 100vw, 600px\" \/><figcaption>Enrique Novoa (Barriles)<\/figcaption><\/figure>\n\n\n\n<p>EnergiesNet <\/p>\n\n\n\n<p>CARACAS <br>EnergiesNet.com 29 07 2022  <\/p>\n\n\n\n<p>La C\u00e1mara Petrolera de Venezuela (CPV) realiz\u00f3 el jueves 28 de julio su&nbsp;XLIV Asamblea General Ordinaria en la sede de la organizacion, durante la cual se eligi\u00f3 y tom\u00f3 posesi\u00f3n la Directiva, el Comisario Principal y Suplente para el per\u00edodo 2022-2024. <\/p>\n\n\n\n<p>El ingeniero Enrique Novoa&nbsp;resulto electo como el 18\u00ba presidente nacional de la C\u00e1mara Petrolera de Venezuela (CPV)&nbsp;con un plan de trabajo en las areas : de la uni\u00f3n, la participaci\u00f3n nacional, la promoci\u00f3n nacional e internacional de la CPV y los aspectos relacionados con el marco jur\u00eddico existente.<br><br>Petroguia reporta una entrevista que le hicieron a Novoa los periodistas Alexander Uzc\u00e1tegui y Andr\u00e9s Rojas Jim\u00e9ne<strong>z<\/strong>  y que reproducimos a continuaci\u00f3n.<br><br><strong>\u00bfCu\u00e1l es la propuesta de la plancha que encabeza?<\/strong><\/p>\n\n\n\n<p>-Nuestra propuesta va dirigida a atender cuatro pilares fundamentales que requiere la mayor atenci\u00f3n dentro de nuestra instituci\u00f3n: la uni\u00f3n, la participaci\u00f3n nacional, la promoci\u00f3n nacional e internacional de la CPV y los aspectos relacionados con el marco jur\u00eddico existente.<br><br>Sobre esos cuatro puntos hemos desarrollado los potenciales espacios d\u00f3nde debemos dar nuestra presencia y nuestra actividad.<br><br>En el caso de la uni\u00f3n, tiene que ver con el fortalecimiento y la relaci\u00f3n con nuestros agremiados. Recordemos que por el tipo de instituci\u00f3n que representamos todos los integrantes y afiliados de \u00e9sta c\u00e1mara perseguimos un mismo objetivo como es el fortalecimiento de un sector que ha dado en bienes y servicios a la industria petrolera, petroqu\u00edmica y gas\u00edfera.<br><br>En la participaci\u00f3n nacional siempre ha sido nuestro norte alinearnos con las diferentes pol\u00edticas y los mejores intereses de nuestros agremiados en funci\u00f3n de lograr buenos espacios a nivel de contrataci\u00f3n, la recuperaci\u00f3n de las deudas, la aplicaci\u00f3n de un sistema de leyes que permita confianza y la recuperaci\u00f3n de nuestra industria.<br><br>La promoci\u00f3n nacional est\u00e1 dirigida al hecho de exaltar nuestras capacidades y potencialidades, tanto en lo interno de nuestro pa\u00eds como afuera, en funci\u00f3n de que los medios que podemos manejar a trav\u00e9s de la trayectoria que conforman el grupo de agremiados de la CPV, que pueden estar entre los 30 y 40 a\u00f1os. Son empresas con una alta tradici\u00f3n y que podemos dar nuestras mejores capacidades en el proceso de recuperar, mantener e impulsar nuestra industria de los hidrocarburos.<br><br>En el marco jur\u00eddico, ponemos atenci\u00f3n en temas como la Ley de Zonas Econ\u00f3micas Especiales reci\u00e9n promulgada, la Ley que reserva al Estado los Servicios Conexos a las Actividades Primarias de Hidrocarburos aprobada en 2009 y los aportes que podemos dar a los diferentes instrumentos que pueden estar en un momento de revisi\u00f3n.<\/p>\n\n\n\n<p><strong>-Tomando en cuenta que menciona la Ley que reserv\u00f3 al Estado los servicios conexos de las actividades primarias de los hidrocarburos. Ese ha sido un planteamiento que ya en \u00e9sta gesti\u00f3n de Reinaldo Quintero \u00bfVe factible que en el corto plazo el Ejecutivo nacional y la Asamblea puedan propiciar, sino renovar, que al menos se permita la participaci\u00f3n privada?<\/strong><\/p>\n\n\n\n<p>-Soy optimista en cuanto a que est\u00e1n dadas las condiciones para dar una reactivaci\u00f3n en las actividades primarias con la participaci\u00f3n del sector privado nacional e internacional. Es una necesidad. Lo veo como una oportunidad verdadera de poder dar un paso adelante en este proceso de recuperar la industria. Observamos una actitud quiz\u00e1 no la derogaci\u00f3n, pero s\u00ed la modificaci\u00f3n y el reingreso de estas actividades porque esa ley no s\u00f3lo afect\u00f3 las actividades en el Lago de Maracaibo, sino tambi\u00e9n todo lo que es la actividad gas\u00edfera contratada que se ten\u00eda a nivel nacional.<\/p>\n\n\n\n<p><strong>-\u00bfQu\u00e9 perspectiva le ve a la Ley de Zonas Econ\u00f3micas Especiales?<\/strong><\/p>\n\n\n\n<p>-Con respecto a las Zonas Econ\u00f3micas Especiales, desde el principio cuando el proyecto fue a primera discusi\u00f3n en la Asamblea Nacional, nuestra c\u00e1mara se mostr\u00f3 muy interesada en participar debido a que nuestra industria ha estado soportada tradicionalmente por un grupo de organizaciones de bienes y servicios formalmente constituidas.<br><br>Son espacios donde la transferencia de tecnolog\u00eda y desarrollo de actividades cercanas a las \u00e1reas operacionales, que adem\u00e1s cuando hay proximidad a espacios fluviales y\/o mar\u00edtimos hay posibilidad de generar pol\u00edgonos que generen procesos productivos. Nuestra organizaci\u00f3n considera que nuestras empresas pueden ser protagonistas fundamentales en el desarrollo, en la implantaci\u00f3n de nuevos pol\u00edgonos que pueden ser de corte industrial para el caso de las empresas asociadas al tema de los hidrocarburos, donde hay excelentes oportunidades para poder desarrollar tejidos como el petroqu\u00edmico.<br><br>Est\u00e1 el caso del complejo Ana Mar\u00eda Campos (El Tablazo) en el estado Zulia, que se derivan corrientes de polipropileno, polietilenos, productos de cloro y fertilizantes. Todo eso puede ser el factor fundamental para alimentar una cadena de industrias que bien pudieran estar dando productos muy necesarios para la vida en nuestro pa\u00eds y abrir adem\u00e1s espacios hacia la exportaci\u00f3n.<br><br>Se le puede dar todo tipo de servicios a la industria petrolera a trav\u00e9s de la instalaci\u00f3n de talleres de prefabricaci\u00f3n, una inmensa cantidad de puestos de trabajo, encadenamiento de procesos que tengan que ver con mantenimientos de alta tecnolog\u00eda a lo largo y ancho del pa\u00eds.Dimos algunos pol\u00edgonos que pudimos recomendar a los legisladores en su momento.<br><br>Tenemos una inmensa cantidad de oportunidades en las cuales nosotros dimos nuestras propuestas en su momento. Al evaluar la ley hemos observado con precisi\u00f3n que muchos de los planteamientos que hicimos fueron recogidos de manera general. Ahora viene un espacio que no es f\u00e1cil porque requiere de iniciativa, \u00e1nimo y motivaci\u00f3n para que entre el gobierno y el empresariado del sector privado se desarrollen unas estrategias en cuanto a reglamentaci\u00f3n de las zonas econ\u00f3micas especiales.<\/p>\n\n\n\n<p><strong>-Ha acompa\u00f1ado a Reinaldo Quintero en estos cuatro a\u00f1os de gesti\u00f3n. \u00bfQu\u00e9 aspectos considera prioritario de esa pol\u00edtica que llevaron adelante y son prioritarios en sus primeros seis meses de gesti\u00f3n en caso de que resulte electo?<\/strong><\/p>\n\n\n\n<p>-Esos espacios est\u00e1n bien identificados. El m\u00e1s importante lo constituye la gesti\u00f3n que estamos llevando a lo t\u00e9cnico y financiero con PDVSA en cuanto a oportunidades de participaci\u00f3n del sector privado en proyectos espec\u00edficos, teniendo en cuentas que las fuentes de financiamiento pudieran estarse acercando a Venezuela.<br><br>Creemos que hay una excelente oportunidad, hay que mantener la inercia que llevamos con la organizaci\u00f3n estatal a efectos de poder concretar oportunidades para el empresariado privado que hace vida en Venezuela, sobre todo los agremiados a nuestra instituci\u00f3n.<\/p>\n\n\n\n<p><strong>-En la gesti\u00f3n de Reinaldo Quintero se dio una reapertura de la CPV hacia los medios. \u00bfEnrique Novoa la va a mantener?<\/strong><\/p>\n\n\n\n<p>-Enrique Novoa se va mantener muy presente en todo lo que es la narrativa y vocer\u00eda de llevar lo mejor de los comentarios y las opiniones hacia los medios de comunicaci\u00f3n. Creo que la C\u00e1mara ha tomado parte fundamental en todo lo que se refiere a esa narrativa a partir de los planes de recuperaci\u00f3n de la industria y eso que ha sido un basti\u00f3n fundamental desde que arranc\u00f3 la gesti\u00f3n de Reinaldo.<\/p>\n\n\n\n<p><br>energiesNet.com 29 07 2022<br><\/p>\n","protected":false},"excerpt":{"rendered":"<p>EnergiesNet CARACAS EnergiesNet.com 29 07 2022 La C\u00e1mara Petrolera de Venezuela (CPV) realiz\u00f3 el jueves 28 de julio su&nbsp;XLIV Asamblea General Ordinaria en la sede de la organizacion, durante la cual se eligi\u00f3 y tom\u00f3 posesi\u00f3n la Directiva, el Comisario Principal y Suplente para el per\u00edodo 2022-2024. El ingeniero Enrique Novoa&nbsp;resulto electo como el 18\u00ba &hellip;<\/p>\n<p class=\"read-more\"> <a class=\"\" href=\"https:\/\/energiesnet.com\/espanol\/enrique-novoa-nuevo-presidente-de-la-camara-petrolera-de-venezuela-cpv\/\"> <span class=\"screen-reader-text\">Enrique Novoa nuevo presidente de la C\u00e1mara Petrolera de Venezuela -EN<\/span> Leer m\u00e1s &raquo;<\/a><\/p>\n","protected":false},"author":2,"featured_media":10171,"comment_status":"open","ping_status":"open","sticky":false,"template":"","format":"standard","meta":{"_monsterinsights_skip_tracking":false,"_monsterinsights_sitenote_active":false,"_monsterinsights_sitenote_note":"","_monsterinsights_sitenote_category":0,"site-sidebar-layout":"default","site-content-layout":"default","ast-global-header-display":"","ast-main-header-display":"","ast-hfb-above-header-display":"","ast-hfb-below-header-display":"","ast-hfb-mobile-header-display":"","site-post-title":"","ast-breadcrumbs-content":"","ast-featured-img":"","footer-sml-layout":"","theme-transparent-header-meta":"","adv-header-id-meta":"","stick-header-meta":"","header-above-stick-meta":"","header-main-stick-meta":"","header-below-stick-meta":"","footnotes":""},"categories":[30,45],"tags":[],"class_list":["post-10170","post","type-post","status-publish","format-standard","has-post-thumbnail","hentry","category-top-news","category-noticias-diarias"],"aioseo_notices":[],"_links":{"self":[{"href":"https:\/\/energiesnet.com\/espanol\/wp-json\/wp\/v2\/posts\/10170","targetHints":{"allow":["GET"]}}],"collection":[{"href":"https:\/\/energiesnet.com\/espanol\/wp-json\/wp\/v2\/posts"}],"about":[{"href":"https:\/\/energiesnet.com\/espanol\/wp-json\/wp\/v2\/types\/post"}],"author":[{"embeddable":true,"href":"https:\/\/energiesnet.com\/espanol\/wp-json\/wp\/v2\/users\/2"}],"replies":[{"embeddable":true,"href":"https:\/\/energiesnet.com\/espanol\/wp-json\/wp\/v2\/comments?post=10170"}],"version-history":[{"count":0,"href":"https:\/\/energiesnet.com\/espanol\/wp-json\/wp\/v2\/posts\/10170\/revisions"}],"wp:featuredmedia":[{"embeddable":true,"href":"https:\/\/energiesnet.com\/espanol\/wp-json\/wp\/v2\/media\/10171"}],"wp:attachment":[{"href":"https:\/\/energiesnet.com\/espanol\/wp-json\/wp\/v2\/media?parent=10170"}],"wp:term":[{"taxonomy":"category","embeddable":true,"href":"https:\/\/energiesnet.com\/espanol\/wp-json\/wp\/v2\/categories?post=10170"},{"taxonomy":"post_tag","embeddable":true,"href":"https:\/\/energiesnet.com\/espanol\/wp-json\/wp\/v2\/tags?post=10170"}],"curies":[{"name":"wp","href":"https:\/\/api.w.org\/{rel}","templated":true}]}}