{"id":11778,"date":"2022-10-07T17:31:58","date_gmt":"2022-10-07T21:31:58","guid":{"rendered":"https:\/\/energiesnet.com\/espanol\/?p=11778"},"modified":"2022-10-07T17:31:59","modified_gmt":"2022-10-07T21:31:59","slug":"la-violencia-en-la-campana-electoral-de-brasil-ruben-aguilar-v","status":"publish","type":"post","link":"https:\/\/energiesnet.com\/espanol\/la-violencia-en-la-campana-electoral-de-brasil-ruben-aguilar-v\/","title":{"rendered":"La violencia en la campa\u00f1a electoral de Brasil &#8211; Rub\u00e9n Aguilar V."},"content":{"rendered":"\n<figure class=\"wp-block-image size-full\"><img fetchpriority=\"high\" decoding=\"async\" width=\"600\" height=\"400\" src=\"https:\/\/energiesnet.com\/espanol\/wp-content\/uploads\/2022\/10\/ruben_aguilar_600-4-2.jpg\" alt=\"\" class=\"wp-image-11779\" srcset=\"https:\/\/energiesnet.com\/espanol\/wp-content\/uploads\/2022\/10\/ruben_aguilar_600-4-2.jpg 600w, https:\/\/energiesnet.com\/espanol\/wp-content\/uploads\/2022\/10\/ruben_aguilar_600-4-2-300x200.jpg 300w\" sizes=\"(max-width: 600px) 100vw, 600px\" \/><figcaption>Rub\u00e9n Aguilar Valenzuela<\/figcaption><\/figure>\n\n\n\n<p>En la elecci\u00f3n del pasado domingo en Brasil se disputaron muchos cargos p\u00fablicos: la presidencia, la C\u00e1mara de Diputados, parte de la C\u00e1mara de Senadores y 27 gubernaturas.<br>\u00a0<br>Los dos candidatos punteros que compet\u00edan por la presidencia, Luis Ignacio <em>Lula<\/em> da Silva y Jair Bolsonaro, no alcanzaron el 51 % de los votos y van a una segunda vuelta, el 30 de octubre.<br>\u00a0<br>En la campa\u00f1a electoral de 2018, cuando Jair Bolsonaro gan\u00f3 la elecci\u00f3n, fue apu\u00f1alado por un individuo que argument\u00f3 razones pol\u00edticas, para justificar su actuaci\u00f3n.<br>\u00a0<br>Para acudir a los actos p\u00fablicos, tanto Bolsonaro, que pretend\u00eda reelegirse, como Lula, que se propon\u00eda regresar a la presidencia despu\u00e9s de 12 a\u00f1os de haberla dejado, utilizaron chalecos antibalas.<br>\u00a0<br>Y siempre fueron custodiados por fuertes equipos de seguridad en un entorno, muy polarizado, donde el 67.5 % de los brasile\u00f1os dijo que tem\u00eda ser agredido\u00a0por sus preferencias electorales.<br>\u00a0<br>El discurso del odio y la descalificaci\u00f3n de los adversarios ha provocado que muchos brasile\u00f1os tengan miedo a expresar en p\u00fablico sus posiciones pol\u00edticas.<br>\u00a0<br>Cualquier comentario puede provocar una discusi\u00f3n violenta, que llegue a los golpes e incluso que salgan a relucir armas. Los casos de violencia se multiplicaron.<br>\u00a0<br>Desde que el pasado agosto arranc\u00f3 la campa\u00f1a, las organizaciones de derechos humanos recibieron numerosos reportes de amenazas y hechos de violencia relacionados con la contienda.<br><br>Un estudio de la Universidad de R\u00edo de Janeiro se\u00f1ala que la violencia pol\u00edtica se ha incrementado en un 335 por ciento desde enero de 2019.<br>\u00a0<br>En lo que va de 2022, han ocurrido 1,209 ataques a pol\u00edticos, que incluye 45 asesinatos.<br>\u00a0<br>El discurso de los candidatos, de manera particular las intervenciones de Bolsonaro, genera un clima que propicia la violencia.<br>\u00a0<br>La rivalidad entre los partidarios de uno y otro candidato ha ido subiendo de tono. Los analistas pol\u00edticos ven que la sociedad se ha dividido en bandos que se consideran enemigos.<br>\u00a0<br>Afirman que el pa\u00eds se enfrenta a una situaci\u00f3n nueva que no se hab\u00eda dado desde que se restableci\u00f3 la democracia.<br>\u00a0<br>A la luz de lo que ocurri\u00f3 en Brasil hay que ver que tanto el discurso polarizador, incluso de odio, del presidente L\u00f3pez Obrador enrarece el clima en la elecci\u00f3n de 2024.<br>\u00a0<br>En los cuatro\u00a0a\u00f1os en la presidencia, de manera intencional, ha dividido a la sociedad en bandos; el de los buenos, que son los suyos, y el de los malos que son los que no le rinden pleites\u00eda.<br>\u00a0<br>Esta polarizaci\u00f3n, que se alimenta todos los d\u00edas desde la ma\u00f1anera, ya ha generado un clima de violencia verbal entre los \u201cbandos\u201d, que puede volverse f\u00edsica cuando llegue la campa\u00f1a de 2024.<\/p>\n\n\n\n<p>______________________________________________________<\/p>\n\n\n\n<p><em><strong>Rub\u00e9n Aguilar Valenzuela<\/strong><\/em>, Socio fundador de Afan Consultores Internacionales, S.C. Doctor en Ciencias Sociales. Profesor en el Departamento de Comunicaciones y Ciencias Pol\u00edticas de la Universidad Iberoamericana. Articulista en diversos peri\u00f3dicos y revistas. Fue Fundador y director de la Agencia Salpress del FMLN, el Salvador. coordinador de la Secretar\u00eda Particular de la presidencia de Fox (2002-2004) y portavoz del gobierno (2004-2006). Sus \u00faltimos libros en conjunto con Jorge Casta\u00f1eda son: La Diferencia: Radiograf\u00eda de un sexenio (2007) y El Narco: La Guerra Fallida (2009). Twitter:&nbsp;<a href=\"https:\/\/twitter.com\/RubenAguilar\">@RubenAguilar,&nbsp;<\/a><a href=\"http:\/\/miscuadernos.com.mx.\/\">ruben@miscuadernos.com.mx<\/a>. Los puntos de vista expresados no necesariamente son los de EnergiesNet<\/p>\n\n\n\n<p>Nota del Editor:\u00a0Este art\u00edculo fue originalmente publicado en\u00a0Animal Pol\u00edtico, el 06 de octubre, 2022. Reproducimos el mismo en beneficio de los lectores.\u00a0EnergiesNet\u00a0en Espa\u00f1ol no se hace responsable por los juicios de valor emitidos por sus colaboradores y columnistas de opini\u00f3n y an\u00e1lisis.<\/p>\n\n\n\n<p>EnergiesNet alienta a las personas a reproducir, reimprimir, y divulgar a trav\u00e9s de los medios audiovisuales e Internet, los comentarios editoriales y de opini\u00f3n de EnergiesNet, siempre y cuando esa reproducci\u00f3n identifique, a el autor, y la fuente original, http:\/\/www.petroleumworld.com y se haga dentro de el uso normal (fair use) de la doctrina de la secci\u00f3n 107 de la Ley de derechos de autor de los Estados Unidos de Norteam\u00e9rica (US Copyright).<\/p>\n\n\n\n<p>EnergiesNet.com 07 10 2022<\/p>\n","protected":false},"excerpt":{"rendered":"<p>En la elecci\u00f3n del pasado domingo en Brasil se disputaron muchos cargos p\u00fablicos: la presidencia, la C\u00e1mara de Diputados, parte de la C\u00e1mara de Senadores y 27 gubernaturas.\u00a0Los dos candidatos punteros que compet\u00edan por la presidencia, Luis Ignacio Lula da Silva y Jair Bolsonaro, no alcanzaron el 51 % de los votos y van a &hellip;<\/p>\n<p class=\"read-more\"> <a class=\"\" href=\"https:\/\/energiesnet.com\/espanol\/la-violencia-en-la-campana-electoral-de-brasil-ruben-aguilar-v\/\"> <span class=\"screen-reader-text\">La violencia en la campa\u00f1a electoral de Brasil &#8211; Rub\u00e9n Aguilar V.<\/span> Leer m\u00e1s &raquo;<\/a><\/p>\n","protected":false},"author":2,"featured_media":11779,"comment_status":"open","ping_status":"open","sticky":false,"template":"","format":"standard","meta":{"_monsterinsights_skip_tracking":false,"_monsterinsights_sitenote_active":false,"_monsterinsights_sitenote_note":"","_monsterinsights_sitenote_category":0,"site-sidebar-layout":"default","site-content-layout":"default","ast-global-header-display":"","ast-main-header-display":"","ast-hfb-above-header-display":"","ast-hfb-below-header-display":"","ast-hfb-mobile-header-display":"","site-post-title":"","ast-breadcrumbs-content":"","ast-featured-img":"","footer-sml-layout":"","theme-transparent-header-meta":"","adv-header-id-meta":"","stick-header-meta":"","header-above-stick-meta":"","header-main-stick-meta":"","header-below-stick-meta":"","footnotes":""},"categories":[48,45,74],"tags":[],"class_list":["post-11778","post","type-post","status-publish","format-standard","has-post-thumbnail","hentry","category-comentario-del-dia","category-noticias-diarias","category-opinion-opinion-news-guyana"],"aioseo_notices":[],"_links":{"self":[{"href":"https:\/\/energiesnet.com\/espanol\/wp-json\/wp\/v2\/posts\/11778","targetHints":{"allow":["GET"]}}],"collection":[{"href":"https:\/\/energiesnet.com\/espanol\/wp-json\/wp\/v2\/posts"}],"about":[{"href":"https:\/\/energiesnet.com\/espanol\/wp-json\/wp\/v2\/types\/post"}],"author":[{"embeddable":true,"href":"https:\/\/energiesnet.com\/espanol\/wp-json\/wp\/v2\/users\/2"}],"replies":[{"embeddable":true,"href":"https:\/\/energiesnet.com\/espanol\/wp-json\/wp\/v2\/comments?post=11778"}],"version-history":[{"count":0,"href":"https:\/\/energiesnet.com\/espanol\/wp-json\/wp\/v2\/posts\/11778\/revisions"}],"wp:featuredmedia":[{"embeddable":true,"href":"https:\/\/energiesnet.com\/espanol\/wp-json\/wp\/v2\/media\/11779"}],"wp:attachment":[{"href":"https:\/\/energiesnet.com\/espanol\/wp-json\/wp\/v2\/media?parent=11778"}],"wp:term":[{"taxonomy":"category","embeddable":true,"href":"https:\/\/energiesnet.com\/espanol\/wp-json\/wp\/v2\/categories?post=11778"},{"taxonomy":"post_tag","embeddable":true,"href":"https:\/\/energiesnet.com\/espanol\/wp-json\/wp\/v2\/tags?post=11778"}],"curies":[{"name":"wp","href":"https:\/\/api.w.org\/{rel}","templated":true}]}}