{"id":12853,"date":"2022-12-07T06:17:01","date_gmt":"2022-12-07T10:17:01","guid":{"rendered":"https:\/\/energiesnet.com\/espanol\/?p=12853"},"modified":"2022-12-07T06:17:03","modified_gmt":"2022-12-07T10:17:03","slug":"amlo-extiende-plazo-para-inicio-de-operaciones-de-refineria-pemex-en-dos-bocas-bloomberg-linea","status":"publish","type":"post","link":"https:\/\/energiesnet.com\/espanol\/amlo-extiende-plazo-para-inicio-de-operaciones-de-refineria-pemex-en-dos-bocas-bloomberg-linea\/","title":{"rendered":"AMLO extiende plazo para inicio de operaciones de refiner\u00eda Pemex en Dos Bocas &#8211; Bloomberg L\u00ednea"},"content":{"rendered":"\n<p><br>El presidente de M\u00e9xico Andr\u00e9s Manuel Obrador dijo que la operaci\u00f3n de Dos Bocas puede ser extenderse a mediados de 2023<\/p>\n\n\n\n<figure class=\"wp-block-image size-full is-resized\"><img fetchpriority=\"high\" decoding=\"async\" src=\"https:\/\/energiesnet.com\/espanol\/wp-content\/uploads\/2022\/12\/refineria_olmeca_dos_bocas_pemex.jpg\" alt=\"Refineria Olmeca de Pemex en Dos Bocas, Tabasco, Mexico \" class=\"wp-image-12854\" width=\"1188\" height=\"792\" srcset=\"https:\/\/energiesnet.com\/espanol\/wp-content\/uploads\/2022\/12\/refineria_olmeca_dos_bocas_pemex.jpg 600w, https:\/\/energiesnet.com\/espanol\/wp-content\/uploads\/2022\/12\/refineria_olmeca_dos_bocas_pemex-300x200.jpg 300w\" sizes=\"(max-width: 1188px) 100vw, 1188px\" \/><figcaption class=\"wp-element-caption\">Refiner\u00eda Olmeca de Pemex en Dos Bocas, Tabasco, Mexico <\/figcaption><\/figure>\n\n\n\n<p>Arturo Sol\u00eds, Bloomberg L\u00ednea   <\/p>\n\n\n\n<p>CIUDAD DE M\u00c9XICO  <br>EnergiesNet.com 07 12 2022  <\/p>\n\n\n\n<p>bloomberglinea 06 12 2022El presidente de M\u00e9xico Andr\u00e9s Manuel L\u00f3pez Obrador, conocido como AMLO, <br>dijo que el inicio de operaciones en la refiner\u00eda Dos Bocas puede extenderse hasta el primer semestre de 2023.<br><br>El periodo puede sobrepasar la expectativa de inicio del primer trimestre que estim\u00f3 la empresa estatal <br>Petr\u00f3leos Mexicanos (Pemex).<br><br>\u201cYo espero que el a\u00f1o pr\u00f3ximo ya est\u00e9 produciendo a toda su capacidad, que podamos tenerla a m\u00e1s tardar a<br>mediados del a\u00f1o pr\u00f3ximo\u201d, expres\u00f3 el mandatario durante su conferencia de prensa matutina en Palacio Nacional<br>de Ciudad de M\u00e9xico.<br><br>AMLO mencion\u00f3 que la refiner\u00eda de Pemex ya est\u00e1 terminada y se encuentra en fase de integraci\u00f3n, a cargo de la<br>secretaria de Energ\u00eda, Roc\u00edo Nahle Garc\u00eda y las empresas constructoras ICA, Samsung y Techint.<br><br>La titular de Sener hab\u00eda dicho que los primeros barriles de gasolina podr\u00edan producirse en diciembre de este a\u00f1o,<br>pero ha modificado esta posibilidad hasta 2023.<br><br>La obra est\u00e1 envuelta en opacidades sobre su presupuesto total, inicialmente en US$8.000 millones y ahora con un<br> techo de US$13.700 millones seg\u00fan Pemex y Hacienda. AMLO y su equipo reconocen US$11.000 millones.<br><br>Dos Bocas fue construida en tres a\u00f1os para procesar 340.000 barriles diarios y producir 280.000 por d\u00eda de gasolina y<br>di\u00e9sel con el objetivo de reducir las importaciones de combustible.<br><br>L\u00f3pez Obrador dijo que tambi\u00e9n est\u00e1n construyendo dos plantas coquizadoras para reducir la producci\u00f3n de<br>combust\u00f3leo y \u201cexprimir\u201d m\u00e1s gasolina y di\u00e9sel al petr\u00f3leo procesado, las cuales estar\u00e1n listas en 2024, aunque<br>asegur\u00f3 que la autosuficiencia en combustibles ocurrir\u00e1 a finales de 2023.<br><strong><br>Robo de combustible<\/strong><br><br>Cuestionado sobre los puntos de venta ilegal de combustible que superan a las gasolineras establecidas, AMLO<br>rechaz\u00f3 la informaci\u00f3n proporcionada por PetroIntelligence, Onexpo y la CRE, sin ofrecer datos concretos de los<br>puntos de venta ilegal de gasolina y di\u00e9sel en el pa\u00eds.<br>El mandatario mexicano agreg\u00f3 que han reducido el delito de robo de combustible con ahorros por MXN$236.134<br><br>millones (US$11.900 millones) desde el 1 de diciembre de 2018 al 31 de octubre de 2022 o MXN$165 millones diarios<br>(US$ 8,3 millones diarios).<br><br>bloomberglinea.com 06 12 2022<\/p>\n","protected":false},"excerpt":{"rendered":"<p>El presidente de M\u00e9xico Andr\u00e9s Manuel Obrador dijo que la operaci\u00f3n de Dos Bocas puede ser extenderse a mediados de 2023 Arturo Sol\u00eds, Bloomberg L\u00ednea CIUDAD DE M\u00c9XICO EnergiesNet.com 07 12 2022 bloomberglinea 06 12 2022El presidente de M\u00e9xico Andr\u00e9s Manuel L\u00f3pez Obrador, conocido como AMLO, dijo que el inicio de operaciones en la refiner\u00eda &hellip;<\/p>\n<p class=\"read-more\"> <a class=\"\" href=\"https:\/\/energiesnet.com\/espanol\/amlo-extiende-plazo-para-inicio-de-operaciones-de-refineria-pemex-en-dos-bocas-bloomberg-linea\/\"> <span class=\"screen-reader-text\">AMLO extiende plazo para inicio de operaciones de refiner\u00eda Pemex en Dos Bocas &#8211; Bloomberg L\u00ednea<\/span> Leer m\u00e1s &raquo;<\/a><\/p>\n","protected":false},"author":2,"featured_media":12854,"comment_status":"open","ping_status":"open","sticky":false,"template":"","format":"standard","meta":{"_monsterinsights_skip_tracking":false,"_monsterinsights_sitenote_active":false,"_monsterinsights_sitenote_note":"","_monsterinsights_sitenote_category":0,"site-sidebar-layout":"default","site-content-layout":"default","ast-global-header-display":"","ast-main-header-display":"","ast-hfb-above-header-display":"","ast-hfb-below-header-display":"","ast-hfb-mobile-header-display":"","site-post-title":"","ast-breadcrumbs-content":"","ast-featured-img":"","footer-sml-layout":"","theme-transparent-header-meta":"","adv-header-id-meta":"","stick-header-meta":"","header-above-stick-meta":"","header-main-stick-meta":"","header-below-stick-meta":"","footnotes":""},"categories":[30],"tags":[],"class_list":["post-12853","post","type-post","status-publish","format-standard","has-post-thumbnail","hentry","category-top-news"],"aioseo_notices":[],"_links":{"self":[{"href":"https:\/\/energiesnet.com\/espanol\/wp-json\/wp\/v2\/posts\/12853","targetHints":{"allow":["GET"]}}],"collection":[{"href":"https:\/\/energiesnet.com\/espanol\/wp-json\/wp\/v2\/posts"}],"about":[{"href":"https:\/\/energiesnet.com\/espanol\/wp-json\/wp\/v2\/types\/post"}],"author":[{"embeddable":true,"href":"https:\/\/energiesnet.com\/espanol\/wp-json\/wp\/v2\/users\/2"}],"replies":[{"embeddable":true,"href":"https:\/\/energiesnet.com\/espanol\/wp-json\/wp\/v2\/comments?post=12853"}],"version-history":[{"count":0,"href":"https:\/\/energiesnet.com\/espanol\/wp-json\/wp\/v2\/posts\/12853\/revisions"}],"wp:featuredmedia":[{"embeddable":true,"href":"https:\/\/energiesnet.com\/espanol\/wp-json\/wp\/v2\/media\/12854"}],"wp:attachment":[{"href":"https:\/\/energiesnet.com\/espanol\/wp-json\/wp\/v2\/media?parent=12853"}],"wp:term":[{"taxonomy":"category","embeddable":true,"href":"https:\/\/energiesnet.com\/espanol\/wp-json\/wp\/v2\/categories?post=12853"},{"taxonomy":"post_tag","embeddable":true,"href":"https:\/\/energiesnet.com\/espanol\/wp-json\/wp\/v2\/tags?post=12853"}],"curies":[{"name":"wp","href":"https:\/\/api.w.org\/{rel}","templated":true}]}}