{"id":15535,"date":"2023-04-02T10:19:18","date_gmt":"2023-04-02T14:19:18","guid":{"rendered":"https:\/\/energiesnet.com\/espanol\/?p=15535"},"modified":"2023-04-02T10:20:33","modified_gmt":"2023-04-02T14:20:33","slug":"caribbean-petroleum-refinery-cpr-sobre-la-refineria-de-curazao-gustavo-coronel-video","status":"publish","type":"post","link":"https:\/\/energiesnet.com\/espanol\/caribbean-petroleum-refinery-cpr-sobre-la-refineria-de-curazao-gustavo-coronel-video\/","title":{"rendered":"Caribbean Petroleum Refinery (CPR) sobre la refiner\u00eda de Curazao &#8211; Gustavo Coronel (video)"},"content":{"rendered":"\n<figure class=\"wp-block-image size-full is-resized\"><img fetchpriority=\"high\" decoding=\"async\" src=\"https:\/\/energiesnet.com\/espanol\/wp-content\/uploads\/2023\/04\/video_conferencia_giusti_cpr_curazao-RdK.jpg\" alt=\"\" class=\"wp-image-15536\" width=\"1202\" height=\"799\" srcset=\"https:\/\/energiesnet.com\/espanol\/wp-content\/uploads\/2023\/04\/video_conferencia_giusti_cpr_curazao-RdK.jpg 600w, https:\/\/energiesnet.com\/espanol\/wp-content\/uploads\/2023\/04\/video_conferencia_giusti_cpr_curazao-RdK-300x200.jpg 300w\" sizes=\"(max-width: 1202px) 100vw, 1202px\" \/><figcaption class=\"wp-element-caption\">(Izq. a der.) Luis Giusti, Raul Socorro, Javier Hernanez y otros miembros de la directiva de CPR.<\/figcaption><\/figure>\n\n\n\n<p class=\"wp-block-paragraph\">Por Gustavo Coronel<br><br>Acabo de ver la conferencia de prensa dada en Curazao por los directivos de la empresa CPR, Caribbean Petroleum Refinery, Sres. Luis Giusti y Ra\u00fal Socorro, para explicar la naturaleza de su proyecto de operaci\u00f3n de la refiner\u00eda de Curazao. Esta conferencia fue dada a fin de clarificar la situaci\u00f3n de la empresa, dadas las noticias aparecidas en la prensa de esa isla sobre documentos falsificados y otras presuntas irregularidades relacionadas con su propuesta. Aparentemente no tuvo buenos resultados, ya que la empresa ha dejado de ser considerada como posible contratista para la refiner\u00eda. Al ver la presentaci\u00f3n podemos ver la raz\u00f3n.<\/p>\n\n\n\n<p class=\"wp-block-paragraph\">Link : <em><a href=\"https:\/\/energiesnet.com\/espanol\/cpr-del-grupo-de-luis-giusti-se-mantiene-interesada-en-la-refineria-de-curazao-cronicas-del-caribe-video\/\">CPR del grupo de Luis Giusti se mantiene interesada en la refiner\u00eda de Curazao \u2013 Cr\u00f3nicas del Caribe (<mark style=\"background-color:rgba(0, 0, 0, 0)\" class=\"has-inline-color has-ast-global-color-6-color\">video<\/mark>)<\/a><\/em><\/p>\n\n\n\n<p class=\"wp-block-paragraph\"><strong><em>Mi reacci\u00f3n oscil\u00f3&nbsp;&nbsp;entre el asombro y la tristeza.<\/em><\/strong><\/p>\n\n\n\n<p class=\"wp-block-paragraph\">Conozco a Luis Giusti desde la d\u00e9cada de 1960 y por muchos a\u00f1os, durante la etapa de la PDVSA pre-chavista admir\u00e9 su carisma y talento. A pesar de no haberlo visto por los \u00faltimos 35 a\u00f1os, excepto en una breve ocasi\u00f3n en casa de un amigo com\u00fan, siempre he tenido por \u00e9l sentimientos de amistad, aunque me han extra\u00f1ado algunas de sus actuaciones post-PDVSA. Por ello, me llena de tristeza haber visto este video y a un Luis muy desdibujado, poco coherente en su introducci\u00f3n, cedi\u00e9ndole el micr\u00f3fono a su \u201cmano derecha\u201d, el Sr. Ra\u00fal Socorro, para que este fuese quien explicara a la audiencia las excelencias de la empresa y del proyecto.<\/p>\n\n\n\n<p class=\"wp-block-paragraph\">Nunca hab\u00eda visto al Sr. Ra\u00fal Socorro. Al comenzar a escucharlo no ten\u00eda sentimientos&nbsp;&nbsp;a favor ni en contra de la persona. Pero debo decir que su presentaci\u00f3n fue, en mi criterio, bastante&nbsp;&nbsp;arrogante, mediocre, pomposa y hasta ofensiva para el pueblo de Curazao.<\/p>\n\n\n\n<p class=\"wp-block-paragraph\">&nbsp;El Sr. Socorro les dijo a los curazole\u00f1os que la empresa llegaba a salvarlos y a convertirlos en una naci\u00f3n excepcional. Les dijo lo que deb\u00edan hacer y lo que no deb\u00edan hacer para lograrlo, lo que ellos no sab\u00edan y lo que la empresa CPR ven\u00eda a hacer para sacarlos del estancamiento econ\u00f3mico y para remediar el desempleo. Nosotros venimos a mostrarles a los curazole\u00f1os&nbsp;&nbsp;c\u00f3mo manejarse, agregando con \u201cmodestia\u201d: \u201csomos los mejores ingenieros del mundo\u201d.<\/p>\n\n\n\n<p class=\"wp-block-paragraph\">No dudo que el Sr. Socorro estuviese animado de las mejores intenciones, ya que incluy\u00f3 elogios a la isla en su presentaci\u00f3n, pero tambi\u00e9n muchas advertencias paternalistas sobre sus&nbsp;&nbsp;fallas.<\/p>\n\n\n\n<p class=\"wp-block-paragraph\">Su actitud fue claramente impropia para promover un proyecto respetuoso del pa\u00eds.<\/p>\n\n\n\n<p class=\"wp-block-paragraph\"><strong><em>\u201cUstedes tienen que aprender a atender al turista\u201d, les dice.&nbsp;&nbsp;<\/em><\/strong><\/p>\n\n\n\n<p class=\"wp-block-paragraph\">Socorro les dijo a los nativos que \u00e9l hab\u00eda estado en cinco universidades y que su empresa vendr\u00eda a darle a los curazole\u00f1os la misma oportunidad que \u00e9l tuvo. El grado que el obtuvo, un&nbsp;&nbsp;MBA, les explic\u00f3 a los nativos, es un t\u00edtulo de maestr\u00eda que les permitir\u00eda a los estudiantes curazole\u00f1os manejar su refiner\u00eda.<strong><em><\/em><\/strong><\/p>\n\n\n\n<p class=\"wp-block-paragraph\">El Sr. Socorro les record\u00f3&nbsp;&nbsp;a los curazole\u00f1os que Luis Giusti estaba entre los tres mejores petroleros del mundo. Todo el planeta, dijo,&nbsp;&nbsp;lo considera as\u00ed. Lo que \u00e9l hizo en Venezuela&nbsp;&nbsp;es lo que vamos a hacer aqu\u00ed en Curazao. Agreg\u00f3: \u201c Yo vivo en Weston que es un pueblo perfecto y amo a Curazao peto no en las condiciones en las que est\u00e1,\u2026esto es un desastre\u201d, les dijo, refiri\u00e9ndose a la condici\u00f3n de las calles, para \u201centusiasmar\u201d a su&nbsp;&nbsp;audiencia.<\/p>\n\n\n\n<p class=\"wp-block-paragraph\">Y agreg\u00f3: \u201cYo tambi\u00e9n soy experto en salud\u201d<\/p>\n\n\n\n<p class=\"wp-block-paragraph\">A mediados de la presentaci\u00f3n dijo: \u201cVamos a solucionar la contaminaci\u00f3n de la isla y darle a unos 5000 (\u00bf) habitantes de la isla trabajo en ambiente. Tenemos los mejores ambientalistas del mundo\u201d.&nbsp;&nbsp;Ensay\u00f3&nbsp;&nbsp;una lecci\u00f3n \u201cmagistral\u201d sobre ambiente marino, usando t\u00e9rminos en&nbsp;&nbsp;ingl\u00e9s como muestra de sofisticaci\u00f3n, ante una audiencia que suele manejar cuatro idiomas, como el mismo lo dijo.&nbsp;&nbsp;Vamos a tener un \u201cclean air\u201d, dijo, (aire puro),&nbsp;&nbsp;pasando l\u00e1minas al grupo de asistentes. Y \u201ccero carb\u00f3n footprint\u201d.&nbsp;&nbsp;Ya estos acuerdos est\u00e1n firmados.<\/p>\n\n\n\n<p class=\"wp-block-paragraph\">Socorro agreg\u00f3: \u201cSomos socios de un laboratorio basado en Ecuador,&nbsp;&nbsp;el m\u00e1s avanzado del mundo, para utilizar los microorganismos de la bah\u00eda a fin de reducir la contaminaci\u00f3n, ya que los microrganismos se comen las part\u00edculas contaminadas. Esto es lo m\u00e1s avanzado del mundo y lo vamos a traer a Curazao\u201d.<\/p>\n\n\n\n<p class=\"wp-block-paragraph\">Socorro agreg\u00f3: \u201cTodo lo que vamos a traer a Curazao es lo mejor del mundo, es lo que llamamos \u201cOrchestration\u201d. Lo mejor de todo\u201d.<\/p>\n\n\n\n<p class=\"wp-block-paragraph\">Y advirti\u00f3: \u201cLos pol\u00edticos curazole\u00f1os son personalistas. Reb\u00e9lense contra esos. Ustedes los medios deben insurgir (\u00bf) \u201d.&nbsp;&nbsp;<\/p>\n\n\n\n<p class=\"wp-block-paragraph\">En fin. Si el prop\u00f3sito era infundir confianza a los habitantes de la isla esta presentaci\u00f3n surti\u00f3 el efecto contrario. Me apen\u00f3 ver a Luis Giusti en este plan y a mi apreciado Javier Hern\u00e1ndez atrapado en este asunto.<\/p>\n\n\n\n<p class=\"wp-block-paragraph\">___________________________________________________<\/p>\n\n\n\n<p class=\"wp-block-paragraph\"><strong><em>Gustavo Coronel<\/em><\/strong>, Ge\u00f3logo y Polit\u00f3logo venezolano, post \u2013 grado y estudios en la Universidad de Tulsa (1951-1955), Universidad Central de Venezuela (1961), Harvard (1981-1982) y Johns Hopkins&nbsp;&nbsp;(1986-1987). Trabaj\u00f3 durante 27 a\u00f1os en la industria petrolera venezolana e internacional. Miembro fundador de la Directiva de Petr\u00f3leos de Venezuela (1976-1979). Desde 1983 en adelante se dedic\u00f3 a trabajar en el sector p\u00fablico desde el Banco Interamericano de Desarrollo (1983-1988), como Director general de la CVG (1994-1995), Secretario de Planificaci\u00f3n y Presupuesto del estado Carabobo (1996-1998) y Presidente del Puerto de Puerto Cabello (1999-2001). Por varios meses en 1999 fue diputado al Congreso Nacional por el estado Carabobo. En 2003 se exili\u00f3 voluntariamente y reside desde entonces en el estado de Virginia, USA, donde ha encontrado tranquilidad y felicidad. Los puntos de vista expresados no necesariamente son los de EnergiesNet.com.<\/p>\n\n\n\n<p class=\"wp-block-paragraph\">Nota del Editor:&nbsp;Este art\u00edculo fue originalmente publicado en&nbsp;<em><a href=\"http:\/\/lasarmasdecoronel.blogspot.com\/\">Las Armas de Coronel,&nbsp;<\/a><\/em>el 22 de febrero, 2022. Reproducimos el mismo en beneficio de los lectores.&nbsp;EnergiesNet.com no se hace responsable por los juicios de valor emitidos por sus colaboradores y columnistas de opini\u00f3n y an\u00e1lisis.<\/p>\n\n\n\n<p class=\"wp-block-paragraph\"><a href=\"https:\/\/lasarmasdecoronel.blogspot.com\/2023\/02\/la-conferencia-de-prensa-de-la-empresa.html\">Articulo original<\/a><\/p>\n\n\n\n<p class=\"wp-block-paragraph\">Aviso de uso: Este sitio contiene material protegido por derechos de autor cuyo uso no siempre ha sido espec\u00edficamente autorizado por el propietario de los derechos. Ponemos a disposici\u00f3n dicho material en nuestro esfuerzo por avanzar en la comprensi\u00f3n de cuestiones de importancia social, medioambiental y humanitaria. Creemos que esto constituye un \u00abuso justo\u00bb de dicho material protegido por derechos de autor, tal y como se establece en la secci\u00f3n 107 de la Ley de Derechos de Autor de los Estados Unidos. De acuerdo con el T\u00edtulo 17 U.S.C. Secci\u00f3n 107. Para m\u00e1s informaci\u00f3n, visite: http:\/\/www.law.cornell.edu\/uscode\/17\/107.shtml<\/p>\n\n\n\n<p class=\"wp-block-paragraph\">EnergiesNet.com alienta a las personas a reproducir, reimprimir, y divulgar a trav\u00e9s de los medios audiovisuales e Internet, los comentarios editoriales y de opini\u00f3n de Petroleumworld, siempre y cuando esa reproducci\u00f3n identifique, a el autor, y la fuente original, http:\/\/www.petroleumworld.com y se haga dentro de el uso normal (fair use) de la doctrina de la secci\u00f3n 107 de la Ley de derechos de autor de los Estados Unidos de Norteam\u00e9rica (US Copyright).<\/p>\n\n\n\n<p class=\"wp-block-paragraph\">energiesNet.com 31 03 2023<\/p>\n\n\n\n<p class=\"wp-block-paragraph\"><\/p>\n","protected":false},"excerpt":{"rendered":"<p>Por Gustavo Coronel Acabo de ver la conferencia de prensa dada en Curazao por los directivos de la empresa CPR, Caribbean Petroleum Refinery, Sres. Luis Giusti y Ra\u00fal Socorro, para explicar la naturaleza de su proyecto de operaci\u00f3n de la refiner\u00eda de Curazao. Esta conferencia fue dada a fin de clarificar la situaci\u00f3n de la &hellip;<\/p>\n<p class=\"read-more\"> <a class=\"\" href=\"https:\/\/energiesnet.com\/espanol\/caribbean-petroleum-refinery-cpr-sobre-la-refineria-de-curazao-gustavo-coronel-video\/\"> <span class=\"screen-reader-text\">Caribbean Petroleum Refinery (CPR) sobre la refiner\u00eda de Curazao &#8211; Gustavo Coronel (video)<\/span> Leer m\u00e1s &raquo;<\/a><\/p>\n","protected":false},"author":2,"featured_media":15536,"comment_status":"open","ping_status":"open","sticky":false,"template":"","format":"standard","meta":{"_monsterinsights_skip_tracking":false,"site-sidebar-layout":"default","site-content-layout":"default","ast-global-header-display":"","ast-main-header-display":"","ast-hfb-above-header-display":"","ast-hfb-below-header-display":"","ast-hfb-mobile-header-display":"","site-post-title":"","ast-breadcrumbs-content":"","ast-featured-img":"","footer-sml-layout":"","theme-transparent-header-meta":"","adv-header-id-meta":"","stick-header-meta":"","header-above-stick-meta":"","header-main-stick-meta":"","header-below-stick-meta":"","footnotes":""},"categories":[34,74],"tags":[1055,294,293,1053,1051],"class_list":["post-15535","post","type-post","status-publish","format-standard","has-post-thumbnail","hentry","category-en-voz-baja","category-opinion-opinion-news-guyana","tag-caribbean-petroleum-refinery-cpr","tag-gustavo-coronel","tag-las-armas-de-coronel","tag-luis-giusti","tag-refineria-de-curazao"],"aioseo_notices":[],"aioseo_head":"\n\t\t<!-- All in One SEO 5.0.1.1 - aioseo.com -->\n\t<meta name=\"description\" content=\"Por Gustavo CoronelAcabo de ver la conferencia de prensa dada en Curazao por los directivos de la empresa CPR, Caribbean Petroleum Refinery, Sres. Luis Giusti y Ra\u00fal Socorro, para explicar la naturaleza de su proyecto de operaci\u00f3n de la refiner\u00eda de Curazao. Esta conferencia fue dada a fin de clarificar la situaci\u00f3n de la empresa,\" \/>\n\t<meta name=\"robots\" content=\"max-image-preview:large\" \/>\n\t<meta name=\"author\" content=\"EnergiesNet\"\/>\n\t<link rel=\"canonical\" href=\"https:\/\/energiesnet.com\/espanol\/caribbean-petroleum-refinery-cpr-sobre-la-refineria-de-curazao-gustavo-coronel-video\/\" \/>\n\t<meta name=\"generator\" content=\"All in One SEO (AIOSEO) 5.0.1.1\" \/>\n\t\t<meta property=\"og:locale\" content=\"es_ES\" \/>\n\t\t<meta property=\"og:site_name\" content=\"EnergiestNet - Latin America Energy, Oil ,  Gas &amp; Renewals\" \/>\n\t\t<meta property=\"og:type\" content=\"article\" \/>\n\t\t<meta property=\"og:title\" content=\"Caribbean Petroleum Refinery (CPR) sobre la refiner\u00eda de Curazao \u2013 Gustavo Coronel (video) - EnergiestNet\" \/>\n\t\t<meta property=\"og:description\" content=\"Por Gustavo CoronelAcabo de ver la conferencia de prensa dada en Curazao por los directivos de la empresa CPR, Caribbean Petroleum Refinery, Sres. Luis Giusti y Ra\u00fal Socorro, para explicar la naturaleza de su proyecto de operaci\u00f3n de la refiner\u00eda de Curazao. Esta conferencia fue dada a fin de clarificar la situaci\u00f3n de la empresa,\" \/>\n\t\t<meta property=\"og:url\" content=\"https:\/\/energiesnet.com\/espanol\/caribbean-petroleum-refinery-cpr-sobre-la-refineria-de-curazao-gustavo-coronel-video\/\" \/>\n\t\t<meta property=\"og:image\" content=\"https:\/\/energiesnet.com\/espanol\" \/>\n\t\t<meta property=\"og:image:secure_url\" content=\"https:\/\/energiesnet.com\/espanol\" \/>\n\t\t<meta property=\"article:published_time\" content=\"2023-04-02T14:19:18+00:00\" \/>\n\t\t<meta property=\"article:modified_time\" content=\"2023-04-02T14:20:33+00:00\" \/>\n\t\t<meta property=\"article:publisher\" content=\"https:\/\/www.facebook.com\/\/EnergiesNet\" \/>\n\t\t<meta name=\"twitter:card\" content=\"summary_large_image\" \/>\n\t\t<meta name=\"twitter:site\" content=\"@EnergiesNet1\" \/>\n\t\t<meta name=\"twitter:title\" content=\"Caribbean Petroleum Refinery (CPR) sobre la refiner\u00eda de Curazao \u2013 Gustavo Coronel (video) - EnergiestNet\" \/>\n\t\t<meta name=\"twitter:description\" content=\"Por Gustavo CoronelAcabo de ver la conferencia de prensa dada en Curazao por los directivos de la empresa CPR, Caribbean Petroleum Refinery, Sres. Luis Giusti y Ra\u00fal Socorro, para explicar la naturaleza de su proyecto de operaci\u00f3n de la refiner\u00eda de Curazao. Esta conferencia fue dada a fin de clarificar la situaci\u00f3n de la empresa,\" \/>\n\t\t<meta name=\"twitter:creator\" content=\"@EnergiesNet1\" \/>\n\t\t<meta name=\"twitter:image\" content=\"https:\/\/energiesnet.com\/espanol\" \/>\n\t\t<script type=\"application\/ld+json\" class=\"aioseo-schema\">\n\t\t\t{\"@context\":\"https:\\\/\\\/schema.org\",\"@graph\":[{\"@type\":\"BlogPosting\",\"@id\":\"https:\\\/\\\/energiesnet.com\\\/espanol\\\/caribbean-petroleum-refinery-cpr-sobre-la-refineria-de-curazao-gustavo-coronel-video\\\/#blogposting\",\"name\":\"Caribbean Petroleum Refinery (CPR) sobre la refiner\\u00eda de Curazao \\u2013 Gustavo Coronel (video) - EnergiestNet\",\"headline\":\"Caribbean Petroleum Refinery (CPR) sobre la refiner\\u00eda de Curazao &#8211; Gustavo Coronel (video)\",\"author\":{\"@id\":\"https:\\\/\\\/energiesnet.com\\\/espanol\\\/author\\\/elioohep\\\/#author\"},\"publisher\":{\"@id\":\"https:\\\/\\\/energiesnet.com\\\/espanol\\\/#organization\"},\"image\":{\"@type\":\"ImageObject\",\"url\":\"https:\\\/\\\/energiesnet.com\\\/espanol\\\/wp-content\\\/uploads\\\/2023\\\/04\\\/video_conferencia_giusti_cpr_curazao-RdK.jpg\",\"width\":600,\"height\":399},\"datePublished\":\"2023-04-02T10:19:18-04:00\",\"dateModified\":\"2023-04-02T10:20:33-04:00\",\"inLanguage\":\"es-ES\",\"mainEntityOfPage\":{\"@id\":\"https:\\\/\\\/energiesnet.com\\\/espanol\\\/caribbean-petroleum-refinery-cpr-sobre-la-refineria-de-curazao-gustavo-coronel-video\\\/#webpage\"},\"isPartOf\":{\"@id\":\"https:\\\/\\\/energiesnet.com\\\/espanol\\\/caribbean-petroleum-refinery-cpr-sobre-la-refineria-de-curazao-gustavo-coronel-video\\\/#webpage\"},\"articleSection\":\"En Voz Baja, Opinion, Caribbean Petroleum Refinery (CPR), gustavo coronel, las armas de coronel, Luis Giusti, Refineria de Curazao\"},{\"@type\":\"BreadcrumbList\",\"@id\":\"https:\\\/\\\/energiesnet.com\\\/espanol\\\/caribbean-petroleum-refinery-cpr-sobre-la-refineria-de-curazao-gustavo-coronel-video\\\/#breadcrumblist\",\"itemListElement\":[{\"@type\":\"ListItem\",\"@id\":\"https:\\\/\\\/energiesnet.com\\\/espanol#listItem\",\"position\":1,\"name\":\"Inicio\",\"item\":\"https:\\\/\\\/energiesnet.com\\\/espanol\",\"nextItem\":{\"@type\":\"ListItem\",\"@id\":\"https:\\\/\\\/energiesnet.com\\\/espanol\\\/category\\\/opinion-article\\\/#listItem\",\"name\":\"Opinion News\"}},{\"@type\":\"ListItem\",\"@id\":\"https:\\\/\\\/energiesnet.com\\\/espanol\\\/category\\\/opinion-article\\\/#listItem\",\"position\":2,\"name\":\"Opinion News\",\"item\":\"https:\\\/\\\/energiesnet.com\\\/espanol\\\/category\\\/opinion-article\\\/\",\"nextItem\":{\"@type\":\"ListItem\",\"@id\":\"https:\\\/\\\/energiesnet.com\\\/espanol\\\/category\\\/opinion-article\\\/en-voz-baja\\\/#listItem\",\"name\":\"En Voz Baja\"},\"previousItem\":{\"@type\":\"ListItem\",\"@id\":\"https:\\\/\\\/energiesnet.com\\\/espanol#listItem\",\"name\":\"Inicio\"}},{\"@type\":\"ListItem\",\"@id\":\"https:\\\/\\\/energiesnet.com\\\/espanol\\\/category\\\/opinion-article\\\/en-voz-baja\\\/#listItem\",\"position\":3,\"name\":\"En Voz Baja\",\"item\":\"https:\\\/\\\/energiesnet.com\\\/espanol\\\/category\\\/opinion-article\\\/en-voz-baja\\\/\",\"nextItem\":{\"@type\":\"ListItem\",\"@id\":\"https:\\\/\\\/energiesnet.com\\\/espanol\\\/caribbean-petroleum-refinery-cpr-sobre-la-refineria-de-curazao-gustavo-coronel-video\\\/#listItem\",\"name\":\"Caribbean Petroleum Refinery (CPR) sobre la refiner\\u00eda de Curazao &#8211; Gustavo Coronel (video)\"},\"previousItem\":{\"@type\":\"ListItem\",\"@id\":\"https:\\\/\\\/energiesnet.com\\\/espanol\\\/category\\\/opinion-article\\\/#listItem\",\"name\":\"Opinion News\"}},{\"@type\":\"ListItem\",\"@id\":\"https:\\\/\\\/energiesnet.com\\\/espanol\\\/caribbean-petroleum-refinery-cpr-sobre-la-refineria-de-curazao-gustavo-coronel-video\\\/#listItem\",\"position\":4,\"name\":\"Caribbean Petroleum Refinery (CPR) sobre la refiner\\u00eda de Curazao &#8211; Gustavo Coronel (video)\",\"previousItem\":{\"@type\":\"ListItem\",\"@id\":\"https:\\\/\\\/energiesnet.com\\\/espanol\\\/category\\\/opinion-article\\\/en-voz-baja\\\/#listItem\",\"name\":\"En Voz Baja\"}}]},{\"@type\":\"Organization\",\"@id\":\"https:\\\/\\\/energiesnet.com\\\/espanol\\\/#organization\",\"name\":\"EnergiestNet\",\"description\":\"Latin America Energy, Oil ,  Gas & Renewals\",\"url\":\"https:\\\/\\\/energiesnet.com\\\/espanol\\\/\",\"telephone\":\"+584142763041\",\"logo\":{\"@type\":\"ImageObject\",\"url\":\"https:\\\/\\\/energiesnet.com\\\/espanol\\\/wp-content\\\/uploads\\\/2022\\\/12\\\/EnergiesNet-Logo-200.jpg\",\"@id\":\"https:\\\/\\\/energiesnet.com\\\/espanol\\\/caribbean-petroleum-refinery-cpr-sobre-la-refineria-de-curazao-gustavo-coronel-video\\\/#organizationLogo\",\"width\":200,\"height\":220},\"image\":{\"@id\":\"https:\\\/\\\/energiesnet.com\\\/espanol\\\/caribbean-petroleum-refinery-cpr-sobre-la-refineria-de-curazao-gustavo-coronel-video\\\/#organizationLogo\"},\"sameAs\":[\"https:\\\/\\\/www.facebook.com\\\/\\\/EnergiesNet\",\"https:\\\/\\\/twitter.com\\\/EnergiesNet1\",\"https:\\\/\\\/www.instagram.com\\\/energiesnet\\\/\",\"https:\\\/\\\/linkedin.com\\\/in\\\/elio-ohep-a465b78\"]},{\"@type\":\"Person\",\"@id\":\"https:\\\/\\\/energiesnet.com\\\/espanol\\\/author\\\/elioohep\\\/#author\",\"url\":\"https:\\\/\\\/energiesnet.com\\\/espanol\\\/author\\\/elioohep\\\/\",\"name\":\"EnergiesNet\",\"image\":{\"@type\":\"ImageObject\",\"@id\":\"https:\\\/\\\/energiesnet.com\\\/espanol\\\/caribbean-petroleum-refinery-cpr-sobre-la-refineria-de-curazao-gustavo-coronel-video\\\/#authorImage\",\"url\":\"https:\\\/\\\/secure.gravatar.com\\\/avatar\\\/5412deb1089370e2bdf1d1310563df78bf3dc9f9e388ca5748bced95cfdb664b?s=96&d=mm&r=g\",\"width\":96,\"height\":96,\"caption\":\"EnergiesNet\"}},{\"@type\":\"WebPage\",\"@id\":\"https:\\\/\\\/energiesnet.com\\\/espanol\\\/caribbean-petroleum-refinery-cpr-sobre-la-refineria-de-curazao-gustavo-coronel-video\\\/#webpage\",\"url\":\"https:\\\/\\\/energiesnet.com\\\/espanol\\\/caribbean-petroleum-refinery-cpr-sobre-la-refineria-de-curazao-gustavo-coronel-video\\\/\",\"name\":\"Caribbean Petroleum Refinery (CPR) sobre la refiner\\u00eda de Curazao \\u2013 Gustavo Coronel (video) - EnergiestNet\",\"description\":\"Por Gustavo CoronelAcabo de ver la conferencia de prensa dada en Curazao por los directivos de la empresa CPR, Caribbean Petroleum Refinery, Sres. Luis Giusti y Ra\\u00fal Socorro, para explicar la naturaleza de su proyecto de operaci\\u00f3n de la refiner\\u00eda de Curazao. Esta conferencia fue dada a fin de clarificar la situaci\\u00f3n de la empresa,\",\"inLanguage\":\"es-ES\",\"isPartOf\":{\"@id\":\"https:\\\/\\\/energiesnet.com\\\/espanol\\\/#website\"},\"breadcrumb\":{\"@id\":\"https:\\\/\\\/energiesnet.com\\\/espanol\\\/caribbean-petroleum-refinery-cpr-sobre-la-refineria-de-curazao-gustavo-coronel-video\\\/#breadcrumblist\"},\"author\":{\"@id\":\"https:\\\/\\\/energiesnet.com\\\/espanol\\\/author\\\/elioohep\\\/#author\"},\"creator\":{\"@id\":\"https:\\\/\\\/energiesnet.com\\\/espanol\\\/author\\\/elioohep\\\/#author\"},\"image\":{\"@type\":\"ImageObject\",\"url\":\"https:\\\/\\\/energiesnet.com\\\/espanol\\\/wp-content\\\/uploads\\\/2023\\\/04\\\/video_conferencia_giusti_cpr_curazao-RdK.jpg\",\"@id\":\"https:\\\/\\\/energiesnet.com\\\/espanol\\\/caribbean-petroleum-refinery-cpr-sobre-la-refineria-de-curazao-gustavo-coronel-video\\\/#mainImage\",\"width\":600,\"height\":399},\"primaryImageOfPage\":{\"@id\":\"https:\\\/\\\/energiesnet.com\\\/espanol\\\/caribbean-petroleum-refinery-cpr-sobre-la-refineria-de-curazao-gustavo-coronel-video\\\/#mainImage\"},\"datePublished\":\"2023-04-02T10:19:18-04:00\",\"dateModified\":\"2023-04-02T10:20:33-04:00\"},{\"@type\":\"WebSite\",\"@id\":\"https:\\\/\\\/energiesnet.com\\\/espanol\\\/#website\",\"url\":\"https:\\\/\\\/energiesnet.com\\\/espanol\\\/\",\"name\":\"EnergiestNet\",\"description\":\"Latin America Energy, Oil ,  Gas & Renewals\",\"inLanguage\":\"es-ES\",\"publisher\":{\"@id\":\"https:\\\/\\\/energiesnet.com\\\/espanol\\\/#organization\"}}]}\n\t\t<\/script>\n\t\t<!-- All in One SEO -->\n\n","aioseo_head_json":{"title":"Caribbean Petroleum Refinery (CPR) sobre la refiner\u00eda de Curazao \u2013 Gustavo Coronel (video) - EnergiestNet","description":"Por Gustavo CoronelAcabo de ver la conferencia de prensa dada en Curazao por los directivos de la empresa CPR, Caribbean Petroleum Refinery, Sres. Luis Giusti y Ra\u00fal Socorro, para explicar la naturaleza de su proyecto de operaci\u00f3n de la refiner\u00eda de Curazao. Esta conferencia fue dada a fin de clarificar la situaci\u00f3n de la empresa,","canonical_url":"https:\/\/energiesnet.com\/espanol\/caribbean-petroleum-refinery-cpr-sobre-la-refineria-de-curazao-gustavo-coronel-video\/","robots":"max-image-preview:large","keywords":"","webmasterTools":{"miscellaneous":""},"schema":{"@context":"https:\/\/schema.org","@graph":[{"@type":"BlogPosting","@id":"https:\/\/energiesnet.com\/espanol\/caribbean-petroleum-refinery-cpr-sobre-la-refineria-de-curazao-gustavo-coronel-video\/#blogposting","name":"Caribbean Petroleum Refinery (CPR) sobre la refiner\u00eda de Curazao \u2013 Gustavo Coronel (video) - EnergiestNet","headline":"Caribbean Petroleum Refinery (CPR) sobre la refiner\u00eda de Curazao &#8211; Gustavo Coronel (video)","author":{"@id":"https:\/\/energiesnet.com\/espanol\/author\/elioohep\/#author"},"publisher":{"@id":"https:\/\/energiesnet.com\/espanol\/#organization"},"image":{"@type":"ImageObject","url":"https:\/\/energiesnet.com\/espanol\/wp-content\/uploads\/2023\/04\/video_conferencia_giusti_cpr_curazao-RdK.jpg","width":600,"height":399},"datePublished":"2023-04-02T10:19:18-04:00","dateModified":"2023-04-02T10:20:33-04:00","inLanguage":"es-ES","mainEntityOfPage":{"@id":"https:\/\/energiesnet.com\/espanol\/caribbean-petroleum-refinery-cpr-sobre-la-refineria-de-curazao-gustavo-coronel-video\/#webpage"},"isPartOf":{"@id":"https:\/\/energiesnet.com\/espanol\/caribbean-petroleum-refinery-cpr-sobre-la-refineria-de-curazao-gustavo-coronel-video\/#webpage"},"articleSection":"En Voz Baja, Opinion, Caribbean Petroleum Refinery (CPR), gustavo coronel, las armas de coronel, Luis Giusti, Refineria de Curazao"},{"@type":"BreadcrumbList","@id":"https:\/\/energiesnet.com\/espanol\/caribbean-petroleum-refinery-cpr-sobre-la-refineria-de-curazao-gustavo-coronel-video\/#breadcrumblist","itemListElement":[{"@type":"ListItem","@id":"https:\/\/energiesnet.com\/espanol#listItem","position":1,"name":"Inicio","item":"https:\/\/energiesnet.com\/espanol","nextItem":{"@type":"ListItem","@id":"https:\/\/energiesnet.com\/espanol\/category\/opinion-article\/#listItem","name":"Opinion News"}},{"@type":"ListItem","@id":"https:\/\/energiesnet.com\/espanol\/category\/opinion-article\/#listItem","position":2,"name":"Opinion News","item":"https:\/\/energiesnet.com\/espanol\/category\/opinion-article\/","nextItem":{"@type":"ListItem","@id":"https:\/\/energiesnet.com\/espanol\/category\/opinion-article\/en-voz-baja\/#listItem","name":"En Voz Baja"},"previousItem":{"@type":"ListItem","@id":"https:\/\/energiesnet.com\/espanol#listItem","name":"Inicio"}},{"@type":"ListItem","@id":"https:\/\/energiesnet.com\/espanol\/category\/opinion-article\/en-voz-baja\/#listItem","position":3,"name":"En Voz Baja","item":"https:\/\/energiesnet.com\/espanol\/category\/opinion-article\/en-voz-baja\/","nextItem":{"@type":"ListItem","@id":"https:\/\/energiesnet.com\/espanol\/caribbean-petroleum-refinery-cpr-sobre-la-refineria-de-curazao-gustavo-coronel-video\/#listItem","name":"Caribbean Petroleum Refinery (CPR) sobre la refiner\u00eda de Curazao &#8211; Gustavo Coronel (video)"},"previousItem":{"@type":"ListItem","@id":"https:\/\/energiesnet.com\/espanol\/category\/opinion-article\/#listItem","name":"Opinion News"}},{"@type":"ListItem","@id":"https:\/\/energiesnet.com\/espanol\/caribbean-petroleum-refinery-cpr-sobre-la-refineria-de-curazao-gustavo-coronel-video\/#listItem","position":4,"name":"Caribbean Petroleum Refinery (CPR) sobre la refiner\u00eda de Curazao &#8211; Gustavo Coronel (video)","previousItem":{"@type":"ListItem","@id":"https:\/\/energiesnet.com\/espanol\/category\/opinion-article\/en-voz-baja\/#listItem","name":"En Voz Baja"}}]},{"@type":"Organization","@id":"https:\/\/energiesnet.com\/espanol\/#organization","name":"EnergiestNet","description":"Latin America Energy, Oil ,  Gas & Renewals","url":"https:\/\/energiesnet.com\/espanol\/","telephone":"+584142763041","logo":{"@type":"ImageObject","url":"https:\/\/energiesnet.com\/espanol\/wp-content\/uploads\/2022\/12\/EnergiesNet-Logo-200.jpg","@id":"https:\/\/energiesnet.com\/espanol\/caribbean-petroleum-refinery-cpr-sobre-la-refineria-de-curazao-gustavo-coronel-video\/#organizationLogo","width":200,"height":220},"image":{"@id":"https:\/\/energiesnet.com\/espanol\/caribbean-petroleum-refinery-cpr-sobre-la-refineria-de-curazao-gustavo-coronel-video\/#organizationLogo"},"sameAs":["https:\/\/www.facebook.com\/\/EnergiesNet","https:\/\/twitter.com\/EnergiesNet1","https:\/\/www.instagram.com\/energiesnet\/","https:\/\/linkedin.com\/in\/elio-ohep-a465b78"]},{"@type":"Person","@id":"https:\/\/energiesnet.com\/espanol\/author\/elioohep\/#author","url":"https:\/\/energiesnet.com\/espanol\/author\/elioohep\/","name":"EnergiesNet","image":{"@type":"ImageObject","@id":"https:\/\/energiesnet.com\/espanol\/caribbean-petroleum-refinery-cpr-sobre-la-refineria-de-curazao-gustavo-coronel-video\/#authorImage","url":"https:\/\/secure.gravatar.com\/avatar\/5412deb1089370e2bdf1d1310563df78bf3dc9f9e388ca5748bced95cfdb664b?s=96&d=mm&r=g","width":96,"height":96,"caption":"EnergiesNet"}},{"@type":"WebPage","@id":"https:\/\/energiesnet.com\/espanol\/caribbean-petroleum-refinery-cpr-sobre-la-refineria-de-curazao-gustavo-coronel-video\/#webpage","url":"https:\/\/energiesnet.com\/espanol\/caribbean-petroleum-refinery-cpr-sobre-la-refineria-de-curazao-gustavo-coronel-video\/","name":"Caribbean Petroleum Refinery (CPR) sobre la refiner\u00eda de Curazao \u2013 Gustavo Coronel (video) - EnergiestNet","description":"Por Gustavo CoronelAcabo de ver la conferencia de prensa dada en Curazao por los directivos de la empresa CPR, Caribbean Petroleum Refinery, Sres. Luis Giusti y Ra\u00fal Socorro, para explicar la naturaleza de su proyecto de operaci\u00f3n de la refiner\u00eda de Curazao. Esta conferencia fue dada a fin de clarificar la situaci\u00f3n de la empresa,","inLanguage":"es-ES","isPartOf":{"@id":"https:\/\/energiesnet.com\/espanol\/#website"},"breadcrumb":{"@id":"https:\/\/energiesnet.com\/espanol\/caribbean-petroleum-refinery-cpr-sobre-la-refineria-de-curazao-gustavo-coronel-video\/#breadcrumblist"},"author":{"@id":"https:\/\/energiesnet.com\/espanol\/author\/elioohep\/#author"},"creator":{"@id":"https:\/\/energiesnet.com\/espanol\/author\/elioohep\/#author"},"image":{"@type":"ImageObject","url":"https:\/\/energiesnet.com\/espanol\/wp-content\/uploads\/2023\/04\/video_conferencia_giusti_cpr_curazao-RdK.jpg","@id":"https:\/\/energiesnet.com\/espanol\/caribbean-petroleum-refinery-cpr-sobre-la-refineria-de-curazao-gustavo-coronel-video\/#mainImage","width":600,"height":399},"primaryImageOfPage":{"@id":"https:\/\/energiesnet.com\/espanol\/caribbean-petroleum-refinery-cpr-sobre-la-refineria-de-curazao-gustavo-coronel-video\/#mainImage"},"datePublished":"2023-04-02T10:19:18-04:00","dateModified":"2023-04-02T10:20:33-04:00"},{"@type":"WebSite","@id":"https:\/\/energiesnet.com\/espanol\/#website","url":"https:\/\/energiesnet.com\/espanol\/","name":"EnergiestNet","description":"Latin America Energy, Oil ,  Gas & Renewals","inLanguage":"es-ES","publisher":{"@id":"https:\/\/energiesnet.com\/espanol\/#organization"}}]},"og:locale":"es_ES","og:site_name":"EnergiestNet - Latin America Energy, Oil ,  Gas &amp; Renewals","og:type":"article","og:title":"Caribbean Petroleum Refinery (CPR) sobre la refiner\u00eda de Curazao \u2013 Gustavo Coronel (video) - EnergiestNet","og:description":"Por Gustavo CoronelAcabo de ver la conferencia de prensa dada en Curazao por los directivos de la empresa CPR, Caribbean Petroleum Refinery, Sres. Luis Giusti y Ra\u00fal Socorro, para explicar la naturaleza de su proyecto de operaci\u00f3n de la refiner\u00eda de Curazao. Esta conferencia fue dada a fin de clarificar la situaci\u00f3n de la empresa,","og:url":"https:\/\/energiesnet.com\/espanol\/caribbean-petroleum-refinery-cpr-sobre-la-refineria-de-curazao-gustavo-coronel-video\/","og:image":"https:\/\/energiesnet.com\/espanol","og:image:secure_url":"https:\/\/energiesnet.com\/espanol","article:published_time":"2023-04-02T14:19:18+00:00","article:modified_time":"2023-04-02T14:20:33+00:00","article:publisher":"https:\/\/www.facebook.com\/\/EnergiesNet","twitter:card":"summary_large_image","twitter:site":"@EnergiesNet1","twitter:title":"Caribbean Petroleum Refinery (CPR) sobre la refiner\u00eda de Curazao \u2013 Gustavo Coronel (video) - EnergiestNet","twitter:description":"Por Gustavo CoronelAcabo de ver la conferencia de prensa dada en Curazao por los directivos de la empresa CPR, Caribbean Petroleum Refinery, Sres. Luis Giusti y Ra\u00fal Socorro, para explicar la naturaleza de su proyecto de operaci\u00f3n de la refiner\u00eda de Curazao. Esta conferencia fue dada a fin de clarificar la situaci\u00f3n de la empresa,","twitter:creator":"@EnergiesNet1","twitter:image":"https:\/\/energiesnet.com\/espanol"},"aioseo_meta_data":{"post_id":"15535","title":null,"description":null,"keywords":[],"keyphrases":{"focus":{"keyphrase":"","score":0,"analysis":{"keyphraseInTitle":{"score":0,"maxScore":9,"error":1}}},"additional":[]},"primary_term":null,"canonical_url":null,"og_title":null,"og_description":null,"og_object_type":"default","og_image_type":"default","og_image_url":null,"og_image_width":null,"og_image_height":null,"og_image_custom_url":null,"og_image_custom_fields":null,"og_video":"","og_custom_url":null,"og_article_section":null,"og_article_tags":[],"twitter_use_og":false,"twitter_card":"default","twitter_image_type":"default","twitter_image_url":null,"twitter_image_custom_url":null,"twitter_image_custom_fields":null,"twitter_title":null,"twitter_description":null,"schema":{"blockGraphs":[],"customGraphs":[],"default":{"data":{"Article":[],"Course":[],"Dataset":[],"FAQPage":[],"Movie":[],"Person":[],"Product":[],"ProductReview":[],"Car":[],"Recipe":[],"Service":[],"SoftwareApplication":[],"WebPage":[]},"graphName":"BlogPosting","isEnabled":true},"graphs":[]},"schema_type":"default","schema_type_options":null,"pillar_content":false,"robots_default":true,"robots_noindex":false,"robots_noarchive":false,"robots_nosnippet":false,"robots_nofollow":false,"robots_noimageindex":false,"robots_noodp":false,"robots_notranslate":false,"robots_max_snippet":"-1","robots_max_videopreview":"-1","robots_max_imagepreview":"large","priority":null,"frequency":"default","local_seo":null,"breadcrumb_settings":null,"limit_modified_date":false,"ai":null,"created":"2023-04-02 14:19:25","updated":"2025-06-04 14:36:30","seo_analyzer_scan_date":null,"focus_keyword":null,"additional_keywords":null,"truseo_locale":null},"aioseo_breadcrumb":"<div class=\"aioseo-breadcrumbs\"><span class=\"aioseo-breadcrumb\">\n\t\t\t<a href=\"https:\/\/energiesnet.com\/espanol\" title=\"Inicio\">Inicio<\/a>\n\t\t<\/span><span class=\"aioseo-breadcrumb-separator\">&raquo;<\/span><span class=\"aioseo-breadcrumb\">\n\t\t\t<a href=\"https:\/\/energiesnet.com\/espanol\/category\/opinion-article\/\" title=\"Opinion News\">Opinion News<\/a>\n\t\t<\/span><span class=\"aioseo-breadcrumb-separator\">&raquo;<\/span><span class=\"aioseo-breadcrumb\">\n\t\t\t<a href=\"https:\/\/energiesnet.com\/espanol\/category\/opinion-article\/en-voz-baja\/\" title=\"En Voz Baja\">En Voz Baja<\/a>\n\t\t<\/span><span class=\"aioseo-breadcrumb-separator\">&raquo;<\/span><span class=\"aioseo-breadcrumb\">\n\t\t\tCaribbean Petroleum Refinery (CPR) sobre la refiner\u00eda de Curazao \u2013 Gustavo Coronel (video)\n\t\t<\/span><\/div>","aioseo_breadcrumb_json":[{"label":"Inicio","link":"https:\/\/energiesnet.com\/espanol"},{"label":"Opinion News","link":"https:\/\/energiesnet.com\/espanol\/category\/opinion-article\/"},{"label":"En Voz Baja","link":"https:\/\/energiesnet.com\/espanol\/category\/opinion-article\/en-voz-baja\/"},{"label":"Caribbean Petroleum Refinery (CPR) sobre la refiner\u00eda de Curazao &#8211; Gustavo Coronel (video)","link":"https:\/\/energiesnet.com\/espanol\/caribbean-petroleum-refinery-cpr-sobre-la-refineria-de-curazao-gustavo-coronel-video\/"}],"_links":{"self":[{"href":"https:\/\/energiesnet.com\/espanol\/wp-json\/wp\/v2\/posts\/15535","targetHints":{"allow":["GET"]}}],"collection":[{"href":"https:\/\/energiesnet.com\/espanol\/wp-json\/wp\/v2\/posts"}],"about":[{"href":"https:\/\/energiesnet.com\/espanol\/wp-json\/wp\/v2\/types\/post"}],"author":[{"embeddable":true,"href":"https:\/\/energiesnet.com\/espanol\/wp-json\/wp\/v2\/users\/2"}],"replies":[{"embeddable":true,"href":"https:\/\/energiesnet.com\/espanol\/wp-json\/wp\/v2\/comments?post=15535"}],"version-history":[{"count":0,"href":"https:\/\/energiesnet.com\/espanol\/wp-json\/wp\/v2\/posts\/15535\/revisions"}],"wp:featuredmedia":[{"embeddable":true,"href":"https:\/\/energiesnet.com\/espanol\/wp-json\/wp\/v2\/media\/15536"}],"wp:attachment":[{"href":"https:\/\/energiesnet.com\/espanol\/wp-json\/wp\/v2\/media?parent=15535"}],"wp:term":[{"taxonomy":"category","embeddable":true,"href":"https:\/\/energiesnet.com\/espanol\/wp-json\/wp\/v2\/categories?post=15535"},{"taxonomy":"post_tag","embeddable":true,"href":"https:\/\/energiesnet.com\/espanol\/wp-json\/wp\/v2\/tags?post=15535"}],"curies":[{"name":"wp","href":"https:\/\/api.w.org\/{rel}","templated":true}]}}