{"id":15907,"date":"2023-04-21T10:51:18","date_gmt":"2023-04-21T14:51:18","guid":{"rendered":"https:\/\/energiesnet.com\/espanol\/?p=15907"},"modified":"2023-04-21T10:51:28","modified_gmt":"2023-04-21T14:51:28","slug":"el-presidente-de-colombia-quiere-que-venezuela-reingrese-en-la-oea-afp","status":"publish","type":"post","link":"https:\/\/energiesnet.com\/espanol\/el-presidente-de-colombia-quiere-que-venezuela-reingrese-en-la-oea-afp\/","title":{"rendered":"El presidente de Colombia quiere que Venezuela \u00abreingrese\u00bb en la OEA &#8211; AFP"},"content":{"rendered":"\n<figure class=\"wp-block-image size-full is-resized\"><img fetchpriority=\"high\" decoding=\"async\" src=\"https:\/\/energiesnet.com\/espanol\/wp-content\/uploads\/2023\/04\/gus_petro_afp.jpg\" alt=\"\" class=\"wp-image-15908\" width=\"688\" height=\"459\" srcset=\"https:\/\/energiesnet.com\/espanol\/wp-content\/uploads\/2023\/04\/gus_petro_afp.jpg 600w, https:\/\/energiesnet.com\/espanol\/wp-content\/uploads\/2023\/04\/gus_petro_afp-300x200.jpg 300w\" sizes=\"(max-width: 688px) 100vw, 688px\" \/><figcaption class=\"wp-element-caption\">El presidente de Colombia, Gustavo Petro, durante un discurso en la sede de la OEA en Washington el 19 de abril de 2023\u00a0(AFP)<\/figcaption><\/figure>\n\n\n\n<p>AFP     <\/p>\n\n\n\n<p>WASHINGTON       <br>Energiesnet.com 20 04 2023     <\/p>\n\n\n\n<p>Am\u00e9rica Latina puede desarrollar una democracia m\u00e1s rica que la europea o estadounidense si \u00abrehace\u00bb la Carta Democr\u00e1tica Interamericana, afirm\u00f3 este mi\u00e9rcoles el presidente de Colombia, Gustavo Petro, en la OEA, donde abog\u00f3 por el reingreso de Venezuela y la apertura de \u00abconversaciones con Cuba\u00bb.<\/p>\n\n\n\n<p>\u00abInvito a la reflexi\u00f3n, no invito a que nos confrontemos aqu\u00ed, sino m\u00e1s bien a que nos reencontremos aqu\u00ed en el camino democr\u00e1tico\u00bb, porque \u00abla cr\u00edtica no es hacia un lado sin mirar el otro lado, polariz\u00e1ndonos\u00bb, dijo el presidente colombiano, rompiendo una lanza a favor de Venezuela y Cuba.<\/p>\n\n\n\n<p>\u00abClaro que s\u00ed me interesa y lo estoy luchando que Venezuela reingrese al sistema interamericano de derechos humanos, claro que deber\u00edamos conversarlo con Cuba\u00bb, afirm\u00f3 el presidente colombiano durante la sesi\u00f3n protocolar del Consejo Permanente, \u00f3rgano ejecutivo de la OEA, en Washington.<\/p>\n\n\n\n<p>El sistema interamericano de derechos humanos est\u00e1 compuesto por la Comisi\u00f3n Interamericana de Derechos Humanos y la Corte Interamericana de Derechos Humanos (Corte IDH), dos \u00f3rganos de la Organizaci\u00f3n de los Estados Americanos (OEA), de la que el gobierno venezolano de Nicol\u00e1s Maduro se sali\u00f3 en 2019 tras haberlo pedido dos a\u00f1os antes por discrepancias.<\/p>\n\n\n\n<p>En 2019 la OEA \u00abno reconoci\u00f3 la legitimidad\u00bb de la reelecci\u00f3n de Maduro, al igual que Estados Unidos y medio centenar de pa\u00edses. En la organizaci\u00f3n sesion\u00f3 un representante del l\u00edder opositor Juan Guaid\u00f3 hasta que la propia oposici\u00f3n venezolana puso fin en enero de 2023 al gobierno provisional que presid\u00eda y actualmente Venezuela no tiene representantes.<\/p>\n\n\n\n<p>Cuba, por su parte, no participa en la OEA desde su exclusi\u00f3n en 1962, a pesar de que en 2009 la organizaci\u00f3n decidi\u00f3 dejar sin efecto esa decisi\u00f3n.<\/p>\n\n\n\n<p><strong>&#8211; \u00abUn presidente preso\u00bb &#8211;<\/strong><\/p>\n\n\n\n<p><\/p>\n\n\n\n<p>Pero arremeti\u00f3, por el contrario, contra Per\u00fa, pa\u00eds con el que mantiene tensiones diplom\u00e1ticas desde que la presidenta Dina Boluarte asumi\u00f3 el poder tras la destituci\u00f3n del exmandatario izquierdista Pedro Castillo, quien se encuentra en prisi\u00f3n preventiva bajo cargos de rebeli\u00f3n por un fallido autogolpe.<\/p>\n\n\n\n<p>Su ca\u00edda desat\u00f3 violentas protestas en regiones andinas del sur de Per\u00fa y Lima, con m\u00e1s de 50 muertos y un millar de heridos.<\/p>\n\n\n\n<p>\u00ab\u00bfNo miramos Per\u00fa entonces?\u00bb, se pregunt\u00f3 Petro.<\/p>\n\n\n\n<p>\u00ab\u00bfNo hay all\u00ed un presidente preso, sin sentencia judicial, sin sus derechos pol\u00edticos, es decir en contrav\u00eda de la Carta Democr\u00e1tica?\u00bb, a\u00f1adi\u00f3. \u00ab\u00bfSe puedan echar presidentes electos porque s\u00ed, porque no tienen la mayor\u00eda en el Congreso, cuando son electos por el pueblo? \u00bfNo estamos vulnerando el pacto democr\u00e1tico de las Am\u00e9ricas?\u00bb<\/p>\n\n\n\n<p>\u00abEn lugar de ir hacia una carta m\u00e1s amplia de derechos, de profundizaci\u00f3n de la democracia, hacia un proyecto democr\u00e1tico que haga de Am\u00e9rica Latina el gran faro mundial de la raz\u00f3n y de la libertad, \u00bfno estamos yendo hacia atr\u00e1s?\u00bb, enfatiz\u00f3.<\/p>\n\n\n\n<p>El embajador de Per\u00fa en la OEA no se encontraba en la sala, pero estaba representado por el ministro consejero Jos\u00e9 Roberto Rodr\u00edguez Bustamante, quien se sali\u00f3 en medio de la sesi\u00f3n, sin que se sepa oficialmente si lo hizo en se\u00f1al de protesta o por motivos de agenda, dado que la intervenci\u00f3n del presidente colombiano comenz\u00f3 con m\u00e1s de una hora de retraso.<\/p>\n\n\n\n<p><\/p>\n\n\n\n<p><strong>&#8211; \u00abArreglar cuentas\u00bb &#8211;<\/strong><\/p>\n\n\n\n<p><\/p>\n\n\n\n<p>Petro expuso un plan bic\u00e9falo con un apartado econ\u00f3mico y otro pol\u00edtico que, seg\u00fan \u00e9l, traer\u00e1 prosperidad a los pa\u00edses latinoamericanos.<\/p>\n\n\n\n<p>Para empezar, a corto plazo, deben subirse al tren de \u00abla econom\u00eda descarbonizada\u00bb para convertirse en \u00abla potencia mundial de la vida\u00bb aprovechando la riqueza de minerales (litio, cobre, zinc o n\u00edquel) y las fuentes energ\u00e9ticas, como el agua, el sol o el viento.<\/p>\n\n\n\n<p>Pero \u00abno lo podemos hacer solos, tampoco lo podemos hacer desde autoritarismos, desde dictaduras\u00bb, recalc\u00f3 el exguerrillero en la v\u00edspera de reunirse con su hom\u00f3logo estadounidense, Joe Biden, en la Casa Blanca.<\/p>\n\n\n\n<p>\u00abLa OEA es parte de un esfuerzo quiz\u00e1s muy parcial, quiz\u00e1s con muchos l\u00edmites, de la construcci\u00f3n de un proyecto democr\u00e1tico en Am\u00e9rica\u00bb, afirm\u00f3 Petro.<\/p>\n\n\n\n<p>\u00abLes propongo rehacer la Carta Democr\u00e1tica y en el camino (&#8230;) arreglar nuestras cuentas\u00bb, plante\u00f3 el presidente, quien cont\u00f3 c\u00f3mo \u00e9l debe su cargo pol\u00edtico al \u00f3rgano judicial de la OEA, la Corte IDH, que dict\u00f3 sentencia a su favor tras su destituci\u00f3n como alcalde de Bogot\u00e1.<\/p>\n\n\n\n<p>Petro, que este mi\u00e9rcoles cumpli\u00f3 63 a\u00f1os, es partidario de ampliar la Carta Democr\u00e1tica para incluir en ella \u00ablos derechos contempor\u00e1neos\u00bb y lograr \u00abuna democracia m\u00e1s viva, m\u00e1s rica que no se encuentra ya en la Europa occidental o en los Estados Unidos\u00bb.<a href=\"https:\/\/www.swissinfo.ch\/spa\/suscripci%C3%B3n-a-la-newsletter\/42162300\"> <\/a><\/p>\n\n\n\n<p>Este \u00abproyecto democr\u00e1tico, indudablemente revolucionario\u00bb ser\u00e1, explic\u00f3, m\u00e1s profundo \u00abque la antigua democracia representativa y liberal, sin negarla\u00bb, ya que contendr\u00e1 los derechos de las mujeres, de la igualdad de g\u00e9nero y de la naturaleza entre otros.<\/p>\n\n\n\n<p>afp.com 19 04 2023<\/p>\n","protected":false},"excerpt":{"rendered":"<p>AFP WASHINGTON Energiesnet.com 20 04 2023 Am\u00e9rica Latina puede desarrollar una democracia m\u00e1s rica que la europea o estadounidense si \u00abrehace\u00bb la Carta Democr\u00e1tica Interamericana, afirm\u00f3 este mi\u00e9rcoles el presidente de Colombia, Gustavo Petro, en la OEA, donde abog\u00f3 por el reingreso de Venezuela y la apertura de \u00abconversaciones con Cuba\u00bb. \u00abInvito a la reflexi\u00f3n, &hellip;<\/p>\n<p class=\"read-more\"> <a class=\"\" href=\"https:\/\/energiesnet.com\/espanol\/el-presidente-de-colombia-quiere-que-venezuela-reingrese-en-la-oea-afp\/\"> <span class=\"screen-reader-text\">El presidente de Colombia quiere que Venezuela \u00abreingrese\u00bb en la OEA &#8211; AFP<\/span> Leer m\u00e1s &raquo;<\/a><\/p>\n","protected":false},"author":2,"featured_media":15908,"comment_status":"open","ping_status":"open","sticky":false,"template":"","format":"standard","meta":{"_monsterinsights_skip_tracking":false,"_monsterinsights_sitenote_active":false,"_monsterinsights_sitenote_note":"","_monsterinsights_sitenote_category":0,"site-sidebar-layout":"default","site-content-layout":"default","ast-global-header-display":"","ast-main-header-display":"","ast-hfb-above-header-display":"","ast-hfb-below-header-display":"","ast-hfb-mobile-header-display":"","site-post-title":"","ast-breadcrumbs-content":"","ast-featured-img":"","footer-sml-layout":"","theme-transparent-header-meta":"","adv-header-id-meta":"","stick-header-meta":"","header-above-stick-meta":"","header-main-stick-meta":"","header-below-stick-meta":"","footnotes":""},"categories":[45],"tags":[209,1269,605,143,170],"class_list":["post-15907","post","type-post","status-publish","format-standard","has-post-thumbnail","hentry","category-noticias-diarias","tag-colombia","tag-oea","tag-pedro-castillo","tag-peru","tag-venezuela"],"aioseo_notices":[],"_links":{"self":[{"href":"https:\/\/energiesnet.com\/espanol\/wp-json\/wp\/v2\/posts\/15907","targetHints":{"allow":["GET"]}}],"collection":[{"href":"https:\/\/energiesnet.com\/espanol\/wp-json\/wp\/v2\/posts"}],"about":[{"href":"https:\/\/energiesnet.com\/espanol\/wp-json\/wp\/v2\/types\/post"}],"author":[{"embeddable":true,"href":"https:\/\/energiesnet.com\/espanol\/wp-json\/wp\/v2\/users\/2"}],"replies":[{"embeddable":true,"href":"https:\/\/energiesnet.com\/espanol\/wp-json\/wp\/v2\/comments?post=15907"}],"version-history":[{"count":0,"href":"https:\/\/energiesnet.com\/espanol\/wp-json\/wp\/v2\/posts\/15907\/revisions"}],"wp:featuredmedia":[{"embeddable":true,"href":"https:\/\/energiesnet.com\/espanol\/wp-json\/wp\/v2\/media\/15908"}],"wp:attachment":[{"href":"https:\/\/energiesnet.com\/espanol\/wp-json\/wp\/v2\/media?parent=15907"}],"wp:term":[{"taxonomy":"category","embeddable":true,"href":"https:\/\/energiesnet.com\/espanol\/wp-json\/wp\/v2\/categories?post=15907"},{"taxonomy":"post_tag","embeddable":true,"href":"https:\/\/energiesnet.com\/espanol\/wp-json\/wp\/v2\/tags?post=15907"}],"curies":[{"name":"wp","href":"https:\/\/api.w.org\/{rel}","templated":true}]}}