{"id":15913,"date":"2023-04-21T11:13:06","date_gmt":"2023-04-21T15:13:06","guid":{"rendered":"https:\/\/energiesnet.com\/espanol\/?p=15913"},"modified":"2023-04-21T11:17:58","modified_gmt":"2023-04-21T15:17:58","slug":"prohibicion-del-fracking-en-colombia-mas-cerca-de-tener-luz-verde-de-congreso-efe","status":"publish","type":"post","link":"https:\/\/energiesnet.com\/espanol\/prohibicion-del-fracking-en-colombia-mas-cerca-de-tener-luz-verde-de-congreso-efe\/","title":{"rendered":"Prohibici\u00f3n del fracking en Colombia m\u00e1s cerca de tener luz verde de Congreso &#8211; EFE"},"content":{"rendered":"\n<figure class=\"wp-block-image size-full is-resized\"><img fetchpriority=\"high\" decoding=\"async\" src=\"https:\/\/energiesnet.com\/espanol\/wp-content\/uploads\/2023\/04\/no_fracking_colombia-@susanamuhamad.jpg\" alt=\"Estudio de la ley de prohibici\u00f3n del fracking en Colombia.\" class=\"wp-image-15914\" width=\"718\" height=\"486\" srcset=\"https:\/\/energiesnet.com\/espanol\/wp-content\/uploads\/2023\/04\/no_fracking_colombia-@susanamuhamad.jpg 600w, https:\/\/energiesnet.com\/espanol\/wp-content\/uploads\/2023\/04\/no_fracking_colombia-@susanamuhamad-300x203.jpg 300w\" sizes=\"(max-width: 718px) 100vw, 718px\" \/><figcaption class=\"wp-element-caption\">Estudio de la ley de prohibici\u00f3n del fracking en Colombia.(@susanamuhamad)<\/figcaption><\/figure>\n\n\n\n<p>EFE     <\/p>\n\n\n\n<p>BOGOT\u00c1      <br>EnergiesNet.com 21 04 2023        <\/p>\n\n\n\n<p>El proyecto para prohibir el fracking (fracturaci\u00f3n hidr\u00e1ulica) en Colombia, aupado por el Gobierno de Gustavo Petro, est\u00e1 un paso m\u00e1s cerca de tener la luz verde del Congreso despu\u00e9s de que el Senado lo aprobara este martes en segundo debate, por lo que ahora deber\u00e1 pasar a la C\u00e1mara de Representantes.<\/p>\n\n\n\n<p>El fracking ha sido un asunto pol\u00e9mico durante los \u00faltimos a\u00f1os en Colombia, especialmente despu\u00e9s de que el expresidente Iv\u00e1n Duque prometiera que no se llevar\u00eda a cabo esta t\u00e9cnica en el pa\u00eds pero luego su Gobierno avalara los pilotos para evaluar los impactos sociales y ambientales para desarrollar la fracturaci\u00f3n en el futuro.<\/p>\n\n\n\n<p>Frente a esto, el ejecutivo de Petro se ha mostrado rotundamente en contra de esta t\u00e9cnica que permite extraer el gas de esquisto, un tipo de hidrocarburo que se encuentra en capas de roca a gran profundidad, aunque por el momento no ha adelantado ninguna medida legislativa para frenar los proyectos de exploraci\u00f3n que ya est\u00e1n en marcha.<\/p>\n\n\n\n<p>La ministra de Ambiente y Desarrollo Sostenible, Susana Muhamad, celebr\u00f3 que \u00aben este momento se aprueba en plenaria del Senado la prohibici\u00f3n del fracking y los yacimientos no convencionales\u00bb. \u00abVamos en la mitad\u00bb, a\u00f1adi\u00f3.<\/p>\n\n\n\n<p>Tambi\u00e9n el Ministerio del Interior destac\u00f3 la aprobaci\u00f3n del segundo debate: \u00abContinuamos el camino hacia una Colombia m\u00e1s verde, centrada en el agua y la vida\u00bb.<\/p>\n\n\n\n<p>Otros senadores que apoyaban el proyecto, como Martha Peralta Epiey\u00fa, tambi\u00e9n se sumaron a las celebraciones, que se hicieron notar en el Senado, donde se sacaron carteles pidiendo la prohibici\u00f3n de esta t\u00e9cnica.<\/p>\n\n\n\n<p>\u00abLo logramos. Queda aprobada la prohibici\u00f3n del Fracking y Yacimientos No Convencionales en plenaria de Senado. Este es el verdadero cambio, protegemos la vida, la naturaleza el agua. Jam\u00e1s los r\u00edos ser\u00e1n dinamitados para sacar petr\u00f3leo. \u00a1Viva la vida!\u00bb, dijo la senadora way\u00fa.<\/p>\n\n\n\n<p>Tras recibir la luz verde del Senado, el proyecto tendr\u00e1 que pasar por otros dos debates en la C\u00e1mara de Representantes.<\/p>\n\n\n\n<p>Lo controversial del fracking viene de la necesidad de perforar la tierra para despu\u00e9s inyectar grandes cantidades de agua mezclada con qu\u00edmicos a alta presi\u00f3n para lograr fracturar la roca y liberar el gas, algo que seg\u00fan los ambientalistas tendr\u00eda un gran impacto sobre el medioambiente. EFE<\/p>\n\n\n\n<p>efe.com 04 18 2023<\/p>\n","protected":false},"excerpt":{"rendered":"<p>EFE BOGOT\u00c1 EnergiesNet.com 21 04 2023 El proyecto para prohibir el fracking (fracturaci\u00f3n hidr\u00e1ulica) en Colombia, aupado por el Gobierno de Gustavo Petro, est\u00e1 un paso m\u00e1s cerca de tener la luz verde del Congreso despu\u00e9s de que el Senado lo aprobara este martes en segundo debate, por lo que ahora deber\u00e1 pasar a la &hellip;<\/p>\n<p class=\"read-more\"> <a class=\"\" href=\"https:\/\/energiesnet.com\/espanol\/prohibicion-del-fracking-en-colombia-mas-cerca-de-tener-luz-verde-de-congreso-efe\/\"> <span class=\"screen-reader-text\">Prohibici\u00f3n del fracking en Colombia m\u00e1s cerca de tener luz verde de Congreso &#8211; EFE<\/span> Leer m\u00e1s &raquo;<\/a><\/p>\n","protected":false},"author":2,"featured_media":15916,"comment_status":"open","ping_status":"open","sticky":false,"template":"","format":"standard","meta":{"_monsterinsights_skip_tracking":false,"_monsterinsights_sitenote_active":false,"_monsterinsights_sitenote_note":"","_monsterinsights_sitenote_category":0,"site-sidebar-layout":"default","site-content-layout":"default","ast-global-header-display":"","ast-main-header-display":"","ast-hfb-above-header-display":"","ast-hfb-below-header-display":"","ast-hfb-mobile-header-display":"","site-post-title":"","ast-breadcrumbs-content":"","ast-featured-img":"","footer-sml-layout":"","theme-transparent-header-meta":"","adv-header-id-meta":"","stick-header-meta":"","header-above-stick-meta":"","header-main-stick-meta":"","header-below-stick-meta":"","footnotes":""},"categories":[45],"tags":[],"class_list":["post-15913","post","type-post","status-publish","format-standard","has-post-thumbnail","hentry","category-noticias-diarias"],"aioseo_notices":[],"_links":{"self":[{"href":"https:\/\/energiesnet.com\/espanol\/wp-json\/wp\/v2\/posts\/15913","targetHints":{"allow":["GET"]}}],"collection":[{"href":"https:\/\/energiesnet.com\/espanol\/wp-json\/wp\/v2\/posts"}],"about":[{"href":"https:\/\/energiesnet.com\/espanol\/wp-json\/wp\/v2\/types\/post"}],"author":[{"embeddable":true,"href":"https:\/\/energiesnet.com\/espanol\/wp-json\/wp\/v2\/users\/2"}],"replies":[{"embeddable":true,"href":"https:\/\/energiesnet.com\/espanol\/wp-json\/wp\/v2\/comments?post=15913"}],"version-history":[{"count":0,"href":"https:\/\/energiesnet.com\/espanol\/wp-json\/wp\/v2\/posts\/15913\/revisions"}],"wp:featuredmedia":[{"embeddable":true,"href":"https:\/\/energiesnet.com\/espanol\/wp-json\/wp\/v2\/media\/15916"}],"wp:attachment":[{"href":"https:\/\/energiesnet.com\/espanol\/wp-json\/wp\/v2\/media?parent=15913"}],"wp:term":[{"taxonomy":"category","embeddable":true,"href":"https:\/\/energiesnet.com\/espanol\/wp-json\/wp\/v2\/categories?post=15913"},{"taxonomy":"post_tag","embeddable":true,"href":"https:\/\/energiesnet.com\/espanol\/wp-json\/wp\/v2\/tags?post=15913"}],"curies":[{"name":"wp","href":"https:\/\/api.w.org\/{rel}","templated":true}]}}