{"id":16180,"date":"2023-05-10T18:00:15","date_gmt":"2023-05-10T22:00:15","guid":{"rendered":"https:\/\/energiesnet.com\/espanol\/?p=16180"},"modified":"2023-05-10T18:00:36","modified_gmt":"2023-05-10T22:00:36","slug":"el-papa-francisco-da-clases-de-pastoral-ruben-aguilar-valenzuela","status":"publish","type":"post","link":"https:\/\/energiesnet.com\/espanol\/el-papa-francisco-da-clases-de-pastoral-ruben-aguilar-valenzuela\/","title":{"rendered":"El Papa Francisco da clases de pastoral &#8211; Rub\u00e9n Aguilar Valenzuela"},"content":{"rendered":"\n<figure class=\"wp-block-image size-full\"><img fetchpriority=\"high\" decoding=\"async\" width=\"600\" height=\"400\" src=\"https:\/\/energiesnet.com\/espanol\/wp-content\/uploads\/2023\/05\/ruben_aguilar_600-4-8.jpg\" alt=\"Rub\u00e9n Aguilar Valenzuela\" class=\"wp-image-16188\" srcset=\"https:\/\/energiesnet.com\/espanol\/wp-content\/uploads\/2023\/05\/ruben_aguilar_600-4-8.jpg 600w, https:\/\/energiesnet.com\/espanol\/wp-content\/uploads\/2023\/05\/ruben_aguilar_600-4-8-300x200.jpg 300w\" sizes=\"(max-width: 600px) 100vw, 600px\" \/><figcaption class=\"wp-element-caption\">Rub\u00e9n Aguilar Valenzuela<\/figcaption><\/figure>\n\n\n\n<p>Cuando termin\u00e9 de ver el documental Am\u00e9n: Francisco responde (Espa\u00f1a, 2023), de los cineastas espa\u00f1oles Jordi \u00c9vole y M\u00e0rius S\u00e1nchez, pens\u00e9 que hab\u00eda asistido a una poderosa clase de pastoral.<br>\u00a0<br>Quien la impart\u00eda era el Papa y se daba a partir de la reuni\u00f3n que tuvo con diez j\u00f3venes, mujeres y hombres, de distintos pa\u00edses.<br>\u00a0<br>El Papa en Roma, fuera del Vaticano, en un espacio por decirlo de alguna manera laico, participa en un ejercicio donde los j\u00f3venes preguntan y \u00e9l responde.<br>\u00a0<br>Aqu\u00ed hay un primer elemento de la lecci\u00f3n. El Papa va al encuentro de sus interlocutores, se desplaza de su lugar de confort, para reunirse con ellos. Siempre hay que ir al encuentro del otro.<br>\u00a0<br>La conversaci\u00f3n es abierta y directa, de t\u00fa a t\u00fa. Hay una relaci\u00f3n de total horizontalidad, de igual a igual, entre el papa y los j\u00f3venes. Aqu\u00ed hay un segundo punto de la clase, que dice las relaciones no son jer\u00e1rquicas sino de igualdad.<br>\u00a0<br>El Papa escucha con atenci\u00f3n las preguntas de los j\u00f3venes, pero tambi\u00e9n el di\u00e1logo entre ellos. Escuchar, antes que hablar, es un tercer punto de la clase con el a\u00f1adido de que se debe escuchar lo que se dicen unos a los otros.<br>\u00a0<br>En el encuentro del otro, el Papa se enfrenta a un mundo que no piensa como \u00e9l. Se abre a esa realidad y hace un esfuerzo por entender. Se deben respetar las ideas de los otros. Hay que abrirse a la complejidad. Este es un cuarto punto de la lecci\u00f3n.<br>\u00a0<br>El Papa da la cara y expone lo que piensa, como tambi\u00e9n lo hacen los j\u00f3venes. No tira l\u00ednea, no quiere convencer a nadie. Expresa con naturalidad lo que piensa sin asumir que necesariamente tiene la raz\u00f3n y sin intentar quedar bien. Aqu\u00ed est\u00e1 el quinto punto de la clase.<br>\u00a0<br>En esta conversaci\u00f3n, franca y valiente de quienes participan en ella, el Papa manifiesta que la Iglesia es un espacio privilegiado para acoger la diversidad, aunque por desgracia muchos jerarcas de la instituci\u00f3n que encabeza no lo vivan as\u00ed. Este es el punto sexto de la lecci\u00f3n.<br>\u00a0<br>Afirma con fuerza que la Iglesia vive en una sociedad donde ya no marca el camino a seguir sino que va a la par de los dem\u00e1s. Lo que puede ofrecer es acogida y acompa\u00f1amiento. Eso es lo suyo. El dogma no. Aqu\u00ed el punto octavo de la clase.<br>\u00a0<br>Los pastores, los suyos, lo dice una y otra vez, no deben juzgar y descalificar a los que tienen otra manera de pensar y de vivir. Deben acompa\u00f1ar, amar y ser fraternos. Ac\u00e1 el punto noveno de la lecci\u00f3n.<br>\u00a0<br>Y dir\u00eda que el d\u00e9cimo punto, a manera de s\u00edntesis de todos los otros, se expresa as\u00ed: Amen, acompa\u00f1en, sean solidarios y fraternos. No juzguen, no impongan, no dogmaticen. Nunca, bajo ninguna circunstancia, dejen de ser fraternos.<br>\u00a0<br>Los obispos y los sacerdotes deber\u00edan sentirse invitados a realizar lo que ha hecho el Papa, y hacerlo de manera constante. Es, como se puede ver en el documental, un buen m\u00e9todo de encontrarse con los otros.<\/p>\n\n\n\n<p><mark style=\"background-color:rgba(0, 0, 0, 0)\" class=\"has-inline-color has-ast-global-color-6-color\"><strong>Ver:<\/strong><\/mark> <em><a href=\"https:\/\/youtu.be\/81UuKX5VGcY\">Pel\u00edcula completa Am\u00e9n. Francisco responde<\/a><\/em>  (youtube)<\/p>\n\n\n\n<p>________________________________________________________<\/p>\n\n\n\n<p><em><strong>Rub\u00e9n Aguilar Valenzuela<\/strong><\/em>, Socio fundador de Afan Consultores Internacionales, S.C. Doctor en Ciencias Sociales. Profesor en el Departamento de Comunicaciones y Ciencias Pol\u00edticas de la Universidad Iberoamericana. Articulista en diversos peri\u00f3dicos y revistas. Fue Fundador y director de la Agencia Salpress del FMLN, el Salvador. coordinador de la Secretar\u00eda Particular de la presidencia de Fox (2002-2004) y portavoz del gobierno (2004-2006). Sus \u00faltimos libros en conjunto con Jorge Casta\u00f1eda son: La Diferencia: Radiograf\u00eda de un sexenio (2007) y El Narco: La Guerra Fallida (2009). Twitter:&nbsp;<a href=\"https:\/\/twitter.com\/RubenAguilar\">@RubenAguilar,&nbsp;<\/a><a href=\"http:\/\/miscuadernos.com.mx.\/\">ruben@miscuadernos.com.mx<\/a>. Los puntos de vista expresados no necesariamente son los de EnergiesNet<\/p>\n\n\n\n<p>Nota del Editor:\u00a0Este art\u00edculo fue originalmente publicado en \u00a0Mis cuadernos, el 8 de mayo 2023. Reproducimos el mismo en beneficio de los lectores.\u00a0EnergiesNet\u00a0en Espa\u00f1ol no se hace responsable por los juicios de valor emitidos por sus colaboradores y columnistas de opini\u00f3n y an\u00e1lisis.<\/p>\n\n\n\n<p>EnergiesNet alienta a las personas a reproducir, reimprimir, y divulgar a trav\u00e9s de los medios audiovisuales e Internet, los comentarios editoriales y de opini\u00f3n de EnergiesNet, siempre y cuando esa reproducci\u00f3n identifique, a el autor, y la fuente original, http:\/\/www.petroleumworld.com y se haga dentro de el uso normal (fair use) de la doctrina de la secci\u00f3n 107 de la Ley de derechos de autor de los Estados Unidos de Norteam\u00e9rica (US Copyright).<\/p>\n\n\n\n<p>EnergiesNet.com 09 05 2023<\/p>\n","protected":false},"excerpt":{"rendered":"<p>Cuando termin\u00e9 de ver el documental Am\u00e9n: Francisco responde (Espa\u00f1a, 2023), de los cineastas espa\u00f1oles Jordi \u00c9vole y M\u00e0rius S\u00e1nchez, pens\u00e9 que hab\u00eda asistido a una poderosa clase de pastoral.\u00a0Quien la impart\u00eda era el Papa y se daba a partir de la reuni\u00f3n que tuvo con diez j\u00f3venes, mujeres y hombres, de distintos pa\u00edses.\u00a0El Papa &hellip;<\/p>\n<p class=\"read-more\"> <a class=\"\" href=\"https:\/\/energiesnet.com\/espanol\/el-papa-francisco-da-clases-de-pastoral-ruben-aguilar-valenzuela\/\"> <span class=\"screen-reader-text\">El Papa Francisco da clases de pastoral &#8211; Rub\u00e9n Aguilar Valenzuela<\/span> Leer m\u00e1s &raquo;<\/a><\/p>\n","protected":false},"author":2,"featured_media":16188,"comment_status":"open","ping_status":"open","sticky":false,"template":"","format":"standard","meta":{"_monsterinsights_skip_tracking":false,"_monsterinsights_sitenote_active":false,"_monsterinsights_sitenote_note":"","_monsterinsights_sitenote_category":0,"site-sidebar-layout":"default","site-content-layout":"default","ast-global-header-display":"","ast-main-header-display":"","ast-hfb-above-header-display":"","ast-hfb-below-header-display":"","ast-hfb-mobile-header-display":"","site-post-title":"","ast-breadcrumbs-content":"","ast-featured-img":"","footer-sml-layout":"","theme-transparent-header-meta":"","adv-header-id-meta":"","stick-header-meta":"","header-above-stick-meta":"","header-main-stick-meta":"","header-below-stick-meta":"","footnotes":""},"categories":[48],"tags":[1372,234,919],"class_list":["post-16180","post","type-post","status-publish","format-standard","has-post-thumbnail","hentry","category-comentario-del-dia","tag-catolicos","tag-papa-francisco","tag-religion"],"aioseo_notices":[],"_links":{"self":[{"href":"https:\/\/energiesnet.com\/espanol\/wp-json\/wp\/v2\/posts\/16180","targetHints":{"allow":["GET"]}}],"collection":[{"href":"https:\/\/energiesnet.com\/espanol\/wp-json\/wp\/v2\/posts"}],"about":[{"href":"https:\/\/energiesnet.com\/espanol\/wp-json\/wp\/v2\/types\/post"}],"author":[{"embeddable":true,"href":"https:\/\/energiesnet.com\/espanol\/wp-json\/wp\/v2\/users\/2"}],"replies":[{"embeddable":true,"href":"https:\/\/energiesnet.com\/espanol\/wp-json\/wp\/v2\/comments?post=16180"}],"version-history":[{"count":0,"href":"https:\/\/energiesnet.com\/espanol\/wp-json\/wp\/v2\/posts\/16180\/revisions"}],"wp:featuredmedia":[{"embeddable":true,"href":"https:\/\/energiesnet.com\/espanol\/wp-json\/wp\/v2\/media\/16188"}],"wp:attachment":[{"href":"https:\/\/energiesnet.com\/espanol\/wp-json\/wp\/v2\/media?parent=16180"}],"wp:term":[{"taxonomy":"category","embeddable":true,"href":"https:\/\/energiesnet.com\/espanol\/wp-json\/wp\/v2\/categories?post=16180"},{"taxonomy":"post_tag","embeddable":true,"href":"https:\/\/energiesnet.com\/espanol\/wp-json\/wp\/v2\/tags?post=16180"}],"curies":[{"name":"wp","href":"https:\/\/api.w.org\/{rel}","templated":true}]}}