{"id":16183,"date":"2023-05-10T17:40:08","date_gmt":"2023-05-10T21:40:08","guid":{"rendered":"https:\/\/energiesnet.com\/espanol\/?p=16183"},"modified":"2023-05-10T17:40:11","modified_gmt":"2023-05-10T21:40:11","slug":"pelicula-completa-documental-amen-francisco-responde","status":"publish","type":"post","link":"https:\/\/energiesnet.com\/espanol\/pelicula-completa-documental-amen-francisco-responde\/","title":{"rendered":"Pel\u00edcula completa: Documental, Am\u00e9n: Francisco responde"},"content":{"rendered":"\n<figure class=\"wp-block-image size-full is-resized\"><img fetchpriority=\"high\" decoding=\"async\" src=\"https:\/\/energiesnet.com\/espanol\/wp-content\/uploads\/2023\/05\/papa_documental_peli_completa_youtube-1.jpg\" alt=\"Am\u00e9n. Francisco responde (Pel\u00edcula completa)\" class=\"wp-image-16185\" width=\"1204\" height=\"724\" srcset=\"https:\/\/energiesnet.com\/espanol\/wp-content\/uploads\/2023\/05\/papa_documental_peli_completa_youtube-1.jpg 600w, https:\/\/energiesnet.com\/espanol\/wp-content\/uploads\/2023\/05\/papa_documental_peli_completa_youtube-1-300x181.jpg 300w\" sizes=\"(max-width: 1204px) 100vw, 1204px\" \/><figcaption class=\"wp-element-caption\">Am\u00e9n. Francisco responde (Pel\u00edcula completa) Fuente: YouTube<\/figcaption><\/figure>\n\n\n\n<p>Diez j\u00f3venes de todo el mundo se re\u00fanen en Roma con el Papa Francisco, con el objetivo de hablar y transmitirle las principales preocupaciones de su generaci\u00f3n. Lo que les espera es un encuentro sin precedentes, una conversaci\u00f3n cara a cara y un acontecimiento \u00fanico. En esta charla, guiada por las propias preguntas de los j\u00f3venes, abordar\u00e1n temas tan importantes para la juventud actual como la emigraci\u00f3n, la sexualidad, la identidad de g\u00e9nero o la libertad religiosa. -rottentomatoes<\/p>\n\n\n\n<p>Directores: Marius S\u00e1nchez, Jordi \u00c9vole<br>Estrellas: Milagros Acosta, V\u00edctor Bote, Juan Cuatre casas<\/p>\n\n\n\n<p><p><mark style=\"background-color:rgba(0, 0, 0, 0)\" class=\"has-inline-color has-ast-global-color-6-color\"><strong>Ver:<\/strong><\/mark> <em><a href=\"https:\/\/youtu.be\/81UuKX5VGcY\">Pel\u00edcula completa Am\u00e9n. Francisco respond<\/a><\/em>e<\/p><\/p>\n\n\n\n<p><\/p>\n\n\n\n<p><p>EnergiesNet.com 10 05 2023<\/p> <\/p>\n","protected":false},"excerpt":{"rendered":"<p>Diez j\u00f3venes de todo el mundo se re\u00fanen en Roma con el Papa Francisco, con el objetivo de hablar y transmitirle las principales preocupaciones de su generaci\u00f3n. Lo que les espera es un encuentro sin precedentes, una conversaci\u00f3n cara a cara y un acontecimiento \u00fanico. En esta charla, guiada por las propias preguntas de los &hellip;<\/p>\n<p class=\"read-more\"> <a class=\"\" href=\"https:\/\/energiesnet.com\/espanol\/pelicula-completa-documental-amen-francisco-responde\/\"> <span class=\"screen-reader-text\">Pel\u00edcula completa: Documental, Am\u00e9n: Francisco responde<\/span> Leer m\u00e1s &raquo;<\/a><\/p>\n","protected":false},"author":2,"featured_media":16185,"comment_status":"open","ping_status":"open","sticky":false,"template":"","format":"standard","meta":{"_monsterinsights_skip_tracking":false,"_monsterinsights_sitenote_active":false,"_monsterinsights_sitenote_note":"","_monsterinsights_sitenote_category":0,"site-sidebar-layout":"default","site-content-layout":"default","ast-global-header-display":"","ast-main-header-display":"","ast-hfb-above-header-display":"","ast-hfb-below-header-display":"","ast-hfb-mobile-header-display":"","site-post-title":"","ast-breadcrumbs-content":"","ast-featured-img":"","footer-sml-layout":"","theme-transparent-header-meta":"","adv-header-id-meta":"","stick-header-meta":"","header-above-stick-meta":"","header-main-stick-meta":"","header-below-stick-meta":"","footnotes":""},"categories":[41],"tags":[1380,1372,1382,1381,1383,919],"class_list":["post-16183","post","type-post","status-publish","format-standard","has-post-thumbnail","hentry","category-invitados","tag-amen-francico-responde","tag-catolicos","tag-jovenes","tag-papa-francico","tag-pelicula","tag-religion"],"aioseo_notices":[],"_links":{"self":[{"href":"https:\/\/energiesnet.com\/espanol\/wp-json\/wp\/v2\/posts\/16183","targetHints":{"allow":["GET"]}}],"collection":[{"href":"https:\/\/energiesnet.com\/espanol\/wp-json\/wp\/v2\/posts"}],"about":[{"href":"https:\/\/energiesnet.com\/espanol\/wp-json\/wp\/v2\/types\/post"}],"author":[{"embeddable":true,"href":"https:\/\/energiesnet.com\/espanol\/wp-json\/wp\/v2\/users\/2"}],"replies":[{"embeddable":true,"href":"https:\/\/energiesnet.com\/espanol\/wp-json\/wp\/v2\/comments?post=16183"}],"version-history":[{"count":0,"href":"https:\/\/energiesnet.com\/espanol\/wp-json\/wp\/v2\/posts\/16183\/revisions"}],"wp:featuredmedia":[{"embeddable":true,"href":"https:\/\/energiesnet.com\/espanol\/wp-json\/wp\/v2\/media\/16185"}],"wp:attachment":[{"href":"https:\/\/energiesnet.com\/espanol\/wp-json\/wp\/v2\/media?parent=16183"}],"wp:term":[{"taxonomy":"category","embeddable":true,"href":"https:\/\/energiesnet.com\/espanol\/wp-json\/wp\/v2\/categories?post=16183"},{"taxonomy":"post_tag","embeddable":true,"href":"https:\/\/energiesnet.com\/espanol\/wp-json\/wp\/v2\/tags?post=16183"}],"curies":[{"name":"wp","href":"https:\/\/api.w.org\/{rel}","templated":true}]}}