{"id":17113,"date":"2023-07-31T15:59:29","date_gmt":"2023-07-31T19:59:29","guid":{"rendered":"https:\/\/energiesnet.com\/espanol\/?p=17113"},"modified":"2023-07-31T15:59:32","modified_gmt":"2023-07-31T19:59:32","slug":"ambientalistas-asesinados-ruben-aguilar-valenzuela","status":"publish","type":"post","link":"https:\/\/energiesnet.com\/espanol\/ambientalistas-asesinados-ruben-aguilar-valenzuela\/","title":{"rendered":"Ambientalistas asesinados &#8211; Rub\u00e9n Aguilar Valenzuela"},"content":{"rendered":"\n<figure class=\"wp-block-image size-full is-resized\"><img fetchpriority=\"high\" decoding=\"async\" src=\"https:\/\/energiesnet.com\/espanol\/wp-content\/uploads\/2023\/07\/ambientalistas_asesinados_mundonuestro-mx.jpg\" alt=\"\" class=\"wp-image-17114\" width=\"1197\" height=\"674\" srcset=\"https:\/\/energiesnet.com\/espanol\/wp-content\/uploads\/2023\/07\/ambientalistas_asesinados_mundonuestro-mx.jpg 600w, https:\/\/energiesnet.com\/espanol\/wp-content\/uploads\/2023\/07\/ambientalistas_asesinados_mundonuestro-mx-300x169.jpg 300w\" sizes=\"(max-width: 1197px) 100vw, 1197px\" \/><figcaption class=\"wp-element-caption\">De diciembre de 2018 a julio de 2021, ya en tiempos de la administraci\u00f3n del presidente L\u00f3pez Obrador, han sido asesinados 68 activistas sociales, de acuerdo a la Secretar\u00eda de Gobernaci\u00f3n (Segob).\u00a0En 2022 fueron 24, de acuerdo al Centro Mexicano de Derecho Ambiental (Cemda), y en el primer semestre de 2023 son ya 13. &#8211; Rub\u00e9n Aguilar V.<\/figcaption><\/figure>\n\n\n\n<p class=\"wp-block-paragraph\">Por Rub\u00e9n Aguilar Valenzuela    <\/p>\n\n\n\n<p class=\"wp-block-paragraph\">Al d\u00eda de hoy, M\u00e9xico es el pa\u00eds del mundo con m\u00e1s sacerdotes y periodistas asesinados y uno de los que tiene el mayor n\u00famero de l\u00edderes sociales asesinados.<br><br>Los ambientalistas asesinados en 2022 fueron 24, de acuerdo al Centro Mexicano de Derecho Ambiental (Cemda), y en el primer semestre de 2023 son ya 13.<br>\u00a0<br>Para tener una idea m\u00e1s clara de lo que ocurre con estos activistas sociales decir que en 2017 fueron asesinados 29; en 2028, 21; en 2019, 15; en 2020, 18 y en 2021, 25.<br>\u00a0<br>Si en el segundo semestre del a\u00f1o se mantiene el mismo n\u00famero de ambientalistas asesinados, 2023 terminar\u00e1 con 26, dos m\u00e1s que 2022.<br>\u00a0<br>El n\u00famero de las agresiones, de diverso tipo, contra los ambientalistas se ha disparado en lo que va del actual gobierno.<br>\u00a0<br>En 2019, fueron 39; en 2020, 65; en 2021, 106, pr\u00e1cticamente se duplic\u00f3, y en 2022, 197. Se espera que al cierre de 2023, el n\u00famero de las agresiones sea todav\u00eda mayor que el a\u00f1o anterior.<br>\u00a0<br>El mayor n\u00famero de las agresiones y asesinatos ocurren en las zonas rurales y en particular en comunidades ind\u00edgenas, pero no solo se restringen a esos espacios.<\/p>\n\n\n\n<p class=\"wp-block-paragraph\">Con los a\u00f1os se han incrementado de manera considerable las agresiones y asesinatos relacionados con conflictos que tienen que ver con el control y manejo del agua.<br>\u00a0<br>Al tiempo que persisten los problemas conectados con la miner\u00eda, la conservaci\u00f3n del bosque y la defensa de la tierra.<br>\u00a0<br>El Cemda plantea, como algo nuevo, la creciente intervenci\u00f3n del crimen organizado en el control y manejo del agua en algunas regiones del pa\u00eds.<br>\u00a0<br>Lo que se agrava por la escasa o d\u00e9bil presencia del Estado en alunas regiones del pa\u00eds. \u00a0<br>\u00a0<br>Y subraya la necesidad de que el Estado refuerce los mecanismos de protecci\u00f3n de las y los defensores del medio ambiente.<br>\u00a0<br>Desde el arribo el actual gobierno, de manera particular el presidente L\u00f3pez Obrador, ha criticado e incluso criminalizado a las organizaciones de la sociedad civil, muchas de ellas defensoras del medio ambiente.<br><br>En el horizonte de 2023 y 2024 no hay nada que indique que se habr\u00e1n de reducir el n\u00famero de las agresiones y asesinatos de los ambientalistas en el pa\u00eds.<br>\u00a0<br>Habr\u00e1 que esperar al gobierno que asuma el mando en octubre de 2024, para escuchar su propuesta de protecci\u00f3n, de un lado, y de reducci\u00f3n de las agresiones y cr\u00edmenes contra los ambientalistas, del otro.<\/p>\n\n\n\n<p class=\"wp-block-paragraph\">______________________________________________________<\/p>\n\n\n\n<p class=\"wp-block-paragraph\"><em><strong>Rub\u00e9n Aguilar Valenzuela<\/strong><\/em>, Socio fundador de Afan Consultores Internacionales, S.C. Doctor en Ciencias Sociales. Profesor en el Departamento de Comunicaciones y Ciencias Pol\u00edticas de la Universidad Iberoamericana. Articulista en diversos peri\u00f3dicos y revistas. Fue Fundador y director de la Agencia Salpress del FMLN, el Salvador. coordinador de la Secretar\u00eda Particular de la presidencia de Fox (2002-2004) y portavoz del gobierno (2004-2006). Sus \u00faltimos libros en conjunto con Jorge Casta\u00f1eda son: La Diferencia: Radiograf\u00eda de un sexenio (2007) y El Narco: La Guerra Fallida (2009). Twitter:&nbsp;<a href=\"https:\/\/twitter.com\/RubenAguilar\">@RubenAguilar,&nbsp;<\/a><a href=\"http:\/\/miscuadernos.com.mx.\/\">ruben@miscuadernos.com.mx<\/a>. Los puntos de vista expresados no necesariamente son los de EnergiesNet<\/p>\n\n\n\n<p class=\"wp-block-paragraph\">Nota del editor: Este art\u00edculo fue publicado originalmente por Animal Pol\u00edtico el 28 de julio de 2023. Todos los comentarios enviados y publicados en EnergiesNet no reflejan ni a favor ni en contra de la opini\u00f3n expresada en el comentario como un respaldo de EnergiesNet o Petroleumworld.<\/p>\n\n\n\n<p class=\"wp-block-paragraph\">EnergiesNet alienta a las personas a reproducir, reimprimir, y divulgar a trav\u00e9s de los medios audiovisuales e Internet, los comentarios editoriales y de opini\u00f3n de EnergiesNet, siempre y cuando esa reproducci\u00f3n identifique, a el autor, y la fuente original, http:\/\/www.energiesnet.com y se haga dentro de el uso normal (fair use) de la doctrina de la secci\u00f3n 107 de la Ley de derechos de autor de los Estados Unidos de Norteam\u00e9rica (US Copyright).<\/p>\n\n\n\n<p class=\"wp-block-paragraph\">EnergiesNet.com 07 31 202<\/p>\n","protected":false},"excerpt":{"rendered":"<p>Por Rub\u00e9n Aguilar Valenzuela Al d\u00eda de hoy, M\u00e9xico es el pa\u00eds del mundo con m\u00e1s sacerdotes y periodistas asesinados y uno de los que tiene el mayor n\u00famero de l\u00edderes sociales asesinados. Los ambientalistas asesinados en 2022 fueron 24, de acuerdo al Centro Mexicano de Derecho Ambiental (Cemda), y en el primer semestre de &hellip;<\/p>\n<p class=\"read-more\"> <a class=\"\" href=\"https:\/\/energiesnet.com\/espanol\/ambientalistas-asesinados-ruben-aguilar-valenzuela\/\"> <span class=\"screen-reader-text\">Ambientalistas asesinados &#8211; Rub\u00e9n Aguilar Valenzuela<\/span> Leer m\u00e1s &raquo;<\/a><\/p>\n","protected":false},"author":2,"featured_media":17114,"comment_status":"open","ping_status":"open","sticky":false,"template":"","format":"standard","meta":{"_monsterinsights_skip_tracking":false,"site-sidebar-layout":"default","site-content-layout":"default","ast-global-header-display":"","ast-main-header-display":"","ast-hfb-above-header-display":"","ast-hfb-below-header-display":"","ast-hfb-mobile-header-display":"","site-post-title":"","ast-breadcrumbs-content":"","ast-featured-img":"","footer-sml-layout":"","theme-transparent-header-meta":"","adv-header-id-meta":"","stick-header-meta":"","header-above-stick-meta":"","header-main-stick-meta":"","header-below-stick-meta":"","footnotes":""},"categories":[48],"tags":[1883,1035,1885,1226,109,1884,136],"class_list":["post-17113","post","type-post","status-publish","format-standard","has-post-thumbnail","hentry","category-comentario-del-dia","tag-ambientalistas","tag-asesinatos","tag-comunidades-indigenas","tag-crimenes","tag-mexico","tag-perseguidos","tag-politica"],"aioseo_notices":[],"aioseo_head":"\n\t\t<!-- All in One SEO 5.0.1.1 - aioseo.com -->\n\t<meta name=\"description\" content=\"Por Rub\u00e9n Aguilar Valenzuela Al d\u00eda de hoy, M\u00e9xico es el pa\u00eds del mundo con m\u00e1s sacerdotes y periodistas asesinados y uno de los que tiene el mayor n\u00famero de l\u00edderes sociales asesinados.Los ambientalistas asesinados en 2022 fueron 24, de acuerdo al Centro Mexicano de Derecho Ambiental (Cemda), y en el primer semestre de 2023\" \/>\n\t<meta name=\"robots\" content=\"max-image-preview:large\" \/>\n\t<meta name=\"author\" content=\"EnergiesNet\"\/>\n\t<link rel=\"canonical\" href=\"https:\/\/energiesnet.com\/espanol\/ambientalistas-asesinados-ruben-aguilar-valenzuela\/\" \/>\n\t<meta name=\"generator\" content=\"All in One SEO (AIOSEO) 5.0.1.1\" \/>\n\t\t<meta property=\"og:locale\" content=\"es_ES\" \/>\n\t\t<meta property=\"og:site_name\" content=\"EnergiestNet - Latin America Energy, Oil ,  Gas &amp; Renewals\" \/>\n\t\t<meta property=\"og:type\" content=\"article\" \/>\n\t\t<meta property=\"og:title\" content=\"Ambientalistas asesinados \u2013 Rub\u00e9n Aguilar Valenzuela - EnergiestNet\" \/>\n\t\t<meta property=\"og:description\" content=\"Por Rub\u00e9n Aguilar Valenzuela Al d\u00eda de hoy, M\u00e9xico es el pa\u00eds del mundo con m\u00e1s sacerdotes y periodistas asesinados y uno de los que tiene el mayor n\u00famero de l\u00edderes sociales asesinados.Los ambientalistas asesinados en 2022 fueron 24, de acuerdo al Centro Mexicano de Derecho Ambiental (Cemda), y en el primer semestre de 2023\" \/>\n\t\t<meta property=\"og:url\" content=\"https:\/\/energiesnet.com\/espanol\/ambientalistas-asesinados-ruben-aguilar-valenzuela\/\" \/>\n\t\t<meta property=\"og:image\" content=\"https:\/\/energiesnet.com\/espanol\" \/>\n\t\t<meta property=\"og:image:secure_url\" content=\"https:\/\/energiesnet.com\/espanol\" \/>\n\t\t<meta property=\"article:published_time\" content=\"2023-07-31T19:59:29+00:00\" \/>\n\t\t<meta property=\"article:modified_time\" content=\"2023-07-31T19:59:32+00:00\" \/>\n\t\t<meta property=\"article:publisher\" content=\"https:\/\/www.facebook.com\/\/EnergiesNet\" \/>\n\t\t<meta name=\"twitter:card\" content=\"summary_large_image\" \/>\n\t\t<meta name=\"twitter:site\" content=\"@EnergiesNet1\" \/>\n\t\t<meta name=\"twitter:title\" content=\"Ambientalistas asesinados \u2013 Rub\u00e9n Aguilar Valenzuela - EnergiestNet\" \/>\n\t\t<meta name=\"twitter:description\" content=\"Por Rub\u00e9n Aguilar Valenzuela Al d\u00eda de hoy, M\u00e9xico es el pa\u00eds del mundo con m\u00e1s sacerdotes y periodistas asesinados y uno de los que tiene el mayor n\u00famero de l\u00edderes sociales asesinados.Los ambientalistas asesinados en 2022 fueron 24, de acuerdo al Centro Mexicano de Derecho Ambiental (Cemda), y en el primer semestre de 2023\" \/>\n\t\t<meta name=\"twitter:creator\" content=\"@EnergiesNet1\" \/>\n\t\t<meta name=\"twitter:image\" content=\"https:\/\/energiesnet.com\/espanol\" \/>\n\t\t<script type=\"application\/ld+json\" class=\"aioseo-schema\">\n\t\t\t{\"@context\":\"https:\\\/\\\/schema.org\",\"@graph\":[{\"@type\":\"BlogPosting\",\"@id\":\"https:\\\/\\\/energiesnet.com\\\/espanol\\\/ambientalistas-asesinados-ruben-aguilar-valenzuela\\\/#blogposting\",\"name\":\"Ambientalistas asesinados \\u2013 Rub\\u00e9n Aguilar Valenzuela - EnergiestNet\",\"headline\":\"Ambientalistas asesinados &#8211; Rub\\u00e9n Aguilar Valenzuela\",\"author\":{\"@id\":\"https:\\\/\\\/energiesnet.com\\\/espanol\\\/author\\\/elioohep\\\/#author\"},\"publisher\":{\"@id\":\"https:\\\/\\\/energiesnet.com\\\/espanol\\\/#organization\"},\"image\":{\"@type\":\"ImageObject\",\"url\":\"https:\\\/\\\/energiesnet.com\\\/espanol\\\/wp-content\\\/uploads\\\/2023\\\/07\\\/ambientalistas_asesinados_mundonuestro-mx.jpg\",\"width\":600,\"height\":338},\"datePublished\":\"2023-07-31T15:59:29-04:00\",\"dateModified\":\"2023-07-31T15:59:32-04:00\",\"inLanguage\":\"es-ES\",\"mainEntityOfPage\":{\"@id\":\"https:\\\/\\\/energiesnet.com\\\/espanol\\\/ambientalistas-asesinados-ruben-aguilar-valenzuela\\\/#webpage\"},\"isPartOf\":{\"@id\":\"https:\\\/\\\/energiesnet.com\\\/espanol\\\/ambientalistas-asesinados-ruben-aguilar-valenzuela\\\/#webpage\"},\"articleSection\":\"Comentario del d\\u00eda, ambientalistas, asesinatos, comunidades indigenas, crimenes, mexico, perseguidos, politica\"},{\"@type\":\"BreadcrumbList\",\"@id\":\"https:\\\/\\\/energiesnet.com\\\/espanol\\\/ambientalistas-asesinados-ruben-aguilar-valenzuela\\\/#breadcrumblist\",\"itemListElement\":[{\"@type\":\"ListItem\",\"@id\":\"https:\\\/\\\/energiesnet.com\\\/espanol#listItem\",\"position\":1,\"name\":\"Inicio\",\"item\":\"https:\\\/\\\/energiesnet.com\\\/espanol\",\"nextItem\":{\"@type\":\"ListItem\",\"@id\":\"https:\\\/\\\/energiesnet.com\\\/espanol\\\/category\\\/comentario-del-dia\\\/#listItem\",\"name\":\"Comentario del d\\u00eda\"}},{\"@type\":\"ListItem\",\"@id\":\"https:\\\/\\\/energiesnet.com\\\/espanol\\\/category\\\/comentario-del-dia\\\/#listItem\",\"position\":2,\"name\":\"Comentario del d\\u00eda\",\"item\":\"https:\\\/\\\/energiesnet.com\\\/espanol\\\/category\\\/comentario-del-dia\\\/\",\"nextItem\":{\"@type\":\"ListItem\",\"@id\":\"https:\\\/\\\/energiesnet.com\\\/espanol\\\/ambientalistas-asesinados-ruben-aguilar-valenzuela\\\/#listItem\",\"name\":\"Ambientalistas asesinados &#8211; Rub\\u00e9n Aguilar Valenzuela\"},\"previousItem\":{\"@type\":\"ListItem\",\"@id\":\"https:\\\/\\\/energiesnet.com\\\/espanol#listItem\",\"name\":\"Inicio\"}},{\"@type\":\"ListItem\",\"@id\":\"https:\\\/\\\/energiesnet.com\\\/espanol\\\/ambientalistas-asesinados-ruben-aguilar-valenzuela\\\/#listItem\",\"position\":3,\"name\":\"Ambientalistas asesinados &#8211; Rub\\u00e9n Aguilar Valenzuela\",\"previousItem\":{\"@type\":\"ListItem\",\"@id\":\"https:\\\/\\\/energiesnet.com\\\/espanol\\\/category\\\/comentario-del-dia\\\/#listItem\",\"name\":\"Comentario del d\\u00eda\"}}]},{\"@type\":\"Organization\",\"@id\":\"https:\\\/\\\/energiesnet.com\\\/espanol\\\/#organization\",\"name\":\"EnergiestNet\",\"description\":\"Latin America Energy, Oil ,  Gas & Renewals\",\"url\":\"https:\\\/\\\/energiesnet.com\\\/espanol\\\/\",\"telephone\":\"+584142763041\",\"logo\":{\"@type\":\"ImageObject\",\"url\":\"https:\\\/\\\/energiesnet.com\\\/espanol\\\/wp-content\\\/uploads\\\/2022\\\/12\\\/EnergiesNet-Logo-200.jpg\",\"@id\":\"https:\\\/\\\/energiesnet.com\\\/espanol\\\/ambientalistas-asesinados-ruben-aguilar-valenzuela\\\/#organizationLogo\",\"width\":200,\"height\":220},\"image\":{\"@id\":\"https:\\\/\\\/energiesnet.com\\\/espanol\\\/ambientalistas-asesinados-ruben-aguilar-valenzuela\\\/#organizationLogo\"},\"sameAs\":[\"https:\\\/\\\/www.facebook.com\\\/\\\/EnergiesNet\",\"https:\\\/\\\/twitter.com\\\/EnergiesNet1\",\"https:\\\/\\\/www.instagram.com\\\/energiesnet\\\/\",\"https:\\\/\\\/linkedin.com\\\/in\\\/elio-ohep-a465b78\"]},{\"@type\":\"Person\",\"@id\":\"https:\\\/\\\/energiesnet.com\\\/espanol\\\/author\\\/elioohep\\\/#author\",\"url\":\"https:\\\/\\\/energiesnet.com\\\/espanol\\\/author\\\/elioohep\\\/\",\"name\":\"EnergiesNet\",\"image\":{\"@type\":\"ImageObject\",\"@id\":\"https:\\\/\\\/energiesnet.com\\\/espanol\\\/ambientalistas-asesinados-ruben-aguilar-valenzuela\\\/#authorImage\",\"url\":\"https:\\\/\\\/secure.gravatar.com\\\/avatar\\\/5412deb1089370e2bdf1d1310563df78bf3dc9f9e388ca5748bced95cfdb664b?s=96&d=mm&r=g\",\"width\":96,\"height\":96,\"caption\":\"EnergiesNet\"}},{\"@type\":\"WebPage\",\"@id\":\"https:\\\/\\\/energiesnet.com\\\/espanol\\\/ambientalistas-asesinados-ruben-aguilar-valenzuela\\\/#webpage\",\"url\":\"https:\\\/\\\/energiesnet.com\\\/espanol\\\/ambientalistas-asesinados-ruben-aguilar-valenzuela\\\/\",\"name\":\"Ambientalistas asesinados \\u2013 Rub\\u00e9n Aguilar Valenzuela - EnergiestNet\",\"description\":\"Por Rub\\u00e9n Aguilar Valenzuela Al d\\u00eda de hoy, M\\u00e9xico es el pa\\u00eds del mundo con m\\u00e1s sacerdotes y periodistas asesinados y uno de los que tiene el mayor n\\u00famero de l\\u00edderes sociales asesinados.Los ambientalistas asesinados en 2022 fueron 24, de acuerdo al Centro Mexicano de Derecho Ambiental (Cemda), y en el primer semestre de 2023\",\"inLanguage\":\"es-ES\",\"isPartOf\":{\"@id\":\"https:\\\/\\\/energiesnet.com\\\/espanol\\\/#website\"},\"breadcrumb\":{\"@id\":\"https:\\\/\\\/energiesnet.com\\\/espanol\\\/ambientalistas-asesinados-ruben-aguilar-valenzuela\\\/#breadcrumblist\"},\"author\":{\"@id\":\"https:\\\/\\\/energiesnet.com\\\/espanol\\\/author\\\/elioohep\\\/#author\"},\"creator\":{\"@id\":\"https:\\\/\\\/energiesnet.com\\\/espanol\\\/author\\\/elioohep\\\/#author\"},\"image\":{\"@type\":\"ImageObject\",\"url\":\"https:\\\/\\\/energiesnet.com\\\/espanol\\\/wp-content\\\/uploads\\\/2023\\\/07\\\/ambientalistas_asesinados_mundonuestro-mx.jpg\",\"@id\":\"https:\\\/\\\/energiesnet.com\\\/espanol\\\/ambientalistas-asesinados-ruben-aguilar-valenzuela\\\/#mainImage\",\"width\":600,\"height\":338},\"primaryImageOfPage\":{\"@id\":\"https:\\\/\\\/energiesnet.com\\\/espanol\\\/ambientalistas-asesinados-ruben-aguilar-valenzuela\\\/#mainImage\"},\"datePublished\":\"2023-07-31T15:59:29-04:00\",\"dateModified\":\"2023-07-31T15:59:32-04:00\"},{\"@type\":\"WebSite\",\"@id\":\"https:\\\/\\\/energiesnet.com\\\/espanol\\\/#website\",\"url\":\"https:\\\/\\\/energiesnet.com\\\/espanol\\\/\",\"name\":\"EnergiestNet\",\"description\":\"Latin America Energy, Oil ,  Gas & Renewals\",\"inLanguage\":\"es-ES\",\"publisher\":{\"@id\":\"https:\\\/\\\/energiesnet.com\\\/espanol\\\/#organization\"}}]}\n\t\t<\/script>\n\t\t<!-- All in One SEO -->\n\n","aioseo_head_json":{"title":"Ambientalistas asesinados \u2013 Rub\u00e9n Aguilar Valenzuela - EnergiestNet","description":"Por Rub\u00e9n Aguilar Valenzuela Al d\u00eda de hoy, M\u00e9xico es el pa\u00eds del mundo con m\u00e1s sacerdotes y periodistas asesinados y uno de los que tiene el mayor n\u00famero de l\u00edderes sociales asesinados.Los ambientalistas asesinados en 2022 fueron 24, de acuerdo al Centro Mexicano de Derecho Ambiental (Cemda), y en el primer semestre de 2023","canonical_url":"https:\/\/energiesnet.com\/espanol\/ambientalistas-asesinados-ruben-aguilar-valenzuela\/","robots":"max-image-preview:large","keywords":"","webmasterTools":{"miscellaneous":""},"schema":{"@context":"https:\/\/schema.org","@graph":[{"@type":"BlogPosting","@id":"https:\/\/energiesnet.com\/espanol\/ambientalistas-asesinados-ruben-aguilar-valenzuela\/#blogposting","name":"Ambientalistas asesinados \u2013 Rub\u00e9n Aguilar Valenzuela - EnergiestNet","headline":"Ambientalistas asesinados &#8211; Rub\u00e9n Aguilar Valenzuela","author":{"@id":"https:\/\/energiesnet.com\/espanol\/author\/elioohep\/#author"},"publisher":{"@id":"https:\/\/energiesnet.com\/espanol\/#organization"},"image":{"@type":"ImageObject","url":"https:\/\/energiesnet.com\/espanol\/wp-content\/uploads\/2023\/07\/ambientalistas_asesinados_mundonuestro-mx.jpg","width":600,"height":338},"datePublished":"2023-07-31T15:59:29-04:00","dateModified":"2023-07-31T15:59:32-04:00","inLanguage":"es-ES","mainEntityOfPage":{"@id":"https:\/\/energiesnet.com\/espanol\/ambientalistas-asesinados-ruben-aguilar-valenzuela\/#webpage"},"isPartOf":{"@id":"https:\/\/energiesnet.com\/espanol\/ambientalistas-asesinados-ruben-aguilar-valenzuela\/#webpage"},"articleSection":"Comentario del d\u00eda, ambientalistas, asesinatos, comunidades indigenas, crimenes, mexico, perseguidos, politica"},{"@type":"BreadcrumbList","@id":"https:\/\/energiesnet.com\/espanol\/ambientalistas-asesinados-ruben-aguilar-valenzuela\/#breadcrumblist","itemListElement":[{"@type":"ListItem","@id":"https:\/\/energiesnet.com\/espanol#listItem","position":1,"name":"Inicio","item":"https:\/\/energiesnet.com\/espanol","nextItem":{"@type":"ListItem","@id":"https:\/\/energiesnet.com\/espanol\/category\/comentario-del-dia\/#listItem","name":"Comentario del d\u00eda"}},{"@type":"ListItem","@id":"https:\/\/energiesnet.com\/espanol\/category\/comentario-del-dia\/#listItem","position":2,"name":"Comentario del d\u00eda","item":"https:\/\/energiesnet.com\/espanol\/category\/comentario-del-dia\/","nextItem":{"@type":"ListItem","@id":"https:\/\/energiesnet.com\/espanol\/ambientalistas-asesinados-ruben-aguilar-valenzuela\/#listItem","name":"Ambientalistas asesinados &#8211; Rub\u00e9n Aguilar Valenzuela"},"previousItem":{"@type":"ListItem","@id":"https:\/\/energiesnet.com\/espanol#listItem","name":"Inicio"}},{"@type":"ListItem","@id":"https:\/\/energiesnet.com\/espanol\/ambientalistas-asesinados-ruben-aguilar-valenzuela\/#listItem","position":3,"name":"Ambientalistas asesinados &#8211; Rub\u00e9n Aguilar Valenzuela","previousItem":{"@type":"ListItem","@id":"https:\/\/energiesnet.com\/espanol\/category\/comentario-del-dia\/#listItem","name":"Comentario del d\u00eda"}}]},{"@type":"Organization","@id":"https:\/\/energiesnet.com\/espanol\/#organization","name":"EnergiestNet","description":"Latin America Energy, Oil ,  Gas & Renewals","url":"https:\/\/energiesnet.com\/espanol\/","telephone":"+584142763041","logo":{"@type":"ImageObject","url":"https:\/\/energiesnet.com\/espanol\/wp-content\/uploads\/2022\/12\/EnergiesNet-Logo-200.jpg","@id":"https:\/\/energiesnet.com\/espanol\/ambientalistas-asesinados-ruben-aguilar-valenzuela\/#organizationLogo","width":200,"height":220},"image":{"@id":"https:\/\/energiesnet.com\/espanol\/ambientalistas-asesinados-ruben-aguilar-valenzuela\/#organizationLogo"},"sameAs":["https:\/\/www.facebook.com\/\/EnergiesNet","https:\/\/twitter.com\/EnergiesNet1","https:\/\/www.instagram.com\/energiesnet\/","https:\/\/linkedin.com\/in\/elio-ohep-a465b78"]},{"@type":"Person","@id":"https:\/\/energiesnet.com\/espanol\/author\/elioohep\/#author","url":"https:\/\/energiesnet.com\/espanol\/author\/elioohep\/","name":"EnergiesNet","image":{"@type":"ImageObject","@id":"https:\/\/energiesnet.com\/espanol\/ambientalistas-asesinados-ruben-aguilar-valenzuela\/#authorImage","url":"https:\/\/secure.gravatar.com\/avatar\/5412deb1089370e2bdf1d1310563df78bf3dc9f9e388ca5748bced95cfdb664b?s=96&d=mm&r=g","width":96,"height":96,"caption":"EnergiesNet"}},{"@type":"WebPage","@id":"https:\/\/energiesnet.com\/espanol\/ambientalistas-asesinados-ruben-aguilar-valenzuela\/#webpage","url":"https:\/\/energiesnet.com\/espanol\/ambientalistas-asesinados-ruben-aguilar-valenzuela\/","name":"Ambientalistas asesinados \u2013 Rub\u00e9n Aguilar Valenzuela - EnergiestNet","description":"Por Rub\u00e9n Aguilar Valenzuela Al d\u00eda de hoy, M\u00e9xico es el pa\u00eds del mundo con m\u00e1s sacerdotes y periodistas asesinados y uno de los que tiene el mayor n\u00famero de l\u00edderes sociales asesinados.Los ambientalistas asesinados en 2022 fueron 24, de acuerdo al Centro Mexicano de Derecho Ambiental (Cemda), y en el primer semestre de 2023","inLanguage":"es-ES","isPartOf":{"@id":"https:\/\/energiesnet.com\/espanol\/#website"},"breadcrumb":{"@id":"https:\/\/energiesnet.com\/espanol\/ambientalistas-asesinados-ruben-aguilar-valenzuela\/#breadcrumblist"},"author":{"@id":"https:\/\/energiesnet.com\/espanol\/author\/elioohep\/#author"},"creator":{"@id":"https:\/\/energiesnet.com\/espanol\/author\/elioohep\/#author"},"image":{"@type":"ImageObject","url":"https:\/\/energiesnet.com\/espanol\/wp-content\/uploads\/2023\/07\/ambientalistas_asesinados_mundonuestro-mx.jpg","@id":"https:\/\/energiesnet.com\/espanol\/ambientalistas-asesinados-ruben-aguilar-valenzuela\/#mainImage","width":600,"height":338},"primaryImageOfPage":{"@id":"https:\/\/energiesnet.com\/espanol\/ambientalistas-asesinados-ruben-aguilar-valenzuela\/#mainImage"},"datePublished":"2023-07-31T15:59:29-04:00","dateModified":"2023-07-31T15:59:32-04:00"},{"@type":"WebSite","@id":"https:\/\/energiesnet.com\/espanol\/#website","url":"https:\/\/energiesnet.com\/espanol\/","name":"EnergiestNet","description":"Latin America Energy, Oil ,  Gas & Renewals","inLanguage":"es-ES","publisher":{"@id":"https:\/\/energiesnet.com\/espanol\/#organization"}}]},"og:locale":"es_ES","og:site_name":"EnergiestNet - Latin America Energy, Oil ,  Gas &amp; Renewals","og:type":"article","og:title":"Ambientalistas asesinados \u2013 Rub\u00e9n Aguilar Valenzuela - EnergiestNet","og:description":"Por Rub\u00e9n Aguilar Valenzuela Al d\u00eda de hoy, M\u00e9xico es el pa\u00eds del mundo con m\u00e1s sacerdotes y periodistas asesinados y uno de los que tiene el mayor n\u00famero de l\u00edderes sociales asesinados.Los ambientalistas asesinados en 2022 fueron 24, de acuerdo al Centro Mexicano de Derecho Ambiental (Cemda), y en el primer semestre de 2023","og:url":"https:\/\/energiesnet.com\/espanol\/ambientalistas-asesinados-ruben-aguilar-valenzuela\/","og:image":"https:\/\/energiesnet.com\/espanol","og:image:secure_url":"https:\/\/energiesnet.com\/espanol","article:published_time":"2023-07-31T19:59:29+00:00","article:modified_time":"2023-07-31T19:59:32+00:00","article:publisher":"https:\/\/www.facebook.com\/\/EnergiesNet","twitter:card":"summary_large_image","twitter:site":"@EnergiesNet1","twitter:title":"Ambientalistas asesinados \u2013 Rub\u00e9n Aguilar Valenzuela - EnergiestNet","twitter:description":"Por Rub\u00e9n Aguilar Valenzuela Al d\u00eda de hoy, M\u00e9xico es el pa\u00eds del mundo con m\u00e1s sacerdotes y periodistas asesinados y uno de los que tiene el mayor n\u00famero de l\u00edderes sociales asesinados.Los ambientalistas asesinados en 2022 fueron 24, de acuerdo al Centro Mexicano de Derecho Ambiental (Cemda), y en el primer semestre de 2023","twitter:creator":"@EnergiesNet1","twitter:image":"https:\/\/energiesnet.com\/espanol"},"aioseo_meta_data":{"post_id":"17113","title":null,"description":null,"keywords":[],"keyphrases":{"focus":{"keyphrase":"","score":0,"analysis":{"keyphraseInTitle":{"score":0,"maxScore":9,"error":1}}},"additional":[]},"primary_term":null,"canonical_url":null,"og_title":null,"og_description":null,"og_object_type":"default","og_image_type":"default","og_image_url":null,"og_image_width":null,"og_image_height":null,"og_image_custom_url":null,"og_image_custom_fields":null,"og_video":"","og_custom_url":null,"og_article_section":null,"og_article_tags":[],"twitter_use_og":false,"twitter_card":"default","twitter_image_type":"default","twitter_image_url":null,"twitter_image_custom_url":null,"twitter_image_custom_fields":null,"twitter_title":null,"twitter_description":null,"schema":{"blockGraphs":[],"customGraphs":[],"default":{"data":{"Article":[],"Course":[],"Dataset":[],"FAQPage":[],"Movie":[],"Person":[],"Product":[],"ProductReview":[],"Car":[],"Recipe":[],"Service":[],"SoftwareApplication":[],"WebPage":[]},"graphName":"BlogPosting","isEnabled":true},"graphs":[]},"schema_type":"default","schema_type_options":null,"pillar_content":false,"robots_default":true,"robots_noindex":false,"robots_noarchive":false,"robots_nosnippet":false,"robots_nofollow":false,"robots_noimageindex":false,"robots_noodp":false,"robots_notranslate":false,"robots_max_snippet":"-1","robots_max_videopreview":"-1","robots_max_imagepreview":"large","priority":null,"frequency":"default","local_seo":null,"breadcrumb_settings":null,"limit_modified_date":false,"ai":null,"created":"2023-07-31 19:59:36","updated":"2025-06-04 15:13:44","seo_analyzer_scan_date":null,"focus_keyword":null,"additional_keywords":null,"truseo_locale":null},"aioseo_breadcrumb":"<div class=\"aioseo-breadcrumbs\"><span class=\"aioseo-breadcrumb\">\n\t\t\t<a href=\"https:\/\/energiesnet.com\/espanol\" title=\"Inicio\">Inicio<\/a>\n\t\t<\/span><span class=\"aioseo-breadcrumb-separator\">&raquo;<\/span><span class=\"aioseo-breadcrumb\">\n\t\t\t<a href=\"https:\/\/energiesnet.com\/espanol\/category\/comentario-del-dia\/\" title=\"Comentario del d\u00eda\">Comentario del d\u00eda<\/a>\n\t\t<\/span><span class=\"aioseo-breadcrumb-separator\">&raquo;<\/span><span class=\"aioseo-breadcrumb\">\n\t\t\tAmbientalistas asesinados \u2013 Rub\u00e9n Aguilar Valenzuela\n\t\t<\/span><\/div>","aioseo_breadcrumb_json":[{"label":"Inicio","link":"https:\/\/energiesnet.com\/espanol"},{"label":"Comentario del d\u00eda","link":"https:\/\/energiesnet.com\/espanol\/category\/comentario-del-dia\/"},{"label":"Ambientalistas asesinados &#8211; Rub\u00e9n Aguilar Valenzuela","link":"https:\/\/energiesnet.com\/espanol\/ambientalistas-asesinados-ruben-aguilar-valenzuela\/"}],"_links":{"self":[{"href":"https:\/\/energiesnet.com\/espanol\/wp-json\/wp\/v2\/posts\/17113","targetHints":{"allow":["GET"]}}],"collection":[{"href":"https:\/\/energiesnet.com\/espanol\/wp-json\/wp\/v2\/posts"}],"about":[{"href":"https:\/\/energiesnet.com\/espanol\/wp-json\/wp\/v2\/types\/post"}],"author":[{"embeddable":true,"href":"https:\/\/energiesnet.com\/espanol\/wp-json\/wp\/v2\/users\/2"}],"replies":[{"embeddable":true,"href":"https:\/\/energiesnet.com\/espanol\/wp-json\/wp\/v2\/comments?post=17113"}],"version-history":[{"count":0,"href":"https:\/\/energiesnet.com\/espanol\/wp-json\/wp\/v2\/posts\/17113\/revisions"}],"wp:featuredmedia":[{"embeddable":true,"href":"https:\/\/energiesnet.com\/espanol\/wp-json\/wp\/v2\/media\/17114"}],"wp:attachment":[{"href":"https:\/\/energiesnet.com\/espanol\/wp-json\/wp\/v2\/media?parent=17113"}],"wp:term":[{"taxonomy":"category","embeddable":true,"href":"https:\/\/energiesnet.com\/espanol\/wp-json\/wp\/v2\/categories?post=17113"},{"taxonomy":"post_tag","embeddable":true,"href":"https:\/\/energiesnet.com\/espanol\/wp-json\/wp\/v2\/tags?post=17113"}],"curies":[{"name":"wp","href":"https:\/\/api.w.org\/{rel}","templated":true}]}}