{"id":17156,"date":"2023-08-04T09:35:23","date_gmt":"2023-08-04T13:35:23","guid":{"rendered":"https:\/\/energiesnet.com\/espanol\/?p=17156"},"modified":"2023-08-04T09:35:26","modified_gmt":"2023-08-04T13:35:26","slug":"cenacereforma-energetica-de-pena-nieto-ocasiono-10-anos-de-rezago-en-transmision-forbes-mx","status":"publish","type":"post","link":"https:\/\/energiesnet.com\/espanol\/cenacereforma-energetica-de-pena-nieto-ocasiono-10-anos-de-rezago-en-transmision-forbes-mx\/","title":{"rendered":"Cenace:Reforma energ\u00e9tica de Pe\u00f1a Nieto ocasion\u00f3 10 a\u00f1os de rezago en transmisi\u00f3n &#8211; Forbes MX"},"content":{"rendered":"\n<ul class=\"wp-block-list\">\n<li><em>Respecto a la reactivaci\u00f3n de las subastas el\u00e9ctricas, el director general del Cenace, dijo que esto se puede hacer en cualquier momento, pero debe haber una planeaci\u00f3n.<\/em><\/li>\n<\/ul>\n\n\n\n<figure class=\"wp-block-image size-full is-resized\"><img fetchpriority=\"high\" decoding=\"async\" src=\"https:\/\/energiesnet.com\/espanol\/wp-content\/uploads\/2023\/08\/electric_transmission-forbesmx.jpg\" alt=\"\" class=\"wp-image-17157\" width=\"1199\" height=\"791\" srcset=\"https:\/\/energiesnet.com\/espanol\/wp-content\/uploads\/2023\/08\/electric_transmission-forbesmx.jpg 600w, https:\/\/energiesnet.com\/espanol\/wp-content\/uploads\/2023\/08\/electric_transmission-forbesmx-300x198.jpg 300w\" sizes=\"(max-width: 1199px) 100vw, 1199px\" \/><\/figure>\n\n\n\n<p>Patricia Tapia Cervantes, Forbes       <\/p>\n\n\n\n<p>CIUDAD DE M\u00c9XICO         <br>EnergiesNet.com 04 08 2023         <\/p>\n\n\n\n<p>Con la implementaci\u00f3n de la reforma energ\u00e9tica del sexenio de Enrique Pe\u00f1a Nieto hubo cambios en la planeaci\u00f3n de largo plazo del sector el\u00e9ctrico, ocasionando un rezago de 10 a\u00f1os en la infraestructura de transmisi\u00f3n de energ\u00eda, asegur\u00f3 el director general del Centro Nacional de Control de Energ\u00eda (Cenace), Ricardo Mota Palomino<\/p>\n\n\n\n<p>El funcionario apunt\u00f3 que la actual administraci\u00f3n est\u00e1 trabajando para arreglar el desfase que se dio en el gobierno anterior, donde se quedaron atr\u00e1s los proyectos de transmisi\u00f3n y los de generaci\u00f3n crecieron de m\u00e1s para darle cabida al sector privado.<\/p>\n\n\n\n<p>\u201cEl trabajo que se ven\u00eda haciendo nacionalmente de hacer una planeaci\u00f3n centralizada, como lo llaman los economistas, fue muy exitosa, lamentablemente este proceso se rompi\u00f3 en el a\u00f1o 2013 con la reforma a la ley de la industria el\u00e9ctrica y a 10 a\u00f1os de distancia traemos una desajuste entre la infraestructura de transmisi\u00f3n y la capacidad instalada de generaci\u00f3n.<\/p>\n\n\n\n<p>\u201cEntonces ese es el problema de corto y mediano plazo que se est\u00e1 intentando resolver y tratando de recuperar nuevamente la buena marcha del desarrollo del sistema que est\u00e1 creciendo a un ritmo de 3 a 4% anual\u201d, coment\u00f3 durante la conferencia virtual \u201c\u00bfHabr\u00e1 transici\u00f3n sin transmisi\u00f3n?\u201d.<\/p>\n\n\n\n<p>Indic\u00f3 que si este crecimiento se multiplica por 50,000 megawatts que ya se tuvo este a\u00f1o como punta m\u00e1xima en el verano, da una idea de la dimensi\u00f3n de c\u00f3mo debe de ir creciendo el parque generador y toda la infraestructura asociada para poder acercar el consumo de energ\u00eda con las fuentes que se tienen disponibles.<\/p>\n\n\n\n<p><strong><em>Lee:\u00a0<\/em><\/strong><em><a href=\"https:\/\/energiesnet.com\/espanol\/deben-revivir-las-subastas-electricas-en-mexico-esto-dicen-expertos-forbes-mx\/\">\u00bfDeben revivir las subastas el\u00e9ctricas en M\u00e9xico? Esto dicen expertos<\/a><\/em><\/p>\n\n\n\n<p>Mota Palomino ahond\u00f3 en que se privilegi\u00f3 el crecimiento de la oferta privada de energ\u00eda el\u00e9ctrica en el pa\u00eds en el sexenio pasado y ahora se tiene un sobreequipamiento de generaci\u00f3n en algunas zonas del pa\u00eds como el noreste y el occidente.<\/p>\n\n\n\n<p>Mientras que, agreg\u00f3, hay un desajuste importante en la Pen\u00ednsula de Yucat\u00e1n y de Baja California, \u201cse relaj\u00f3 la planificaci\u00f3n centralizada, se pens\u00f3 que el mercado iba a resolver todo y luego con base a fuentes renovables y no sucedi\u00f3 as\u00ed\u201d.<\/p>\n\n\n\n<p>El director general del Cenace se\u00f1al\u00f3 que ya hay un paquete de obras de transmisi\u00f3n que se est\u00e1n desarrollando en este gobierno y que se van a concluir en el mismo, adem\u00e1s de que se est\u00e1n ocupando de la planificaci\u00f3n de lo que vendr\u00e1 los pr\u00f3ximos a\u00f1os.<\/p>\n\n\n\n<p>\u201cEl sistema el\u00e9ctrico nacional requiere el ajustar nuevamente esta capacidad de la red de transmisi\u00f3n con la oferta de generaci\u00f3n que tenemos instalada y adem\u00e1s tomar cuenta del crecimiento el mercado\u201d, explic\u00f3.<\/p>\n\n\n\n<p>Respecto a la reactivaci\u00f3n de las subastas el\u00e9ctricas de largo plazo, Mota Palomino, dijo que son solamente un mecanismo de los recursos que debe de tener un estado para garantizar el suministro de energ\u00eda el\u00e9ctrica en un pa\u00eds y que est\u00e1n disponibles para poderlos reanudar en cualquier momento, pero con una planeaci\u00f3n.<\/p>\n\n\n\n<p>\u201cEs una locura hacer subasta sin tener los n\u00fameros de qu\u00e9 es lo que se necesita y d\u00f3nde y cu\u00e1ndo, entonces s\u00ed es necesario el fortalecimiento de las pr\u00e1cticas de planificaci\u00f3n para poder ser asertivos independientemente del mecanismo que se seleccione para que el sistema siga creciendo\u201d, coment\u00f3.<\/p>\n\n\n\n<p>Finalmente, el funcionario asegur\u00f3 que esta administraci\u00f3n terminar\u00e1 seg\u00fan lo previsto con una participaci\u00f3n de 54% de la CFE en generaci\u00f3n y de los privados de 46%.f<\/p>\n\n\n\n<p><\/p>\n\n\n\n<p>orbes.com.mx 03 08 2023<\/p>\n","protected":false},"excerpt":{"rendered":"<p>Patricia Tapia Cervantes, Forbes CIUDAD DE M\u00c9XICO EnergiesNet.com 04 08 2023 Con la implementaci\u00f3n de la reforma energ\u00e9tica del sexenio de Enrique Pe\u00f1a Nieto hubo cambios en la planeaci\u00f3n de largo plazo del sector el\u00e9ctrico, ocasionando un rezago de 10 a\u00f1os en la infraestructura de transmisi\u00f3n de energ\u00eda, asegur\u00f3 el director general del Centro Nacional &hellip;<\/p>\n<p class=\"read-more\"> <a class=\"\" href=\"https:\/\/energiesnet.com\/espanol\/cenacereforma-energetica-de-pena-nieto-ocasiono-10-anos-de-rezago-en-transmision-forbes-mx\/\"> <span class=\"screen-reader-text\">Cenace:Reforma energ\u00e9tica de Pe\u00f1a Nieto ocasion\u00f3 10 a\u00f1os de rezago en transmisi\u00f3n &#8211; Forbes MX<\/span> Leer m\u00e1s &raquo;<\/a><\/p>\n","protected":false},"author":2,"featured_media":17157,"comment_status":"open","ping_status":"open","sticky":false,"template":"","format":"standard","meta":{"_monsterinsights_skip_tracking":false,"_monsterinsights_sitenote_active":false,"_monsterinsights_sitenote_note":"","_monsterinsights_sitenote_category":0,"site-sidebar-layout":"default","site-content-layout":"default","ast-global-header-display":"","ast-main-header-display":"","ast-hfb-above-header-display":"","ast-hfb-below-header-display":"","ast-hfb-mobile-header-display":"","site-post-title":"","ast-breadcrumbs-content":"","ast-featured-img":"","footer-sml-layout":"","theme-transparent-header-meta":"","adv-header-id-meta":"","stick-header-meta":"","header-above-stick-meta":"","header-main-stick-meta":"","header-below-stick-meta":"","footnotes":""},"categories":[30],"tags":[575,103,109,1910,1908,1911],"class_list":["post-17156","post","type-post","status-publish","format-standard","has-post-thumbnail","hentry","category-top-news","tag-electricidad","tag-energia","tag-mexico","tag-pena-nieto","tag-reforma-energetica","tag-subastas-energeticas"],"aioseo_notices":[],"_links":{"self":[{"href":"https:\/\/energiesnet.com\/espanol\/wp-json\/wp\/v2\/posts\/17156","targetHints":{"allow":["GET"]}}],"collection":[{"href":"https:\/\/energiesnet.com\/espanol\/wp-json\/wp\/v2\/posts"}],"about":[{"href":"https:\/\/energiesnet.com\/espanol\/wp-json\/wp\/v2\/types\/post"}],"author":[{"embeddable":true,"href":"https:\/\/energiesnet.com\/espanol\/wp-json\/wp\/v2\/users\/2"}],"replies":[{"embeddable":true,"href":"https:\/\/energiesnet.com\/espanol\/wp-json\/wp\/v2\/comments?post=17156"}],"version-history":[{"count":0,"href":"https:\/\/energiesnet.com\/espanol\/wp-json\/wp\/v2\/posts\/17156\/revisions"}],"wp:featuredmedia":[{"embeddable":true,"href":"https:\/\/energiesnet.com\/espanol\/wp-json\/wp\/v2\/media\/17157"}],"wp:attachment":[{"href":"https:\/\/energiesnet.com\/espanol\/wp-json\/wp\/v2\/media?parent=17156"}],"wp:term":[{"taxonomy":"category","embeddable":true,"href":"https:\/\/energiesnet.com\/espanol\/wp-json\/wp\/v2\/categories?post=17156"},{"taxonomy":"post_tag","embeddable":true,"href":"https:\/\/energiesnet.com\/espanol\/wp-json\/wp\/v2\/tags?post=17156"}],"curies":[{"name":"wp","href":"https:\/\/api.w.org\/{rel}","templated":true}]}}