{"id":17206,"date":"2023-08-07T07:12:09","date_gmt":"2023-08-07T11:12:09","guid":{"rendered":"https:\/\/energiesnet.com\/espanol\/?p=17206"},"modified":"2023-08-07T07:12:11","modified_gmt":"2023-08-07T11:12:11","slug":"manifestantes-se-oponen-a-petrobras-en-la-desembocadura-del-rio-amazonas-reuters","status":"publish","type":"post","link":"https:\/\/energiesnet.com\/espanol\/manifestantes-se-oponen-a-petrobras-en-la-desembocadura-del-rio-amazonas-reuters\/","title":{"rendered":"Manifestantes se oponen a Petrobras en la desembocadura del r\u00edo Amazonas &#8211; Reuters"},"content":{"rendered":"\n<figure class=\"wp-block-image size-full is-resized\"><img fetchpriority=\"high\" decoding=\"async\" src=\"https:\/\/energiesnet.com\/espanol\/wp-content\/uploads\/2023\/08\/no_petroleo_amazonas_et-auot.jpg\" alt=\"El presidente Luiz In\u00e1cio Lula da Silva afirm\u00f3 esta semana que su Gobierno no ha decidido ...\n\" class=\"wp-image-17208\" width=\"1199\" height=\"765\" srcset=\"https:\/\/energiesnet.com\/espanol\/wp-content\/uploads\/2023\/08\/no_petroleo_amazonas_et-auot.jpg 600w, https:\/\/energiesnet.com\/espanol\/wp-content\/uploads\/2023\/08\/no_petroleo_amazonas_et-auot-300x192.jpg 300w\" sizes=\"(max-width: 1199px) 100vw, 1199px\" \/><figcaption class=\"wp-element-caption\">El presidente Luiz In\u00e1cio Lula da Silva afirm\u00f3 esta semana que su Gobierno no ha decidido \u2026<\/figcaption><\/figure>\n\n\n\n<p>Reporte de Leonardo Benassatto, Reuters       <\/p>\n\n\n\n<p>BELEM, Brasil         <br>EnergiesNet.com 07 08 2023    <\/p>\n\n\n\n<p>Ocho pa\u00edses de la selva amaz\u00f3nica se enfrentar\u00e1n el martes en su primera cumbre en 14 a\u00f1os a las divisiones que suscitan las propuestas de bloquear las prospecciones petrol\u00edferas y acabar con la deforestaci\u00f3n.<\/p>\n\n\n\n<p>La reuni\u00f3n de la Organizaci\u00f3n del Tratado de Cooperaci\u00f3n Amaz\u00f3nica (OTCA) congrega durante dos d\u00edas a los jefes de Estado de Bolivia, Brasil, Colombia, Ecuador, Guyana, Per\u00fa, Surinam y Venezuela en la norte\u00f1a ciudad brasile\u00f1a de Belem.<br><br>Su objetivo ser\u00e1 forjar pol\u00edticas, objetivos y posiciones unificadas en las negociaciones internacionales sobre unos 130 temas que van desde la financiaci\u00f3n para el desarrollo sostenible hasta la inclusi\u00f3n ind\u00edgena.<\/p>\n\n\n\n<p>Pero en una reuni\u00f3n previa a la cumbre celebrada el mes pasado, el Presidente colombiano, Gustavo Petro, presion\u00f3 a su hom\u00f3logo brasile\u00f1o, Luiz In\u00e1cio Lula da Silva, para que bloqueara toda nueva explotaci\u00f3n petrol\u00edfera en la Amazonia. Brasil est\u00e1 sopesando la posibilidad de explotar un enorme yacimiento de petr\u00f3leo en alta mar cerca de la desembocadura del r\u00edo Amazonas.<br><br>\u00ab\u00bfVamos a permitir que se exploren hidrocarburos en la selva amaz\u00f3nica? \u00bfEntregarlos como bloques de exploraci\u00f3n? \u00bfHay riqueza all\u00ed o hay muerte de la humanidad?\u00bb. pregunt\u00f3 Petro en un discurso junto a Lula.<\/p>\n\n\n\n<p>D\u00edas despu\u00e9s, Petro subray\u00f3 la cuesti\u00f3n en un art\u00edculo de opini\u00f3n en el Miami Herald, escribiendo: \u00abComo jefes de Estado, debemos asegurar el fin de nuevas exploraciones de petr\u00f3leo y gas en la Amazonia\u00bb.<\/p>\n\n\n\n<p>El debate sobre las prospecciones petrol\u00edferas cerca de la desembocadura del Amazonas ha desatado fuertes luchas internas en el gobierno de Lula, que lleva siete meses en el poder, enfrentando a los defensores del desarrollo regional con los ecologistas.<\/p>\n\n\n\n<p>A la pregunta de si el petr\u00f3leo influir\u00eda en el acuerdo de la cumbre, diplom\u00e1ticos brasile\u00f1os dijeron a los periodistas la semana pasada que a\u00fan se estaba negociando una declaraci\u00f3n conjunta y que se estaba debatiendo el desarrollo econ\u00f3mico en general.<\/p>\n\n\n\n<p>Un funcionario del gobierno brasile\u00f1o, que no estaba autorizado a hablar con los medios de comunicaci\u00f3n, dijo que Colombia estaba en una posici\u00f3n f\u00e1cil para proponer que no se realizaran nuevas perforaciones en la Amazonia porque no ten\u00eda reservas significativas de petr\u00f3leo all\u00ed, a diferencia de Brasil o Per\u00fa.<\/p>\n\n\n\n<p>Por su parte, Lula presion\u00f3 en la reuni\u00f3n previa a la cumbre, celebrada en Leticia (Colombia), para que todos los pa\u00edses de la regi\u00f3n se comprometieran a poner fin a la deforestaci\u00f3n antes de 2030. S\u00f3lo Bolivia y Venezuela no han asumido a\u00fan tal compromiso.<\/p>\n\n\n\n<p>Bolivia podr\u00eda ser un obst\u00e1culo para ese pacto regional para 2030, seg\u00fan la fuente gubernamental brasile\u00f1a. La p\u00e9rdida de bosques primarios aument\u00f3 un 32% el a\u00f1o pasado debido a los incendios y a la r\u00e1pida expansi\u00f3n agr\u00edcola, seg\u00fan Global Forest Watch.<\/p>\n\n\n\n<p>El Gobierno boliviano no respondi\u00f3 a las peticiones de comentarios.<\/p>\n\n\n\n<p>Otras diferencias que podr\u00edan surgir en la cumbre son desacuerdos m\u00e1s sutiles sobre las prioridades. Colombia fue el pa\u00eds anfitri\u00f3n de la reuni\u00f3n previa a la cumbre, en la que la colaboraci\u00f3n transfronteriza para hacer frente a la creciente amenaza de los narcotraficantes que cometen delitos contra el medio ambiente en la Amazonia ocup\u00f3 un lugar destacado en la agenda.<\/p>\n\n\n\n<p>Brasil, por el contrario, ha hecho hincapi\u00e9 en las oportunidades de desarrollo sostenible, reflejando la plataforma de campa\u00f1a de Lula centrada en la reducci\u00f3n de la pobreza y la conservaci\u00f3n.<\/p>\n\n\n\n<p><br>Reporte de Jake Spring; informaci\u00f3n adicional de Oliver Griffin en Bogot\u00e1 y Lucinda Elliott en Montevideo; edici\u00f3n de Brad Haynes y Cynthia Osterman. Traducci\u00f3n de Elio Ohep, editor EnergiesNet.com<\/p>\n","protected":false},"excerpt":{"rendered":"<p>Reporte de Leonardo Benassatto, Reuters BELEM, Brasil EnergiesNet.com 07 08 2023 Ocho pa\u00edses de la selva amaz\u00f3nica se enfrentar\u00e1n el martes en su primera cumbre en 14 a\u00f1os a las divisiones que suscitan las propuestas de bloquear las prospecciones petrol\u00edferas y acabar con la deforestaci\u00f3n. La reuni\u00f3n de la Organizaci\u00f3n del Tratado de Cooperaci\u00f3n Amaz\u00f3nica &hellip;<\/p>\n<p class=\"read-more\"> <a class=\"\" href=\"https:\/\/energiesnet.com\/espanol\/manifestantes-se-oponen-a-petrobras-en-la-desembocadura-del-rio-amazonas-reuters\/\"> <span class=\"screen-reader-text\">Manifestantes se oponen a Petrobras en la desembocadura del r\u00edo Amazonas &#8211; Reuters<\/span> Leer m\u00e1s &raquo;<\/a><\/p>\n","protected":false},"author":2,"featured_media":17208,"comment_status":"open","ping_status":"open","sticky":false,"template":"","format":"standard","meta":{"_monsterinsights_skip_tracking":false,"_monsterinsights_sitenote_active":false,"_monsterinsights_sitenote_note":"","_monsterinsights_sitenote_category":0,"site-sidebar-layout":"default","site-content-layout":"default","ast-global-header-display":"","ast-main-header-display":"","ast-hfb-above-header-display":"","ast-hfb-below-header-display":"","ast-hfb-mobile-header-display":"","site-post-title":"","ast-breadcrumbs-content":"","ast-featured-img":"","footer-sml-layout":"","theme-transparent-header-meta":"","adv-header-id-meta":"","stick-header-meta":"","header-above-stick-meta":"","header-main-stick-meta":"","header-below-stick-meta":"","footnotes":""},"categories":[30],"tags":[1921,1067,229,1922,1924,142],"class_list":["post-17206","post","type-post","status-publish","format-standard","has-post-thumbnail","hentry","category-top-news","tag-amazona","tag-contam","tag-contaminacion","tag-deporestacion","tag-organizacion-del-tratado-de-cooperacion-amazonica-otca","tag-protestas"],"aioseo_notices":[],"_links":{"self":[{"href":"https:\/\/energiesnet.com\/espanol\/wp-json\/wp\/v2\/posts\/17206","targetHints":{"allow":["GET"]}}],"collection":[{"href":"https:\/\/energiesnet.com\/espanol\/wp-json\/wp\/v2\/posts"}],"about":[{"href":"https:\/\/energiesnet.com\/espanol\/wp-json\/wp\/v2\/types\/post"}],"author":[{"embeddable":true,"href":"https:\/\/energiesnet.com\/espanol\/wp-json\/wp\/v2\/users\/2"}],"replies":[{"embeddable":true,"href":"https:\/\/energiesnet.com\/espanol\/wp-json\/wp\/v2\/comments?post=17206"}],"version-history":[{"count":0,"href":"https:\/\/energiesnet.com\/espanol\/wp-json\/wp\/v2\/posts\/17206\/revisions"}],"wp:featuredmedia":[{"embeddable":true,"href":"https:\/\/energiesnet.com\/espanol\/wp-json\/wp\/v2\/media\/17208"}],"wp:attachment":[{"href":"https:\/\/energiesnet.com\/espanol\/wp-json\/wp\/v2\/media?parent=17206"}],"wp:term":[{"taxonomy":"category","embeddable":true,"href":"https:\/\/energiesnet.com\/espanol\/wp-json\/wp\/v2\/categories?post=17206"},{"taxonomy":"post_tag","embeddable":true,"href":"https:\/\/energiesnet.com\/espanol\/wp-json\/wp\/v2\/tags?post=17206"}],"curies":[{"name":"wp","href":"https:\/\/api.w.org\/{rel}","templated":true}]}}