{"id":17211,"date":"2023-08-08T10:38:56","date_gmt":"2023-08-08T14:38:56","guid":{"rendered":"https:\/\/energiesnet.com\/espanol\/?p=17211"},"modified":"2023-08-08T10:43:14","modified_gmt":"2023-08-08T14:43:14","slug":"las-naciones-de-la-selva-amazonica-se-reunen-en-brasil-para-forjar-una-politica-comun-reuters","status":"publish","type":"post","link":"https:\/\/energiesnet.com\/espanol\/las-naciones-de-la-selva-amazonica-se-reunen-en-brasil-para-forjar-una-politica-comun-reuters\/","title":{"rendered":"Las naciones de la selva amaz\u00f3nica se re\u00fanen en Brasil para forjar una pol\u00edtica com\u00fan &#8211; Reuters"},"content":{"rendered":"\n<figure class=\"wp-block-image size-full is-resized\"><img fetchpriority=\"high\" decoding=\"async\" src=\"https:\/\/energiesnet.com\/espanol\/wp-content\/uploads\/2023\/08\/piraiba_river_amazon_brazil_reuters.jpg\" alt=\"El estado de las aguas del r\u00edo Piraiba antes de una cumbre de naciones de la selva amaz\u00f3nica, en Belem, estado de Par\u00e1, Brazi\" class=\"wp-image-17212\" width=\"1208\" height=\"805\" srcset=\"https:\/\/energiesnet.com\/espanol\/wp-content\/uploads\/2023\/08\/piraiba_river_amazon_brazil_reuters.jpg 600w, https:\/\/energiesnet.com\/espanol\/wp-content\/uploads\/2023\/08\/piraiba_river_amazon_brazil_reuters-300x200.jpg 300w\" sizes=\"(max-width: 1208px) 100vw, 1208px\" \/><figcaption class=\"wp-element-caption\">El estado de las aguas del r\u00edo Piraiba antes de una cumbre de naciones de la selva amaz\u00f3nica, en Belem, estado de Par\u00e1, Brazi (Ueslei Marcelino\/Reuters)<\/figcaption><\/figure>\n\n\n\n<p>Jake Spring, Reuters       <\/p>\n\n\n\n<p>BELEM, Brasil      <br>EnergiesNet.com 08 08 2023    <\/p>\n\n\n\n<p>Los l\u00edderes de los ocho pa\u00edses de la selva amaz\u00f3nica se re\u00fanen el martes por primera vez en 14 a\u00f1os con la intenci\u00f3n de alcanzar un amplio acuerdo sobre cuestiones que van desde la lucha contra la deforestaci\u00f3n hasta la financiaci\u00f3n del desarrollo sostenible.<br>La cumbre de los miembros de la Organizaci\u00f3n del Tratado de Cooperaci\u00f3n Amaz\u00f3nica (OTCA) en la ciudad brasile\u00f1a de Belem podr\u00eda acordar un pacto regional para detener la deforestaci\u00f3n en 2030, acabar con la extracci\u00f3n ilegal de oro y cooperar en la vigilancia transfronteriza de los delitos contra el medio ambiente. Se espera que los l\u00edderes anuncien el acuerdo final, conocido como la Declaraci\u00f3n de Belem, a \u00faltima hora de la tarde del martes.<\/p>\n\n\n\n<p>Asisten los presidentes de Bolivia, Brasil, Colombia, Guyana y Per\u00fa, mientras que Ecuador, Surinam y Venezuela enviaron otros representantes. El presidente venezolano, Nicol\u00e1s Maduro, cuya asistencia estaba prevista, anunci\u00f3 el lunes que cancelaba su agenda p\u00fablica por recomendaci\u00f3n m\u00e9dica debido a una infecci\u00f3n de o\u00eddo.<\/p>\n\n\n\n<p>El presidente Luiz In\u00e1cio Lula da Silva se comprometi\u00f3 en campa\u00f1a el a\u00f1o pasado a convocar la cumbre, como parte de su intento de restaurar el liderazgo ambiental de Brasil despu\u00e9s de que la deforestaci\u00f3n se disparara bajo el mandato de su predecesor Jair Bolsonaro.<\/p>\n\n\n\n<p>\u00abDiscutiremos y promoveremos una nueva visi\u00f3n de desarrollo sostenible e inclusivo en la regi\u00f3n\u00bb, dijo Lula en un discurso de apertura de la cumbre.<br>\u00abFortaleceremos el lugar de los pa\u00edses que poseen bosques tropicales en la agenda global en temas que van desde el enfrentamiento al cambio clim\u00e1tico hasta la reforma del sistema financiero internacional.\u00bb<\/p>\n\n\n\n<p>Una fuente del gobierno brasile\u00f1o, que no estaba autorizada a hablar con los medios de comunicaci\u00f3n, dijo que la Declaraci\u00f3n de Belem incluir\u00e1 probablemente mecanismos de financiaci\u00f3n para el desarrollo sostenible, disposiciones para incluir a los l\u00edderes ind\u00edgenas en la elaboraci\u00f3n de pol\u00edticas y estrategias compartidas para hacer frente a la deforestaci\u00f3n.<\/p>\n\n\n\n<p>La posibilidad de alcanzar un acuerdo para poner fin a la deforestaci\u00f3n antes de 2030 depender\u00e1 probablemente de Bolivia, donde la destrucci\u00f3n se ha disparado recientemente debido a los incendios y a la r\u00e1pida expansi\u00f3n de la agricultura.<\/p>\n\n\n\n<p>Tambi\u00e9n es probable que el acuerdo establezca canales para compartir tecnolog\u00eda y para que los gobiernos municipales intercambien buenas pr\u00e1cticas, dijo la fuente.<\/p>\n\n\n\n<p>El Director Ejecutivo de la OTCA, Carlos Lazary, dijo que el acuerdo final podr\u00eda incluir los planes de Brasil de crear un centro regional en Manaos donde los pa\u00edses amaz\u00f3nicos puedan coordinar las operaciones policiales.<\/p>\n\n\n\n<p>Es probable que el acuerdo final proteste contra lo que la regi\u00f3n considera barreras comerciales injustas aplicadas en nombre de la protecci\u00f3n del medio ambiente, inform\u00f3 CNN Brasil, citando un borrador filtrado de la declaraci\u00f3n.<\/p>\n\n\n\n<p>La Uni\u00f3n Europea aprob\u00f3 recientemente una ley que proh\u00edbe a las empresas importar carne de vacuno, soja, cacao y otros productos relacionados con la deforestaci\u00f3n.<\/p>\n\n\n\n<p>El mi\u00e9rcoles, los pa\u00edses amaz\u00f3nicos se reunir\u00e1n con los l\u00edderes del Congo, la RDC e Indonesia, con la intenci\u00f3n de emitir una declaraci\u00f3n conjunta de las tres principales cuencas de selva tropical del mundo.<\/p>\n\n\n\n<p>Noruega y Alemania, que han financiado la conservaci\u00f3n de la Amazonia, y Francia, que controla el territorio amaz\u00f3nico de la Guayana Francesa, tambi\u00e9n participar\u00e1n.<\/p>\n\n\n\n<p>Reportaje de Jake Spring; edici\u00f3n de Brad Haynes, Rosalba O&#8217;Brien y Jason Neely.<\/p>\n\n\n\n<p>reuters.com 08 08 2023<\/p>\n","protected":false},"excerpt":{"rendered":"<p>Jake Spring, Reuters BELEM, Brasil EnergiesNet.com 08 08 2023 Los l\u00edderes de los ocho pa\u00edses de la selva amaz\u00f3nica se re\u00fanen el martes por primera vez en 14 a\u00f1os con la intenci\u00f3n de alcanzar un amplio acuerdo sobre cuestiones que van desde la lucha contra la deforestaci\u00f3n hasta la financiaci\u00f3n del desarrollo sostenible.La cumbre de &hellip;<\/p>\n<p class=\"read-more\"> <a class=\"\" href=\"https:\/\/energiesnet.com\/espanol\/las-naciones-de-la-selva-amazonica-se-reunen-en-brasil-para-forjar-una-politica-comun-reuters\/\"> <span class=\"screen-reader-text\">Las naciones de la selva amaz\u00f3nica se re\u00fanen en Brasil para forjar una pol\u00edtica com\u00fan &#8211; Reuters<\/span> Leer m\u00e1s &raquo;<\/a><\/p>\n","protected":false},"author":2,"featured_media":17212,"comment_status":"open","ping_status":"open","sticky":false,"template":"","format":"standard","meta":{"_monsterinsights_skip_tracking":false,"_monsterinsights_sitenote_active":false,"_monsterinsights_sitenote_note":"","_monsterinsights_sitenote_category":0,"site-sidebar-layout":"default","site-content-layout":"default","ast-global-header-display":"","ast-main-header-display":"","ast-hfb-above-header-display":"","ast-hfb-below-header-display":"","ast-hfb-mobile-header-display":"","site-post-title":"","ast-breadcrumbs-content":"","ast-featured-img":"","footer-sml-layout":"","theme-transparent-header-meta":"","adv-header-id-meta":"","stick-header-meta":"","header-above-stick-meta":"","header-main-stick-meta":"","header-below-stick-meta":"","footnotes":""},"categories":[30],"tags":[182,229,1925,1926,758],"class_list":["post-17211","post","type-post","status-publish","format-standard","has-post-thumbnail","hentry","category-top-news","tag-brasil","tag-contaminacion","tag-cumbre-amazonica","tag-cumbre-de-los-miembros-de-la-organizacion-del-tratado-de-cooperacion-amazonica-otca","tag-selva-amazonica"],"aioseo_notices":[],"_links":{"self":[{"href":"https:\/\/energiesnet.com\/espanol\/wp-json\/wp\/v2\/posts\/17211","targetHints":{"allow":["GET"]}}],"collection":[{"href":"https:\/\/energiesnet.com\/espanol\/wp-json\/wp\/v2\/posts"}],"about":[{"href":"https:\/\/energiesnet.com\/espanol\/wp-json\/wp\/v2\/types\/post"}],"author":[{"embeddable":true,"href":"https:\/\/energiesnet.com\/espanol\/wp-json\/wp\/v2\/users\/2"}],"replies":[{"embeddable":true,"href":"https:\/\/energiesnet.com\/espanol\/wp-json\/wp\/v2\/comments?post=17211"}],"version-history":[{"count":0,"href":"https:\/\/energiesnet.com\/espanol\/wp-json\/wp\/v2\/posts\/17211\/revisions"}],"wp:featuredmedia":[{"embeddable":true,"href":"https:\/\/energiesnet.com\/espanol\/wp-json\/wp\/v2\/media\/17212"}],"wp:attachment":[{"href":"https:\/\/energiesnet.com\/espanol\/wp-json\/wp\/v2\/media?parent=17211"}],"wp:term":[{"taxonomy":"category","embeddable":true,"href":"https:\/\/energiesnet.com\/espanol\/wp-json\/wp\/v2\/categories?post=17211"},{"taxonomy":"post_tag","embeddable":true,"href":"https:\/\/energiesnet.com\/espanol\/wp-json\/wp\/v2\/tags?post=17211"}],"curies":[{"name":"wp","href":"https:\/\/api.w.org\/{rel}","templated":true}]}}