{"id":17219,"date":"2023-08-09T11:20:19","date_gmt":"2023-08-09T15:20:19","guid":{"rendered":"https:\/\/energiesnet.com\/espanol\/?p=17219"},"modified":"2023-08-09T11:20:27","modified_gmt":"2023-08-09T15:20:27","slug":"gobiernos-amazonicos-debaten-en-brasil-postura-comun-para-cop28-afp","status":"publish","type":"post","link":"https:\/\/energiesnet.com\/espanol\/gobiernos-amazonicos-debaten-en-brasil-postura-comun-para-cop28-afp\/","title":{"rendered":"Gobiernos amaz\u00f3nicos debaten en Brasil postura com\u00fan para COP28 &#8211; AFP"},"content":{"rendered":"\n<p>EFP<\/p>\n\n\n\n<figure class=\"wp-block-image size-full is-resized\"><img fetchpriority=\"high\" decoding=\"async\" src=\"https:\/\/energiesnet.com\/espanol\/wp-content\/uploads\/2023\/08\/paises_amazonicos-afp.jpg\" alt=\"\" class=\"wp-image-17220\" width=\"1201\" height=\"677\" srcset=\"https:\/\/energiesnet.com\/espanol\/wp-content\/uploads\/2023\/08\/paises_amazonicos-afp.jpg 600w, https:\/\/energiesnet.com\/espanol\/wp-content\/uploads\/2023\/08\/paises_amazonicos-afp-300x169.jpg 300w\" sizes=\"(max-width: 1201px) 100vw, 1201px\" \/><figcaption class=\"wp-element-caption\">(Izq. a dcha.) el ministro de Asuntos Exteriores de Ecuador, Gustavo Manrique; el primer ministro de Guyana, Mark Phillips; el presidente de Colombia, Gustavo Petro; el presidente de Brasil, Luiz In\u00e1cio Lula da Silva; el presidente de Bolivia, Luis Arce; y la presidenta de Per\u00fa, Dina Boluarte; la vicepresidenta de Venezuela, Delcy Rodr\u00edguez, y el ministro de Asuntos Exteriores de Surinam, Albert Ramdin. (AFP)<\/figcaption><\/figure>\n\n\n\n<p>AFP      <\/p>\n\n\n\n<p>BELEN, Brazil      <br>EnergiesNet.com 08 09 2023      <\/p>\n\n\n\n<p>Los pa\u00edses amaz\u00f3nicos se re\u00fanen este mi\u00e9rcoles en Brasil con representantes de otras regiones, invitados a una cumbre para debatir la preservaci\u00f3n de los bosques del planeta con miras a la COP28 contra el cambio clim\u00e1tico.<\/p>\n\n\n\n<p>Los ocho miembros de la Organizaci\u00f3n del Tratado de Cooperaci\u00f3n Amaz\u00f3nica (OTCA), que anunciaron una alianza contra la deforestaci\u00f3n tras una reuni\u00f3n el martes pero no lograron consensuar metas comunes, recibir\u00e1n a los presidentes del Congo y de la Rep\u00fablica Democr\u00e1tica del Congo (RDC).<\/p>\n\n\n\n<p>Al igual que Indonesia, que tambi\u00e9n envi\u00f3 a un representante a la ciudad de Bel\u00e9m (norte), estos pa\u00edses africanos albergan bosques tropicales en sus territorios.<\/p>\n\n\n\n<p>Tambi\u00e9n participan delegaciones de Noruega y Alemania, principales donantes del Fondo Amazon\u00eda de Brasil, creado para financiar proyectos ambientales, y la embajadora en Brasilia de Francia, cuyo territorio ultramarino de Guayana comparte una porci\u00f3n de la Amazon\u00eda.<\/p>\n\n\n\n<p>El objetivo ser\u00e1 lograr posiciones en com\u00fan de cara a la COP28 de la ONU sobre el cambio clim\u00e1tico, que se celebrar\u00e1 a fin de a\u00f1o en Dub\u00e1i, Emiratos \u00c1rabes Unidos.<\/p>\n\n\n\n<p>La COP30, en 2025, se celebrar\u00e1 precisamente en la ciudad de Bel\u00e9m.<\/p>\n\n\n\n<p>\u00abEs urgente poner fin a la deforestaci\u00f3n\u00bb, declar\u00f3 el martes en X (ex Twitter) el presidente franc\u00e9s, Emmanuel Macron, quien llam\u00f3 a \u00abproteger las reservas vitales, de carbono y biodiversidad, en inter\u00e9s de los pa\u00edses con bosques, su poblaci\u00f3n y del mundo entero\u00bb.<\/p>\n\n\n\n<p><\/p>\n\n\n\n<p class=\"has-medium-font-size\"><strong>&#8211; Sin metas comunes contra la deforestaci\u00f3n &#8211;<\/strong><\/p>\n\n\n\n<p><\/p>\n\n\n\n<p>El presidente brasile\u00f1o, Luiz In\u00e1cio Lula da Silva, recibi\u00f3 el martes a los mandatarios de Colombia, Gustavo Petro; de Bolivia, Luis Arce; de Per\u00fa, Dina Boluarte; as\u00ed como el primer ministro de Guyana, Mark Phillips, y la vicepresidenta venezolana, Delcy Rodr\u00edguez.<\/p>\n\n\n\n<p>Ecuador y Surinam fueron representados por sus cancilleres.<\/p>\n\n\n\n<p>Los ocho miembros acordaron en una declaraci\u00f3n \u00abestablecer la Alianza Amaz\u00f3nica de Combate a la Deforestaci\u00f3n\u00bb, adem\u00e1s de reforzar su cooperaci\u00f3n contra el crimen organizado en la regi\u00f3n y de fomento al desarrollo sustentable.<\/p>\n\n\n\n<p>El objetivo es \u00abevitar que la Amazon\u00eda alcance el punto de no retorno\u00bb, a partir del cual, seg\u00fan los cient\u00edficos, pasar\u00e1 a emitir m\u00e1s carbono del que absorbe, agravando el cambio clim\u00e1tico.<\/p>\n\n\n\n<p>La alianza regional trabajar\u00e1 para la consecuci\u00f3n de las \u00abmetas nacionales\u00bb de deforestaci\u00f3n de cada pa\u00eds, como la de Brasil, que prev\u00e9 erradicarla para 2030, seg\u00fan el organismo.<\/p>\n\n\n\n<p>\u00abNunca fue tan urgente retomar y ampliar nuestra cooperaci\u00f3n\u00bb, dijo Lula, cuyo pa\u00eds alberga el 60% de la Amazon\u00eda.<\/p>\n\n\n\n<p>Expertos en medio ambiente lamentaron sin embargo que la \u00abDeclaraci\u00f3n de Bel\u00e9m\u00bb trajera pocas medidas concretas.<\/p>\n\n\n\n<p>Se trata de \u00abun primer paso, pero no trae decisiones concretas, es una lista de promesas\u00bb, critic\u00f3 Marcio Astrini, secretario ejecutivo de la coalici\u00f3n ambientalista Observat\u00f3rio do Clima, con sede en Brasil.<\/p>\n\n\n\n<p>\u00abEl planeta se est\u00e1 derritiendo, est\u00e1n bati\u00e9ndose r\u00e9cords de temperatura todos los d\u00edas, y no es posible que ocho l\u00edderes amaz\u00f3nicos no logren colocar en una declaraci\u00f3n con letras garrafales que la deforestaci\u00f3n debe ser cero\u00bb, a\u00f1adi\u00f3 Astrini. <a href=\"https:\/\/www.swissinfo.ch\/spa\/suscripci%C3%B3n-a-la-newsletter\/42162300\">Newsletter Reg\u00edstrese para recibir en su correo electr\u00f3nico nuestro bolet\u00edn semanal con una selecci\u00f3n de los art\u00edculos m\u00e1s interesantes.<\/a><\/p>\n\n\n\n<p><\/p>\n\n\n\n<p class=\"has-medium-font-size\"><strong>&#8211; Consensos y divergencias &#8211;<\/strong><\/p>\n\n\n\n<p><\/p>\n\n\n\n<p>Entre los \u00abprincipios\u00bb acordados por los presidentes para impulsar sus planes de preservaci\u00f3n, est\u00e1 \u00abla participaci\u00f3n activa\u00bb de los pueblos ind\u00edgenas, cuyos territorios son considerados una importante barrera contra la deforestaci\u00f3n, por el uso sustentable que hacen de los recursos.<\/p>\n\n\n\n<p>Tambi\u00e9n acordaron la creaci\u00f3n de un panel cient\u00edfico, inspirado en el Grupo Intergubernamental de Expertos sobre el Cambio Clim\u00e1tico (IPCC) de Naciones Unidas, y un Centro de Cooperaci\u00f3n Policial Internacional en la ciudad amaz\u00f3nica de Manaos.<\/p>\n\n\n\n<p>Al momento de los discursos, el presidente colombiano, Gustavo Petro, abog\u00f3 por una erradicaci\u00f3n de los combustibles f\u00f3siles en la Amazon\u00eda.<\/p>\n\n\n\n<p>\u00ab\u00bfNo es un contrasentido total? (&#8230;). \u00bfUna selva que extrae petr\u00f3leo? \u00bfEs posible mantener una l\u00ednea pol\u00edtica de ese nivel, apostarle a la muerte y destruir la vida?\u00bb, dijo Petro.<\/p>\n\n\n\n<p>El debate llega en momentos en que Brasil tiene en la mira una nueva y pol\u00e9mica frontera exploratoria de la estatal Petrobras frente al delta del r\u00edo Amazonas, y los ecuatorianos deciden en un refer\u00e9ndum el futuro de la explotaci\u00f3n de crudo en una parte de la reserva Yasun\u00ed, de donde el pa\u00eds extrae un 12% de su producci\u00f3n.<\/p>\n\n\n\n<p>Entre 1985 y 2021, la selva suramericana perdi\u00f3 el 17% de su cobertura vegetal, debido a actividades como la ganader\u00eda, pero tambi\u00e9n a la explotaci\u00f3n maderera y la miner\u00eda ilegales, seg\u00fan datos del proyecto de investigaci\u00f3n MapBiomas Amaz\u00f4nia.<\/p>\n\n\n\n<p>afp.com 08 09 2023<\/p>\n","protected":false},"excerpt":{"rendered":"<p>EFP AFP BELEN, Brazil EnergiesNet.com 08 09 2023 Los pa\u00edses amaz\u00f3nicos se re\u00fanen este mi\u00e9rcoles en Brasil con representantes de otras regiones, invitados a una cumbre para debatir la preservaci\u00f3n de los bosques del planeta con miras a la COP28 contra el cambio clim\u00e1tico. Los ocho miembros de la Organizaci\u00f3n del Tratado de Cooperaci\u00f3n Amaz\u00f3nica &hellip;<\/p>\n<p class=\"read-more\"> <a class=\"\" href=\"https:\/\/energiesnet.com\/espanol\/gobiernos-amazonicos-debaten-en-brasil-postura-comun-para-cop28-afp\/\"> <span class=\"screen-reader-text\">Gobiernos amaz\u00f3nicos debaten en Brasil postura com\u00fan para COP28 &#8211; AFP<\/span> Leer m\u00e1s &raquo;<\/a><\/p>\n","protected":false},"author":2,"featured_media":17220,"comment_status":"open","ping_status":"open","sticky":false,"template":"","format":"standard","meta":{"_monsterinsights_skip_tracking":false,"_monsterinsights_sitenote_active":false,"_monsterinsights_sitenote_note":"","_monsterinsights_sitenote_category":0,"site-sidebar-layout":"default","site-content-layout":"default","ast-global-header-display":"","ast-main-header-display":"","ast-hfb-above-header-display":"","ast-hfb-below-header-display":"","ast-hfb-mobile-header-display":"","site-post-title":"","ast-breadcrumbs-content":"","ast-featured-img":"","footer-sml-layout":"","theme-transparent-header-meta":"","adv-header-id-meta":"","stick-header-meta":"","header-above-stick-meta":"","header-main-stick-meta":"","header-below-stick-meta":"","footnotes":""},"categories":[30],"tags":[162,182,1407,1925],"class_list":["post-17219","post","type-post","status-publish","format-standard","has-post-thumbnail","hentry","category-top-news","tag-amazonas","tag-brasil","tag-cop28","tag-cumbre-amazonica"],"aioseo_notices":[],"_links":{"self":[{"href":"https:\/\/energiesnet.com\/espanol\/wp-json\/wp\/v2\/posts\/17219","targetHints":{"allow":["GET"]}}],"collection":[{"href":"https:\/\/energiesnet.com\/espanol\/wp-json\/wp\/v2\/posts"}],"about":[{"href":"https:\/\/energiesnet.com\/espanol\/wp-json\/wp\/v2\/types\/post"}],"author":[{"embeddable":true,"href":"https:\/\/energiesnet.com\/espanol\/wp-json\/wp\/v2\/users\/2"}],"replies":[{"embeddable":true,"href":"https:\/\/energiesnet.com\/espanol\/wp-json\/wp\/v2\/comments?post=17219"}],"version-history":[{"count":0,"href":"https:\/\/energiesnet.com\/espanol\/wp-json\/wp\/v2\/posts\/17219\/revisions"}],"wp:featuredmedia":[{"embeddable":true,"href":"https:\/\/energiesnet.com\/espanol\/wp-json\/wp\/v2\/media\/17220"}],"wp:attachment":[{"href":"https:\/\/energiesnet.com\/espanol\/wp-json\/wp\/v2\/media?parent=17219"}],"wp:term":[{"taxonomy":"category","embeddable":true,"href":"https:\/\/energiesnet.com\/espanol\/wp-json\/wp\/v2\/categories?post=17219"},{"taxonomy":"post_tag","embeddable":true,"href":"https:\/\/energiesnet.com\/espanol\/wp-json\/wp\/v2\/tags?post=17219"}],"curies":[{"name":"wp","href":"https:\/\/api.w.org\/{rel}","templated":true}]}}