{"id":17757,"date":"2023-09-14T17:52:38","date_gmt":"2023-09-14T21:52:38","guid":{"rendered":"https:\/\/energiesnet.com\/espanol\/?p=17757"},"modified":"2023-10-15T13:53:26","modified_gmt":"2023-10-15T17:53:26","slug":"50-anos-de-involucion-en-pdvsa","status":"publish","type":"post","link":"https:\/\/energiesnet.com\/espanol\/50-anos-de-involucion-en-pdvsa\/","title":{"rendered":"50 a\u00f1os de involuci\u00f3n en PDVSA &#8211; Gustavo  Coronel"},"content":{"rendered":"\n<figure class=\"wp-block-image size-full\"><img fetchpriority=\"high\" decoding=\"async\" width=\"600\" height=\"200\" src=\"https:\/\/energiesnet.com\/espanol\/wp-content\/uploads\/2023\/09\/pdvsa_JD-armas_coronel.jpg\" alt=\"\" class=\"wp-image-17758\" srcset=\"https:\/\/energiesnet.com\/espanol\/wp-content\/uploads\/2023\/09\/pdvsa_JD-armas_coronel.jpg 600w, https:\/\/energiesnet.com\/espanol\/wp-content\/uploads\/2023\/09\/pdvsa_JD-armas_coronel-300x100.jpg 300w\" sizes=\"(max-width: 600px) 100vw, 600px\" \/><figcaption class=\"wp-element-caption\">La foto de la izquierda se muestra la primera junta directiva de la empresa, bajo la presidencia del General Rafael Alfonzo Ravard, 1976-1979. En la foto de la derecha se muestra la Junta Directiva de PDVSA en 2023.&nbsp;<\/figcaption><\/figure>\n\n\n\n<p>Por Gustavo Coronel<\/p>\n\n\n\n<p>Ambas fotos representan las directivas de la empresa petrolera del estado venezolano, Petr\u00f3leos de Venezuela. <\/p>\n\n\n\n<figure class=\"wp-block-image size-large\"><img decoding=\"async\" width=\"1024\" height=\"576\" src=\"https:\/\/energiesnet.com\/espanol\/wp-content\/uploads\/2023\/09\/pdvsa_JD-1976-1024x576.jpg\" alt=\"\" class=\"wp-image-17764\" srcset=\"https:\/\/energiesnet.com\/espanol\/wp-content\/uploads\/2023\/09\/pdvsa_JD-1976-1024x576.jpg 1024w, https:\/\/energiesnet.com\/espanol\/wp-content\/uploads\/2023\/09\/pdvsa_JD-1976-300x169.jpg 300w, https:\/\/energiesnet.com\/espanol\/wp-content\/uploads\/2023\/09\/pdvsa_JD-1976-768x432.jpg 768w, https:\/\/energiesnet.com\/espanol\/wp-content\/uploads\/2023\/09\/pdvsa_JD-1976-1536x864.jpg 1536w, https:\/\/energiesnet.com\/espanol\/wp-content\/uploads\/2023\/09\/pdvsa_JD-1976-1320x743.jpg 1320w, https:\/\/energiesnet.com\/espanol\/wp-content\/uploads\/2023\/09\/pdvsa_JD-1976.jpg 1600w\" sizes=\"(max-width: 1024px) 100vw, 1024px\" \/><figcaption class=\"wp-element-caption\">En la primera junta, de la cual el suscrito form\u00f3 parte (el de anteojos en la segunda fila, al lado del General Alfonzo Ravard-centro) , figuraban Carlos Guillermo Rangel, Luis Plaz Bruzual, Alirio Parra, Benito Ra\u00fal Losada, Jos\u00e9 Martorano Batisti, Manuel Ramos, Jos\u00e9 Rafael Dom\u00ednguez, Jos\u00e9 Domingo Casanova, Julio Sosa Rodr\u00edguez,&nbsp; Julio C\u00e9sar Arreaza y Edgar Leal. El asesor legal era Andr\u00e9s Aguilar y el coordinador de finanzas Pablo Reimpell. El primer representante sindical fue Manuel Pe\u00f1alver (su reemplazo aparece en la foto)<\/figcaption><\/figure>\n\n\n\n<p>La foto de arriba muestra la primera junta directiva de la empresa, bajo la presidencia del General Rafael Alfonzo Ravard, 1976-1979. En la foto de abajo se muestra la Junta Directiva de PDVSA en 2023<\/p>\n\n\n\n<figure class=\"wp-block-image size-full\"><img decoding=\"async\" width=\"640\" height=\"453\" src=\"https:\/\/energiesnet.com\/espanol\/wp-content\/uploads\/2023\/09\/unnamed-1.png\" alt=\"\" class=\"wp-image-17767\" srcset=\"https:\/\/energiesnet.com\/espanol\/wp-content\/uploads\/2023\/09\/unnamed-1.png 640w, https:\/\/energiesnet.com\/espanol\/wp-content\/uploads\/2023\/09\/unnamed-1-300x212.png 300w\" sizes=\"(max-width: 640px) 100vw, 640px\" \/><\/figure>\n\n\n\n<p>La actual directiva aparece ataviada como si fuera un equipo de boliche. Junto a ellos est\u00e1 Nicol\u00e1s Maduro, quien es quien los pone y los quita, sin que haya l\u00edmite de tiempo. El presidente de la empresa en este momento es el Coronel Pedro Tellechea. Mientras el general Alfonzo Ravard era un ingeniero graduado en MIT, Tellechea es graduado de una escuela de ingenier\u00eda del ej\u00e9rcito venezolano. Las carreras de RAR y de PT han sido bastante diferentes. RAR fue el visionario de la CVG y, luego, presidente de PDVSA, cuando se fue convirtiendo en una de las tres mayores empresas petroleras del mundo. PT viene de arruinar a VENALUM, en Guayana y&nbsp; de administrar una PEQUIVEN &nbsp;venida a menos. Est\u00e1 al frente de una PDVSA que ha perdido 2,4 millones de barriles diarios de producci\u00f3n desde que Ch\u00e1vez le pus las manos encima y cuya operaci\u00f3n de producci\u00f3n est\u00e1 hoy guiada por la empresa extranjera CHEVRON y sus refiner\u00edas operan a un 15% de su capacidad y su \u201cmantenimiento\u201d est\u00e1 a cargo de Ir\u00e1n.<\/p>\n\n\n\n<p>Sobre los miembros de la primera directiva hay mucha informaci\u00f3n. La mayor\u00eda eran ilustres petroleros, como Plaz Bruzual, o representativos hombres de empresa, como Sosa Rodr\u00edguez o destacados pol\u00edticos como Julio C\u00e9sar Arreaza. Alfonzo Ravard era quiz\u00e1s el gerente del sector p\u00fablico de m\u00e1s prestigio en el pa\u00eds.<\/p>\n\n\n\n<p>La actual directiva tiene una experiencia promedio de dos a\u00f1os y sus integrantes son unos ilustres desconocidos. No he podido encontrar sus CV\u2019s en Internet. Est\u00e1n al mando de una empresa anor\u00e9xica, contagiada por el populismo y la cursiler\u00eda, como lo evidencia su atuendo.&nbsp;&nbsp;<\/p>\n\n\n\n<p>Esta es la definici\u00f3n de involuci\u00f3n<\/p>\n\n\n\n<p>_______________________________________________<\/p>\n\n\n\n<p><strong><em>Gustavo Coronel<\/em><\/strong>, Ge\u00f3logo y Polit\u00f3logo venezolano, post \u2013 grado y estudios en la Universidad de Tulsa (1951-1955), Universidad Central de Venezuela (1961), Harvard (1981-1982) y Johns Hopkins&nbsp;&nbsp;(1986-1987). Trabaj\u00f3 durante 27 a\u00f1os en la industria petrolera venezolana e internacional. Miembro fundador de la Directiva de Petr\u00f3leos de Venezuela (1976-1979). Desde 1983 en adelante se dedic\u00f3 a trabajar en el sector p\u00fablico desde el Banco Interamericano de Desarrollo (1983-1988), como Director general de la CVG (1994-1995), Secretario de Planificaci\u00f3n y Presupuesto del estado Carabobo (1996-1998) y Presidente del Puerto de Puerto Cabello (1999-2001). Por varios meses en 1999 fue diputado al Congreso Nacional por el estado Carabobo. En 2003 se exili\u00f3 voluntariamente y reside desde entonces en el estado de Virginia, USA, donde ha encontrado tranquilidad y felicidad. Los puntos de vista expresados no necesariamente son los de EnergiesNet.com.<\/p>\n\n\n\n<p>Nota del Editor:&nbsp;Este art\u00edculo fue originalmente publicado en&nbsp;<em><a href=\"http:\/\/lasarmasdecoronel.blogspot.com\/\">Las Armas de Coronel,&nbsp;<\/a><\/em>el 1 de septimbre 2023. Reproducimos el mismo en beneficio de los lectores.&nbsp;EnergiesNet.com no se hace responsable por los juicios de valor emitidos por sus colaboradores y columnistas de opini\u00f3n y an\u00e1lisis.<\/p>\n\n\n\n<p><a href=\"http:\/\/lasarmasdecoronel.blogspot.com\/2023\/09\/un-regalito-musical-httpswww.html\">Articulo or<\/a><a href=\"http:\/\/lasarmasdecoronel.blogspot.com\/2023\/08\/la-transicion-energetica-global-progresa_22.html\">iginal<\/a><\/p>\n\n\n\n<p>Aviso de uso: Este sitio contiene material protegido por derechos de autor cuyo uso no siempre ha sido espec\u00edficamente autorizado por el propietario de los derechos. Ponemos a disposici\u00f3n dicho material en nuestro esfuerzo por avanzar en la comprensi\u00f3n de cuestiones de importancia social, medioambiental y humanitaria. Creemos que esto constituye un \u00abuso justo\u00bb de dicho material protegido por derechos de autor, tal y como se establece en la secci\u00f3n 107 de la Ley de Derechos de Autor de los Estados Unidos. De acuerdo con el T\u00edtulo 17 U.S.C. Secci\u00f3n 107. Para m\u00e1s informaci\u00f3n, visite: http:\/\/www.law.cornell.edu\/uscode\/17\/107.shtml<\/p>\n\n\n\n<p>EnergiesNet.com alienta a las personas a reproducir, reimprimir, y divulgar a trav\u00e9s de los medios audiovisuales e Internet, los comentarios editoriales y de opini\u00f3n de Petroleumworld, siempre y cuando esa reproducci\u00f3n identifique, a el autor, y la fuente original, http:\/\/www.petroleumworld.com y se haga dentro de el uso normal (fair use) de la doctrina de la secci\u00f3n 107 de la Ley de derechos de autor de los Estados Unidos de Norteam\u00e9rica (US Copyright).<\/p>\n\n\n\n<p>EnergiesNet.com 14 09 2023<\/p>\n","protected":false},"excerpt":{"rendered":"<p>Por Gustavo Coronel Ambas fotos representan las directivas de la empresa petrolera del estado venezolano, Petr\u00f3leos de Venezuela. La foto de arriba muestra la primera junta directiva de la empresa, bajo la presidencia del General Rafael Alfonzo Ravard, 1976-1979. En la foto de abajo se muestra la Junta Directiva de PDVSA en 2023 La actual &hellip;<\/p>\n<p class=\"read-more\"> <a class=\"\" href=\"https:\/\/energiesnet.com\/espanol\/50-anos-de-involucion-en-pdvsa\/\"> <span class=\"screen-reader-text\">50 a\u00f1os de involuci\u00f3n en PDVSA &#8211; Gustavo  Coronel<\/span> Leer m\u00e1s &raquo;<\/a><\/p>\n","protected":false},"author":2,"featured_media":17758,"comment_status":"open","ping_status":"open","sticky":false,"template":"","format":"standard","meta":{"_monsterinsights_skip_tracking":false,"_monsterinsights_sitenote_active":false,"_monsterinsights_sitenote_note":"","_monsterinsights_sitenote_category":0,"site-sidebar-layout":"default","site-content-layout":"default","ast-global-header-display":"","ast-main-header-display":"","ast-hfb-above-header-display":"","ast-hfb-below-header-display":"","ast-hfb-mobile-header-display":"","site-post-title":"","ast-breadcrumbs-content":"","ast-featured-img":"","footer-sml-layout":"","theme-transparent-header-meta":"","adv-header-id-meta":"","stick-header-meta":"","header-above-stick-meta":"","header-main-stick-meta":"","header-below-stick-meta":"","footnotes":""},"categories":[34,74],"tags":[2222,294,2220,2221],"class_list":["post-17757","post","type-post","status-publish","format-standard","has-post-thumbnail","hentry","category-en-voz-baja","category-opinion-opinion-news-guyana","tag-empresa-petrolera","tag-gustavo-coronel","tag-involucion-de-pdvsa","tag-juntas-directivas"],"aioseo_notices":[],"_links":{"self":[{"href":"https:\/\/energiesnet.com\/espanol\/wp-json\/wp\/v2\/posts\/17757","targetHints":{"allow":["GET"]}}],"collection":[{"href":"https:\/\/energiesnet.com\/espanol\/wp-json\/wp\/v2\/posts"}],"about":[{"href":"https:\/\/energiesnet.com\/espanol\/wp-json\/wp\/v2\/types\/post"}],"author":[{"embeddable":true,"href":"https:\/\/energiesnet.com\/espanol\/wp-json\/wp\/v2\/users\/2"}],"replies":[{"embeddable":true,"href":"https:\/\/energiesnet.com\/espanol\/wp-json\/wp\/v2\/comments?post=17757"}],"version-history":[{"count":0,"href":"https:\/\/energiesnet.com\/espanol\/wp-json\/wp\/v2\/posts\/17757\/revisions"}],"wp:featuredmedia":[{"embeddable":true,"href":"https:\/\/energiesnet.com\/espanol\/wp-json\/wp\/v2\/media\/17758"}],"wp:attachment":[{"href":"https:\/\/energiesnet.com\/espanol\/wp-json\/wp\/v2\/media?parent=17757"}],"wp:term":[{"taxonomy":"category","embeddable":true,"href":"https:\/\/energiesnet.com\/espanol\/wp-json\/wp\/v2\/categories?post=17757"},{"taxonomy":"post_tag","embeddable":true,"href":"https:\/\/energiesnet.com\/espanol\/wp-json\/wp\/v2\/tags?post=17757"}],"curies":[{"name":"wp","href":"https:\/\/api.w.org\/{rel}","templated":true}]}}