{"id":17770,"date":"2023-09-14T18:46:29","date_gmt":"2023-09-14T22:46:29","guid":{"rendered":"https:\/\/energiesnet.com\/espanol\/?p=17770"},"modified":"2023-09-14T18:55:50","modified_gmt":"2023-09-14T22:55:50","slug":"una-economia-bonita-la-industria-migratoria-del-darien-es-un-lucrativo-negocio-julie-turkewitz-nytimes","status":"publish","type":"post","link":"https:\/\/energiesnet.com\/espanol\/una-economia-bonita-la-industria-migratoria-del-darien-es-un-lucrativo-negocio-julie-turkewitz-nytimes\/","title":{"rendered":"\u2018Una econom\u00eda bonita\u2019: la industria migratoria del Dari\u00e9n es un lucrativo negocio &#8211; Julie Turkewitz\/NYTimes"},"content":{"rendered":"\n<figure class=\"wp-block-image size-full is-resized\"><img fetchpriority=\"high\" decoding=\"async\" src=\"https:\/\/energiesnet.com\/espanol\/wp-content\/uploads\/2023\/09\/imigrantes_darien-federico_ross.jpg\" alt=\"\" class=\"wp-image-17771\" style=\"width:613px;height:406px\" width=\"613\" height=\"406\" srcset=\"https:\/\/energiesnet.com\/espanol\/wp-content\/uploads\/2023\/09\/imigrantes_darien-federico_ross.jpg 600w, https:\/\/energiesnet.com\/espanol\/wp-content\/uploads\/2023\/09\/imigrantes_darien-federico_ross-300x199.jpg 300w\" sizes=\"(max-width: 613px) 100vw, 613px\" \/><figcaption class=\"wp-element-caption\">Comienza el viaje en la selva, conducido por un gu\u00eda de la Fundaci\u00f3n Social Nueva Luz del Dari\u00e9n.(Federico Rios)<\/figcaption><\/figure>\n\n\n\n<p>Por Julie Turkewitz. Fotograf\u00edas por <a href=\"https:\/\/www.nytimes.com\/by\/federico-rios\">Federico Rios<\/a> , NYTimes <\/p>\n\n\n\n<p><\/p>\n\n\n\n<p>A cada paso en la selva hay oportunidad de hacer dinero.<\/p>\n\n\n\n<p>El trayecto en lancha para llegar al bosque tropical: 40 d\u00f3lares. Un gu\u00eda que te lleva por la ruta peligrosa cuando empiezas a caminar: 170 d\u00f3lares. Alguien que carga tu mochila en las lomas lodosas: 100 d\u00f3lares. Un plato de pollo con arroz tras un d\u00eda de escalar laboriosamente: 10 d\u00f3lares. Paquetes especiales con todo incluido para que el esfuerzo riesgoso sea m\u00e1s r\u00e1pido y soportable (con tiendas, botas y otros b\u00e1sicos): 500 d\u00f3lares, o m\u00e1s.<\/p>\n\n\n\n<p>Ahora, cientos de miles de migrantes atraviesan a raudales un delgado tajo de la selva conocido como el Tap\u00f3n del Dari\u00e9n, la \u00fanica ruta terrestre a Estados Unidos desde Am\u00e9rica del Sur. Es un movimiento de proporciones hist\u00f3ricas que el gobierno de Joe Biden y el gobierno de Colombia han prometido detener.<\/p>\n\n\n\n<p>Pero aqu\u00ed, en el borde del continente, las ganancias simplemente son demasiado grandes como para ignorarlas y los emprendedores que persiguen la bonanza migrante no son contrabandistas clandestinos que se esconden de las autoridades.<\/p>\n\n\n\n<p>Son pol\u00edticos, empresarios destacados y l\u00edderes electos, que diariamente y a plena luz del d\u00eda env\u00edan a miles de personas migrantes hacia Estados Unidos y a cambio cobran millones de d\u00f3lares mensuales por ese privilegio.<\/p>\n\n\n\n<p>\u201cHemos organizado todo. Los lancheros, los gu\u00edas, los cargabolsos\u201d, dijo Darwin Garc\u00eda, miembro electo de una junta de acci\u00f3n comunal y exconcejal de Acand\u00ed, un municipio colombiano en donde empieza la selva.<\/p>\n\n\n\n<p>A un pueblo pobre como el suyo, dijo, la gran cantidad de migrantes dispuestos a arriesgarlo todo con tal de llegar a Estados Unidos, es \u201clo mejor que le puede pasar ahora mismo\u201d.<\/p>\n\n\n\n<p>El hermano menor de Garc\u00eda, Luis Fernando Mart\u00ednez, l\u00edder de una asociaci\u00f3n local de turismo, es en la actualidad uno de los principales candidatos a la alcald\u00eda de Acand\u00ed y defiende el negocio de la migraci\u00f3n como la \u00fanica industria rentable en un lugar que, \u201canteriormente\u201d, dijo, \u201cno ten\u00eda una vocaci\u00f3n econ\u00f3mica definida\u201d.<\/p>\n\n\n\n<figure class=\"wp-block-image\"><img decoding=\"async\" src=\"https:\/\/static01.nyt.com\/images\/2023\/09\/09\/world\/00darien-business-03-esp2\/00darien-business-03-articleLarge.jpg?quality=75&amp;auto=webp&amp;disable=upscale\" alt=\"Decenas de lanchas repletas de migrantes llegan cada d\u00eda a Capurgan\u00e1, una comunidad del municipio colombiano de Acand\u00ed.\"\/><figcaption class=\"wp-element-caption\">Decenas de lanchas repletas de migrantes llegan cada d\u00eda a Capurgan\u00e1, una comunidad del municipio colombiano de Acand\u00ed.<\/figcaption><\/figure>\n\n\n\n<figure class=\"wp-block-image\"><img decoding=\"async\" src=\"https:\/\/static01.nyt.com\/images\/2023\/09\/09\/world\/00darien-business-06-esp3\/00darien-business-06-articleLarge.jpg?quality=75&amp;auto=webp&amp;disable=upscale\" alt=\"Las familias venezolanas que quieran llegar a Estados Unidos tienen que pagar al menos 170 d\u00f3lares por persona para ingresar al Tap\u00f3n del Dari\u00e9n.\"\/><figcaption class=\"wp-element-caption\">Las familias venezolanas que quieran llegar a Estados Unidos tienen que pagar al menos 170 d\u00f3lares por persona para ingresar al Tap\u00f3n del Dari\u00e9n.<\/figcaption><\/figure>\n\n\n\n<p>El Tap\u00f3n del Dari\u00e9n se ha transformado con rapidez en una de las crisis pol\u00edticas y humanitarias m\u00e1s urgentes del hemisferio occidental. Lo que hace unos a\u00f1os era un flujo a cuentagotas ahora se ha convertido en un torrente: m\u00e1s de 360.000 personas ya cruzaron la selva en 2023, seg\u00fan el gobierno de Panam\u00e1, superando el r\u00e9cord casi inimaginable de 250.000 del a\u00f1o pasado.<\/p>\n\n\n\n<p>En respuesta, Estados Unidos, Colombia y Panam\u00e1 <a href=\"https:\/\/co.usembassy.gov\/trilateral-joint-statement\/#:~:text=Recognizing%20our%20shared%20interest%20and,to%20address%20the%20serious%20humanitarian\" rel=\"noreferrer noopener\" target=\"_blank\">firmaron un acuerdo<\/a> en abril para \u201cponer fin al movimiento il\u00edcito de personas\u201d por el Tap\u00f3n del Dari\u00e9n, una pr\u00e1ctica que \u201cconduce a la muerte y a la explotaci\u00f3n de personas vulnerables con ganancias significativas\u201d.<\/p>\n\n\n\n<p>Hoy en d\u00eda, dichas ganancias son m\u00e1s grandes que nunca: solo este a\u00f1o, los l\u00edderes locales han recaudado de los migrantes decenas de millones de d\u00f3lares en una enorme operaci\u00f3n de movimiento humano, que, seg\u00fan los expertos internacionales, es m\u00e1s sofisticada que cualquiera que hayan visto.<\/p>\n\n\n\n<p>\u201cHay una econom\u00eda bonita\u201d, dijo Fredy Mar\u00edn, quien fuera concejal en la municipalidad vecina de Necocl\u00ed y que maneja una empresa de lanchas que transporta migrantes en su trayecto a Estados Unidos. Dice que mensualmente traslada a miles de personas y que cobra 40 d\u00f3lares por persona.<\/p>\n\n\n\n<p>Mar\u00edn es actualmente candidato a la alcald\u00eda de Necocl\u00ed y ha prometido preservar la boyante industria de la migraci\u00f3n.<\/p>\n\n\n\n<figure class=\"wp-block-image\"><img decoding=\"async\" src=\"https:\/\/static01.nyt.com\/images\/2023\/09\/09\/multimedia\/00darien-business-fredy-fkhp-esp4\/00darien-business-fredy-fkhp-articleLarge.jpg?quality=75&amp;auto=webp&amp;disable=upscale\" alt=\"La compa\u00f1\u00eda de lanchas que maneja Fredy Mar\u00edn transporta cada d\u00eda a cientos de inmigrantes a la selva. Ahora se presenta como candidato a la alcald\u00eda de Necocl\u00ed, Colombia.\"\/><figcaption class=\"wp-element-caption\">La compa\u00f1\u00eda de lanchas que maneja Fredy Mar\u00edn transporta cada d\u00eda a cientos de inmigrantes a la selva. Ahora se presenta como candidato a la alcald\u00eda de Necocl\u00ed, Colombia.<\/figcaption><\/figure>\n\n\n\n<figure class=\"wp-block-image\"><img decoding=\"async\" src=\"https:\/\/static01.nyt.com\/images\/2023\/09\/09\/world\/00darien-business-13-esp5\/00darien-business-13-articleLarge.jpg?quality=75&amp;auto=webp&amp;disable=upscale\" alt=\"Personas de Ecuador y Venezuela prepar\u00e1ndose para el viaje.\"\/><figcaption class=\"wp-element-caption\">Personas de Ecuador y Venezuela prepar\u00e1ndose para el viaje.<\/figcaption><\/figure>\n\n\n\n<p>\u201cLo que primero era una problem\u00e1tica\u201d, dijo refiri\u00e9ndose a las numerosas personas migrantes que empezaron a llegar en los \u00faltimos a\u00f1os, \u201cse ha convertido en una oportunidad\u201d.<\/p>\n\n\n\n<p>En meses recientes, diplom\u00e1ticos estadounidenses han visitado las ciudades cercanas al Tap\u00f3n del Dari\u00e9n, recorriendo las calles polvorientas y estrechando las manos de Mar\u00edn, Garc\u00eda y otros que lideran el negocio migratorio. Funcionarios de la Casa Blanca dicen que consideran que el gobierno colombiano est\u00e1 cumpliendo con su compromiso de combatir la migraci\u00f3n il\u00edcita.<\/p>\n\n\n\n<p>Pero en el terreno lo que sucede es lo contrario. Durante meses, The New York Times ha estado en el Tap\u00f3n del Dari\u00e9n y en algunos municipios circunvecinos, y ha atestiguado que el gobierno nacional tiene aqu\u00ed, en el mejor de los casos, una presencia marginal.<\/p>\n\n\n\n<p>Cuando se llega a ver a las autoridades nacionales, a menudo est\u00e1n haciendo pasar a los migrantes o, en el caso de la polic\u00eda nacional, chocando pu\u00f1os con los hombres que venden costosos paquetes de viaje para atravesar la selva.<\/p>\n\n\n\n<p>El coronel William Zubieta, el principal funcionario policial de la regi\u00f3n, dijo que su trabajo no era detener el paso de migrantes. M\u00e1s bien, argument\u00f3 que el control correspond\u00eda a las autoridades migratorias del pa\u00eds.<\/p>\n\n\n\n<p>\u201cDesafortunadamente no lo tienen\u201d, dijo.<\/p>\n\n\n\n<p>Gustavo Petro, el presidente de Colombia, reconoci\u00f3 en una entrevista que el gobierno nacional ten\u00eda poco control de la regi\u00f3n. Petro a\u00f1adi\u00f3, sin embargo, que de todas formas su meta no era detener la migraci\u00f3n por el Dari\u00e9n, a pesar del acuerdo suscrito por su gobierno con Estados Unidos.<\/p>\n\n\n\n<p>El mapa sit\u00faa el golfo de Dari\u00e9n en la frontera con Colombia y Panam\u00e1. Tambi\u00e9n se muestran las ciudades de Capurgan\u00e1 y Acand\u00ed, en la costa noroccidental colombiana, y Necol\u00ed , ciudad situada en la orilla oriental del golfo de Urab\u00e1.<\/p>\n\n\n\n<figure class=\"wp-block-image size-full is-resized\"><img decoding=\"async\" src=\"https:\/\/energiesnet.com\/espanol\/wp-content\/uploads\/2023\/09\/image-3.png\" alt=\"Map by The New York Times\" class=\"wp-image-17772\" style=\"width:667px;height:976px\" width=\"667\" height=\"976\" srcset=\"https:\/\/energiesnet.com\/espanol\/wp-content\/uploads\/2023\/09\/image-3.png 342w, https:\/\/energiesnet.com\/espanol\/wp-content\/uploads\/2023\/09\/image-3-205x300.png 205w\" sizes=\"(max-width: 667px) 100vw, 667px\" \/><figcaption class=\"wp-element-caption\">By The New York Times<\/figcaption><\/figure>\n\n\n\n<p>Despu\u00e9s de todo, argument\u00f3, las causas de esta migraci\u00f3n eran \u201cproducto de medidas contra pueblos latinoamericanos mal tomadas\u201d, en especial de Estados Unidos, se\u00f1alando las sanciones de Washington impuestas a Venezuela.<\/p>\n\n\n\n<p>Dijo que no ten\u00eda intenciones de enviar \u201ccaballos y l\u00e1tigos\u201d a la frontera para resolver un problema que su pa\u00eds no hab\u00eda causado.<\/p>\n\n\n\n<p>En ausencia del gobierno de Colombia, los l\u00edderes locales han decidido encargarse de la migraci\u00f3n.<\/p>\n\n\n\n<p>Hoy en d\u00eda, el negocio lo manejan integrantes electos de la junta de acci\u00f3n comunal como Garc\u00eda, a trav\u00e9s de una organizaci\u00f3n sin fines de lucro fundada por el presidente de la junta y su familia. Se llama Fundaci\u00f3n Social Nueva Luz del Dari\u00e9n, y se encarga de gestionar toda la ruta desde Acand\u00ed hasta la frontera con Panam\u00e1, fijando precios por el trayecto, recaudando tarifas y operando extensos campamentos en medio de la selva.<\/p>\n\n\n\n<p>La fundaci\u00f3n ha contratado a m\u00e1s de 2000 gu\u00edas locales y cargadores de mochilas y los ha organizado en equipos con camisetas numeradas de distintos colores \u2014verde viche, mantequillo, azul cielo\u2014 como si fueran integrantes de una liga amateur de f\u00fatbol.<\/p>\n\n\n\n<p>Las personas migrantes pagan por lo que la fundaci\u00f3n llama \u201cservicios\u201d, entre ellos el paquete b\u00e1sico de gu\u00eda y seguridad por la frontera, a 170 d\u00f3lares. Despu\u00e9s, un \u201casesor\u201d de migraci\u00f3n procede a ponerles en la mu\u00f1eca dos brazaletes de papel como comprobante de pago.<\/p>\n\n\n\n<p>\u201cComo una entrada para Disney\u201d, dijo Renny Montilla, de 25 a\u00f1os, obrero de construcci\u00f3n de Venezuela.<\/p>\n\n\n\n<figure class=\"wp-block-image\"><img decoding=\"async\" src=\"https:\/\/static01.nyt.com\/images\/2023\/09\/09\/world\/00darien-business-10-esp6\/00darien-business-10-articleLarge.jpg?quality=75&amp;auto=webp&amp;disable=upscale\" alt=\"Las pulseras que prueban el pago en Acand\u00ed llevan el nombre de la fundaci\u00f3n y la palabra \u201cseguridad\u201d.\"\/><figcaption class=\"wp-element-caption\">Las pulseras que prueban el pago en Acand\u00ed llevan el nombre de la fundaci\u00f3n y la palabra \u201cseguridad\u201d.<\/figcaption><\/figure>\n\n\n\n<figure class=\"wp-block-image\"><img decoding=\"async\" src=\"https:\/\/static01.nyt.com\/images\/2023\/09\/09\/world\/14DARIEN-biz-ESP-7\/00darien-business-07-articleLarge.jpg?quality=75&amp;auto=webp&amp;disable=upscale\" alt=\"A police offer with a passport in his hand. Other people are holding phones.\"\/><figcaption class=\"wp-element-caption\">Funcionarios de migraci\u00f3n colombianos, en un momento inusual junto a los muelles de Necocl\u00ed, inspeccionan los pasaportes de migrantes chinos. La pegatina con la bandera de Estados Unidos indica que los migrantes han pagado un impuesto a un grupo armado local.<\/figcaption><\/figure>\n\n\n\n<p>Garc\u00eda asegur\u00f3 que las labores de la fundaci\u00f3n son legales, en parte porque gu\u00edan a las personas hacia una frontera internacional, pero no las cruzan.<\/p>\n\n\n\n<p>Algunas autoridades se preguntan si bajo la apariencia de una organizaci\u00f3n sin fines de lucro la fundaci\u00f3n lleva a cabo una operaci\u00f3n de tr\u00e1fico de personas. Un funcionario de derechos humanos responsable de monitorear la situaci\u00f3n en el municipio de Necocl\u00ed culp\u00f3 de la crisis a la negligencia de los l\u00edderes nacionales y a\u00f1adi\u00f3 que no exist\u00eda alg\u00fan incentivo para que las autoridades hicieran algo para detenerla porque gracias a ella ganaban dinero.<\/p>\n\n\n\n<p>Incluso el hermano de Garc\u00eda, el candidato a la alcald\u00eda, dijo que le gustar\u00eda que el gobierno nacional aclarara cu\u00e1l era la delgada l\u00ednea jur\u00eddica en la que operaban los habitantes locales que se dedican a la industria migratoria.<\/p>\n\n\n\n<p>\u201cNos encontramos con que van a pasar cien, doscientas, trescientas mil, quinientas mil personas\u201d por la ciudad, dijo Mart\u00ednez. \u201c\u00bfQu\u00e9 hacemos?\u201d.<\/p>\n\n\n\n<p>Sobre el negocio se cierne un grupo armado y de narcotraficantes grande y poderoso llamado Autodefensas Gaitanistas de Colombia, a veces conocido como Clan del Golfo. Su control sobre esta parte del norte de Colombia es tan absoluto que la Defensor\u00eda del Pueblo, el \u00f3mbudsman del pa\u00eds, dice que el grupo es el actor armado \u201c<a href=\"https:\/\/www.defensoria.gov.co\/documents\/20123\/2135470\/ALERTA+TEMPRANA+BINACIONAL+PANAMA-COLOMBIA+FINAL+0804231.pdf+%28+firmada%29.pdf\/553cbd0c-f7e5-3383-4c1f-5e4042837f71?t=1681318485730\" rel=\"noreferrer noopener\" target=\"_blank\">hegem\u00f3nico<\/a>\u201d de la regi\u00f3n.<\/p>\n\n\n\n<p>En un informe reciente, la defensor\u00eda acus\u00f3 al grupo de ejercer \u201cgobernanza criminal\u201d en la zona, indicando que lo que sucede aqu\u00ed debe contar con la bendici\u00f3n del grupo.<\/p>\n\n\n\n<p>Garc\u00eda, miembro de la Junta de Acci\u00f3n Comunal, reconoci\u00f3 que el grupo \u201cpone la seguridad\u201d en la zona pero insisti\u00f3 en que la fundaci\u00f3n era una entidad completamente independiente.<\/p>\n\n\n\n<p>\u201cYo no hago parte del Clan del Golfo\u201d, dijo.<\/p>\n\n\n\n<p>En un comunicado, el grupo armado dijo no beneficiarse \u201cde ninguna manera\u201d del \u201cnegocio que trafica con las ilusiones de los migrantes<em>\u201d.<\/em><\/p>\n\n\n\n<p>Petro, el presidente de Colombia, desestim\u00f3 esta idea y asegur\u00f3 que el Clan del Golfo ganaba 30 millones de d\u00f3lares anuales por concepto del negocio migratorio.<\/p>\n\n\n\n<p>En la frontera de la selva, las transacciones saltan a la vista.<\/p>\n\n\n\n<p>Antes de ingresar a la selva, los migrantes deben pagarle al grupo armado un impuesto distinto de alrededor de 80 d\u00f3lares por persona a cambio del permiso para cruzar por el Dari\u00e9n, seg\u00fan varias personas que recaudan la cuota en Necocl\u00ed.<\/p>\n\n\n\n<p>Una vez que los migrantes pagan, dicen los recaudadores, incluso se les da un recibo: una peque\u00f1a pegatina, a menudo una bandera estadounidense, en el pasaporte.<\/p>\n\n\n\n<p><\/p>\n\n\n\n<h2 class=\"wp-block-heading has-medium-font-size\" id=\"link-32193f\"><strong>Domar la selva<\/strong><\/h2>\n\n\n\n<p><\/p>\n\n\n\n<p>La selva del Dari\u00e9n, con su espesura, calor y propensi\u00f3n a las lluvias torrenciales, con sus r\u00edos salvajes y monta\u00f1as escarpadas, funcion\u00f3 durante generaciones como una extensa barrera natural entre Am\u00e9rica de Norte y Am\u00e9rica del Sur, obstaculizando el flujo de personas hacia el norte.<\/p>\n\n\n\n<p>Hist\u00f3ricamente, las guerrillas y otros grupos armados han empleado la densa selva para guarecerse y para contrabandear drogas y en ocasiones han atacado a quienes se atreven a pasar. El terreno y la amenaza de violencia sol\u00edan mantener a raya a todos, salvo a los m\u00e1s desesperados.<\/p>\n\n\n\n<p>Pero en los \u00faltimos a\u00f1os, una mezcla de crisis y pol\u00edtica \u2014como la agitaci\u00f3n en <a href=\"https:\/\/www.nytimes.com\/es\/2019\/02\/20\/venezuela-migrantes-cucuta\/?\">Venezuela<\/a>, <a href=\"https:\/\/www.nytimes.com\/es\/2023\/09\/07\/espanol\/kenia-haiti-fuerza-pandillas.html\">Hait\u00ed<\/a> y ahora <a href=\"https:\/\/www.nytimes.com\/es\/2023\/07\/12\/espanol\/narcotrafico-violencia-ecuador.html\">Ecuador<\/a>\u2014, as\u00ed como la devastaci\u00f3n econ\u00f3mica de la pandemia y las regulaciones de visa que impiden que muchos migrantes simplemente tomen un avi\u00f3n hacia M\u00e9xico u otros pa\u00edses, han ocasionado un <a href=\"https:\/\/www.nytimes.com\/es\/2021\/10\/02\/espanol\/migrantes-haitianos-darien.html\">gran aumento<\/a> en la cantidad de personas que caminan de Am\u00e9rica del Sur hacia Estados Unidos.<\/p>\n\n\n\n<figure class=\"wp-block-image\"><img decoding=\"async\" src=\"https:\/\/static01.nyt.com\/images\/2023\/09\/09\/world\/14DARIEN-biz-ESP-8\/00darien-business-articleLarge.jpg?quality=75&amp;auto=webp&amp;disable=upscale\" alt=\"A large crowd of people outside.\"\/><figcaption class=\"wp-element-caption\">M\u00e1s de 2000 personas se re\u00fanen cada ma\u00f1ana en el campamento Las Tecas, en Colombia, done comienzan su traves\u00eda por la selva con la esperanza de llegar a Estados Unidos.<\/figcaption><\/figure>\n\n\n\n<figure class=\"wp-block-image\"><img decoding=\"async\" src=\"https:\/\/static01.nyt.com\/images\/2023\/09\/09\/world\/14DARIEN-biz-ESP-9\/00darien-business-18-articleLarge.jpg?quality=75&amp;auto=webp&amp;disable=upscale\" alt=\"A young child sleeps while being carried through the jungle.\"\/><figcaption class=\"wp-element-caption\">Hora de la siesta en el Dari\u00e9n<\/figcaption><\/figure>\n\n\n\n<p>Ahora, con sus campamentos, restaurantes, cargadores de mochilas y gu\u00edas, la Fundaci\u00f3n Social Nueva Luz del Dari\u00e9n est\u00e1 contribuyendo a que esa barrera natural se convierta en algo mucho m\u00e1s transitable.<\/p>\n\n\n\n<p>Esta nueva econom\u00eda, operada en parte por l\u00edderes electos, ha actuado como un acelerante y ha servido para que una cantidad r\u00e9cord de personas se animen a emprender \u2014y pagar\u2014 la traves\u00eda.<\/p>\n\n\n\n<p>Solo en agosto, casi 82.000 personas emprendieron el recorrido por el Dari\u00e9n, seg\u00fan las autoridades paname\u00f1as, de lejos el mayor total mensual del que se tiene registro.<\/p>\n\n\n\n<p>Son tantas las personas que pasan por la selva que Panam\u00e1 y Costa Rica han indicado que <a href=\"https:\/\/www.sandiegouniontribune.com\/en-espanol\/noticias\/story\/2023-09-01\/panama-y-costa-rica-se-alinean-en-una-sola-voz-ante-comunidad-internacional-por-migracion-de-darien\" rel=\"noreferrer noopener\" target=\"_blank\">no son capaces<\/a> de manejar el flujo. La principal funcionaria de migraci\u00f3n de Panam\u00e1, Samira Gozaine, incluso amenaz\u00f3 con cerrar la frontera con Colombia.<\/p>\n\n\n\n<p>La inestabilidad pol\u00edtica se va acumulando hasta Estados Unidos. Luego de una <a href=\"https:\/\/www.nytimes.com\/es\/2023\/07\/09\/espanol\/frontera-mexico-usa-migrantes.html\">breve ca\u00edda<\/a> este a\u00f1o, las detenciones de migrantes en la frontera estadounidense han vuelto a aumentar y se ha registrado <a href=\"https:\/\/www.nytimes.com\/2023\/09\/01\/us\/politics\/migrant-families-border-biden.html\">una cifra hist\u00f3rica de familias<\/a> que cruzan.<\/p>\n\n\n\n<p>Los colombianos que transportan migrantes por la selva aseguran que brindan un servicio humanitario. Dicen que, empujadas por la violencia, la pobreza y la inestabilidad pol\u00edtica en sus pa\u00edses de origen, las personas que migran intentar\u00e1n llegar a Estados Unidos de todas formas.<\/p>\n\n\n\n<p>Por eso, l\u00edderes colombianos aseguran que la profesionalizaci\u00f3n del negocio migratorio puede prevenir que los municipios empobrecidos queden saturados por cientos de miles de personas necesitadas, ayudar a los migrantes a cruzar la peligrosa frontera con mayor seguridad y, de paso, impulsar a sus propias econom\u00edas.<\/p>\n\n\n\n<p>Las muertes de migrantes en la porci\u00f3n colombiana del Dari\u00e9n ahora parecen ser relativamente pocas, dijeron los trabajadores humanitarios, debido a que incluso el grupo armado Gaitanista, o Clan del Golfo, se ha dado cuenta de que la mala reputaci\u00f3n del Dari\u00e9n le hace da\u00f1o al negocio. Las autoridades locales dicen que el grupo ha establecido una pol\u00edtica a fin de seguir captando clientes: cualquiera que robe, viole o mate a un migrante enfrentar\u00e1 un castigo y posiblemente hasta la muerte.<\/p>\n\n\n\n<p>Pero el Dari\u00e9n sigue siendo peligroso, con enfermedades como la malaria y el dengue que acechan a los migrantes en \u201cuna prueba grotesca de supervivencia\u201d, dijo Carlos Franco-Paredes, m\u00e9dico que estudia la traves\u00eda.<\/p>\n\n\n\n<p>Adem\u00e1s, la fundaci\u00f3n solo gu\u00eda a los migrantes durante una parte del camino, y los dejan en la frontera con Panam\u00e1. Muchas veces, en este punto, no les queda comida ni dinero, y tienen todav\u00eda d\u00edas de caminata por delante para atravesar una parte de la selva a\u00fan m\u00e1s peligrosa que la que ya han soportado. Solo el a\u00f1o pasado, en la porci\u00f3n paname\u00f1a del Dari\u00e9n, las Naciones Unidas contabiliz\u00f3 m\u00e1s de 140 muertes de migrantes, casi el triple que el a\u00f1o anterior. Al menos el 10 por ciento de las muertes eran de ni\u00f1os.<\/p>\n\n\n\n<figure class=\"wp-block-image\"><img decoding=\"async\" src=\"https:\/\/static01.nyt.com\/images\/2023\/09\/09\/world\/00darien-business-23-esp9\/00darien-business-23-articleLarge.jpg?quality=75&amp;auto=webp&amp;disable=upscale\" alt=\"El cansancio tras unas 10 horas de caminata\"\/><figcaption class=\"wp-element-caption\">El cansancio tras unas 10 horas de caminata<\/figcaption><\/figure>\n\n\n\n<figure class=\"wp-block-image\"><img decoding=\"async\" src=\"https:\/\/static01.nyt.com\/images\/2023\/09\/09\/world\/00darien-business-24-esp10\/00darien-business-24-articleLarge.jpg?quality=75&amp;auto=webp&amp;disable=upscale\" alt=\"Los migrantes pueden alquilar hamacas por 10 d\u00f3lares la noche en un campamento colombiano junto a la frontera con Panam\u00e1.\"\/><figcaption class=\"wp-element-caption\">Los migrantes pueden alquilar hamacas por 10 d\u00f3lares la noche en un campamento colombiano junto a la frontera con Panam\u00e1.<\/figcaption><\/figure>\n\n\n\n<p>Petro, el primer presidente de izquierda de Colombia, <a href=\"https:\/\/www.nytimes.com\/es\/2022\/06\/19\/espanol\/gustavo-petro-presidente-colombia.html\">lleg\u00f3 al cargo el a\u00f1o pasado<\/a> con la promesa de ayudar a zonas del pa\u00eds hist\u00f3ricamente olvidadas, como las comunidades que ahora se encargan de los cruces de la selva.<\/p>\n\n\n\n<p>En la entrevista, Petro dijo que nunca hab\u00eda o\u00eddo hablar de la Fundaci\u00f3n Social Nueva Luz del Dari\u00e9n. Sin embargo, al igual que las personas que dirigen el negocio de la migraci\u00f3n, caracteriz\u00f3 su enfoque no intervencionista de la migraci\u00f3n como un enfoque humanitario.<\/p>\n\n\n\n<p>La respuesta a esta crisis, dijo, no era ir \u201cpersiguiendo migrantes\u201d en la frontera u obligarlos a entrar en \u201ccampos de concentraci\u00f3n\u201d que les impidan intentar llegar a Estados Unidos.<\/p>\n\n\n\n<p>\u201cYo dir\u00eda s\u00ed, ayudo, pero no como t\u00fa piensas\u201d, dijo Petro sobre el acuerdo con el gobierno de Biden, ambicioso pero escaso en detalles. Dijo que cualquier soluci\u00f3n a la cuesti\u00f3n ten\u00eda que centrarse en solucionar \u201cel problema social de los migrantes, que no es de Colombia\u201d.<\/p>\n\n\n\n<p>Petro calcula que medio mill\u00f3n de personas cruzar\u00e1n el Dari\u00e9n este a\u00f1o, dijo, y luego un mill\u00f3n el a\u00f1o que viene.<\/p>\n\n\n\n<p>Al otro lado de la brecha del Dari\u00e9n, las autoridades paname\u00f1as est\u00e1n furiosas y acusan a los \u201cpa\u00edses del sur\u201d de eludir \u201cla debida responsabilidad\u201d para detener a las personas que se dirigen al norte.<\/p>\n\n\n\n<p>\u201cNo hay nada humanitario en esta movilidad irregular\u201d, declar\u00f3 Gozaine, la responsable paname\u00f1a de migraci\u00f3n, en una reciente conferencia de prensa. \u201cLos ni\u00f1os que mueren en la selva, las mujeres violadas, los hombres violados, la gente asesinada\u201d.<\/p>\n\n\n\n<p><\/p>\n\n\n\n<h2 class=\"wp-block-heading has-medium-font-size\" id=\"link-47c4cb70\"><strong>Crisis, luego auge<\/strong><\/h2>\n\n\n\n<p><\/p>\n\n\n\n<p>Los barcos salen cada d\u00eda del extremo oriental de Necocl\u00ed, y sus muelles est\u00e1n llenos de personas de todo el mundo, no solo del hemisferio occidental, sino tambi\u00e9n de lugares tan lejanos como India, China y <a href=\"https:\/\/www.nytimes.com\/es\/2023\/05\/21\/espanol\/migrantes-afganos-darien.html\">Afganist\u00e1n<\/a>.<\/p>\n\n\n\n<p>\u201c\u00a1Viaja seguro!\u201d, dec\u00edan con un micr\u00f3fono los empleados de Mar\u00edn. \u201c\u00a1Viaja feliz!\u201d.<\/p>\n\n\n\n<p>En su despacho, donde una condecoraci\u00f3n de la polic\u00eda nacional cuelga de la pared, Mar\u00edn dice estar orgulloso de formar parte del sector que se ha convertido en el empleador m\u00e1s importante de la regi\u00f3n.<\/p>\n\n\n\n<p>Justo fuera se alza un nuevo proyecto de construcci\u00f3n, que pronto ser\u00e1 una gasolinera que abastecer\u00e1 de combustible a sus lanchas con m\u00e1s rapidez que nunca.<\/p>\n\n\n\n<figure class=\"wp-block-image\"><img decoding=\"async\" src=\"https:\/\/static01.nyt.com\/images\/2023\/09\/09\/world\/00darien-business-02-esp10\/00darien-business-02-articleLarge.jpg?quality=75&amp;auto=webp&amp;disable=upscale\" alt=\"Un nuevo proyecto de hotel y gasolinera en Necocl\u00ed\"\/><figcaption class=\"wp-element-caption\">Un nuevo proyecto de hotel y gasolinera en Necocl\u00edCredit&#8230;Federico Rios para The New York Times<\/figcaption><\/figure>\n\n\n\n<figure class=\"wp-block-image\"><img decoding=\"async\" src=\"https:\/\/static01.nyt.com\/images\/2023\/09\/09\/multimedia\/00darien-business-necocli-03-fplm-esp11\/00darien-business-necocli-03-fplm-articleLarge.jpg?quality=75&amp;auto=webp&amp;disable=upscale\" alt=\"Las familias migrantes m\u00e1s pobres, usualmente de Venezuela, llegan a Necocl\u00ed a pie, duermen en la playa y se lavan y beben de un tanque p\u00fablico de agua.\"\/><figcaption class=\"wp-element-caption\">Las familias migrantes m\u00e1s pobres, usualmente de Venezuela, llegan a Necocl\u00ed a pie, duermen en la playa y se lavan y beben de un tanque p\u00fablico de agua.<\/figcaption><\/figure>\n\n\n\n<p>Las ciudades colombianas de la ruta migratoria hacia la selva son bellas pero pobres: remotas, tropicales y caribe\u00f1as. M\u00e1s de la mitad de sus habitantes viven por debajo del umbral de la pobreza. Muchos son v\u00edctimas de la guerra que ha asolado el pa\u00eds <a href=\"https:\/\/www.nytimes.com\/es\/2022\/04\/20\/espanol\/colombia-grupos-armados.html\">por d\u00e9cadas<\/a>, obligados a vivir entre grupos criminales por generaciones. La pesca, el turismo y la extracci\u00f3n informal de oro han sido durante mucho tiempo sus principales fuentes de ingresos.<\/p>\n\n\n\n<p>Pero en 2021, las ciudades empezaron a cambiar r\u00e1pidamente. Miles de haitianos <a href=\"https:\/\/www.nytimes.com\/es\/2021\/10\/02\/espanol\/migrantes-haitianos-darien.html\">empezaron a llegar<\/a>, huyendo de la inestabilidad que no hizo m\u00e1s que empeorar tras el asesinato de su presidente.<\/p>\n\n\n\n<p>De repente, los ya precarios sistemas de alcantarillado, agua y electricidad de la regi\u00f3n se vieron desbordados. Las playas se saturaron de tiendas de campa\u00f1a de migrantes, lo que ahuyent\u00f3 a una industria tur\u00edstica que ya enfrentaba dificultades.<\/p>\n\n\n\n<p>Seg\u00fan los dirigentes locales, las peticiones de ayuda al gobierno nacional cayeron en saco roto.<\/p>\n\n\n\n<p>Mar\u00edn, entonces concejal de la ciudad, fue uno de los primeros en emprender algo grande, al convertir la crisis en oportunidad cuando tom\u00f3 el mando de la compa\u00f1\u00eda de lanchas, Katamaranes S.A.S., con el objetivo de trasladar a los migrantes al Dari\u00e9n en su camino hacia Estados Unidos.<\/p>\n\n\n\n<p>Desde entonces, Necocl\u00ed, que sol\u00eda ser un tranquilo pueblo playero que ofrec\u00eda c\u00f3cteles dos por uno, excursiones por la naturaleza y paseos mar\u00edtimos a los turistas, se ha transformado.<\/p>\n\n\n\n<p>A cualquier hora del d\u00eda o de la noche llegan a la ciudad autobuses privados con migrantes que se han enterado de la ruta del Dari\u00e9n a trav\u00e9s de Facebook, WhatsApp y TikTok, los servicios de publicidad de facto para el viaje.<\/p>\n\n\n\n<p>Las calles de Necocl\u00ed ahora est\u00e1n llenas de gente que habla mandar\u00edn, persa y nepal\u00ed. Los lugare\u00f1os que tienen carretas de madera se ganan la vida vendiendo tiendas de campa\u00f1a endebles, repelente de serpientes y botas de goma tama\u00f1o infantil. Trabajadores humanitarios con chalecos de lona patrullan las calles ofreciendo un poco de ayuda: botellas para agua, pa\u00f1ales, protector solar.<\/p>\n\n\n\n<figure class=\"wp-block-image\"><img decoding=\"async\" src=\"https:\/\/static01.nyt.com\/images\/2023\/09\/09\/multimedia\/00darien-business-necocli-02-fplm-esp12\/00darien-business-necocli-02-fplm-articleLarge.jpg?quality=75&amp;auto=webp&amp;disable=upscale\" alt=\"Migrantes de alrededor del mundo llegan a Necocl\u00ed en autob\u00fas.\"\/><figcaption class=\"wp-element-caption\">Migrantes de alrededor del mundo llegan a Necocl\u00ed en autob\u00fas.<\/figcaption><\/figure>\n\n\n\n<figure class=\"wp-block-image\"><img decoding=\"async\" src=\"https:\/\/static01.nyt.com\/images\/2023\/09\/09\/multimedia\/00darien-business-necocli-01-fplm-esp13\/00darien-business-necocli-01-fplm-articleLarge.jpg?quality=75&amp;auto=webp&amp;disable=upscale\" alt=\"Una moto nueva es sorteada en las calles de Necocl\u00ed, en donde una bonanza econ\u00f3mica ha ayudado a muchos residentes.\"\/><figcaption class=\"wp-element-caption\">Una moto nueva es sorteada en las calles de Necocl\u00ed, en donde una bonanza econ\u00f3mica ha ayudado a muchos residentes.<\/figcaption><\/figure>\n\n\n\n<p>Un folleto de instrucciones plastificado atado a la caja registradora de un supermercado ofrece consejos para cruzar la jungla. Un mapa marca en rojo los lugares habituales de \u201casaltos violentos y violaciones\u201d.<\/p>\n\n\n\n<p>Hay hostales nuevos por todas partes. En una regi\u00f3n tan pobre que las carretas de caballos a\u00fan surcan las calles, las motocicletas caras suenan por la ciudad y veh\u00edculos todoterreno de 100.000 d\u00f3lares ruedan junto al mar.<\/p>\n\n\n\n<p>Los migrantes m\u00e1s pobres llegan a pie y acampan en la playa. La mayor\u00eda procede de Venezuela, pa\u00eds sumido en una <a href=\"https:\/\/www.nytimes.com\/interactive\/2017\/12\/16\/world\/americas\/venezuela-hambre-desnutricion-crisis-maduro.html\">crisis econ\u00f3mica y humanitaria<\/a> desde hace casi una d\u00e9cada y en donde hay pocos indicios de que el l\u00edder autoritario del pa\u00eds, Nicol\u00e1s Maduro, vaya a abandonar el poder pronto.<\/p>\n\n\n\n<p>Muchos de los migrantes venezolanos se congregan frente a un comedor social con techo de paja abierto hace solo unos meses por un grupo de ayuda. Aqu\u00ed, los ni\u00f1os que esperan su comida a base de frijoles y arepas muestran signos de desnutrici\u00f3n: extremidades delgadas, cabello amarillento.<\/p>\n\n\n\n<p>Francis Sifontes, de 32 a\u00f1os, estaba en la fila del desayuno. En Venezuela, ganaba tan poco trabajando para el programa gubernamental de distribuci\u00f3n de alimentos que su esposo se hab\u00eda visto obligado a mendigar en la calle.<\/p>\n\n\n\n<p>En la indigencia, la familia se traslad\u00f3 a Colombia, donde durante un tiempo cortaron ca\u00f1a de az\u00facar, un trabajo agotador por el que les pagaban 5 d\u00f3lares al d\u00eda.<\/p>\n\n\n\n<figure class=\"wp-block-image\"><img decoding=\"async\" src=\"https:\/\/static01.nyt.com\/images\/2023\/09\/09\/world\/00darien-business-05-esp15\/00darien-business-05-articleLarge.jpg?quality=75&amp;auto=webp&amp;disable=upscale\" alt=\"Francis Sifontes, en el centro, con su esposo, Williams A\u00f1ez, a la derecha, en un comedor social\"\/><figcaption class=\"wp-element-caption\">Francis Sifontes, en el centro, con su esposo, Williams A\u00f1ez, a la derecha, en un comedor social<\/figcaption><\/figure>\n\n\n\n<figure class=\"wp-block-image\"><img decoding=\"async\" src=\"https:\/\/static01.nyt.com\/images\/2023\/09\/09\/world\/00darien-business-04-esp16\/00darien-business-04-articleLarge.jpg?quality=75&amp;auto=webp&amp;disable=upscale\" alt=\"Sifontes y su familia en la playa, donde llevan semanas viviendo en una tienda de campa\u00f1a mientras intentan reunir suficiente dinero para cruzar el Dari\u00e9n.\"\/><figcaption class=\"wp-element-caption\">Sifontes y su familia en la playa, donde llevan semanas viviendo en una tienda de campa\u00f1a mientras intentan reunir suficiente dinero para cruzar el Dari\u00e9n.<\/figcaption><\/figure>\n\n\n\n<p>Sifontes hab\u00eda llegado a Necocl\u00ed tres semanas atr\u00e1s, con su esposo, su hijastro y sus cuatro hijos peque\u00f1os. A fin de ganar dinero para el resto del viaje, hab\u00edan encontrado trabajo en la nueva microeconom\u00eda de la regi\u00f3n, comprando peque\u00f1os productos a granel de los comerciantes locales \u2014bolsas de basura de pl\u00e1stico, encendedores baratos\u2014 y vendi\u00e9ndolos a otros migrantes por un margen de 20 o 30 centavos de d\u00f3lar la pieza.<\/p>\n\n\n\n<p>Por la noche dorm\u00edan en una sola tienda a la sombra de la oficina de Mar\u00edn.<\/p>\n\n\n\n<p>Pero estaban esperanzados, dijo Sifontes, porque acababan de llegar a un acuerdo con Mar\u00edn.<\/p>\n\n\n\n<p>Si limpiaban la playa junto a su negocio durante un tiempo indeterminado, cont\u00f3 Sifontes, Mar\u00edn les hab\u00eda prometido darles tres billetes de lancha al Dari\u00e9n.<\/p>\n\n\n\n<p><\/p>\n\n\n\n<h2 class=\"wp-block-heading has-medium-font-size\" id=\"link-7b2714b3\"><strong>La industria del Tap\u00f3n del Dari\u00e9n<\/strong><\/h2>\n\n\n\n<p><\/p>\n\n\n\n<p>Una vez atravesado el agitado golfo de Urab\u00e1, los pasajeros de las embarcaciones de Mar\u00edn llegan al municipio de Acand\u00ed, situado en la boca de la selva. Durante d\u00e9cadas, algunos habitantes de esta localidad han llevado a los inmigrantes a la selva a cambio de una tarifa, con el argumento de que de otra forma la gente morir\u00eda.<\/p>\n\n\n\n<p>Pero con la llegada de personas de Hait\u00ed en 2021, y luego un <a href=\"https:\/\/www.nytimes.com\/es\/2022\/10\/07\/espanol\/darien-venezolanos.html\">flujo a\u00fan mayor de venezolanos<\/a> en 2022, los l\u00edderes locales comenzaron a organizarse, poniendo el negocio de la migraci\u00f3n bajo la Fundaci\u00f3n Social Nueva Luz del Dari\u00e9n.<\/p>\n\n\n\n<figure class=\"wp-block-image\"><img decoding=\"async\" src=\"https:\/\/static01.nyt.com\/images\/2023\/09\/10\/multimedia\/00darien-business-tent-vmlh-esp15\/00darien-business-tent-vmlh-articleLarge.jpg?quality=75&amp;auto=webp&amp;disable=upscale\" alt=\"Yineska Colina, venezolana de 18 a\u00f1os, con sus hijas. Para cuando lleg\u00f3 a Capurgan\u00e1 se hab\u00eda quedado sin dinero y no ten\u00eda idea de c\u00f3mo iba a pagar el viaje a trav\u00e9s de la selva.\"\/><figcaption class=\"wp-element-caption\">Yineska Colina, venezolana de 18 a\u00f1os, con sus hijas. Para cuando lleg\u00f3 a Capurgan\u00e1 se hab\u00eda quedado sin dinero y no ten\u00eda idea de c\u00f3mo iba a pagar el viaje a trav\u00e9s de la selva.<\/figcaption><\/figure>\n\n\n\n<figure class=\"wp-block-image\"><img decoding=\"async\" src=\"https:\/\/static01.nyt.com\/images\/2023\/09\/09\/multimedia\/00darien-business-rickshaw-bltw-esp16\/00darien-business-rickshaw-bltw-articleLarge.jpg?quality=75&amp;auto=webp&amp;disable=upscale\" alt=\"La Fundaci\u00f3n Social Nueva Luz del Dari\u00e9n trabaja con cientos de conductores locales de carretillas a motor, que llevan a los migrantes al primer campamento de la selva.\"\/><figcaption class=\"wp-element-caption\">La Fundaci\u00f3n Social Nueva Luz del Dari\u00e9n trabaja con cientos de conductores locales de carretillas a motor, que llevan a los migrantes al primer campamento de la selva.<\/figcaption><\/figure>\n\n\n\n<p>Una tarde reciente, Alexandra Vilcacundo, de 44 a\u00f1os, quien viajaba con otras 30 personas que hu\u00edan de la creciente violencia en Ecuador, lleg\u00f3 al muelle de madera de Acand\u00ed.<\/p>\n\n\n\n<p>Vilcacundo, costurera, parec\u00eda aterrorizada tras haber dejado atr\u00e1s a sus tres hijos. \u201cSabemos que nos estamos arriesgando la vida\u201d, dijo refiri\u00e9ndose al viaje que les esperaba.<\/p>\n\n\n\n<p>En el autob\u00fas a Necocl\u00ed, dijo que hab\u00edan sido detenidos cinco veces por polic\u00edas colombianos que amenazaron con arrestarlos a menos que pagaran sobornos. (Otra decena de personas dijeron que tambi\u00e9n hab\u00edan sido extorsionadas por la polic\u00eda).<\/p>\n\n\n\n<p>Una vez a bordo de carretillas a motor, Vilcacundo y los dem\u00e1s migrantes fueron transportados a trav\u00e9s de Acand\u00ed por caminos de tierra todav\u00eda inundados por la lluvia de la noche anterior. Pasaron por pastizales para vacas y un campo de ma\u00edz, antes de pasar finalmente por una entrada a un recinto que Garc\u00eda llama \u201cel albergue\u201d.<\/p>\n\n\n\n<p>No hab\u00eda agentes de polic\u00eda, autoridades migratorias ni organizaciones internacionales. Por el contrario, un grafiti \u2014\u201cAGC\u201d, las iniciales de las Autodefensas Gaitanistas de Colombia, o Clan del Golfo\u2014 hab\u00eda sido pintado en una pared de camino al refugio, como recordatorio de qui\u00e9n llevaba la voz cantante en \u00faltima instancia.<\/p>\n\n\n\n<p>Unos mil migrantes se hab\u00edan reunido en el recinto. Hombres de la zona, con jeans ajustados, polos y gafas oscuras, recorr\u00edan la extensi\u00f3n azotada por el sol, present\u00e1ndose como los \u201casesores\u201d de la fundaci\u00f3n, encargados de recaudar las tasas y describir la ruta a seguir desde aqu\u00ed.<\/p>\n\n\n\n<p>Para los que no tuvieran dinero en mano, hab\u00eda un agente de Western Union dentro del recinto, el cual cobraba un 15 por ciento por transferencia.<\/p>\n\n\n\n<p>Garc\u00eda, de la junta de acci\u00f3n comunal, mostr\u00f3 con orgullo algunas obras p\u00fablicas cercanas que, dijo, hab\u00edan sido construidas por la junta con fondos del negocio de la migraci\u00f3n: un puente peatonal junto al muelle, una escuela en uno de los barrios m\u00e1s pobres de la zona, metros de calles asfaltadas, un sistema de alcantarillado para que la localidad no se inundara.<\/p>\n\n\n\n<figure class=\"wp-block-image\"><img decoding=\"async\" src=\"https:\/\/static01.nyt.com\/images\/2023\/09\/09\/world\/00darien-business-08-esp17\/00darien-business-08-articleLarge.jpg?quality=75&amp;auto=webp&amp;disable=upscale\" alt=\"La junta de acci\u00f3n comunal invierte el dinero de los migrantes en infraestructura.\"\/><figcaption class=\"wp-element-caption\">La junta de acci\u00f3n comunal invierte el dinero de los migrantes en infraestructura.<\/figcaption><\/figure>\n\n\n\n<figure class=\"wp-block-image\"><img decoding=\"async\" src=\"https:\/\/static01.nyt.com\/images\/2023\/09\/09\/world\/00darien-business-09-esp18\/00darien-business-09-articleLarge.jpg?quality=75&amp;auto=webp&amp;disable=upscale\" alt=\"Un nuevo puente en Capurgan\u00e1, construido con el dinero recaudado de los migrantes que pasan por all\u00ed.\"\/><figcaption class=\"wp-element-caption\">Un nuevo puente en Capurgan\u00e1, construido con el dinero recaudado de los migrantes que pasan por all\u00ed.<\/figcaption><\/figure>\n\n\n\n<p>Garc\u00eda dijo que el pueblo llevaba d\u00e9cadas intentando convertirse en un destino tur\u00edstico. Pero por ahora, sin escuelas decentes, un hospital o incluso una carretera que la conecte con el resto del pa\u00eds, lo \u00fanico que ten\u00eda era la migraci\u00f3n.<\/p>\n\n\n\n<p>\u201cLo que hemos hecho nosotros\u201d con la migraci\u00f3n es m\u00e1s de lo que el turismo ha aportado \u201cen 50 a\u00f1os\u201d, dijo Garc\u00eda.<\/p>\n\n\n\n<p><\/p>\n\n\n\n<h2 class=\"wp-block-heading has-medium-font-size\" id=\"link-1c43f578\"><strong>Suturas y helado<\/strong><\/h2>\n\n\n\n<p><\/p>\n\n\n\n<p>Pocos lugares encarnan la transformaci\u00f3n de la ruta del Dari\u00e9n como el primer campamento en la selva.<\/p>\n\n\n\n<p>Hace dos a\u00f1os, la ruta desde el albergue de Acand\u00ed hasta este campamento, Las Tecas, era un tosco camino de tierra. Hoy es una carretera transitable en camioneta. El propio campamento era antes una extensi\u00f3n fangosa. Hoy es un pueblo, con un pabell\u00f3n de bienvenida, control de seguridad, 38 tiendas y restaurantes, wifi e incluso una sala de billar.<\/p>\n\n\n\n<figure class=\"wp-block-image\"><img decoding=\"async\" src=\"https:\/\/static01.nyt.com\/images\/2023\/09\/09\/multimedia\/00darien-business-tecas-bwcl-esp19\/00darien-business-tecas-bwcl-articleLarge.jpg?quality=75&amp;auto=webp&amp;disable=upscale\" alt=\"Un restaurante en el campamento de migrantes de Las Tecas.\"\/><figcaption class=\"wp-element-caption\">Un restaurante en el campamento de migrantes de Las Tecas.<\/figcaption><\/figure>\n\n\n\n<figure class=\"wp-block-image\"><img decoding=\"async\" src=\"https:\/\/static01.nyt.com\/images\/2023\/09\/09\/world\/00darien-business-28-esp20\/00darien-business-28-articleLarge.jpg?quality=75&amp;auto=webp&amp;disable=upscale\" alt=\"Unos cargabolsos cobrando en la frontera colombo-paname\u00f1a.\"\/><figcaption class=\"wp-element-caption\">Unos cargabolsos cobrando en la frontera colombo-paname\u00f1a.<\/figcaption><\/figure>\n\n\n\n<p>Aqu\u00ed, la Fundaci\u00f3n Social Nueva Luz del Dari\u00e9n ha organizado los amplios equipos de gu\u00edas y portadores de mochilas con sus camisetas numeradas y codificadas por colores. Algunos han personalizado a\u00fan m\u00e1s sus uniformes, y han a\u00f1adido a sus mangas palabras como \u201crespeto\u201d y \u201camistad\u201d.<\/p>\n\n\n\n<p>La fundaci\u00f3n coordina sus horarios para repartir el trabajo \u2014los gu\u00edas hacen un recorrido cada 15 d\u00edas\u2014 y les pagan 125 d\u00f3lares por caminata. Los cargabolsos son contratados individualmente por los migrantes que desean ayuda para transportar su equipaje o a sus hijos, a raz\u00f3n de entre 60 y 120 d\u00f3lares por carga. Los empleados que abandonan o roban sus cargas son despedidos, dice Garc\u00eda.<\/p>\n\n\n\n<p>\u201cSi no hubiera resultado este trabajo, no s\u00e9 c\u00f3mo iba a sustentar mi familia\u201d, dijo Aureliana Domic\u00f3, una madre soltera de 32 a\u00f1os que trabaja como cargabolsos, y que traslada hasta unos 30 kilos a la frontera con Panam\u00e1 varias veces a la semana. Hace meses, una fuerte lluvia acab\u00f3 con su cosecha de pl\u00e1tanos, lo que dej\u00f3 a sus cuatro hijos sin nada que comer. Ahora gana hasta 800 d\u00f3lares al mes.<\/p>\n\n\n\n<p>Elmer Arias, gu\u00eda de 29 a\u00f1os, hab\u00eda tenido dificultades para encontrar trabajo tras perder un brazo. Furioso, hab\u00eda golpeado una ventana, y como no hay hospital en Acand\u00ed tard\u00f3 d\u00edas en ser atendido, lo que le llev\u00f3 a la amputaci\u00f3n. Los migrantes no son tan diferentes a \u00e9l, explic\u00f3, intentan mejorar sus vidas, \u201ccomo nosotros\u201d, dijo.<\/p>\n\n\n\n<figure class=\"wp-block-image\"><img decoding=\"async\" src=\"https:\/\/static01.nyt.com\/images\/2023\/09\/09\/multimedia\/00darien-business-elmer-cljw-esp21\/00darien-business-elmer-cljw-articleLarge.jpg?quality=75&amp;auto=webp&amp;disable=upscale\" alt=\"Elmer Arias, a la izquierda, perdi\u00f3 el brazo derecho porque Acand\u00ed no tiene hospital. Ahora trabaja como gu\u00eda.\"\/><figcaption class=\"wp-element-caption\">Elmer Arias, a la izquierda, perdi\u00f3 el brazo derecho porque Acand\u00ed no tiene hospital. Ahora trabaja como gu\u00eda.<\/figcaption><\/figure>\n\n\n\n<figure class=\"wp-block-image\"><img decoding=\"async\" src=\"https:\/\/static01.nyt.com\/images\/2023\/09\/09\/world\/00darien-business-11-esp22\/00darien-business-11-articleLarge.jpg?quality=75&amp;auto=webp&amp;disable=upscale\" alt=\"Los migrantes que llegan al campamento son revisados en busca de armas.\"\/><figcaption class=\"wp-element-caption\">Los migrantes que llegan al campamento son revisados en busca de armas.<\/figcaption><\/figure>\n\n\n\n<p>Esa tarde, en el pabell\u00f3n de bienvenida de Las Tecas, los gu\u00edas revisaron a los migrantes con detectores de metales, un nuevo protocolo.<\/p>\n\n\n\n<p>\u201c\u00bfNavajas?\u201d, pregunt\u00f3 un gu\u00eda, confiscando cualquier cosa con filo. \u201c\u00bfCuchillos? \u00bfMachetes?\u201d.<\/p>\n\n\n\n<p>A la ma\u00f1ana siguiente, m\u00e1s de 2000 migrantes se reunieron en el coraz\u00f3n del campamento. Hab\u00eda ni\u00f1os con camisetas de Barbie, dos madres ansiosas con ni\u00f1os peque\u00f1os sujetos con correas, un hombre con un beb\u00e9 a la espalda y una mu\u00f1eca metida en la cintura, una mujer con una mochila con la bandera estadounidense.<\/p>\n\n\n\n<p>Samuel, de 13 a\u00f1os, llevaba una camiseta morada de los Lakers. Su madre, cuidadora de ancianos, se hab\u00eda marchado de Venezuela a\u00f1os atr\u00e1s, mud\u00e1ndose de ciudad en ciudad por Colombia y Per\u00fa, en busca de un trabajo decente. Hab\u00eda gastado sus \u00faltimos ahorros en los billetes que los llevar\u00edan a la selva.<\/p>\n\n\n\n<figure class=\"wp-block-image\"><img decoding=\"async\" src=\"https:\/\/static01.nyt.com\/images\/2023\/09\/09\/world\/00darien-business-14-esp23\/00darien-business-14-articleLarge.jpg?quality=75&amp;auto=webp&amp;disable=upscale\" alt=\"Samuel, de 13 a\u00f1os, viaj\u00f3 con su madre y dos hermanos peque\u00f1os\"\/><figcaption class=\"wp-element-caption\">Samuel, de 13 a\u00f1os, viaj\u00f3 con su madre y dos hermanos peque\u00f1os<\/figcaption><\/figure>\n\n\n\n<figure class=\"wp-block-image\"><img decoding=\"async\" src=\"https:\/\/static01.nyt.com\/images\/2023\/09\/09\/world\/00darien-business-15-esp24\/00darien-business-15-articleLarge.jpg?quality=75&amp;auto=webp&amp;disable=upscale\" alt=\"Samuel y su madre, detr\u00e1s de \u00e9l, parten hacia la selva.\"\/><figcaption class=\"wp-element-caption\">Samuel y su madre, detr\u00e1s de \u00e9l, parten hacia la selva.<\/figcaption><\/figure>\n\n\n\n<p>A su derecha, el sol se elevaba sobre la selva. A su izquierda, gu\u00edas y cargabolsos. La multitud bull\u00eda de entusiasmo.<\/p>\n\n\n\n<p>Pronto, un hombre de la fundaci\u00f3n, Iv\u00e1n D\u00edaz, subi\u00f3 a una colina por encima del campamento, dando comienzo a la orientaci\u00f3n de la ma\u00f1ana. No se trataba de una carrera, dijo con un meg\u00e1fono. Se trataba de sobrevivir para llegar a Estados Unidos.<\/p>\n\n\n\n<p>No duerman junto a los r\u00edos, dijo; a menudo crecen con la lluvia. Coman alimentos con sal para evitar la deshidrataci\u00f3n. Tomen descansos. Los ni\u00f1os deben quedarse con sus padres. Las mujeres embarazadas deben quedarse con los gu\u00edas. Cualquiera que fuera encontrado con drogas ser\u00eda devuelto a Necocl\u00ed.<\/p>\n\n\n\n<p>Rugi\u00f3 un meg\u00e1fono. \u201c\u00a1Un aplauso, un aplauso!\u201d, grit\u00f3 D\u00edaz. La multitud vitore\u00f3.<\/p>\n\n\n\n<p>\u201c\u00a1Duro, duro, duro!\u201d, grit\u00f3, \u201c\u00a1a Maduro, a Maduro, a Maduro!\u201d, a\u00f1adi\u00f3, en un gui\u00f1o sarc\u00e1stico al presidente venezolano.<\/p>\n\n\n\n<p>El grupo rio y abuche\u00f3.<\/p>\n\n\n\n<p>\u201cCon el favor de Dios va a salir todo bien\u201d, continu\u00f3 D\u00edaz. \u201cYo s\u00e9 que todos me van a mandar por Western por ah\u00ed en unas tres semanas desde Nueva York\u201d.<\/p>\n\n\n\n<p>Era aproximadamente un d\u00eda y medio de caminata hasta la frontera con Panam\u00e1, y por el camino, la fundaci\u00f3n hab\u00eda instalado peque\u00f1os campamentos donde los migrantes pod\u00edan comprar agua y comida.<\/p>\n\n\n\n<p>Los precios sub\u00edan a medida que la gente avanzaba. Un Gatorade costaba 2,50 d\u00f3lares al principio, y 5 d\u00f3lares al final. Los vendedores de helados caminaban con la multitud, con hieleras a la espalda. En la curva de un r\u00edo, la gente se encontr\u00f3 con un hombre que vend\u00eda empanadas caseras en una bandeja.<\/p>\n\n\n\n<figure class=\"wp-block-image\"><img decoding=\"async\" src=\"https:\/\/static01.nyt.com\/images\/2023\/09\/09\/world\/00darien-business-21-esp25\/00darien-business-21-articleLarge.jpg?quality=75&amp;auto=webp&amp;disable=upscale\" alt=\"Edison Londo\u00f1o vendiendo empanadas en medio de la selva.\"\/><figcaption class=\"wp-element-caption\">Edison Londo\u00f1o vendiendo empanadas en medio de la selva.<\/figcaption><\/figure>\n\n\n\n<figure class=\"wp-block-image\"><img decoding=\"async\" src=\"https:\/\/static01.nyt.com\/images\/2023\/09\/09\/world\/00darien-business-22-esp26\/00darien-business-22-articleLarge.jpg?quality=75&amp;auto=webp&amp;disable=upscale\" alt=\"Los heladeros pueden ganar hasta 200 d\u00f3lares al d\u00eda en el Dari\u00e9n, casi tanto como el salario m\u00ednimo mensual de Colombia.\"\/><figcaption class=\"wp-element-caption\">Los heladeros pueden ganar hasta 200 d\u00f3lares al d\u00eda en el Dari\u00e9n, casi tanto como el salario m\u00ednimo mensual de Colombia.<\/figcaption><\/figure>\n\n\n\n<p>Los migrantes avanzaban lentamente, cruzando un r\u00edo, subiendo colinas anudadas por ra\u00edces. Con tanta gente, el tr\u00e1fico a veces se deten\u00eda por completo.<\/p>\n\n\n\n<p>A media ma\u00f1ana, Natasha, una ecuatoriana de 5 a\u00f1os, se resbal\u00f3 de los hombros de un hombre que la llevaba cargada. Natasha se desplom\u00f3 y se hizo un corte sobre el ojo con una roca.<\/p>\n\n\n\n<p>La ni\u00f1a se quejaba de dolor mientras le brotaba sangre de la cara. Su madre empez\u00f3 a asustarse.<\/p>\n\n\n\n<p>Pero m\u00e1s adelante hab\u00eda un enfermero. En los \u00faltimos meses, la Fundaci\u00f3n Social Nueva Luz del Dari\u00e9n ha contratado a varios enfermeros y a un m\u00e9dico para atender a los inmigrantes en distintos puntos de la ruta. En ausencia de cualquier otra presencia institucional, se hab\u00edan convertido en un salvavidas.<\/p>\n\n\n\n<p>En el porche de una caba\u00f1a, el enfermero, Jos\u00e9 Luis Fern\u00e1ndez, limpi\u00f3 la lesi\u00f3n, inyect\u00f3 un anest\u00e9sico y sutur\u00f3 la herida. \u201cM\u00e1s arribita\u201d, dijo sobre el golpe, \u201cpodr\u00edamos estar hablando de una persona muerta\u201d.<\/p>\n\n\n\n<p>Fern\u00e1ndez sol\u00eda trabajar para un hospital p\u00fablico en la cercana Turbo, dijo, pero lo dej\u00f3 \u201cpor cuestiones salariales\u201d.<\/p>\n\n\n\n<p>La fundaci\u00f3n le paga mucho m\u00e1s.<\/p>\n\n\n\n<figure class=\"wp-block-image\"><img decoding=\"async\" src=\"https:\/\/static01.nyt.com\/images\/2023\/09\/08\/multimedia\/00darien-business-natasha-pbwh-esp27\/00darien-business-natasha-pbwh-articleLarge.jpg?quality=75&amp;auto=webp&amp;disable=upscale\" alt=\"Natasha, con su madre, recibe tratamiento de Jos\u00e9 Luis Fern\u00e1ndez despu\u00e9s de que se cay\u00f3.\"\/><figcaption class=\"wp-element-caption\">Natasha, con su madre, recibe tratamiento de Jos\u00e9 Luis Fern\u00e1ndez despu\u00e9s de que se cay\u00f3.<\/figcaption><\/figure>\n\n\n\n<figure class=\"wp-block-image\"><img decoding=\"async\" src=\"https:\/\/static01.nyt.com\/images\/2023\/09\/08\/multimedia\/00darien-business-natasha2-wzfb-esp28\/00darien-business-natasha2-wzfb-articleLarge.jpg?quality=75&amp;auto=webp&amp;disable=upscale\" alt=\"La atenci\u00f3n m\u00e9dica pagada por la Fundaci\u00f3n Social Nueva Luz del Dari\u00e9n ha sido un salvavidas para muchos migrantes.\"\/><figcaption class=\"wp-element-caption\">La atenci\u00f3n m\u00e9dica pagada por la Fundaci\u00f3n Social Nueva Luz del Dari\u00e9n ha sido un salvavidas para muchos migrantes.<\/figcaption><\/figure>\n\n\n\n<p>La mayor parte del grupo durmi\u00f3 esa noche en un terreno abarrotado y lleno de lodo conocido por los gu\u00edas como el Cuarto Campamento, donde zumbaba un generador y varios restaurantes ofrec\u00edan pescado frito o pollo por 10 d\u00f3lares el plato, una peque\u00f1a fortuna para la mayor\u00eda de los migrantes.<\/p>\n\n\n\n<p>Muchas familias, que hab\u00edan gastado todo su dinero para llegar hasta aqu\u00ed, no comieron nada, pregunt\u00e1ndose qu\u00e9 har\u00edan el resto del viaje. Al anochecer, el campamento ol\u00eda a heces humanas y gasolina. La actitud de las personas empez\u00f3 a cambiar.<\/p>\n\n\n\n<p>En su tienda de campa\u00f1a, Jos\u00e9 Garc\u00eda, de 32 a\u00f1os, explic\u00f3 que ya hab\u00eda cruzado el Dari\u00e9n el a\u00f1o pasado, pero que hab\u00eda decidido dar la vuelta cuando <a href=\"https:\/\/www.nytimes.com\/es\/2022\/10\/24\/espanol\/venezolanos-estados-unidos-mexico.html\">se enter\u00f3 que al parecer<\/a> el gobierno de Biden no dejar\u00eda entrar a venezolanos en Estados Unidos.<\/p>\n\n\n\n<p>Ahora lo intentaba de nuevo, esta vez con su esposa, Dayarid Pernia, de 24 a\u00f1os, y sus dos hijos, de 1 y 3 a\u00f1os. Pero para entonces, no ten\u00edan ni un centavo.<\/p>\n\n\n\n<p>Garc\u00eda se lament\u00f3 de los precios cobrados por la fundaci\u00f3n para llegar hasta aqu\u00ed.<\/p>\n\n\n\n<p>\u201cSi fuera humanitario\u201d, dijo Garc\u00eda sobre la ruta, con la voz entre risa y llanto, le tender\u00edan \u201cla mano a aquellas personas que no tuvieran\u201d.<\/p>\n\n\n\n<figure class=\"wp-block-image\"><img decoding=\"async\" src=\"https:\/\/static01.nyt.com\/images\/2023\/09\/09\/world\/00darien-business-19-esp29\/00darien-business-19-articleLarge.jpg?quality=75&amp;auto=webp&amp;disable=upscale\" alt=\"A pesar de todos los servicios que los migrantes pueden comprar ahora, el camino sigue siendo peligroso.\"\/><figcaption class=\"wp-element-caption\">A pesar de todos los servicios que los migrantes pueden comprar ahora, el camino sigue siendo peligroso.<\/figcaption><\/figure>\n\n\n\n<figure class=\"wp-block-image\"><img decoding=\"async\" src=\"https:\/\/static01.nyt.com\/images\/2023\/09\/09\/world\/00darien-business-20-esp30\/00darien-business-20-articleLarge.jpg?quality=75&amp;auto=webp&amp;disable=upscale\" alt=\"Diana Ortiz, de 27 a\u00f1os, tra\u00eda de Venezuela a su mascota Cristal\"\/><figcaption class=\"wp-element-caption\">Diana Ortiz, de 27 a\u00f1os, tra\u00eda de Venezuela a su mascota Cristal<\/figcaption><\/figure>\n\n\n\n<p><\/p>\n\n\n\n<h2 class=\"wp-block-heading has-medium-font-size\" id=\"link-28b89c9\"><strong>La entrega<\/strong><\/h2>\n\n\n\n<p>Para miles de migrantes, la normalizaci\u00f3n de esta ruta ha creado una paradoja cruel.<\/p>\n\n\n\n<p>En el lado colombiano del Dari\u00e9n, donde el gobierno est\u00e1 casi ausente y dominan las Autodefensas Gaitanistas, o Clan del Golfo, la cantidad de delitos en la selva es menor, al menos seg\u00fan los grupos de ayuda y los investigadores que entrevistan a los migrantes al final de la ruta.<\/p>\n\n\n\n<p>Esa percepci\u00f3n de seguridad hace que cada vez m\u00e1s personas se adentren en la selva, creyendo que saldr\u00e1n con vida.<\/p>\n\n\n\n<p>Pero en la frontera con Panam\u00e1, los gu\u00edas de la fundaci\u00f3n los dejan \u2014cruzar podr\u00eda ocasionar que los detengan las autoridades\u2014 y el poder del grupo armado disminuye.<\/p>\n\n\n\n<p>Luego, en el lado paname\u00f1o, peque\u00f1as bandas criminales recorren la selva, y utilizan la violaci\u00f3n como herramienta para extraer dinero y castigar a quienes no pueden pagar.<\/p>\n\n\n\n<p>El responsable regional de un grupo de ayuda afirma que las v\u00edctimas suelen ser mujeres y ni\u00f1os, y que los hombres son obligados a mirar. En el \u00faltimo a\u00f1o, ni\u00f1os de hasta apenas seis a\u00f1os han muerto por disparos en esta parte de la selva.<\/p>\n\n\n\n<p>Y cualquier persona sin dinero \u2014incluidos los que lo gastaron pag\u00e1ndole a los gu\u00edas en Colombia\u2014 es especialmente vulnerable.<\/p>\n\n\n\n<p>En su \u00faltima ma\u00f1ana en Colombia, el grupo de m\u00e1s de 2000 migrantes se levant\u00f3 antes del amanecer. Dentro de uno de los restaurantes, unos cuantos levantaron las manos en una oraci\u00f3n previa al viaje.<\/p>\n\n\n\n<figure class=\"wp-block-image\"><img decoding=\"async\" src=\"https:\/\/static01.nyt.com\/images\/2023\/09\/09\/world\/00darien-business-25-esp21\/00darien-business-25-articleLarge.jpg?quality=75&amp;auto=webp&amp;disable=upscale\" alt=\"Una oraci\u00f3n antes del amanecer\"\/><figcaption class=\"wp-element-caption\">Una oraci\u00f3n antes del amanecer<\/figcaption><\/figure>\n\n\n\n<figure class=\"wp-block-image\"><img decoding=\"async\" src=\"https:\/\/static01.nyt.com\/images\/2023\/09\/09\/world\/00darien-business-26-esp32\/00darien-business-26-articleLarge.jpg?quality=75&amp;auto=webp&amp;disable=upscale\" alt=\"Camino a la frontera con Panam\u00e1\"\/><figcaption class=\"wp-element-caption\">Camino a la frontera con Panam\u00e1<\/figcaption><\/figure>\n\n\n\n<p>\u201cGracias, Se\u00f1or\u201d, dijo N\u00e9stor Fern\u00e1ndez, un venezolano de 33 a\u00f1os que hab\u00eda trabajado como obrero de construcci\u00f3n en Chile. \u201cPorque as\u00ed como nosotros nos doblegamos, se doblega todo lo que se quiera levantar en contra de nuestra vida. Todo robo, todo hurto, todo secuestro, todo sicariato\u201d.<\/p>\n\n\n\n<p>En la oscuridad, el desfile de personas comenz\u00f3 su marcha hacia la frontera. Los ni\u00f1os sosten\u00edan grandes botellas con agua de <a href=\"https:\/\/www.nytimes.com\/es\/2021\/01\/26\/espanol\/panela-patente.html\">panela<\/a>, que podr\u00edan ser su \u00fanico sustento durante d\u00edas. Una mujer embarazada fue ayudada a salir del campamento por otras dos, una a cada lado.<\/p>\n\n\n\n<p>Tardaron unas dos horas en subir dos colinas conocidas como las Mellas, por mellizas, y luego llegaron a un claro embarrado con una se\u00f1al pintada a mano que marcaba la frontera.<\/p>\n\n\n\n<p>En el claro, los migrantes que a\u00fan ten\u00edan la suerte de tener dinero pagaron a sus cargabolsos. Acto seguido, un hombre \u2014uno de los gu\u00edas lo hab\u00eda presentado como el \u201cjefe de seguridad\u201d, sin m\u00e1s explicaci\u00f3n\u2014 se adelant\u00f3 para dar las \u00faltimas instrucciones.<\/p>\n\n\n\n<p>Mu\u00e9vanse despacio, no se separen y sigan una ruta marcada con trozos de pl\u00e1stico azules y verdes, dijo al grupo. Tardar\u00edan tres d\u00edas m\u00e1s en llegar al final de la selva, explic\u00f3, donde las Naciones Unidas y el gobierno de Panam\u00e1 ofrec\u00edan apoyo.<\/p>\n\n\n\n<p>\u201cDesde el municipio Acand\u00ed\u201d, dijo antes de que los migrantes siguieran adelante, \u201cqueremos desearles un feliz viaje\u201d.<\/p>\n\n\n\n<figure class=\"wp-block-image\"><img decoding=\"async\" src=\"https:\/\/static01.nyt.com\/images\/2023\/09\/09\/world\/00darien-business-31-esp33\/00darien-business-31-articleLarge.jpg?quality=75&amp;auto=webp&amp;disable=upscale\" alt=\"El momento previo a que los migrantes entraran en Panam\u00e1 y perdieran los servicios de gu\u00eda.\"\/><figcaption class=\"wp-element-caption\">El momento previo a que los migrantes entraran en Panam\u00e1 y perdieran los servicios de gu\u00eda.<\/figcaption><\/figure>\n\n\n\n<p>Julie Turkewitz y Federico Rios han pasado meses en el Tap\u00f3n del Dari\u00e9n reportando sobre la migraci\u00f3n. Federico Rios, en el Tap\u00f3n del Dari\u00e9n, y Sim\u00f3n Posada, en Bogot\u00e1, colaboraron con la reporter\u00eda.<\/p>\n\n\n\n<p><strong><em>Julie Turkewitz <\/em><\/strong>es jefa del bur\u00f3 de los Andes, que cubre Colombia, Venezuela, Bolivia, Ecuador, Per\u00fa, Surinam y Guyana. Antes de mudarse a Am\u00e9rica del Sur, fue corresponsal de temas nacionales y cubri\u00f3 el oeste de Estados Unidos.<\/p>\n\n\n\n<p>nytimes.com 14 09 2023<\/p>\n\n\n\n<p><a href=\"https:\/\/www.nytimes.com\/es\/2023\/09\/14\/espanol\/darien-cruzar-colombia-panama.html\"> Articulo original<\/a><\/p>\n\n\n\n<p>energiesnet.com 14 09 2023<\/p>\n","protected":false},"excerpt":{"rendered":"<p>Por Julie Turkewitz. Fotograf\u00edas por Federico Rios , NYTimes A cada paso en la selva hay oportunidad de hacer dinero. El trayecto en lancha para llegar al bosque tropical: 40 d\u00f3lares. Un gu\u00eda que te lleva por la ruta peligrosa cuando empiezas a caminar: 170 d\u00f3lares. Alguien que carga tu mochila en las lomas lodosas: &hellip;<\/p>\n<p class=\"read-more\"> <a class=\"\" href=\"https:\/\/energiesnet.com\/espanol\/una-economia-bonita-la-industria-migratoria-del-darien-es-un-lucrativo-negocio-julie-turkewitz-nytimes\/\"> <span class=\"screen-reader-text\">\u2018Una econom\u00eda bonita\u2019: la industria migratoria del Dari\u00e9n es un lucrativo negocio &#8211; Julie Turkewitz\/NYTimes<\/span> Leer m\u00e1s &raquo;<\/a><\/p>\n","protected":false},"author":2,"featured_media":17773,"comment_status":"open","ping_status":"open","sticky":false,"template":"","format":"standard","meta":{"_monsterinsights_skip_tracking":false,"_monsterinsights_sitenote_active":false,"_monsterinsights_sitenote_note":"","_monsterinsights_sitenote_category":0,"site-sidebar-layout":"default","site-content-layout":"default","ast-global-header-display":"","ast-main-header-display":"","ast-hfb-above-header-display":"","ast-hfb-below-header-display":"","ast-hfb-mobile-header-display":"","site-post-title":"","ast-breadcrumbs-content":"","ast-featured-img":"","footer-sml-layout":"","theme-transparent-header-meta":"","adv-header-id-meta":"","stick-header-meta":"","header-above-stick-meta":"","header-main-stick-meta":"","header-below-stick-meta":"","footnotes":""},"categories":[41,74],"tags":[2226,209,2225,2227,2223,2224,135,888,170],"class_list":["post-17770","post","type-post","status-publish","format-standard","has-post-thumbnail","hentry","category-invitados","category-opinion-opinion-news-guyana","tag-centro-american","tag-colombia","tag-darien","tag-ee-uu-3","tag-exodo","tag-inmigrantes","tag-migrantes","tag-panama","tag-venezuela"],"aioseo_notices":[],"_links":{"self":[{"href":"https:\/\/energiesnet.com\/espanol\/wp-json\/wp\/v2\/posts\/17770","targetHints":{"allow":["GET"]}}],"collection":[{"href":"https:\/\/energiesnet.com\/espanol\/wp-json\/wp\/v2\/posts"}],"about":[{"href":"https:\/\/energiesnet.com\/espanol\/wp-json\/wp\/v2\/types\/post"}],"author":[{"embeddable":true,"href":"https:\/\/energiesnet.com\/espanol\/wp-json\/wp\/v2\/users\/2"}],"replies":[{"embeddable":true,"href":"https:\/\/energiesnet.com\/espanol\/wp-json\/wp\/v2\/comments?post=17770"}],"version-history":[{"count":0,"href":"https:\/\/energiesnet.com\/espanol\/wp-json\/wp\/v2\/posts\/17770\/revisions"}],"wp:featuredmedia":[{"embeddable":true,"href":"https:\/\/energiesnet.com\/espanol\/wp-json\/wp\/v2\/media\/17773"}],"wp:attachment":[{"href":"https:\/\/energiesnet.com\/espanol\/wp-json\/wp\/v2\/media?parent=17770"}],"wp:term":[{"taxonomy":"category","embeddable":true,"href":"https:\/\/energiesnet.com\/espanol\/wp-json\/wp\/v2\/categories?post=17770"},{"taxonomy":"post_tag","embeddable":true,"href":"https:\/\/energiesnet.com\/espanol\/wp-json\/wp\/v2\/tags?post=17770"}],"curies":[{"name":"wp","href":"https:\/\/api.w.org\/{rel}","templated":true}]}}