{"id":17793,"date":"2023-09-17T08:45:58","date_gmt":"2023-09-17T12:45:58","guid":{"rendered":"https:\/\/energiesnet.com\/espanol\/?p=17793"},"modified":"2023-09-17T08:45:58","modified_gmt":"2023-09-17T12:45:58","slug":"ucrania-condena-participacion-rusa-en-desfile-militar-de-mexico-forbes-mx","status":"publish","type":"post","link":"https:\/\/energiesnet.com\/espanol\/ucrania-condena-participacion-rusa-en-desfile-militar-de-mexico-forbes-mx\/","title":{"rendered":"Ucrania condena participaci\u00f3n rusa en desfile militar de M\u00e9xico &#8211; Forbes MX"},"content":{"rendered":"\n<ul class=\"wp-block-list\">\n<li>El desfile militar fue mancillado por un regimiento ruso, pues sus botas y manos de criminales de guerra est\u00e1n manchadas de sangre, dice embajadora de Ucrania en M\u00e9xico.<\/li>\n<\/ul>\n\n\n\n<figure class=\"wp-block-image size-full\"><img fetchpriority=\"high\" decoding=\"async\" width=\"600\" height=\"400\" src=\"https:\/\/energiesnet.com\/espanol\/wp-content\/uploads\/2023\/09\/rusos_defile_mexico_sept_2023-GobiernoMX.jpg\" alt=\"\" class=\"wp-image-17795\" srcset=\"https:\/\/energiesnet.com\/espanol\/wp-content\/uploads\/2023\/09\/rusos_defile_mexico_sept_2023-GobiernoMX.jpg 600w, https:\/\/energiesnet.com\/espanol\/wp-content\/uploads\/2023\/09\/rusos_defile_mexico_sept_2023-GobiernoMX-300x200.jpg 300w\" sizes=\"(max-width: 600px) 100vw, 600px\" \/><figcaption class=\"wp-element-caption\">tomada de twitter.com\/GobiernoMX<\/figcaption><\/figure>\n\n\n\n<p>Forbes MX       <\/p>\n\n\n\n<p>Forbes MX<\/p>\n\n\n\n<p>CIUDAD DE M\u00c9XICO<br>EnergiesNet.com 16 09 2023       <\/p>\n\n\n\n<p>La embajadora de Ucrania en M\u00e9xico, Oksana Dramaretska, reclam\u00f3 al presidente Andr\u00e9s Manuel L\u00f3pez Obrador la presencia de un contingente del Ej\u00e9rcito ruso en el desfile militar con motivo de la Independencia del pa\u00eds, en medio de la invasi\u00f3n que persiste de Rusia en territorio ucraniano desde hace a\u00f1o y medio.<\/p>\n\n\n\n<p>\u201cEl Desfile C\u00edvico Militar en CDMX, mancillado por la participaci\u00f3n de un regimiento ruso: sus botas y manos de criminales de guerra est\u00e1n manchadas de sangre\u201d, expres\u00f3 la diplom\u00e1tica en una publicaci\u00f3n en su cuenta de X (antes Twitter).<\/p>\n\n\n\n<p>Dramaretska cuestion\u00f3 a L\u00f3pez Obrador sobre la decisi\u00f3n de permitir que los soldados rusos participaran en el desfile de este 16 de septiembre.<\/p>\n\n\n\n<p>\u201c\u00bfC\u00f3mo de coherente es, se\u00f1or L\u00f3pez Obrador, su pol\u00edtica de neutralidad y su condena de la agresi\u00f3n rusa contra mi pa\u00eds?\u201d, zanj\u00f3.<\/p>\n\n\n\n<figure class=\"wp-block-image size-full\"><img decoding=\"async\" width=\"553\" height=\"440\" src=\"https:\/\/energiesnet.com\/espanol\/wp-content\/uploads\/2023\/09\/image-9.png\" alt=\"\" class=\"wp-image-17796\" srcset=\"https:\/\/energiesnet.com\/espanol\/wp-content\/uploads\/2023\/09\/image-9.png 553w, https:\/\/energiesnet.com\/espanol\/wp-content\/uploads\/2023\/09\/image-9-300x239.png 300w\" sizes=\"(max-width: 553px) 100vw, 553px\" \/><figcaption class=\"wp-element-caption\">Twitter<\/figcaption><\/figure>\n\n\n\n<p>Este s\u00e1bado, durante el desfile, participaron adem\u00e1s del contingente ruso, delegaciones de otros 19 pa\u00edses, calificados por la Secretar\u00eda de la Defensa Nacional (Sedena) como \u201camigos\u201d.<\/p>\n\n\n\n<p>Entre las naciones presentes estuvieron Belice, Brasil, Chile, China, Colombia, Corea del Sur, Cuba, Ecuador, El Salvador, Guatemala, Honduras, Nepal, Nicaragua, Panam\u00e1, Rep\u00fablica Dominicana, Rusia, Sri Lanka, Uruguay y Venezuela.<\/p>\n\n\n\n<p>Seg\u00fan la Sedena, estos contingentes \u201cenaltecieron\u201d el evento, \u201cdemostrando la hermandad que une a M\u00e9xico con los pa\u00edses de Am\u00e9rica, Europa y Asia\u201d.<\/p>\n\n\n\n<p>En febrero de 2022, Rusia comenz\u00f3 a invadir Ucrania, en un conflicto que hasta agosto pasado hab\u00eda provocado unos 10,000 civiles muertos, 16,000 heridos y m\u00e1s de 6.3 millones de ucranianos refugiados en otros pa\u00edses, seg\u00fan la Organizaci\u00f3n de las Naciones Unidas (ONU).<\/p>\n\n\n\n<p>forbes.com.mx 16 09 2023<\/p>\n","protected":false},"excerpt":{"rendered":"<p>Forbes MX Forbes MX CIUDAD DE M\u00c9XICOEnergiesNet.com 16 09 2023 La embajadora de Ucrania en M\u00e9xico, Oksana Dramaretska, reclam\u00f3 al presidente Andr\u00e9s Manuel L\u00f3pez Obrador la presencia de un contingente del Ej\u00e9rcito ruso en el desfile militar con motivo de la Independencia del pa\u00eds, en medio de la invasi\u00f3n que persiste de Rusia en territorio &hellip;<\/p>\n<p class=\"read-more\"> <a class=\"\" href=\"https:\/\/energiesnet.com\/espanol\/ucrania-condena-participacion-rusa-en-desfile-militar-de-mexico-forbes-mx\/\"> <span class=\"screen-reader-text\">Ucrania condena participaci\u00f3n rusa en desfile militar de M\u00e9xico &#8211; Forbes MX<\/span> Leer m\u00e1s &raquo;<\/a><\/p>\n","protected":false},"author":2,"featured_media":17795,"comment_status":"open","ping_status":"open","sticky":false,"template":"","format":"standard","meta":{"_monsterinsights_skip_tracking":false,"_monsterinsights_sitenote_active":false,"_monsterinsights_sitenote_note":"","_monsterinsights_sitenote_category":0,"site-sidebar-layout":"default","site-content-layout":"default","ast-global-header-display":"","ast-main-header-display":"","ast-hfb-above-header-display":"","ast-hfb-below-header-display":"","ast-hfb-mobile-header-display":"","site-post-title":"","ast-breadcrumbs-content":"","ast-featured-img":"","footer-sml-layout":"","theme-transparent-header-meta":"","adv-header-id-meta":"","stick-header-meta":"","header-above-stick-meta":"","header-main-stick-meta":"","header-below-stick-meta":"","footnotes":""},"categories":[45],"tags":[2234,2235,109,446],"class_list":["post-17793","post","type-post","status-publish","format-standard","has-post-thumbnail","hentry","category-noticias-diarias","tag-desfile-militar","tag-dia-de-la-independencia","tag-mexico","tag-rusia"],"aioseo_notices":[],"_links":{"self":[{"href":"https:\/\/energiesnet.com\/espanol\/wp-json\/wp\/v2\/posts\/17793","targetHints":{"allow":["GET"]}}],"collection":[{"href":"https:\/\/energiesnet.com\/espanol\/wp-json\/wp\/v2\/posts"}],"about":[{"href":"https:\/\/energiesnet.com\/espanol\/wp-json\/wp\/v2\/types\/post"}],"author":[{"embeddable":true,"href":"https:\/\/energiesnet.com\/espanol\/wp-json\/wp\/v2\/users\/2"}],"replies":[{"embeddable":true,"href":"https:\/\/energiesnet.com\/espanol\/wp-json\/wp\/v2\/comments?post=17793"}],"version-history":[{"count":0,"href":"https:\/\/energiesnet.com\/espanol\/wp-json\/wp\/v2\/posts\/17793\/revisions"}],"wp:featuredmedia":[{"embeddable":true,"href":"https:\/\/energiesnet.com\/espanol\/wp-json\/wp\/v2\/media\/17795"}],"wp:attachment":[{"href":"https:\/\/energiesnet.com\/espanol\/wp-json\/wp\/v2\/media?parent=17793"}],"wp:term":[{"taxonomy":"category","embeddable":true,"href":"https:\/\/energiesnet.com\/espanol\/wp-json\/wp\/v2\/categories?post=17793"},{"taxonomy":"post_tag","embeddable":true,"href":"https:\/\/energiesnet.com\/espanol\/wp-json\/wp\/v2\/tags?post=17793"}],"curies":[{"name":"wp","href":"https:\/\/api.w.org\/{rel}","templated":true}]}}