{"id":18259,"date":"2023-10-15T12:51:24","date_gmt":"2023-10-15T16:51:24","guid":{"rendered":"https:\/\/energiesnet.com\/espanol\/?p=18259"},"modified":"2023-10-15T12:51:58","modified_gmt":"2023-10-15T16:51:58","slug":"dialogo-con-altos-mandos-del-ejercito-mexicano-ruben-aguilar-valenzuela","status":"publish","type":"post","link":"https:\/\/energiesnet.com\/espanol\/dialogo-con-altos-mandos-del-ejercito-mexicano-ruben-aguilar-valenzuela\/","title":{"rendered":"Di\u00e1logo con altos mandos del Ej\u00e9rcito mexicano &#8211; Rub\u00e9n Aguilar Valenzuela"},"content":{"rendered":"\n<figure class=\"wp-block-image size-full is-resized\"><img fetchpriority=\"high\" decoding=\"async\" src=\"https:\/\/energiesnet.com\/espanol\/wp-content\/uploads\/2023\/10\/illustracion_psatricio_betteo-nexos.jpg\" alt=\"\" class=\"wp-image-18260\" style=\"width:600px;height:400px\" width=\"600\" height=\"400\" srcset=\"https:\/\/energiesnet.com\/espanol\/wp-content\/uploads\/2023\/10\/illustracion_psatricio_betteo-nexos.jpg 600w, https:\/\/energiesnet.com\/espanol\/wp-content\/uploads\/2023\/10\/illustracion_psatricio_betteo-nexos-300x200.jpg 300w\" sizes=\"(max-width: 600px) 100vw, 600px\" \/><figcaption class=\"wp-element-caption\">(Ilustraci\u00f3n: Patricio Beteo) <\/figcaption><\/figure>\n\n\n\n<p>Por Rub\u00e9n Aguilar Valenzuela  <\/p>\n\n\n\n<p>En los \u00faltimos meses he tenido la oportunidad y el privilegio de platicar con altos mandos del Ej\u00e9rcito en activo y en retiro. Ellos manifiestan su preocupaci\u00f3n sobre la marcha del pa\u00eds; ven graves regresiones democr\u00e1ticas y no est\u00e1n de acuerdo en c\u00f3mo se conduce y desempe\u00f1a la Secretar\u00eda de la Defensa (Sedena). En estas conversaciones surgieron cuatro grandes temas:           <\/p>\n\n\n\n<p><strong><em>1. El Ej\u00e9rcito distorsionado<\/em> <\/strong>\u2014 Estos militares consideran que en la actual gesti\u00f3n de la Sedena el Ej\u00e9rcito se ha \u201cdistorsionado\u201d o \u201cdeformado\u201d, como resultado de la decisi\u00f3n y acci\u00f3n conjunta del Comandante en Jefe y el secretario de la Defensa. Ya no es lo que era, tanto en su concepci\u00f3n como en su accionar. \u00a0<\/p>\n\n\n\n<p>El Ej\u00e9rcito, comentan, ya no es una instituci\u00f3n del Estado con una misi\u00f3n y responsabilidad \u00fanica, sino que se ha convertido en una dependencia administrativa, como otras dentro del gobierno. Por lo mismo, el Ej\u00e9rcito ha perdido el centro de su misi\u00f3n hist\u00f3rica y la raz\u00f3n para lo que fue creado, que es la garant\u00eda de la seguridad nacional, la defensa de la Constituci\u00f3n y la democracia. Su identidad hist\u00f3rica se ha \u201cdistorsionado\u201d.<\/p>\n\n\n\n<p>A partir de esa \u201cdistorsi\u00f3n\u201d, el Ej\u00e9rcito asume una serie de responsabilidades y actividades, que lo convierten en una instituci\u00f3n \u201cmil usos\u201d, al servicio discrecional del Comandante en Jefe. Su misi\u00f3n se ha desdibujado y ahora hace de todo y tiene asignadas m\u00e1s de 250 tareas. &nbsp;Ha perdido identidad y rumbo.<\/p>\n\n\n\n<p>Ahora, dicen, la Sedena es una oficina de la presidencia de la Rep\u00fablica, bajo el mando directo, no del secretario de la Defensa, sino del Comandante en Jefe, quien la utiliza como m\u00e1s le conviene en el marco de sus planes y proyectos personales. En los hechos su nueva concepci\u00f3n e identidad es la de una supersecretar\u00eda a disposici\u00f3n del presidente. El secretario de la Sedena es solo un operador de su superior jer\u00e1rquico: el general de cinco estrellas. &nbsp;<\/p>\n\n\n\n<p><strong><em>2. El Ej\u00e9rcito en la elecci\u00f3n de 2024<\/em> <\/strong>\u2014 En estos tiempos con frecuencia se pregunta a los altos mandos en activo y retiro: \u00bfqu\u00e9 har\u00e1 el Ej\u00e9rcito si el presidente desconoce y rechaza los resultados electorales en 2024? Ellos son conscientes que es muy posible que el presidente, en caso de que su candidata sea derrotada, no reconozca el resultado. Hay una historia que as\u00ed lo se\u00f1ala. \u00a0 \u00a0<\/p>\n\n\n\n<p>Los altos mandos con los que platiqu\u00e9 me leyeron el art\u00edculo 177 del Reglamento del Ceremonial Militar que dice: \u201cLos Generales, Jefes y Oficiales, al ser designados a ocupar un cargo, rendir\u00e1n la protesta de desempe\u00f1arlo leal y patri\u00f3ticamente, as\u00ed como guardar y hacer guardar la Constituci\u00f3n Pol\u00edtica de los Estados Unidos Mexicanos y las leyes que de ella emanen, antes de tomar el cargo en presencia de la autoridad nombrada para darles posesi\u00f3n y del personal que vaya a quedar bajo su mando (\u2026)\u201d.<\/p>\n\n\n\n<p>Sostienen que en el Ej\u00e9rcito hay una cultura institucional que asume como uno de sus m\u00e1s grandes valores el cumplimiento y defensa de la Constituci\u00f3n. Los militares han sido formados en la l\u00f3gica de que el Ej\u00e9rcito es el \u00faltimo baluarte en la defensa y sost\u00e9n de la democracia. En su versi\u00f3n, incluso el actual secretario de la Defensa, que consideran est\u00e1 muy ligado al presidente (cosa que no ven bien), no se sumar\u00eda al intento de desconocer la elecci\u00f3n.<\/p>\n\n\n\n<p>El problema, seg\u00fan estos militares, no est\u00e1 en el Ej\u00e9rcito sino en el Tribunal Electoral del Poder Judicial de la Federaci\u00f3n (TEPJF). El Ej\u00e9rcito va a asumir la posici\u00f3n que adopte este \u00f3rgano del Estado mexicano. Si la oposici\u00f3n triunfa de manera clara, pero el TEPJF \u2014objeto de diverso tipo de presiones\u2014 decide ilegalmente otra cosa, el Ej\u00e9rcito no tendr\u00e1 una posici\u00f3n distinta a la de esa instituci\u00f3n.<\/p>\n\n\n\n<p>Por eso mismo, dicen, es importante que el conjunto de la sociedad civil y las fuerzas de la oposici\u00f3n est\u00e9n atentos y vigilantes del accionar del TEPJF. Estos militares, que est\u00e1n al d\u00eda y tienen un amplio conocimiento de lo que pasa en M\u00e9xico y el mundo, saben de la postura institucional que tomaron los Ej\u00e9rcitos de Estados Unidos y Brasil, cuando Trump y Bolsonaro solicitaron su apoyo para desconocer el resultado de las elecciones en las que perdieron la reelecci\u00f3n.<\/p>\n\n\n\n<p><strong><em>3. El Ej\u00e9rcito en las tareas de los civiles<\/em> <\/strong>\u2014 Los altos mandos con los que platiqu\u00e9 no est\u00e1n de acuerdo con que militares en activo asuman cargos en la administraci\u00f3n p\u00fablica para hacerse cargos de tareas que no le corresponde al Ej\u00e9rcito y que deber\u00edan estar en manos de civiles. En su visi\u00f3n, el presidente ha \u201cutilizado\u201d a los militares para poder sacar sus proyectos \u201cestrella\u201d.<\/p>\n\n\n\n<p>La gran cantidad de tareas que ahora realiza el Ej\u00e9rcito \u2014desde construir bancos, aeropuertos y v\u00edas f\u00e9rreas hasta administrar aeropuertos, aduanas y centros de migraci\u00f3n\u2014 distorsiona las funciones propias del instituto armado, pues lo desv\u00edan de la misi\u00f3n que le se\u00f1ala la Constituci\u00f3n y la Ley Org\u00e1nica del Ej\u00e9rcito y Fuerza A\u00e9rea Mexicanos.<\/p>\n\n\n\n<p>Tampoco est\u00e1n de acuerdo en que el Ej\u00e9rcito se meta en los negocios privados. Ellos, hombres informados, conocen muy bien la historia de los Ej\u00e9rcitos de Centroam\u00e9rica y de Sudam\u00e9rica que est\u00e1n metidos en negocios. La corrupci\u00f3n campea y M\u00e9xico no es la excepci\u00f3n.<\/p>\n\n\n\n<p>La corrupci\u00f3n es el mayor enemigo que puede tener el Ej\u00e9rcito. Eso lo destruye. Los militares deben mantenerse alejados, al margen, de actividades que puedan prestarse a la corrupci\u00f3n. Los negocios propios abren el espacio para que esto se pueda dar. Hablan de datos que demuestra ya se est\u00e1 dando.<\/p>\n\n\n\n<p><strong><em>4. El presidente deprecia al Ej\u00e9rcito<\/em> <\/strong>\u2014 Los altos mandos con los que convers\u00e9 coinciden en se\u00f1alar que el presidente \u201cdesprecia\u201d al Ej\u00e9rcito. A lo largo de toda su vida pol\u00edtica siempre tuvo una posici\u00f3n en contra del Ej\u00e9rcito y sus integrantes, a quienes criticaba, descalificaba e incluso agred\u00eda. Est\u00e1n seguros esta sigue siendo su posici\u00f3n.<\/p>\n\n\n\n<p>Ya en el poder supuestamente el presidente cambi\u00f3, pero es solo para aprovecharse del Ej\u00e9rcito y de su capacidad para hacer las obras que se hab\u00eda propuesto. Una vez que hab\u00eda ganado la presidencia vio que era la \u00fanica instituci\u00f3n del Estado que por su disciplina y capacidad podr\u00eda sacar adelante lo que se propon\u00eda. El presidente, dicen, usa al Ej\u00e9rcito y se aprovecha de \u00e9l.<\/p>\n\n\n\n<p>Estos militares en activo y en retiro piensan que, para revertir lo ahora \u201cdistorsionado\u201d o \u201cdeformado\u201d del Ej\u00e9rcito, es necesaria la llegada de quien sea que vaya a ser la nueva presidenta de M\u00e9xico. Ellos mencionan nombre de generales de divisi\u00f3n, para ocupar el cargo de secretario de Defensa, que piensan como ellos, y que ya en el cargo pronto podr\u00edan devolver al Ej\u00e9rcito su identidad perdida.<\/p>\n\n\n\n<p>_______________________________________________<\/p>\n\n\n\n<p><em><strong>Rub\u00e9n Aguilar Valenzuela<\/strong><\/em>, Socio fundador de Afan Consultores Internacionales, S.C. Doctor en Ciencias Sociales. Profesor en el Departamento de Comunicaciones y Ciencias Pol\u00edticas de la Universidad Iberoamericana. Articulista en diversos peri\u00f3dicos y revistas. Fue Fundador y director de la Agencia Salpress del FMLN, el Salvador. coordinador de la Secretar\u00eda Particular de la presidencia de Fox (2002-2004) y portavoz del gobierno (2004-2006). Sus \u00faltimos libros en conjunto con Jorge Casta\u00f1eda son: La Diferencia: Radiograf\u00eda de un sexenio (2007) y El Narco: La Guerra Fallida (2009). Twitter:&nbsp;<a href=\"https:\/\/twitter.com\/RubenAguilar\">@RubenAguilar,&nbsp;<\/a><a href=\"http:\/\/miscuadernos.com.mx.\/\">ruben@miscuadernos.com.mx<\/a>. Los puntos de vista expresados no necesariamente son los de EnergiesNet.<\/p>\n\n\n\n<p>Nota del editor: Este art\u00edculo fue publicado originalmente por Nexos,  el 10 de octubre de 2023. Todos los comentarios enviados y publicados en EnergiesNet no reflejan ni a favor ni en contra de la opini\u00f3n expresada en el comentario como un respaldo de EnergiesNet o Petroleumworld.<\/p>\n\n\n\n<p>EnergiesNet alienta a las personas a reproducir, reimprimir, y divulgar a trav\u00e9s de los medios audiovisuales e Internet, los comentarios editoriales y de opini\u00f3n de EnergiesNet, siempre y cuando esa reproducci\u00f3n identifique, a el autor, y la fuente original, http:\/\/www.energiesnet.com y se haga dentro de el uso normal (fair use) de la doctrina de la secci\u00f3n 107 de la Ley de derechos de autor de los Estados Unidos de Norteam\u00e9rica (US Copyright).<\/p>\n\n\n\n<p>EnergiesNet.com 01 16 2023<\/p>\n","protected":false},"excerpt":{"rendered":"<p>Por Rub\u00e9n Aguilar Valenzuela En los \u00faltimos meses he tenido la oportunidad y el privilegio de platicar con altos mandos del Ej\u00e9rcito en activo y en retiro. Ellos manifiestan su preocupaci\u00f3n sobre la marcha del pa\u00eds; ven graves regresiones democr\u00e1ticas y no est\u00e1n de acuerdo en c\u00f3mo se conduce y desempe\u00f1a la Secretar\u00eda de la &hellip;<\/p>\n<p class=\"read-more\"> <a class=\"\" href=\"https:\/\/energiesnet.com\/espanol\/dialogo-con-altos-mandos-del-ejercito-mexicano-ruben-aguilar-valenzuela\/\"> <span class=\"screen-reader-text\">Di\u00e1logo con altos mandos del Ej\u00e9rcito mexicano &#8211; Rub\u00e9n Aguilar Valenzuela<\/span> Leer m\u00e1s &raquo;<\/a><\/p>\n","protected":false},"author":2,"featured_media":18260,"comment_status":"open","ping_status":"open","sticky":false,"template":"","format":"standard","meta":{"_monsterinsights_skip_tracking":false,"_monsterinsights_sitenote_active":false,"_monsterinsights_sitenote_note":"","_monsterinsights_sitenote_category":0,"site-sidebar-layout":"default","site-content-layout":"default","ast-global-header-display":"","ast-main-header-display":"","ast-hfb-above-header-display":"","ast-hfb-below-header-display":"","ast-hfb-mobile-header-display":"","site-post-title":"","ast-breadcrumbs-content":"","ast-featured-img":"","footer-sml-layout":"","theme-transparent-header-meta":"","adv-header-id-meta":"","stick-header-meta":"","header-above-stick-meta":"","header-main-stick-meta":"","header-below-stick-meta":"","footnotes":""},"categories":[41,74],"tags":[496,2443,109,2441],"class_list":["post-18259","post","type-post","status-publish","format-standard","has-post-thumbnail","hentry","category-invitados","category-opinion-opinion-news-guyana","tag-ejercito","tag-ejercito-distorcionado","tag-mexico","tag-tareas-civiles"],"aioseo_notices":[],"_links":{"self":[{"href":"https:\/\/energiesnet.com\/espanol\/wp-json\/wp\/v2\/posts\/18259","targetHints":{"allow":["GET"]}}],"collection":[{"href":"https:\/\/energiesnet.com\/espanol\/wp-json\/wp\/v2\/posts"}],"about":[{"href":"https:\/\/energiesnet.com\/espanol\/wp-json\/wp\/v2\/types\/post"}],"author":[{"embeddable":true,"href":"https:\/\/energiesnet.com\/espanol\/wp-json\/wp\/v2\/users\/2"}],"replies":[{"embeddable":true,"href":"https:\/\/energiesnet.com\/espanol\/wp-json\/wp\/v2\/comments?post=18259"}],"version-history":[{"count":0,"href":"https:\/\/energiesnet.com\/espanol\/wp-json\/wp\/v2\/posts\/18259\/revisions"}],"wp:featuredmedia":[{"embeddable":true,"href":"https:\/\/energiesnet.com\/espanol\/wp-json\/wp\/v2\/media\/18260"}],"wp:attachment":[{"href":"https:\/\/energiesnet.com\/espanol\/wp-json\/wp\/v2\/media?parent=18259"}],"wp:term":[{"taxonomy":"category","embeddable":true,"href":"https:\/\/energiesnet.com\/espanol\/wp-json\/wp\/v2\/categories?post=18259"},{"taxonomy":"post_tag","embeddable":true,"href":"https:\/\/energiesnet.com\/espanol\/wp-json\/wp\/v2\/tags?post=18259"}],"curies":[{"name":"wp","href":"https:\/\/api.w.org\/{rel}","templated":true}]}}