{"id":18335,"date":"2023-10-19T16:13:40","date_gmt":"2023-10-19T20:13:40","guid":{"rendered":"https:\/\/energiesnet.com\/espanol\/?p=18335"},"modified":"2023-10-19T16:13:42","modified_gmt":"2023-10-19T20:13:42","slug":"ecuador-declara-emergencia-electrica-luego-de-que-colombia-restringiera-la-venta-de-energia-bloomberg-linea","status":"publish","type":"post","link":"https:\/\/energiesnet.com\/espanol\/ecuador-declara-emergencia-electrica-luego-de-que-colombia-restringiera-la-venta-de-energia-bloomberg-linea\/","title":{"rendered":"Ecuador declara emergencia el\u00e9ctrica, luego de que Colombia restringiera la venta de energ\u00eda &#8211; Bloomberg L\u00ednea"},"content":{"rendered":"\n<figure class=\"wp-block-image size-full\"><img fetchpriority=\"high\" decoding=\"async\" width=\"600\" height=\"400\" src=\"https:\/\/energiesnet.com\/espanol\/wp-content\/uploads\/2023\/10\/transmision_torres_electricidad_gobEcuador.jpg\" alt=\"\" class=\"wp-image-18336\" srcset=\"https:\/\/energiesnet.com\/espanol\/wp-content\/uploads\/2023\/10\/transmision_torres_electricidad_gobEcuador.jpg 600w, https:\/\/energiesnet.com\/espanol\/wp-content\/uploads\/2023\/10\/transmision_torres_electricidad_gobEcuador-300x200.jpg 300w\" sizes=\"(max-width: 600px) 100vw, 600px\" \/><figcaption class=\"wp-element-caption\">Fen\u00f3meno El Ni\u00f1o: Ecuador declar\u00f3 emergencia el\u00e9ctrica para acelerar contrataciones.  El Ministerio de Energ\u00eda y Minas anunci\u00f3 la adopci\u00f3n de medidas extraordinarias ante la ausencia de lluvias en la zona occidental del pa\u00eds y la decisi\u00f3n del pa\u00eds vecino (Gobierno de Ecuador)<\/figcaption><\/figure>\n\n\n\n<p class=\"wp-block-paragraph\">Juan Pablo \u00c1lvarez, Bloomberg L\u00ednea       <\/p>\n\n\n\n<p class=\"wp-block-paragraph\">QUITO        <br>EnergiesNet.com 19 10 2023        <\/p>\n\n\n\n<p class=\"wp-block-paragraph\">El Gobierno ecuatoriano declar\u00f3 la emergencia en el sector el\u00e9ctrico en el marco de la ausencia de lluvias en la zona occidental del pa\u00eds, producto del impacto del Fen\u00f3meno de El Ni\u00f1o. As\u00ed lo comunic\u00f3 hoy, desde sus redes, el Ministerio de Energ\u00eda y Minas que conduce Fernando Santos Alvite.<\/p>\n\n\n\n<p class=\"wp-block-paragraph\">La administraci\u00f3n Lasso tom\u00f3 la decisi\u00f3n para \u201cprecautelar que el suministro el\u00e9ctrico se mantenga estable en todo el territorio nacional\u201d. Seg\u00fan el comunicado oficial, \u201cel objetivo es acelerar procesos de contrataci\u00f3n de energ\u00eda y optimizar los recursos de las empresas el\u00e9ctricas del pa\u00eds\u201d.<\/p>\n\n\n\n<p class=\"wp-block-paragraph\">La decisi\u00f3n llega adem\u00e1s en un momento en que Colombia restringi\u00f3 la venta de energ\u00eda a Ecuador debido a que las hidroel\u00e9ctricas colombianas est\u00e1n por debajo de su capacidad.<\/p>\n\n\n\n<p class=\"wp-block-paragraph\"><\/p>\n\n\n\n<p class=\"has-medium-font-size wp-block-paragraph\"><strong>La situaci\u00f3n<\/strong><\/p>\n\n\n\n<p class=\"wp-block-paragraph\"><\/p>\n\n\n\n<p class=\"wp-block-paragraph\">\u201cActualmente, el Ecuador enfrenta bajos caudales en los afluentes en la zona amaz\u00f3nica, y un retraso de las lluvias en la zona occidental, por el impacto del Fen\u00f3meno de El Ni\u00f1o. Existe limitaci\u00f3n en la venta de energ\u00eda por parte de Colombia y un considerable incremento en su costo\u201d, se\u00f1ala el comunicado oficial.<\/p>\n\n\n\n<p class=\"wp-block-paragraph\">Tambi\u00e9n en esta edici\u00f3n: Softbank est\u00e1 vendiendo participaciones en Am\u00e9rica Latina por primera vez | Lula pide a Argentina para los BRICS | El gusto de la Generaci\u00f3n Z por la m\u00fasica triste<\/p>\n\n\n\n<p class=\"wp-block-paragraph\">Por otro lado, las fuentes oficiales informaron que Ecuador registra un \u201cinusitado\u201d icnremento en la demanda el\u00e9ctrica.<\/p>\n\n\n\n<figure class=\"wp-block-image size-full\"><img decoding=\"async\" width=\"436\" height=\"642\" src=\"https:\/\/energiesnet.com\/espanol\/wp-content\/uploads\/2023\/10\/image-33.png\" alt=\"\" class=\"wp-image-18337\" srcset=\"https:\/\/energiesnet.com\/espanol\/wp-content\/uploads\/2023\/10\/image-33.png 436w, https:\/\/energiesnet.com\/espanol\/wp-content\/uploads\/2023\/10\/image-33-204x300.png 204w\" sizes=\"(max-width: 436px) 100vw, 436px\" \/><\/figure>\n\n\n\n<p class=\"has-medium-font-size wp-block-paragraph\"><strong>\u00bfQu\u00e9 se busca lograr con la emergencia?<\/strong><\/p>\n\n\n\n<p class=\"wp-block-paragraph\"><\/p>\n\n\n\n<p class=\"wp-block-paragraph\">Seg\u00fan explic\u00f3 el Ministerio de Energ\u00eda y Minas, con la declaraci\u00f3n de emergencia se aceleran los procesos de contrataci\u00f3n de energ\u00eda, para abastecer de \u201cforma suficiente y oportuna\u201d el servicio el\u00e9ctrico en todo el pa\u00eds. La declaraci\u00f3n tambi\u00e9n permite disponer a la Empresa El\u00e9ctrica Quito, en conjunto con las empresas distribuidoras, la generaci\u00f3n adicional de energ\u00eda bajo un procedimiento \u201c\u00e1gil\u201d y \u201ctransparente\u201d.<\/p>\n\n\n\n<p class=\"wp-block-paragraph\">\u201cEl Acuerdo Ministerial ordena iniciar inmediatamente la repotenciaci\u00f3n de la Central Termog\u00e1s Machala, con el objetivo de maximizar la capacidad la operaci\u00f3n\u201d.<\/p>\n\n\n\n<p class=\"wp-block-paragraph\">bloomberglinea.com 19 10 2023<\/p>\n","protected":false},"excerpt":{"rendered":"<p>Juan Pablo \u00c1lvarez, Bloomberg L\u00ednea QUITO EnergiesNet.com 19 10 2023 El Gobierno ecuatoriano declar\u00f3 la emergencia en el sector el\u00e9ctrico en el marco de la ausencia de lluvias en la zona occidental del pa\u00eds, producto del impacto del Fen\u00f3meno de El Ni\u00f1o. As\u00ed lo comunic\u00f3 hoy, desde sus redes, el Ministerio de Energ\u00eda y Minas &hellip;<\/p>\n<p class=\"read-more\"> <a class=\"\" href=\"https:\/\/energiesnet.com\/espanol\/ecuador-declara-emergencia-electrica-luego-de-que-colombia-restringiera-la-venta-de-energia-bloomberg-linea\/\"> <span class=\"screen-reader-text\">Ecuador declara emergencia el\u00e9ctrica, luego de que Colombia restringiera la venta de energ\u00eda &#8211; Bloomberg L\u00ednea<\/span> Leer m\u00e1s &raquo;<\/a><\/p>\n","protected":false},"author":2,"featured_media":18336,"comment_status":"open","ping_status":"open","sticky":false,"template":"","format":"standard","meta":{"_monsterinsights_skip_tracking":false,"site-sidebar-layout":"default","site-content-layout":"default","ast-global-header-display":"","ast-main-header-display":"","ast-hfb-above-header-display":"","ast-hfb-below-header-display":"","ast-hfb-mobile-header-display":"","site-post-title":"","ast-breadcrumbs-content":"","ast-featured-img":"","footer-sml-layout":"","theme-transparent-header-meta":"","adv-header-id-meta":"","stick-header-meta":"","header-above-stick-meta":"","header-main-stick-meta":"","header-below-stick-meta":"","footnotes":""},"categories":[30],"tags":[2484,2485,103,2487],"class_list":["post-18335","post","type-post","status-publish","format-standard","has-post-thumbnail","hentry","category-top-news","tag-ecuador_emergencia","tag-electirca","tag-energia","tag-energiaelectrica"],"aioseo_notices":[],"aioseo_head":"\n\t\t<!-- All in One SEO 5.0.1.1 - aioseo.com -->\n\t<meta name=\"description\" content=\"Juan Pablo \u00c1lvarez, Bloomberg L\u00ednea QUITO EnergiesNet.com 19 10 2023 El Gobierno ecuatoriano declar\u00f3 la emergencia en el sector el\u00e9ctrico en el marco de la ausencia de lluvias en la zona occidental del pa\u00eds, producto del impacto del Fen\u00f3meno de El Ni\u00f1o. As\u00ed lo comunic\u00f3 hoy, desde sus redes, el Ministerio de Energ\u00eda y Minas\" \/>\n\t<meta name=\"robots\" content=\"max-image-preview:large\" \/>\n\t<meta name=\"author\" content=\"EnergiesNet\"\/>\n\t<link rel=\"canonical\" href=\"https:\/\/energiesnet.com\/espanol\/ecuador-declara-emergencia-electrica-luego-de-que-colombia-restringiera-la-venta-de-energia-bloomberg-linea\/\" \/>\n\t<meta name=\"generator\" content=\"All in One SEO (AIOSEO) 5.0.1.1\" \/>\n\t\t<meta property=\"og:locale\" content=\"es_ES\" \/>\n\t\t<meta property=\"og:site_name\" content=\"EnergiestNet - Latin America Energy, Oil ,  Gas &amp; Renewals\" \/>\n\t\t<meta property=\"og:type\" content=\"article\" \/>\n\t\t<meta property=\"og:title\" content=\"Ecuador declara emergencia el\u00e9ctrica, luego de que Colombia restringiera la venta de energ\u00eda \u2013 Bloomberg L\u00ednea - EnergiestNet\" \/>\n\t\t<meta property=\"og:description\" content=\"Juan Pablo \u00c1lvarez, Bloomberg L\u00ednea QUITO EnergiesNet.com 19 10 2023 El Gobierno ecuatoriano declar\u00f3 la emergencia en el sector el\u00e9ctrico en el marco de la ausencia de lluvias en la zona occidental del pa\u00eds, producto del impacto del Fen\u00f3meno de El Ni\u00f1o. As\u00ed lo comunic\u00f3 hoy, desde sus redes, el Ministerio de Energ\u00eda y Minas\" \/>\n\t\t<meta property=\"og:url\" content=\"https:\/\/energiesnet.com\/espanol\/ecuador-declara-emergencia-electrica-luego-de-que-colombia-restringiera-la-venta-de-energia-bloomberg-linea\/\" \/>\n\t\t<meta property=\"og:image\" content=\"https:\/\/energiesnet.com\/espanol\" \/>\n\t\t<meta property=\"og:image:secure_url\" content=\"https:\/\/energiesnet.com\/espanol\" \/>\n\t\t<meta property=\"article:published_time\" content=\"2023-10-19T20:13:40+00:00\" \/>\n\t\t<meta property=\"article:modified_time\" content=\"2023-10-19T20:13:42+00:00\" \/>\n\t\t<meta property=\"article:publisher\" content=\"https:\/\/www.facebook.com\/\/EnergiesNet\" \/>\n\t\t<meta name=\"twitter:card\" content=\"summary_large_image\" \/>\n\t\t<meta name=\"twitter:site\" content=\"@EnergiesNet1\" \/>\n\t\t<meta name=\"twitter:title\" content=\"Ecuador declara emergencia el\u00e9ctrica, luego de que Colombia restringiera la venta de energ\u00eda \u2013 Bloomberg L\u00ednea - EnergiestNet\" \/>\n\t\t<meta name=\"twitter:description\" content=\"Juan Pablo \u00c1lvarez, Bloomberg L\u00ednea QUITO EnergiesNet.com 19 10 2023 El Gobierno ecuatoriano declar\u00f3 la emergencia en el sector el\u00e9ctrico en el marco de la ausencia de lluvias en la zona occidental del pa\u00eds, producto del impacto del Fen\u00f3meno de El Ni\u00f1o. As\u00ed lo comunic\u00f3 hoy, desde sus redes, el Ministerio de Energ\u00eda y Minas\" \/>\n\t\t<meta name=\"twitter:creator\" content=\"@EnergiesNet1\" \/>\n\t\t<meta name=\"twitter:image\" content=\"https:\/\/energiesnet.com\/espanol\" \/>\n\t\t<script type=\"application\/ld+json\" class=\"aioseo-schema\">\n\t\t\t{\"@context\":\"https:\\\/\\\/schema.org\",\"@graph\":[{\"@type\":\"BlogPosting\",\"@id\":\"https:\\\/\\\/energiesnet.com\\\/espanol\\\/ecuador-declara-emergencia-electrica-luego-de-que-colombia-restringiera-la-venta-de-energia-bloomberg-linea\\\/#blogposting\",\"name\":\"Ecuador declara emergencia el\\u00e9ctrica, luego de que Colombia restringiera la venta de energ\\u00eda \\u2013 Bloomberg L\\u00ednea - EnergiestNet\",\"headline\":\"Ecuador declara emergencia el\\u00e9ctrica, luego de que Colombia restringiera la venta de energ\\u00eda &#8211; Bloomberg L\\u00ednea\",\"author\":{\"@id\":\"https:\\\/\\\/energiesnet.com\\\/espanol\\\/author\\\/elioohep\\\/#author\"},\"publisher\":{\"@id\":\"https:\\\/\\\/energiesnet.com\\\/espanol\\\/#organization\"},\"image\":{\"@type\":\"ImageObject\",\"url\":\"https:\\\/\\\/energiesnet.com\\\/espanol\\\/wp-content\\\/uploads\\\/2023\\\/10\\\/transmision_torres_electricidad_gobEcuador.jpg\",\"width\":600,\"height\":400},\"datePublished\":\"2023-10-19T16:13:40-04:00\",\"dateModified\":\"2023-10-19T16:13:42-04:00\",\"inLanguage\":\"es-ES\",\"mainEntityOfPage\":{\"@id\":\"https:\\\/\\\/energiesnet.com\\\/espanol\\\/ecuador-declara-emergencia-electrica-luego-de-que-colombia-restringiera-la-venta-de-energia-bloomberg-linea\\\/#webpage\"},\"isPartOf\":{\"@id\":\"https:\\\/\\\/energiesnet.com\\\/espanol\\\/ecuador-declara-emergencia-electrica-luego-de-que-colombia-restringiera-la-venta-de-energia-bloomberg-linea\\\/#webpage\"},\"articleSection\":\"La Noticia, Ecuador_Emergencia, electirca, energia, energiaelectrica\"},{\"@type\":\"BreadcrumbList\",\"@id\":\"https:\\\/\\\/energiesnet.com\\\/espanol\\\/ecuador-declara-emergencia-electrica-luego-de-que-colombia-restringiera-la-venta-de-energia-bloomberg-linea\\\/#breadcrumblist\",\"itemListElement\":[{\"@type\":\"ListItem\",\"@id\":\"https:\\\/\\\/energiesnet.com\\\/espanol#listItem\",\"position\":1,\"name\":\"Inicio\",\"item\":\"https:\\\/\\\/energiesnet.com\\\/espanol\",\"nextItem\":{\"@type\":\"ListItem\",\"@id\":\"https:\\\/\\\/energiesnet.com\\\/espanol\\\/category\\\/top-news\\\/#listItem\",\"name\":\"La Noticia\"}},{\"@type\":\"ListItem\",\"@id\":\"https:\\\/\\\/energiesnet.com\\\/espanol\\\/category\\\/top-news\\\/#listItem\",\"position\":2,\"name\":\"La Noticia\",\"item\":\"https:\\\/\\\/energiesnet.com\\\/espanol\\\/category\\\/top-news\\\/\",\"nextItem\":{\"@type\":\"ListItem\",\"@id\":\"https:\\\/\\\/energiesnet.com\\\/espanol\\\/ecuador-declara-emergencia-electrica-luego-de-que-colombia-restringiera-la-venta-de-energia-bloomberg-linea\\\/#listItem\",\"name\":\"Ecuador declara emergencia el\\u00e9ctrica, luego de que Colombia restringiera la venta de energ\\u00eda &#8211; Bloomberg L\\u00ednea\"},\"previousItem\":{\"@type\":\"ListItem\",\"@id\":\"https:\\\/\\\/energiesnet.com\\\/espanol#listItem\",\"name\":\"Inicio\"}},{\"@type\":\"ListItem\",\"@id\":\"https:\\\/\\\/energiesnet.com\\\/espanol\\\/ecuador-declara-emergencia-electrica-luego-de-que-colombia-restringiera-la-venta-de-energia-bloomberg-linea\\\/#listItem\",\"position\":3,\"name\":\"Ecuador declara emergencia el\\u00e9ctrica, luego de que Colombia restringiera la venta de energ\\u00eda &#8211; Bloomberg L\\u00ednea\",\"previousItem\":{\"@type\":\"ListItem\",\"@id\":\"https:\\\/\\\/energiesnet.com\\\/espanol\\\/category\\\/top-news\\\/#listItem\",\"name\":\"La Noticia\"}}]},{\"@type\":\"Organization\",\"@id\":\"https:\\\/\\\/energiesnet.com\\\/espanol\\\/#organization\",\"name\":\"EnergiestNet\",\"description\":\"Latin America Energy, Oil ,  Gas & Renewals\",\"url\":\"https:\\\/\\\/energiesnet.com\\\/espanol\\\/\",\"telephone\":\"+584142763041\",\"logo\":{\"@type\":\"ImageObject\",\"url\":\"https:\\\/\\\/energiesnet.com\\\/espanol\\\/wp-content\\\/uploads\\\/2022\\\/12\\\/EnergiesNet-Logo-200.jpg\",\"@id\":\"https:\\\/\\\/energiesnet.com\\\/espanol\\\/ecuador-declara-emergencia-electrica-luego-de-que-colombia-restringiera-la-venta-de-energia-bloomberg-linea\\\/#organizationLogo\",\"width\":200,\"height\":220},\"image\":{\"@id\":\"https:\\\/\\\/energiesnet.com\\\/espanol\\\/ecuador-declara-emergencia-electrica-luego-de-que-colombia-restringiera-la-venta-de-energia-bloomberg-linea\\\/#organizationLogo\"},\"sameAs\":[\"https:\\\/\\\/www.facebook.com\\\/\\\/EnergiesNet\",\"https:\\\/\\\/twitter.com\\\/EnergiesNet1\",\"https:\\\/\\\/www.instagram.com\\\/energiesnet\\\/\",\"https:\\\/\\\/linkedin.com\\\/in\\\/elio-ohep-a465b78\"]},{\"@type\":\"Person\",\"@id\":\"https:\\\/\\\/energiesnet.com\\\/espanol\\\/author\\\/elioohep\\\/#author\",\"url\":\"https:\\\/\\\/energiesnet.com\\\/espanol\\\/author\\\/elioohep\\\/\",\"name\":\"EnergiesNet\",\"image\":{\"@type\":\"ImageObject\",\"@id\":\"https:\\\/\\\/energiesnet.com\\\/espanol\\\/ecuador-declara-emergencia-electrica-luego-de-que-colombia-restringiera-la-venta-de-energia-bloomberg-linea\\\/#authorImage\",\"url\":\"https:\\\/\\\/secure.gravatar.com\\\/avatar\\\/5412deb1089370e2bdf1d1310563df78bf3dc9f9e388ca5748bced95cfdb664b?s=96&d=mm&r=g\",\"width\":96,\"height\":96,\"caption\":\"EnergiesNet\"}},{\"@type\":\"WebPage\",\"@id\":\"https:\\\/\\\/energiesnet.com\\\/espanol\\\/ecuador-declara-emergencia-electrica-luego-de-que-colombia-restringiera-la-venta-de-energia-bloomberg-linea\\\/#webpage\",\"url\":\"https:\\\/\\\/energiesnet.com\\\/espanol\\\/ecuador-declara-emergencia-electrica-luego-de-que-colombia-restringiera-la-venta-de-energia-bloomberg-linea\\\/\",\"name\":\"Ecuador declara emergencia el\\u00e9ctrica, luego de que Colombia restringiera la venta de energ\\u00eda \\u2013 Bloomberg L\\u00ednea - EnergiestNet\",\"description\":\"Juan Pablo \\u00c1lvarez, Bloomberg L\\u00ednea QUITO EnergiesNet.com 19 10 2023 El Gobierno ecuatoriano declar\\u00f3 la emergencia en el sector el\\u00e9ctrico en el marco de la ausencia de lluvias en la zona occidental del pa\\u00eds, producto del impacto del Fen\\u00f3meno de El Ni\\u00f1o. As\\u00ed lo comunic\\u00f3 hoy, desde sus redes, el Ministerio de Energ\\u00eda y Minas\",\"inLanguage\":\"es-ES\",\"isPartOf\":{\"@id\":\"https:\\\/\\\/energiesnet.com\\\/espanol\\\/#website\"},\"breadcrumb\":{\"@id\":\"https:\\\/\\\/energiesnet.com\\\/espanol\\\/ecuador-declara-emergencia-electrica-luego-de-que-colombia-restringiera-la-venta-de-energia-bloomberg-linea\\\/#breadcrumblist\"},\"author\":{\"@id\":\"https:\\\/\\\/energiesnet.com\\\/espanol\\\/author\\\/elioohep\\\/#author\"},\"creator\":{\"@id\":\"https:\\\/\\\/energiesnet.com\\\/espanol\\\/author\\\/elioohep\\\/#author\"},\"image\":{\"@type\":\"ImageObject\",\"url\":\"https:\\\/\\\/energiesnet.com\\\/espanol\\\/wp-content\\\/uploads\\\/2023\\\/10\\\/transmision_torres_electricidad_gobEcuador.jpg\",\"@id\":\"https:\\\/\\\/energiesnet.com\\\/espanol\\\/ecuador-declara-emergencia-electrica-luego-de-que-colombia-restringiera-la-venta-de-energia-bloomberg-linea\\\/#mainImage\",\"width\":600,\"height\":400},\"primaryImageOfPage\":{\"@id\":\"https:\\\/\\\/energiesnet.com\\\/espanol\\\/ecuador-declara-emergencia-electrica-luego-de-que-colombia-restringiera-la-venta-de-energia-bloomberg-linea\\\/#mainImage\"},\"datePublished\":\"2023-10-19T16:13:40-04:00\",\"dateModified\":\"2023-10-19T16:13:42-04:00\"},{\"@type\":\"WebSite\",\"@id\":\"https:\\\/\\\/energiesnet.com\\\/espanol\\\/#website\",\"url\":\"https:\\\/\\\/energiesnet.com\\\/espanol\\\/\",\"name\":\"EnergiestNet\",\"description\":\"Latin America Energy, Oil ,  Gas & Renewals\",\"inLanguage\":\"es-ES\",\"publisher\":{\"@id\":\"https:\\\/\\\/energiesnet.com\\\/espanol\\\/#organization\"}}]}\n\t\t<\/script>\n\t\t<!-- All in One SEO -->\n\n","aioseo_head_json":{"title":"Ecuador declara emergencia el\u00e9ctrica, luego de que Colombia restringiera la venta de energ\u00eda \u2013 Bloomberg L\u00ednea - EnergiestNet","description":"Juan Pablo \u00c1lvarez, Bloomberg L\u00ednea QUITO EnergiesNet.com 19 10 2023 El Gobierno ecuatoriano declar\u00f3 la emergencia en el sector el\u00e9ctrico en el marco de la ausencia de lluvias en la zona occidental del pa\u00eds, producto del impacto del Fen\u00f3meno de El Ni\u00f1o. As\u00ed lo comunic\u00f3 hoy, desde sus redes, el Ministerio de Energ\u00eda y Minas","canonical_url":"https:\/\/energiesnet.com\/espanol\/ecuador-declara-emergencia-electrica-luego-de-que-colombia-restringiera-la-venta-de-energia-bloomberg-linea\/","robots":"max-image-preview:large","keywords":"","webmasterTools":{"miscellaneous":""},"schema":{"@context":"https:\/\/schema.org","@graph":[{"@type":"BlogPosting","@id":"https:\/\/energiesnet.com\/espanol\/ecuador-declara-emergencia-electrica-luego-de-que-colombia-restringiera-la-venta-de-energia-bloomberg-linea\/#blogposting","name":"Ecuador declara emergencia el\u00e9ctrica, luego de que Colombia restringiera la venta de energ\u00eda \u2013 Bloomberg L\u00ednea - EnergiestNet","headline":"Ecuador declara emergencia el\u00e9ctrica, luego de que Colombia restringiera la venta de energ\u00eda &#8211; Bloomberg L\u00ednea","author":{"@id":"https:\/\/energiesnet.com\/espanol\/author\/elioohep\/#author"},"publisher":{"@id":"https:\/\/energiesnet.com\/espanol\/#organization"},"image":{"@type":"ImageObject","url":"https:\/\/energiesnet.com\/espanol\/wp-content\/uploads\/2023\/10\/transmision_torres_electricidad_gobEcuador.jpg","width":600,"height":400},"datePublished":"2023-10-19T16:13:40-04:00","dateModified":"2023-10-19T16:13:42-04:00","inLanguage":"es-ES","mainEntityOfPage":{"@id":"https:\/\/energiesnet.com\/espanol\/ecuador-declara-emergencia-electrica-luego-de-que-colombia-restringiera-la-venta-de-energia-bloomberg-linea\/#webpage"},"isPartOf":{"@id":"https:\/\/energiesnet.com\/espanol\/ecuador-declara-emergencia-electrica-luego-de-que-colombia-restringiera-la-venta-de-energia-bloomberg-linea\/#webpage"},"articleSection":"La Noticia, Ecuador_Emergencia, electirca, energia, energiaelectrica"},{"@type":"BreadcrumbList","@id":"https:\/\/energiesnet.com\/espanol\/ecuador-declara-emergencia-electrica-luego-de-que-colombia-restringiera-la-venta-de-energia-bloomberg-linea\/#breadcrumblist","itemListElement":[{"@type":"ListItem","@id":"https:\/\/energiesnet.com\/espanol#listItem","position":1,"name":"Inicio","item":"https:\/\/energiesnet.com\/espanol","nextItem":{"@type":"ListItem","@id":"https:\/\/energiesnet.com\/espanol\/category\/top-news\/#listItem","name":"La Noticia"}},{"@type":"ListItem","@id":"https:\/\/energiesnet.com\/espanol\/category\/top-news\/#listItem","position":2,"name":"La Noticia","item":"https:\/\/energiesnet.com\/espanol\/category\/top-news\/","nextItem":{"@type":"ListItem","@id":"https:\/\/energiesnet.com\/espanol\/ecuador-declara-emergencia-electrica-luego-de-que-colombia-restringiera-la-venta-de-energia-bloomberg-linea\/#listItem","name":"Ecuador declara emergencia el\u00e9ctrica, luego de que Colombia restringiera la venta de energ\u00eda &#8211; Bloomberg L\u00ednea"},"previousItem":{"@type":"ListItem","@id":"https:\/\/energiesnet.com\/espanol#listItem","name":"Inicio"}},{"@type":"ListItem","@id":"https:\/\/energiesnet.com\/espanol\/ecuador-declara-emergencia-electrica-luego-de-que-colombia-restringiera-la-venta-de-energia-bloomberg-linea\/#listItem","position":3,"name":"Ecuador declara emergencia el\u00e9ctrica, luego de que Colombia restringiera la venta de energ\u00eda &#8211; Bloomberg L\u00ednea","previousItem":{"@type":"ListItem","@id":"https:\/\/energiesnet.com\/espanol\/category\/top-news\/#listItem","name":"La Noticia"}}]},{"@type":"Organization","@id":"https:\/\/energiesnet.com\/espanol\/#organization","name":"EnergiestNet","description":"Latin America Energy, Oil ,  Gas & Renewals","url":"https:\/\/energiesnet.com\/espanol\/","telephone":"+584142763041","logo":{"@type":"ImageObject","url":"https:\/\/energiesnet.com\/espanol\/wp-content\/uploads\/2022\/12\/EnergiesNet-Logo-200.jpg","@id":"https:\/\/energiesnet.com\/espanol\/ecuador-declara-emergencia-electrica-luego-de-que-colombia-restringiera-la-venta-de-energia-bloomberg-linea\/#organizationLogo","width":200,"height":220},"image":{"@id":"https:\/\/energiesnet.com\/espanol\/ecuador-declara-emergencia-electrica-luego-de-que-colombia-restringiera-la-venta-de-energia-bloomberg-linea\/#organizationLogo"},"sameAs":["https:\/\/www.facebook.com\/\/EnergiesNet","https:\/\/twitter.com\/EnergiesNet1","https:\/\/www.instagram.com\/energiesnet\/","https:\/\/linkedin.com\/in\/elio-ohep-a465b78"]},{"@type":"Person","@id":"https:\/\/energiesnet.com\/espanol\/author\/elioohep\/#author","url":"https:\/\/energiesnet.com\/espanol\/author\/elioohep\/","name":"EnergiesNet","image":{"@type":"ImageObject","@id":"https:\/\/energiesnet.com\/espanol\/ecuador-declara-emergencia-electrica-luego-de-que-colombia-restringiera-la-venta-de-energia-bloomberg-linea\/#authorImage","url":"https:\/\/secure.gravatar.com\/avatar\/5412deb1089370e2bdf1d1310563df78bf3dc9f9e388ca5748bced95cfdb664b?s=96&d=mm&r=g","width":96,"height":96,"caption":"EnergiesNet"}},{"@type":"WebPage","@id":"https:\/\/energiesnet.com\/espanol\/ecuador-declara-emergencia-electrica-luego-de-que-colombia-restringiera-la-venta-de-energia-bloomberg-linea\/#webpage","url":"https:\/\/energiesnet.com\/espanol\/ecuador-declara-emergencia-electrica-luego-de-que-colombia-restringiera-la-venta-de-energia-bloomberg-linea\/","name":"Ecuador declara emergencia el\u00e9ctrica, luego de que Colombia restringiera la venta de energ\u00eda \u2013 Bloomberg L\u00ednea - EnergiestNet","description":"Juan Pablo \u00c1lvarez, Bloomberg L\u00ednea QUITO EnergiesNet.com 19 10 2023 El Gobierno ecuatoriano declar\u00f3 la emergencia en el sector el\u00e9ctrico en el marco de la ausencia de lluvias en la zona occidental del pa\u00eds, producto del impacto del Fen\u00f3meno de El Ni\u00f1o. As\u00ed lo comunic\u00f3 hoy, desde sus redes, el Ministerio de Energ\u00eda y Minas","inLanguage":"es-ES","isPartOf":{"@id":"https:\/\/energiesnet.com\/espanol\/#website"},"breadcrumb":{"@id":"https:\/\/energiesnet.com\/espanol\/ecuador-declara-emergencia-electrica-luego-de-que-colombia-restringiera-la-venta-de-energia-bloomberg-linea\/#breadcrumblist"},"author":{"@id":"https:\/\/energiesnet.com\/espanol\/author\/elioohep\/#author"},"creator":{"@id":"https:\/\/energiesnet.com\/espanol\/author\/elioohep\/#author"},"image":{"@type":"ImageObject","url":"https:\/\/energiesnet.com\/espanol\/wp-content\/uploads\/2023\/10\/transmision_torres_electricidad_gobEcuador.jpg","@id":"https:\/\/energiesnet.com\/espanol\/ecuador-declara-emergencia-electrica-luego-de-que-colombia-restringiera-la-venta-de-energia-bloomberg-linea\/#mainImage","width":600,"height":400},"primaryImageOfPage":{"@id":"https:\/\/energiesnet.com\/espanol\/ecuador-declara-emergencia-electrica-luego-de-que-colombia-restringiera-la-venta-de-energia-bloomberg-linea\/#mainImage"},"datePublished":"2023-10-19T16:13:40-04:00","dateModified":"2023-10-19T16:13:42-04:00"},{"@type":"WebSite","@id":"https:\/\/energiesnet.com\/espanol\/#website","url":"https:\/\/energiesnet.com\/espanol\/","name":"EnergiestNet","description":"Latin America Energy, Oil ,  Gas & Renewals","inLanguage":"es-ES","publisher":{"@id":"https:\/\/energiesnet.com\/espanol\/#organization"}}]},"og:locale":"es_ES","og:site_name":"EnergiestNet - Latin America Energy, Oil ,  Gas &amp; Renewals","og:type":"article","og:title":"Ecuador declara emergencia el\u00e9ctrica, luego de que Colombia restringiera la venta de energ\u00eda \u2013 Bloomberg L\u00ednea - EnergiestNet","og:description":"Juan Pablo \u00c1lvarez, Bloomberg L\u00ednea QUITO EnergiesNet.com 19 10 2023 El Gobierno ecuatoriano declar\u00f3 la emergencia en el sector el\u00e9ctrico en el marco de la ausencia de lluvias en la zona occidental del pa\u00eds, producto del impacto del Fen\u00f3meno de El Ni\u00f1o. As\u00ed lo comunic\u00f3 hoy, desde sus redes, el Ministerio de Energ\u00eda y Minas","og:url":"https:\/\/energiesnet.com\/espanol\/ecuador-declara-emergencia-electrica-luego-de-que-colombia-restringiera-la-venta-de-energia-bloomberg-linea\/","og:image":"https:\/\/energiesnet.com\/espanol","og:image:secure_url":"https:\/\/energiesnet.com\/espanol","article:published_time":"2023-10-19T20:13:40+00:00","article:modified_time":"2023-10-19T20:13:42+00:00","article:publisher":"https:\/\/www.facebook.com\/\/EnergiesNet","twitter:card":"summary_large_image","twitter:site":"@EnergiesNet1","twitter:title":"Ecuador declara emergencia el\u00e9ctrica, luego de que Colombia restringiera la venta de energ\u00eda \u2013 Bloomberg L\u00ednea - EnergiestNet","twitter:description":"Juan Pablo \u00c1lvarez, Bloomberg L\u00ednea QUITO EnergiesNet.com 19 10 2023 El Gobierno ecuatoriano declar\u00f3 la emergencia en el sector el\u00e9ctrico en el marco de la ausencia de lluvias en la zona occidental del pa\u00eds, producto del impacto del Fen\u00f3meno de El Ni\u00f1o. As\u00ed lo comunic\u00f3 hoy, desde sus redes, el Ministerio de Energ\u00eda y Minas","twitter:creator":"@EnergiesNet1","twitter:image":"https:\/\/energiesnet.com\/espanol"},"aioseo_meta_data":{"post_id":"18335","title":null,"description":null,"keywords":[],"keyphrases":{"focus":{"keyphrase":"","score":0,"analysis":{"keyphraseInTitle":{"score":0,"maxScore":9,"error":1}}},"additional":[]},"primary_term":null,"canonical_url":null,"og_title":null,"og_description":null,"og_object_type":"default","og_image_type":"default","og_image_url":null,"og_image_width":null,"og_image_height":null,"og_image_custom_url":null,"og_image_custom_fields":null,"og_video":"","og_custom_url":null,"og_article_section":null,"og_article_tags":[],"twitter_use_og":false,"twitter_card":"default","twitter_image_type":"default","twitter_image_url":null,"twitter_image_custom_url":null,"twitter_image_custom_fields":null,"twitter_title":null,"twitter_description":null,"schema":{"blockGraphs":[],"customGraphs":[],"default":{"data":{"Article":[],"Course":[],"Dataset":[],"FAQPage":[],"Movie":[],"Person":[],"Product":[],"ProductReview":[],"Car":[],"Recipe":[],"Service":[],"SoftwareApplication":[],"WebPage":[]},"graphName":"BlogPosting","isEnabled":true},"graphs":[]},"schema_type":"default","schema_type_options":null,"pillar_content":false,"robots_default":true,"robots_noindex":false,"robots_noarchive":false,"robots_nosnippet":false,"robots_nofollow":false,"robots_noimageindex":false,"robots_noodp":false,"robots_notranslate":false,"robots_max_snippet":"-1","robots_max_videopreview":"-1","robots_max_imagepreview":"large","priority":null,"frequency":"default","local_seo":null,"breadcrumb_settings":null,"limit_modified_date":false,"ai":null,"created":"2023-10-19 20:13:45","updated":"2025-06-04 15:38:47","seo_analyzer_scan_date":null,"focus_keyword":null,"additional_keywords":null,"truseo_locale":null},"aioseo_breadcrumb":"<div class=\"aioseo-breadcrumbs\"><span class=\"aioseo-breadcrumb\">\n\t\t\t<a href=\"https:\/\/energiesnet.com\/espanol\" title=\"Inicio\">Inicio<\/a>\n\t\t<\/span><span class=\"aioseo-breadcrumb-separator\">&raquo;<\/span><span class=\"aioseo-breadcrumb\">\n\t\t\t<a href=\"https:\/\/energiesnet.com\/espanol\/category\/top-news\/\" title=\"La Noticia\">La Noticia<\/a>\n\t\t<\/span><span class=\"aioseo-breadcrumb-separator\">&raquo;<\/span><span class=\"aioseo-breadcrumb\">\n\t\t\tEcuador declara emergencia el\u00e9ctrica, luego de que Colombia restringiera la venta de energ\u00eda \u2013 Bloomberg L\u00ednea\n\t\t<\/span><\/div>","aioseo_breadcrumb_json":[{"label":"Inicio","link":"https:\/\/energiesnet.com\/espanol"},{"label":"La Noticia","link":"https:\/\/energiesnet.com\/espanol\/category\/top-news\/"},{"label":"Ecuador declara emergencia el\u00e9ctrica, luego de que Colombia restringiera la venta de energ\u00eda &#8211; Bloomberg L\u00ednea","link":"https:\/\/energiesnet.com\/espanol\/ecuador-declara-emergencia-electrica-luego-de-que-colombia-restringiera-la-venta-de-energia-bloomberg-linea\/"}],"_links":{"self":[{"href":"https:\/\/energiesnet.com\/espanol\/wp-json\/wp\/v2\/posts\/18335","targetHints":{"allow":["GET"]}}],"collection":[{"href":"https:\/\/energiesnet.com\/espanol\/wp-json\/wp\/v2\/posts"}],"about":[{"href":"https:\/\/energiesnet.com\/espanol\/wp-json\/wp\/v2\/types\/post"}],"author":[{"embeddable":true,"href":"https:\/\/energiesnet.com\/espanol\/wp-json\/wp\/v2\/users\/2"}],"replies":[{"embeddable":true,"href":"https:\/\/energiesnet.com\/espanol\/wp-json\/wp\/v2\/comments?post=18335"}],"version-history":[{"count":0,"href":"https:\/\/energiesnet.com\/espanol\/wp-json\/wp\/v2\/posts\/18335\/revisions"}],"wp:featuredmedia":[{"embeddable":true,"href":"https:\/\/energiesnet.com\/espanol\/wp-json\/wp\/v2\/media\/18336"}],"wp:attachment":[{"href":"https:\/\/energiesnet.com\/espanol\/wp-json\/wp\/v2\/media?parent=18335"}],"wp:term":[{"taxonomy":"category","embeddable":true,"href":"https:\/\/energiesnet.com\/espanol\/wp-json\/wp\/v2\/categories?post=18335"},{"taxonomy":"post_tag","embeddable":true,"href":"https:\/\/energiesnet.com\/espanol\/wp-json\/wp\/v2\/tags?post=18335"}],"curies":[{"name":"wp","href":"https:\/\/api.w.org\/{rel}","templated":true}]}}