{"id":18412,"date":"2023-10-24T15:00:46","date_gmt":"2023-10-24T19:00:46","guid":{"rendered":"https:\/\/energiesnet.com\/espanol\/?p=18412"},"modified":"2023-10-24T15:00:48","modified_gmt":"2023-10-24T19:00:48","slug":"europa-es-optimista-y-busca-cerrar-acuerdo-con-mexico-y-chile-aun-aclaran-dudas-forbes-mx","status":"publish","type":"post","link":"https:\/\/energiesnet.com\/espanol\/europa-es-optimista-y-busca-cerrar-acuerdo-con-mexico-y-chile-aun-aclaran-dudas-forbes-mx\/","title":{"rendered":"Europa es optimista y busca cerrar acuerdo con M\u00e9xico y Chile; a\u00fan aclaran dudas &#8211; Forbes MX"},"content":{"rendered":"\n<figure class=\"wp-block-image size-full\"><img fetchpriority=\"high\" decoding=\"async\" width=\"600\" height=\"400\" src=\"https:\/\/energiesnet.com\/espanol\/wp-content\/uploads\/2023\/10\/eu_flags_mx_flag_sec_eco_mx.jpg\" alt=\"\" class=\"wp-image-18413\" srcset=\"https:\/\/energiesnet.com\/espanol\/wp-content\/uploads\/2023\/10\/eu_flags_mx_flag_sec_eco_mx.jpg 600w, https:\/\/energiesnet.com\/espanol\/wp-content\/uploads\/2023\/10\/eu_flags_mx_flag_sec_eco_mx-300x200.jpg 300w\" sizes=\"(max-width: 600px) 100vw, 600px\" \/><figcaption class=\"wp-element-caption\">La UE negocia con M\u00e9xico la modernizaci\u00f3n de un acuerdo que entr\u00f3 en vigor en 2000 para el comercio de bienes y en 2001 para el de servicios. (Secretaria de  Economia de Mexico)<\/figcaption><\/figure>\n\n\n\n<p class=\"wp-block-paragraph\">Forbes MX       <\/p>\n\n\n\n<p class=\"wp-block-paragraph\">CIUDAD DE M\u00c9XICO       <br>EnergiesNet.com 20 10 2023      <\/p>\n\n\n\n<p class=\"wp-block-paragraph\">La presidencia de la Uni\u00f3n Europea (UE) se muestra optimista para cerrar el acuerdo bilateral de comercio con Chile antes de que acabe este a\u00f1o, y est\u00e1 a la espera de que M\u00e9xico concrete los aspectos que suscitan sus dudas en el pacto que los Veintisiete negocian con este pa\u00eds.<\/p>\n\n\n\n<p class=\"wp-block-paragraph\">El ministro de Industria y Comercio en funciones, H\u00e9ctor G\u00f3mez, as\u00ed lo ha manifestado a su llegada a la reuni\u00f3n de ministros de Comercio de la UE que, bajo la presidencia rotatoria comunitaria que este semestre corresponde a Espa\u00f1a, se celebra en Val\u00e8ncia.<\/p>\n\n\n\n<p class=\"wp-block-paragraph\">G\u00f3mez ha considerado que el acuerdo bilateral de comercio UE-Chile \u201cpuede ser una realidad\u201d este semestre de presidencia espa\u00f1ola, a la vez que ha descartado que \u00e9ste y otros acuerdos comerciales que la Uni\u00f3n negocia vayan a tener efectos negativos para la producci\u00f3n espa\u00f1ola.<\/p>\n\n\n\n<p class=\"wp-block-paragraph\">\u201cNo hay duda alguna al respecto de que en ning\u00fan caso los acuerdos comerciales que estamos articulando van a tener consecuencias negativas para la producci\u00f3n en Espa\u00f1a o en esta comunidad aut\u00f3noma\u201d, ha dicho en alusi\u00f3n a la Comunidad Valenciana.<\/p>\n\n\n\n<p class=\"wp-block-paragraph\">Respecto al acuerdo bilateral entre la UE y M\u00e9xico se\u00f1al\u00f3 que por parte espa\u00f1ola se est\u00e1 realizando un esfuerzo \u201cpermanente y constante\u201d con el pa\u00eds latinoamericano para ver qu\u00e9 aspectos concretos quiere abordar de cara a ratificar el pacto el pr\u00f3ximo a\u00f1o.<\/p>\n\n\n\n<p class=\"wp-block-paragraph\"><strong><em>Lee tambi\u00e9n: <\/em><\/strong><a href=\"https:\/\/www.forbes.com.mx\/europa-busca-acelerar-acuerdos-con-el-mercosur-y-en-especial-con-mexico-y-chile\/\" target=\"_blank\" rel=\"noreferrer noopener\"><em>Europa busca modernizar los acuerdos comerciales con M\u00e9xico<\/em><\/a><\/p>\n\n\n\n<p class=\"wp-block-paragraph\"><\/p>\n\n\n\n<h2 class=\"wp-block-heading has-medium-font-size\" id=\"h-europa-es-optimista-y-busca-cerrar-acuerdo-con-mexico-y-chile-aun-aclaran-dudas\"><strong>Europa es optimista y busca cerrar acuerdo con M\u00e9xico y Chile; a\u00fan aclaran dudas<\/strong><\/h2>\n\n\n\n<p class=\"wp-block-paragraph\"><\/p>\n\n\n\n<p class=\"wp-block-paragraph\">La UE negocia con M\u00e9xico la modernizaci\u00f3n de un acuerdo que entr\u00f3 en vigor en 2000 para el comercio de bienes y en 2001 para el de servicios, y que por parte europea se considera \u201cpr\u00e1cticamente cerrada\u201d, pero a la espera de que ese pa\u00eds eleve los aspectos en los que quieren avanzar y que ahora condicionan el cierre y la firma del pacto.<\/p>\n\n\n\n<p class=\"wp-block-paragraph\">G\u00f3mez tambi\u00e9n se refiri\u00f3 a las negociaciones de la Uni\u00f3n y de Estados Unidos sobre los aranceles impuestos por Washington a las importaciones de acero y aluminio europeas, e indic\u00f3 que pr\u00f3ximamente ambas partes celebrar\u00e1n un encuentro \u201ccon la voluntad de acercar posiciones\u201d.<\/p>\n\n\n\n<p class=\"wp-block-paragraph\">Ese es uno de los asuntos en la agenda de la presidenta de la Comisi\u00f3n Europea, Ursula von der Layen, y de su vicepresidente, Valdis Dombrovskis, junto al presidente del Consejo Europeo, Charles Michel, en la reuni\u00f3n que hoy celebrar\u00e1n con el Gobierno de Estados Unidos en Washington sobre la situaci\u00f3n en Ucrania, Medio Oriente y diferentes asuntos econ\u00f3micos.<\/p>\n\n\n\n<p class=\"wp-block-paragraph\">La relaci\u00f3n comercial entre la Uni\u00f3n Europea y Estados Unidos se deterior\u00f3 durante el mandato del presidente estadounidense Donald Trump (2016-2020), en particular a ra\u00edz de la imposici\u00f3n de aranceles del 25% a las importaciones comunitarias de acero y del 10% a las de aluminio.<\/p>\n\n\n\n<p class=\"wp-block-paragraph\">\u201cQueremos que los \u201caranceles 232\u2033 de la era Trump sean cosa del pasado y buscar nuevas v\u00edas de cooperaci\u00f3n\u201d, dijo Dombrovskis este martes sobre ese aspecto que hoy tratar\u00e1n\u00a0en\u00a0EU.<\/p>\n\n\n\n<p class=\"wp-block-paragraph\">forbes.com.mx 10 10 2023<\/p>\n","protected":false},"excerpt":{"rendered":"<p>Forbes MX CIUDAD DE M\u00c9XICO EnergiesNet.com 20 10 2023 La presidencia de la Uni\u00f3n Europea (UE) se muestra optimista para cerrar el acuerdo bilateral de comercio con Chile antes de que acabe este a\u00f1o, y est\u00e1 a la espera de que M\u00e9xico concrete los aspectos que suscitan sus dudas en el pacto que los Veintisiete &hellip;<\/p>\n<p class=\"read-more\"> <a class=\"\" href=\"https:\/\/energiesnet.com\/espanol\/europa-es-optimista-y-busca-cerrar-acuerdo-con-mexico-y-chile-aun-aclaran-dudas-forbes-mx\/\"> <span class=\"screen-reader-text\">Europa es optimista y busca cerrar acuerdo con M\u00e9xico y Chile; a\u00fan aclaran dudas &#8211; Forbes MX<\/span> Leer m\u00e1s &raquo;<\/a><\/p>\n","protected":false},"author":2,"featured_media":18413,"comment_status":"open","ping_status":"open","sticky":false,"template":"","format":"standard","meta":{"_monsterinsights_skip_tracking":false,"site-sidebar-layout":"default","site-content-layout":"default","ast-global-header-display":"","ast-main-header-display":"","ast-hfb-above-header-display":"","ast-hfb-below-header-display":"","ast-hfb-mobile-header-display":"","site-post-title":"","ast-breadcrumbs-content":"","ast-featured-img":"","footer-sml-layout":"","theme-transparent-header-meta":"","adv-header-id-meta":"","stick-header-meta":"","header-above-stick-meta":"","header-main-stick-meta":"","header-below-stick-meta":"","footnotes":""},"categories":[45],"tags":[2529,1547,109,2530,124],"class_list":["post-18412","post","type-post","status-publish","format-standard","has-post-thumbnail","hentry","category-noticias-diarias","tag-acuerdo-bilateral-de-comercio","tag-acuerdos-comerciales","tag-mexico","tag-mexico-y-chile","tag-union-europea"],"aioseo_notices":[],"aioseo_head":"\n\t\t<!-- All in One SEO 5.0.1.1 - aioseo.com -->\n\t<meta name=\"description\" content=\"Forbes MX CIUDAD DE M\u00c9XICO EnergiesNet.com 20 10 2023 La presidencia de la Uni\u00f3n Europea (UE) se muestra optimista para cerrar el acuerdo bilateral de comercio con Chile antes de que acabe este a\u00f1o, y est\u00e1 a la espera de que M\u00e9xico concrete los aspectos que suscitan sus dudas en el pacto que los Veintisiete\" \/>\n\t<meta name=\"robots\" content=\"max-image-preview:large\" \/>\n\t<meta name=\"author\" content=\"EnergiesNet\"\/>\n\t<link rel=\"canonical\" href=\"https:\/\/energiesnet.com\/espanol\/europa-es-optimista-y-busca-cerrar-acuerdo-con-mexico-y-chile-aun-aclaran-dudas-forbes-mx\/\" \/>\n\t<meta name=\"generator\" content=\"All in One SEO (AIOSEO) 5.0.1.1\" \/>\n\t\t<meta property=\"og:locale\" content=\"es_ES\" \/>\n\t\t<meta property=\"og:site_name\" content=\"EnergiestNet - Latin America Energy, Oil ,  Gas &amp; Renewals\" \/>\n\t\t<meta property=\"og:type\" content=\"article\" \/>\n\t\t<meta property=\"og:title\" content=\"Europa es optimista y busca cerrar acuerdo con M\u00e9xico y Chile; a\u00fan aclaran dudas \u2013 Forbes MX - EnergiestNet\" \/>\n\t\t<meta property=\"og:description\" content=\"Forbes MX CIUDAD DE M\u00c9XICO EnergiesNet.com 20 10 2023 La presidencia de la Uni\u00f3n Europea (UE) se muestra optimista para cerrar el acuerdo bilateral de comercio con Chile antes de que acabe este a\u00f1o, y est\u00e1 a la espera de que M\u00e9xico concrete los aspectos que suscitan sus dudas en el pacto que los Veintisiete\" \/>\n\t\t<meta property=\"og:url\" content=\"https:\/\/energiesnet.com\/espanol\/europa-es-optimista-y-busca-cerrar-acuerdo-con-mexico-y-chile-aun-aclaran-dudas-forbes-mx\/\" \/>\n\t\t<meta property=\"og:image\" content=\"https:\/\/energiesnet.com\/espanol\" \/>\n\t\t<meta property=\"og:image:secure_url\" content=\"https:\/\/energiesnet.com\/espanol\" \/>\n\t\t<meta property=\"article:published_time\" content=\"2023-10-24T19:00:46+00:00\" \/>\n\t\t<meta property=\"article:modified_time\" content=\"2023-10-24T19:00:48+00:00\" \/>\n\t\t<meta property=\"article:publisher\" content=\"https:\/\/www.facebook.com\/\/EnergiesNet\" \/>\n\t\t<meta name=\"twitter:card\" content=\"summary_large_image\" \/>\n\t\t<meta name=\"twitter:site\" content=\"@EnergiesNet1\" \/>\n\t\t<meta name=\"twitter:title\" content=\"Europa es optimista y busca cerrar acuerdo con M\u00e9xico y Chile; a\u00fan aclaran dudas \u2013 Forbes MX - EnergiestNet\" \/>\n\t\t<meta name=\"twitter:description\" content=\"Forbes MX CIUDAD DE M\u00c9XICO EnergiesNet.com 20 10 2023 La presidencia de la Uni\u00f3n Europea (UE) se muestra optimista para cerrar el acuerdo bilateral de comercio con Chile antes de que acabe este a\u00f1o, y est\u00e1 a la espera de que M\u00e9xico concrete los aspectos que suscitan sus dudas en el pacto que los Veintisiete\" \/>\n\t\t<meta name=\"twitter:creator\" content=\"@EnergiesNet1\" \/>\n\t\t<meta name=\"twitter:image\" content=\"https:\/\/energiesnet.com\/espanol\" \/>\n\t\t<script type=\"application\/ld+json\" class=\"aioseo-schema\">\n\t\t\t{\"@context\":\"https:\\\/\\\/schema.org\",\"@graph\":[{\"@type\":\"BlogPosting\",\"@id\":\"https:\\\/\\\/energiesnet.com\\\/espanol\\\/europa-es-optimista-y-busca-cerrar-acuerdo-con-mexico-y-chile-aun-aclaran-dudas-forbes-mx\\\/#blogposting\",\"name\":\"Europa es optimista y busca cerrar acuerdo con M\\u00e9xico y Chile; a\\u00fan aclaran dudas \\u2013 Forbes MX - EnergiestNet\",\"headline\":\"Europa es optimista y busca cerrar acuerdo con M\\u00e9xico y Chile; a\\u00fan aclaran dudas &#8211; Forbes MX\",\"author\":{\"@id\":\"https:\\\/\\\/energiesnet.com\\\/espanol\\\/author\\\/elioohep\\\/#author\"},\"publisher\":{\"@id\":\"https:\\\/\\\/energiesnet.com\\\/espanol\\\/#organization\"},\"image\":{\"@type\":\"ImageObject\",\"url\":\"https:\\\/\\\/energiesnet.com\\\/espanol\\\/wp-content\\\/uploads\\\/2023\\\/10\\\/eu_flags_mx_flag_sec_eco_mx.jpg\",\"width\":600,\"height\":400},\"datePublished\":\"2023-10-24T15:00:46-04:00\",\"dateModified\":\"2023-10-24T15:00:48-04:00\",\"inLanguage\":\"es-ES\",\"mainEntityOfPage\":{\"@id\":\"https:\\\/\\\/energiesnet.com\\\/espanol\\\/europa-es-optimista-y-busca-cerrar-acuerdo-con-mexico-y-chile-aun-aclaran-dudas-forbes-mx\\\/#webpage\"},\"isPartOf\":{\"@id\":\"https:\\\/\\\/energiesnet.com\\\/espanol\\\/europa-es-optimista-y-busca-cerrar-acuerdo-con-mexico-y-chile-aun-aclaran-dudas-forbes-mx\\\/#webpage\"},\"articleSection\":\"Noticias Diarias, acuerdo bilateral de comercio, Acuerdos comerciales, mexico, Mexico y chile, union europea\"},{\"@type\":\"BreadcrumbList\",\"@id\":\"https:\\\/\\\/energiesnet.com\\\/espanol\\\/europa-es-optimista-y-busca-cerrar-acuerdo-con-mexico-y-chile-aun-aclaran-dudas-forbes-mx\\\/#breadcrumblist\",\"itemListElement\":[{\"@type\":\"ListItem\",\"@id\":\"https:\\\/\\\/energiesnet.com\\\/espanol#listItem\",\"position\":1,\"name\":\"Inicio\",\"item\":\"https:\\\/\\\/energiesnet.com\\\/espanol\",\"nextItem\":{\"@type\":\"ListItem\",\"@id\":\"https:\\\/\\\/energiesnet.com\\\/espanol\\\/category\\\/noticias-diarias\\\/#listItem\",\"name\":\"Noticias Diarias\"}},{\"@type\":\"ListItem\",\"@id\":\"https:\\\/\\\/energiesnet.com\\\/espanol\\\/category\\\/noticias-diarias\\\/#listItem\",\"position\":2,\"name\":\"Noticias Diarias\",\"item\":\"https:\\\/\\\/energiesnet.com\\\/espanol\\\/category\\\/noticias-diarias\\\/\",\"nextItem\":{\"@type\":\"ListItem\",\"@id\":\"https:\\\/\\\/energiesnet.com\\\/espanol\\\/europa-es-optimista-y-busca-cerrar-acuerdo-con-mexico-y-chile-aun-aclaran-dudas-forbes-mx\\\/#listItem\",\"name\":\"Europa es optimista y busca cerrar acuerdo con M\\u00e9xico y Chile; a\\u00fan aclaran dudas &#8211; Forbes MX\"},\"previousItem\":{\"@type\":\"ListItem\",\"@id\":\"https:\\\/\\\/energiesnet.com\\\/espanol#listItem\",\"name\":\"Inicio\"}},{\"@type\":\"ListItem\",\"@id\":\"https:\\\/\\\/energiesnet.com\\\/espanol\\\/europa-es-optimista-y-busca-cerrar-acuerdo-con-mexico-y-chile-aun-aclaran-dudas-forbes-mx\\\/#listItem\",\"position\":3,\"name\":\"Europa es optimista y busca cerrar acuerdo con M\\u00e9xico y Chile; a\\u00fan aclaran dudas &#8211; Forbes MX\",\"previousItem\":{\"@type\":\"ListItem\",\"@id\":\"https:\\\/\\\/energiesnet.com\\\/espanol\\\/category\\\/noticias-diarias\\\/#listItem\",\"name\":\"Noticias Diarias\"}}]},{\"@type\":\"Organization\",\"@id\":\"https:\\\/\\\/energiesnet.com\\\/espanol\\\/#organization\",\"name\":\"EnergiestNet\",\"description\":\"Latin America Energy, Oil ,  Gas & Renewals\",\"url\":\"https:\\\/\\\/energiesnet.com\\\/espanol\\\/\",\"telephone\":\"+584142763041\",\"logo\":{\"@type\":\"ImageObject\",\"url\":\"https:\\\/\\\/energiesnet.com\\\/espanol\\\/wp-content\\\/uploads\\\/2022\\\/12\\\/EnergiesNet-Logo-200.jpg\",\"@id\":\"https:\\\/\\\/energiesnet.com\\\/espanol\\\/europa-es-optimista-y-busca-cerrar-acuerdo-con-mexico-y-chile-aun-aclaran-dudas-forbes-mx\\\/#organizationLogo\",\"width\":200,\"height\":220},\"image\":{\"@id\":\"https:\\\/\\\/energiesnet.com\\\/espanol\\\/europa-es-optimista-y-busca-cerrar-acuerdo-con-mexico-y-chile-aun-aclaran-dudas-forbes-mx\\\/#organizationLogo\"},\"sameAs\":[\"https:\\\/\\\/www.facebook.com\\\/\\\/EnergiesNet\",\"https:\\\/\\\/twitter.com\\\/EnergiesNet1\",\"https:\\\/\\\/www.instagram.com\\\/energiesnet\\\/\",\"https:\\\/\\\/linkedin.com\\\/in\\\/elio-ohep-a465b78\"]},{\"@type\":\"Person\",\"@id\":\"https:\\\/\\\/energiesnet.com\\\/espanol\\\/author\\\/elioohep\\\/#author\",\"url\":\"https:\\\/\\\/energiesnet.com\\\/espanol\\\/author\\\/elioohep\\\/\",\"name\":\"EnergiesNet\",\"image\":{\"@type\":\"ImageObject\",\"@id\":\"https:\\\/\\\/energiesnet.com\\\/espanol\\\/europa-es-optimista-y-busca-cerrar-acuerdo-con-mexico-y-chile-aun-aclaran-dudas-forbes-mx\\\/#authorImage\",\"url\":\"https:\\\/\\\/secure.gravatar.com\\\/avatar\\\/5412deb1089370e2bdf1d1310563df78bf3dc9f9e388ca5748bced95cfdb664b?s=96&d=mm&r=g\",\"width\":96,\"height\":96,\"caption\":\"EnergiesNet\"}},{\"@type\":\"WebPage\",\"@id\":\"https:\\\/\\\/energiesnet.com\\\/espanol\\\/europa-es-optimista-y-busca-cerrar-acuerdo-con-mexico-y-chile-aun-aclaran-dudas-forbes-mx\\\/#webpage\",\"url\":\"https:\\\/\\\/energiesnet.com\\\/espanol\\\/europa-es-optimista-y-busca-cerrar-acuerdo-con-mexico-y-chile-aun-aclaran-dudas-forbes-mx\\\/\",\"name\":\"Europa es optimista y busca cerrar acuerdo con M\\u00e9xico y Chile; a\\u00fan aclaran dudas \\u2013 Forbes MX - EnergiestNet\",\"description\":\"Forbes MX CIUDAD DE M\\u00c9XICO EnergiesNet.com 20 10 2023 La presidencia de la Uni\\u00f3n Europea (UE) se muestra optimista para cerrar el acuerdo bilateral de comercio con Chile antes de que acabe este a\\u00f1o, y est\\u00e1 a la espera de que M\\u00e9xico concrete los aspectos que suscitan sus dudas en el pacto que los Veintisiete\",\"inLanguage\":\"es-ES\",\"isPartOf\":{\"@id\":\"https:\\\/\\\/energiesnet.com\\\/espanol\\\/#website\"},\"breadcrumb\":{\"@id\":\"https:\\\/\\\/energiesnet.com\\\/espanol\\\/europa-es-optimista-y-busca-cerrar-acuerdo-con-mexico-y-chile-aun-aclaran-dudas-forbes-mx\\\/#breadcrumblist\"},\"author\":{\"@id\":\"https:\\\/\\\/energiesnet.com\\\/espanol\\\/author\\\/elioohep\\\/#author\"},\"creator\":{\"@id\":\"https:\\\/\\\/energiesnet.com\\\/espanol\\\/author\\\/elioohep\\\/#author\"},\"image\":{\"@type\":\"ImageObject\",\"url\":\"https:\\\/\\\/energiesnet.com\\\/espanol\\\/wp-content\\\/uploads\\\/2023\\\/10\\\/eu_flags_mx_flag_sec_eco_mx.jpg\",\"@id\":\"https:\\\/\\\/energiesnet.com\\\/espanol\\\/europa-es-optimista-y-busca-cerrar-acuerdo-con-mexico-y-chile-aun-aclaran-dudas-forbes-mx\\\/#mainImage\",\"width\":600,\"height\":400},\"primaryImageOfPage\":{\"@id\":\"https:\\\/\\\/energiesnet.com\\\/espanol\\\/europa-es-optimista-y-busca-cerrar-acuerdo-con-mexico-y-chile-aun-aclaran-dudas-forbes-mx\\\/#mainImage\"},\"datePublished\":\"2023-10-24T15:00:46-04:00\",\"dateModified\":\"2023-10-24T15:00:48-04:00\"},{\"@type\":\"WebSite\",\"@id\":\"https:\\\/\\\/energiesnet.com\\\/espanol\\\/#website\",\"url\":\"https:\\\/\\\/energiesnet.com\\\/espanol\\\/\",\"name\":\"EnergiestNet\",\"description\":\"Latin America Energy, Oil ,  Gas & Renewals\",\"inLanguage\":\"es-ES\",\"publisher\":{\"@id\":\"https:\\\/\\\/energiesnet.com\\\/espanol\\\/#organization\"}}]}\n\t\t<\/script>\n\t\t<!-- All in One SEO -->\n\n","aioseo_head_json":{"title":"Europa es optimista y busca cerrar acuerdo con M\u00e9xico y Chile; a\u00fan aclaran dudas \u2013 Forbes MX - EnergiestNet","description":"Forbes MX CIUDAD DE M\u00c9XICO EnergiesNet.com 20 10 2023 La presidencia de la Uni\u00f3n Europea (UE) se muestra optimista para cerrar el acuerdo bilateral de comercio con Chile antes de que acabe este a\u00f1o, y est\u00e1 a la espera de que M\u00e9xico concrete los aspectos que suscitan sus dudas en el pacto que los Veintisiete","canonical_url":"https:\/\/energiesnet.com\/espanol\/europa-es-optimista-y-busca-cerrar-acuerdo-con-mexico-y-chile-aun-aclaran-dudas-forbes-mx\/","robots":"max-image-preview:large","keywords":"","webmasterTools":{"miscellaneous":""},"schema":{"@context":"https:\/\/schema.org","@graph":[{"@type":"BlogPosting","@id":"https:\/\/energiesnet.com\/espanol\/europa-es-optimista-y-busca-cerrar-acuerdo-con-mexico-y-chile-aun-aclaran-dudas-forbes-mx\/#blogposting","name":"Europa es optimista y busca cerrar acuerdo con M\u00e9xico y Chile; a\u00fan aclaran dudas \u2013 Forbes MX - EnergiestNet","headline":"Europa es optimista y busca cerrar acuerdo con M\u00e9xico y Chile; a\u00fan aclaran dudas &#8211; Forbes MX","author":{"@id":"https:\/\/energiesnet.com\/espanol\/author\/elioohep\/#author"},"publisher":{"@id":"https:\/\/energiesnet.com\/espanol\/#organization"},"image":{"@type":"ImageObject","url":"https:\/\/energiesnet.com\/espanol\/wp-content\/uploads\/2023\/10\/eu_flags_mx_flag_sec_eco_mx.jpg","width":600,"height":400},"datePublished":"2023-10-24T15:00:46-04:00","dateModified":"2023-10-24T15:00:48-04:00","inLanguage":"es-ES","mainEntityOfPage":{"@id":"https:\/\/energiesnet.com\/espanol\/europa-es-optimista-y-busca-cerrar-acuerdo-con-mexico-y-chile-aun-aclaran-dudas-forbes-mx\/#webpage"},"isPartOf":{"@id":"https:\/\/energiesnet.com\/espanol\/europa-es-optimista-y-busca-cerrar-acuerdo-con-mexico-y-chile-aun-aclaran-dudas-forbes-mx\/#webpage"},"articleSection":"Noticias Diarias, acuerdo bilateral de comercio, Acuerdos comerciales, mexico, Mexico y chile, union europea"},{"@type":"BreadcrumbList","@id":"https:\/\/energiesnet.com\/espanol\/europa-es-optimista-y-busca-cerrar-acuerdo-con-mexico-y-chile-aun-aclaran-dudas-forbes-mx\/#breadcrumblist","itemListElement":[{"@type":"ListItem","@id":"https:\/\/energiesnet.com\/espanol#listItem","position":1,"name":"Inicio","item":"https:\/\/energiesnet.com\/espanol","nextItem":{"@type":"ListItem","@id":"https:\/\/energiesnet.com\/espanol\/category\/noticias-diarias\/#listItem","name":"Noticias Diarias"}},{"@type":"ListItem","@id":"https:\/\/energiesnet.com\/espanol\/category\/noticias-diarias\/#listItem","position":2,"name":"Noticias Diarias","item":"https:\/\/energiesnet.com\/espanol\/category\/noticias-diarias\/","nextItem":{"@type":"ListItem","@id":"https:\/\/energiesnet.com\/espanol\/europa-es-optimista-y-busca-cerrar-acuerdo-con-mexico-y-chile-aun-aclaran-dudas-forbes-mx\/#listItem","name":"Europa es optimista y busca cerrar acuerdo con M\u00e9xico y Chile; a\u00fan aclaran dudas &#8211; Forbes MX"},"previousItem":{"@type":"ListItem","@id":"https:\/\/energiesnet.com\/espanol#listItem","name":"Inicio"}},{"@type":"ListItem","@id":"https:\/\/energiesnet.com\/espanol\/europa-es-optimista-y-busca-cerrar-acuerdo-con-mexico-y-chile-aun-aclaran-dudas-forbes-mx\/#listItem","position":3,"name":"Europa es optimista y busca cerrar acuerdo con M\u00e9xico y Chile; a\u00fan aclaran dudas &#8211; Forbes MX","previousItem":{"@type":"ListItem","@id":"https:\/\/energiesnet.com\/espanol\/category\/noticias-diarias\/#listItem","name":"Noticias Diarias"}}]},{"@type":"Organization","@id":"https:\/\/energiesnet.com\/espanol\/#organization","name":"EnergiestNet","description":"Latin America Energy, Oil ,  Gas & Renewals","url":"https:\/\/energiesnet.com\/espanol\/","telephone":"+584142763041","logo":{"@type":"ImageObject","url":"https:\/\/energiesnet.com\/espanol\/wp-content\/uploads\/2022\/12\/EnergiesNet-Logo-200.jpg","@id":"https:\/\/energiesnet.com\/espanol\/europa-es-optimista-y-busca-cerrar-acuerdo-con-mexico-y-chile-aun-aclaran-dudas-forbes-mx\/#organizationLogo","width":200,"height":220},"image":{"@id":"https:\/\/energiesnet.com\/espanol\/europa-es-optimista-y-busca-cerrar-acuerdo-con-mexico-y-chile-aun-aclaran-dudas-forbes-mx\/#organizationLogo"},"sameAs":["https:\/\/www.facebook.com\/\/EnergiesNet","https:\/\/twitter.com\/EnergiesNet1","https:\/\/www.instagram.com\/energiesnet\/","https:\/\/linkedin.com\/in\/elio-ohep-a465b78"]},{"@type":"Person","@id":"https:\/\/energiesnet.com\/espanol\/author\/elioohep\/#author","url":"https:\/\/energiesnet.com\/espanol\/author\/elioohep\/","name":"EnergiesNet","image":{"@type":"ImageObject","@id":"https:\/\/energiesnet.com\/espanol\/europa-es-optimista-y-busca-cerrar-acuerdo-con-mexico-y-chile-aun-aclaran-dudas-forbes-mx\/#authorImage","url":"https:\/\/secure.gravatar.com\/avatar\/5412deb1089370e2bdf1d1310563df78bf3dc9f9e388ca5748bced95cfdb664b?s=96&d=mm&r=g","width":96,"height":96,"caption":"EnergiesNet"}},{"@type":"WebPage","@id":"https:\/\/energiesnet.com\/espanol\/europa-es-optimista-y-busca-cerrar-acuerdo-con-mexico-y-chile-aun-aclaran-dudas-forbes-mx\/#webpage","url":"https:\/\/energiesnet.com\/espanol\/europa-es-optimista-y-busca-cerrar-acuerdo-con-mexico-y-chile-aun-aclaran-dudas-forbes-mx\/","name":"Europa es optimista y busca cerrar acuerdo con M\u00e9xico y Chile; a\u00fan aclaran dudas \u2013 Forbes MX - EnergiestNet","description":"Forbes MX CIUDAD DE M\u00c9XICO EnergiesNet.com 20 10 2023 La presidencia de la Uni\u00f3n Europea (UE) se muestra optimista para cerrar el acuerdo bilateral de comercio con Chile antes de que acabe este a\u00f1o, y est\u00e1 a la espera de que M\u00e9xico concrete los aspectos que suscitan sus dudas en el pacto que los Veintisiete","inLanguage":"es-ES","isPartOf":{"@id":"https:\/\/energiesnet.com\/espanol\/#website"},"breadcrumb":{"@id":"https:\/\/energiesnet.com\/espanol\/europa-es-optimista-y-busca-cerrar-acuerdo-con-mexico-y-chile-aun-aclaran-dudas-forbes-mx\/#breadcrumblist"},"author":{"@id":"https:\/\/energiesnet.com\/espanol\/author\/elioohep\/#author"},"creator":{"@id":"https:\/\/energiesnet.com\/espanol\/author\/elioohep\/#author"},"image":{"@type":"ImageObject","url":"https:\/\/energiesnet.com\/espanol\/wp-content\/uploads\/2023\/10\/eu_flags_mx_flag_sec_eco_mx.jpg","@id":"https:\/\/energiesnet.com\/espanol\/europa-es-optimista-y-busca-cerrar-acuerdo-con-mexico-y-chile-aun-aclaran-dudas-forbes-mx\/#mainImage","width":600,"height":400},"primaryImageOfPage":{"@id":"https:\/\/energiesnet.com\/espanol\/europa-es-optimista-y-busca-cerrar-acuerdo-con-mexico-y-chile-aun-aclaran-dudas-forbes-mx\/#mainImage"},"datePublished":"2023-10-24T15:00:46-04:00","dateModified":"2023-10-24T15:00:48-04:00"},{"@type":"WebSite","@id":"https:\/\/energiesnet.com\/espanol\/#website","url":"https:\/\/energiesnet.com\/espanol\/","name":"EnergiestNet","description":"Latin America Energy, Oil ,  Gas & Renewals","inLanguage":"es-ES","publisher":{"@id":"https:\/\/energiesnet.com\/espanol\/#organization"}}]},"og:locale":"es_ES","og:site_name":"EnergiestNet - Latin America Energy, Oil ,  Gas &amp; Renewals","og:type":"article","og:title":"Europa es optimista y busca cerrar acuerdo con M\u00e9xico y Chile; a\u00fan aclaran dudas \u2013 Forbes MX - EnergiestNet","og:description":"Forbes MX CIUDAD DE M\u00c9XICO EnergiesNet.com 20 10 2023 La presidencia de la Uni\u00f3n Europea (UE) se muestra optimista para cerrar el acuerdo bilateral de comercio con Chile antes de que acabe este a\u00f1o, y est\u00e1 a la espera de que M\u00e9xico concrete los aspectos que suscitan sus dudas en el pacto que los Veintisiete","og:url":"https:\/\/energiesnet.com\/espanol\/europa-es-optimista-y-busca-cerrar-acuerdo-con-mexico-y-chile-aun-aclaran-dudas-forbes-mx\/","og:image":"https:\/\/energiesnet.com\/espanol","og:image:secure_url":"https:\/\/energiesnet.com\/espanol","article:published_time":"2023-10-24T19:00:46+00:00","article:modified_time":"2023-10-24T19:00:48+00:00","article:publisher":"https:\/\/www.facebook.com\/\/EnergiesNet","twitter:card":"summary_large_image","twitter:site":"@EnergiesNet1","twitter:title":"Europa es optimista y busca cerrar acuerdo con M\u00e9xico y Chile; a\u00fan aclaran dudas \u2013 Forbes MX - EnergiestNet","twitter:description":"Forbes MX CIUDAD DE M\u00c9XICO EnergiesNet.com 20 10 2023 La presidencia de la Uni\u00f3n Europea (UE) se muestra optimista para cerrar el acuerdo bilateral de comercio con Chile antes de que acabe este a\u00f1o, y est\u00e1 a la espera de que M\u00e9xico concrete los aspectos que suscitan sus dudas en el pacto que los Veintisiete","twitter:creator":"@EnergiesNet1","twitter:image":"https:\/\/energiesnet.com\/espanol"},"aioseo_meta_data":{"post_id":"18412","title":null,"description":null,"keywords":[],"keyphrases":{"focus":{"keyphrase":"","score":0,"analysis":{"keyphraseInTitle":{"score":0,"maxScore":9,"error":1}}},"additional":[]},"primary_term":null,"canonical_url":null,"og_title":null,"og_description":null,"og_object_type":"default","og_image_type":"default","og_image_url":null,"og_image_width":null,"og_image_height":null,"og_image_custom_url":null,"og_image_custom_fields":null,"og_video":"","og_custom_url":null,"og_article_section":null,"og_article_tags":[],"twitter_use_og":false,"twitter_card":"default","twitter_image_type":"default","twitter_image_url":null,"twitter_image_custom_url":null,"twitter_image_custom_fields":null,"twitter_title":null,"twitter_description":null,"schema":{"blockGraphs":[],"customGraphs":[],"default":{"data":{"Article":[],"Course":[],"Dataset":[],"FAQPage":[],"Movie":[],"Person":[],"Product":[],"ProductReview":[],"Car":[],"Recipe":[],"Service":[],"SoftwareApplication":[],"WebPage":[]},"graphName":"BlogPosting","isEnabled":true},"graphs":[]},"schema_type":"default","schema_type_options":null,"pillar_content":false,"robots_default":true,"robots_noindex":false,"robots_noarchive":false,"robots_nosnippet":false,"robots_nofollow":false,"robots_noimageindex":false,"robots_noodp":false,"robots_notranslate":false,"robots_max_snippet":"-1","robots_max_videopreview":"-1","robots_max_imagepreview":"large","priority":null,"frequency":"default","local_seo":null,"breadcrumb_settings":null,"limit_modified_date":false,"ai":null,"created":"2023-10-24 19:00:51","updated":"2025-06-04 15:39:32","seo_analyzer_scan_date":null,"focus_keyword":null,"additional_keywords":null,"truseo_locale":null},"aioseo_breadcrumb":"<div class=\"aioseo-breadcrumbs\"><span class=\"aioseo-breadcrumb\">\n\t\t\t<a href=\"https:\/\/energiesnet.com\/espanol\" title=\"Inicio\">Inicio<\/a>\n\t\t<\/span><span class=\"aioseo-breadcrumb-separator\">&raquo;<\/span><span class=\"aioseo-breadcrumb\">\n\t\t\t<a href=\"https:\/\/energiesnet.com\/espanol\/category\/noticias-diarias\/\" title=\"Noticias Diarias\">Noticias Diarias<\/a>\n\t\t<\/span><span class=\"aioseo-breadcrumb-separator\">&raquo;<\/span><span class=\"aioseo-breadcrumb\">\n\t\t\tEuropa es optimista y busca cerrar acuerdo con M\u00e9xico y Chile; a\u00fan aclaran dudas \u2013 Forbes MX\n\t\t<\/span><\/div>","aioseo_breadcrumb_json":[{"label":"Inicio","link":"https:\/\/energiesnet.com\/espanol"},{"label":"Noticias Diarias","link":"https:\/\/energiesnet.com\/espanol\/category\/noticias-diarias\/"},{"label":"Europa es optimista y busca cerrar acuerdo con M\u00e9xico y Chile; a\u00fan aclaran dudas &#8211; Forbes MX","link":"https:\/\/energiesnet.com\/espanol\/europa-es-optimista-y-busca-cerrar-acuerdo-con-mexico-y-chile-aun-aclaran-dudas-forbes-mx\/"}],"_links":{"self":[{"href":"https:\/\/energiesnet.com\/espanol\/wp-json\/wp\/v2\/posts\/18412","targetHints":{"allow":["GET"]}}],"collection":[{"href":"https:\/\/energiesnet.com\/espanol\/wp-json\/wp\/v2\/posts"}],"about":[{"href":"https:\/\/energiesnet.com\/espanol\/wp-json\/wp\/v2\/types\/post"}],"author":[{"embeddable":true,"href":"https:\/\/energiesnet.com\/espanol\/wp-json\/wp\/v2\/users\/2"}],"replies":[{"embeddable":true,"href":"https:\/\/energiesnet.com\/espanol\/wp-json\/wp\/v2\/comments?post=18412"}],"version-history":[{"count":0,"href":"https:\/\/energiesnet.com\/espanol\/wp-json\/wp\/v2\/posts\/18412\/revisions"}],"wp:featuredmedia":[{"embeddable":true,"href":"https:\/\/energiesnet.com\/espanol\/wp-json\/wp\/v2\/media\/18413"}],"wp:attachment":[{"href":"https:\/\/energiesnet.com\/espanol\/wp-json\/wp\/v2\/media?parent=18412"}],"wp:term":[{"taxonomy":"category","embeddable":true,"href":"https:\/\/energiesnet.com\/espanol\/wp-json\/wp\/v2\/categories?post=18412"},{"taxonomy":"post_tag","embeddable":true,"href":"https:\/\/energiesnet.com\/espanol\/wp-json\/wp\/v2\/tags?post=18412"}],"curies":[{"name":"wp","href":"https:\/\/api.w.org\/{rel}","templated":true}]}}