{"id":18415,"date":"2023-10-24T15:38:20","date_gmt":"2023-10-24T19:38:20","guid":{"rendered":"https:\/\/energiesnet.com\/espanol\/?p=18415"},"modified":"2023-10-24T16:06:55","modified_gmt":"2023-10-24T20:06:55","slug":"amexhi-presenta-3ra-edicion-de-charlas-expertas","status":"publish","type":"post","link":"https:\/\/energiesnet.com\/espanol\/amexhi-presenta-3ra-edicion-de-charlas-expertas\/","title":{"rendered":"AMEXHI: Presenta 3ra edici\u00f3n de charlas expertas"},"content":{"rendered":"\n<figure class=\"wp-block-image size-full\"><img fetchpriority=\"high\" decoding=\"async\" width=\"600\" height=\"400\" src=\"https:\/\/energiesnet.com\/espanol\/wp-content\/uploads\/2023\/10\/cmexi_charlasexpertas.jpg\" alt=\"\" class=\"wp-image-18418\" srcset=\"https:\/\/energiesnet.com\/espanol\/wp-content\/uploads\/2023\/10\/cmexi_charlasexpertas.jpg 600w, https:\/\/energiesnet.com\/espanol\/wp-content\/uploads\/2023\/10\/cmexi_charlasexpertas-300x200.jpg 300w\" sizes=\"(max-width: 600px) 100vw, 600px\" \/><figcaption class=\"wp-element-caption\">Amexhi<\/figcaption><\/figure>\n\n\n\n<p class=\"wp-block-paragraph\">EnergiesNet News       <\/p>\n\n\n\n<p class=\"wp-block-paragraph\">CIUDAD DE M\u00c9XICO          <br>EnergiesNet.com 18 10 2023       <\/p>\n\n\n\n<p class=\"wp-block-paragraph\"><strong>Forma parte de la 3ra  edici\u00f3n de Charlas Expertas <\/strong><br><br><em><strong>Charlas Expertas<\/strong><\/em>&nbsp;es un esfuerzo del Subcomit\u00e9 Social de la AMEXHI que, en colaboraci\u00f3n con la Secretar\u00eda de Medio Ambiente, Biodiversidad, Cambio Clim\u00e1tico y Energ\u00eda de Campeche (SEMABICCE); las Secretar\u00edas para el Desarrollo Eneeg\u00e9tico de Tabasco y Tamaulipas (SEDENER Tabasco y SEDENER Tamaulipas) y; la Agencia Estatal de Energ\u00eda de Veracruz (AEEV); para acercar el conocimiento de expertas y expertos del sector energ\u00e9tico, especialmente de la industria de los hidrocarburos, a estudiantes que est\u00e1n por integrarse a esta industria.<\/p>\n\n\n\n<p class=\"wp-block-paragraph\">Para participar en este evento, s\u00f3lo tienes que registrarte en nuestra plataforma<a href=\"https:\/\/amexhi.us19.list-manage.com\/track\/click?u=09c51206ba496f016b61e680a&amp;id=9c8a1e0c9c&amp;e=e4bbfc8906\"> Apprendo<\/a><em><strong><a href=\"https:\/\/amexhi.us19.list-manage.com\/track\/click?u=09c51206ba496f016b61e680a&amp;id=9c8a1e0c9c&amp;e=e4bbfc8906\"> en el siguiente enlace<\/a>. <\/strong><\/em><\/p>\n\n\n\n<p class=\"wp-block-paragraph\">Una vez que te registres, podr\u00e1s acceder a todas las sesiones en vivo (conforme al calendario) y posteriormente verlas ondemand. Adem\u00e1s pordr\u00e1s ver los materiales de las y los expertos.<\/p>\n\n\n\n<figure class=\"wp-block-table\"><table><tbody><tr><td>Temas: <br><br>17 de octubre, Campeche: Charla con C\u00e9sar Vera.  \u00abEntendiendo el Gas LP y el Hidr\u00f3geno como fuentes de energ\u00eda dom\u00e9sticas\u00bb.<br><br>20 de octubre, Campeche: Charla con Amira Casta\u00f1eda de Fieldwood: \u00abImportancia de la Responsabilidad Social Corporativa\u00bb\u00a0<br><br>23 octubre, Tamaulipas: Charla con Marco Serv\u00edn de ARHIP (Diavaz), \u00abDesaf\u00edos de Capital Humano\u00bb\u00a0 <br><br>23 octubre, Veracruz: Charla con Maribel Col\u00edn de RelyOn Nutec M\u00e9xico: \u00abLa capacitaci\u00f3n como herramienta para el desarrollo de competencias y la inserci\u00f3n laboral de las nuevas generaciones en la industria energ\u00e9tica\u00bb.\u00a0<br><br>31 octubre, Tabasco: Charla con Robert Koch de Wintershall Dea: \u201cValores &#8211; Un an\u00e1lisis de los principios de trabajo con enfoque en HSEQ operativo\u201d\u00a0<br><br>3 noviembre, Tabasco: Charla con Carlos Avenda\u00f1o, Coordinador de Innovaci\u00f3n, Desarrollo Tecnol\u00f3gico y Profesional del CIPM: \u00abLos primeros pasos hacia la construcci\u00f3n de tu futuro\u00bb\u00a0<br><br>6 de noviembre, Tabasco: Charla con Kevin Cuevas, presidente del EAGE Cap\u00edtulo M\u00e9xico. \u00abIntroducci\u00f3n al Procesamiento de Datos S\u00edsmicos\u00bb <br><br>7 noviembre, Veracruz: Charla con Juan de Dios Novo de Roma Energy:\u00bbImplementaci\u00f3n de Bombeo Mec\u00e1nico en yacimientos de baja presi\u00f3n y; Experiencia y retos como ingeniero junior de perforaci\u00f3n en una operadora\u00bb\u00a0<br><br><em>8 noviembre, Veracruz: Charla con Daniel Rojas de Wintershall Dea, \u00abOptimizaci\u00f3n de la red de bombeo neum\u00e1tico mediante el reforzamiento del proceso de compresi\u00f3n\u00bb<\/em><br><br><em>9 noviembre, Tamaulipas: Charla con la Mtra. Ana Belia Rivera Franc y la Ing. Luz Elena Rojas Gutierrez de PETRONAS, \u00abMarco regulatorio y Planeaci\u00f3n de negocio de Proyectos Exploratorios en Aguas Profundas en M\u00e9xico<\/em><\/td><\/tr><\/tbody><\/table><\/figure>\n\n\n\n<p class=\"wp-block-paragraph\">Fuente:AMEXHI   <\/p>\n\n\n\n<p class=\"wp-block-paragraph\">Energiesnet.com 18 10 2023<\/p>\n\n\n\n<p class=\"wp-block-paragraph\"><br><\/p>\n","protected":false},"excerpt":{"rendered":"<p>EnergiesNet News CIUDAD DE M\u00c9XICO EnergiesNet.com 18 10 2023 Forma parte de la 3ra edici\u00f3n de Charlas Expertas Charlas Expertas&nbsp;es un esfuerzo del Subcomit\u00e9 Social de la AMEXHI que, en colaboraci\u00f3n con la Secretar\u00eda de Medio Ambiente, Biodiversidad, Cambio Clim\u00e1tico y Energ\u00eda de Campeche (SEMABICCE); las Secretar\u00edas para el Desarrollo Eneeg\u00e9tico de Tabasco y Tamaulipas &hellip;<\/p>\n<p class=\"read-more\"> <a class=\"\" href=\"https:\/\/energiesnet.com\/espanol\/amexhi-presenta-3ra-edicion-de-charlas-expertas\/\"> <span class=\"screen-reader-text\">AMEXHI: Presenta 3ra edici\u00f3n de charlas expertas<\/span> Leer m\u00e1s &raquo;<\/a><\/p>\n","protected":false},"author":2,"featured_media":18418,"comment_status":"open","ping_status":"open","sticky":false,"template":"","format":"standard","meta":{"_monsterinsights_skip_tracking":false,"site-sidebar-layout":"default","site-content-layout":"default","ast-global-header-display":"","ast-main-header-display":"","ast-hfb-above-header-display":"","ast-hfb-below-header-display":"","ast-hfb-mobile-header-display":"","site-post-title":"","ast-breadcrumbs-content":"","ast-featured-img":"","footer-sml-layout":"","theme-transparent-header-meta":"","adv-header-id-meta":"","stick-header-meta":"","header-above-stick-meta":"","header-main-stick-meta":"","header-below-stick-meta":"","footnotes":""},"categories":[45],"tags":[1313,2532,109],"class_list":["post-18415","post","type-post","status-publish","format-standard","has-post-thumbnail","hentry","category-noticias-diarias","tag-amexhi","tag-industria-de-los-hidrocarburos","tag-mexico"],"aioseo_notices":[],"aioseo_head":"\n\t\t<!-- All in One SEO 5.0.1.1 - aioseo.com -->\n\t<meta name=\"description\" content=\"EnergiesNet News CIUDAD DE M\u00c9XICO EnergiesNet.com 18 10 2023 Forma parte de la 3ra edici\u00f3n de Charlas Expertas Charlas Expertas es un esfuerzo del Subcomit\u00e9 Social de la AMEXHI que, en colaboraci\u00f3n con la Secretar\u00eda de Medio Ambiente, Biodiversidad, Cambio Clim\u00e1tico y Energ\u00eda de Campeche (SEMABICCE); las Secretar\u00edas para el Desarrollo Eneeg\u00e9tico de Tabasco y Tamaulipas\" \/>\n\t<meta name=\"robots\" content=\"max-image-preview:large\" \/>\n\t<meta name=\"author\" content=\"EnergiesNet\"\/>\n\t<link rel=\"canonical\" href=\"https:\/\/energiesnet.com\/espanol\/amexhi-presenta-3ra-edicion-de-charlas-expertas\/\" \/>\n\t<meta name=\"generator\" content=\"All in One SEO (AIOSEO) 5.0.1.1\" \/>\n\t\t<meta property=\"og:locale\" content=\"es_ES\" \/>\n\t\t<meta property=\"og:site_name\" content=\"EnergiestNet - Latin America Energy, Oil ,  Gas &amp; Renewals\" \/>\n\t\t<meta property=\"og:type\" content=\"article\" \/>\n\t\t<meta property=\"og:title\" content=\"AMEXHI: Presenta 3ra edici\u00f3n de charlas expertas - EnergiestNet\" \/>\n\t\t<meta property=\"og:description\" content=\"EnergiesNet News CIUDAD DE M\u00c9XICO EnergiesNet.com 18 10 2023 Forma parte de la 3ra edici\u00f3n de Charlas Expertas Charlas Expertas es un esfuerzo del Subcomit\u00e9 Social de la AMEXHI que, en colaboraci\u00f3n con la Secretar\u00eda de Medio Ambiente, Biodiversidad, Cambio Clim\u00e1tico y Energ\u00eda de Campeche (SEMABICCE); las Secretar\u00edas para el Desarrollo Eneeg\u00e9tico de Tabasco y Tamaulipas\" \/>\n\t\t<meta property=\"og:url\" content=\"https:\/\/energiesnet.com\/espanol\/amexhi-presenta-3ra-edicion-de-charlas-expertas\/\" \/>\n\t\t<meta property=\"og:image\" content=\"https:\/\/energiesnet.com\/espanol\" \/>\n\t\t<meta property=\"og:image:secure_url\" content=\"https:\/\/energiesnet.com\/espanol\" \/>\n\t\t<meta property=\"article:published_time\" content=\"2023-10-24T19:38:20+00:00\" \/>\n\t\t<meta property=\"article:modified_time\" content=\"2023-10-24T20:06:55+00:00\" \/>\n\t\t<meta property=\"article:publisher\" content=\"https:\/\/www.facebook.com\/\/EnergiesNet\" \/>\n\t\t<meta name=\"twitter:card\" content=\"summary_large_image\" \/>\n\t\t<meta name=\"twitter:site\" content=\"@EnergiesNet1\" \/>\n\t\t<meta name=\"twitter:title\" content=\"AMEXHI: Presenta 3ra edici\u00f3n de charlas expertas - EnergiestNet\" \/>\n\t\t<meta name=\"twitter:description\" content=\"EnergiesNet News CIUDAD DE M\u00c9XICO EnergiesNet.com 18 10 2023 Forma parte de la 3ra edici\u00f3n de Charlas Expertas Charlas Expertas es un esfuerzo del Subcomit\u00e9 Social de la AMEXHI que, en colaboraci\u00f3n con la Secretar\u00eda de Medio Ambiente, Biodiversidad, Cambio Clim\u00e1tico y Energ\u00eda de Campeche (SEMABICCE); las Secretar\u00edas para el Desarrollo Eneeg\u00e9tico de Tabasco y Tamaulipas\" \/>\n\t\t<meta name=\"twitter:creator\" content=\"@EnergiesNet1\" \/>\n\t\t<meta name=\"twitter:image\" content=\"https:\/\/energiesnet.com\/espanol\" \/>\n\t\t<script type=\"application\/ld+json\" class=\"aioseo-schema\">\n\t\t\t{\"@context\":\"https:\\\/\\\/schema.org\",\"@graph\":[{\"@type\":\"BlogPosting\",\"@id\":\"https:\\\/\\\/energiesnet.com\\\/espanol\\\/amexhi-presenta-3ra-edicion-de-charlas-expertas\\\/#blogposting\",\"name\":\"AMEXHI: Presenta 3ra edici\\u00f3n de charlas expertas - EnergiestNet\",\"headline\":\"AMEXHI: Presenta 3ra edici\\u00f3n de charlas expertas\",\"author\":{\"@id\":\"https:\\\/\\\/energiesnet.com\\\/espanol\\\/author\\\/elioohep\\\/#author\"},\"publisher\":{\"@id\":\"https:\\\/\\\/energiesnet.com\\\/espanol\\\/#organization\"},\"image\":{\"@type\":\"ImageObject\",\"url\":\"https:\\\/\\\/energiesnet.com\\\/espanol\\\/wp-content\\\/uploads\\\/2023\\\/10\\\/cmexi_charlasexpertas.jpg\",\"width\":600,\"height\":400},\"datePublished\":\"2023-10-24T15:38:20-04:00\",\"dateModified\":\"2023-10-24T16:06:55-04:00\",\"inLanguage\":\"es-ES\",\"mainEntityOfPage\":{\"@id\":\"https:\\\/\\\/energiesnet.com\\\/espanol\\\/amexhi-presenta-3ra-edicion-de-charlas-expertas\\\/#webpage\"},\"isPartOf\":{\"@id\":\"https:\\\/\\\/energiesnet.com\\\/espanol\\\/amexhi-presenta-3ra-edicion-de-charlas-expertas\\\/#webpage\"},\"articleSection\":\"Noticias Diarias, amexhi, industria de los hidrocarburos, mexico\"},{\"@type\":\"BreadcrumbList\",\"@id\":\"https:\\\/\\\/energiesnet.com\\\/espanol\\\/amexhi-presenta-3ra-edicion-de-charlas-expertas\\\/#breadcrumblist\",\"itemListElement\":[{\"@type\":\"ListItem\",\"@id\":\"https:\\\/\\\/energiesnet.com\\\/espanol#listItem\",\"position\":1,\"name\":\"Inicio\",\"item\":\"https:\\\/\\\/energiesnet.com\\\/espanol\",\"nextItem\":{\"@type\":\"ListItem\",\"@id\":\"https:\\\/\\\/energiesnet.com\\\/espanol\\\/category\\\/noticias-diarias\\\/#listItem\",\"name\":\"Noticias Diarias\"}},{\"@type\":\"ListItem\",\"@id\":\"https:\\\/\\\/energiesnet.com\\\/espanol\\\/category\\\/noticias-diarias\\\/#listItem\",\"position\":2,\"name\":\"Noticias Diarias\",\"item\":\"https:\\\/\\\/energiesnet.com\\\/espanol\\\/category\\\/noticias-diarias\\\/\",\"nextItem\":{\"@type\":\"ListItem\",\"@id\":\"https:\\\/\\\/energiesnet.com\\\/espanol\\\/amexhi-presenta-3ra-edicion-de-charlas-expertas\\\/#listItem\",\"name\":\"AMEXHI: Presenta 3ra edici\\u00f3n de charlas expertas\"},\"previousItem\":{\"@type\":\"ListItem\",\"@id\":\"https:\\\/\\\/energiesnet.com\\\/espanol#listItem\",\"name\":\"Inicio\"}},{\"@type\":\"ListItem\",\"@id\":\"https:\\\/\\\/energiesnet.com\\\/espanol\\\/amexhi-presenta-3ra-edicion-de-charlas-expertas\\\/#listItem\",\"position\":3,\"name\":\"AMEXHI: Presenta 3ra edici\\u00f3n de charlas expertas\",\"previousItem\":{\"@type\":\"ListItem\",\"@id\":\"https:\\\/\\\/energiesnet.com\\\/espanol\\\/category\\\/noticias-diarias\\\/#listItem\",\"name\":\"Noticias Diarias\"}}]},{\"@type\":\"Organization\",\"@id\":\"https:\\\/\\\/energiesnet.com\\\/espanol\\\/#organization\",\"name\":\"EnergiestNet\",\"description\":\"Latin America Energy, Oil ,  Gas & Renewals\",\"url\":\"https:\\\/\\\/energiesnet.com\\\/espanol\\\/\",\"telephone\":\"+584142763041\",\"logo\":{\"@type\":\"ImageObject\",\"url\":\"https:\\\/\\\/energiesnet.com\\\/espanol\\\/wp-content\\\/uploads\\\/2022\\\/12\\\/EnergiesNet-Logo-200.jpg\",\"@id\":\"https:\\\/\\\/energiesnet.com\\\/espanol\\\/amexhi-presenta-3ra-edicion-de-charlas-expertas\\\/#organizationLogo\",\"width\":200,\"height\":220},\"image\":{\"@id\":\"https:\\\/\\\/energiesnet.com\\\/espanol\\\/amexhi-presenta-3ra-edicion-de-charlas-expertas\\\/#organizationLogo\"},\"sameAs\":[\"https:\\\/\\\/www.facebook.com\\\/\\\/EnergiesNet\",\"https:\\\/\\\/twitter.com\\\/EnergiesNet1\",\"https:\\\/\\\/www.instagram.com\\\/energiesnet\\\/\",\"https:\\\/\\\/linkedin.com\\\/in\\\/elio-ohep-a465b78\"]},{\"@type\":\"Person\",\"@id\":\"https:\\\/\\\/energiesnet.com\\\/espanol\\\/author\\\/elioohep\\\/#author\",\"url\":\"https:\\\/\\\/energiesnet.com\\\/espanol\\\/author\\\/elioohep\\\/\",\"name\":\"EnergiesNet\",\"image\":{\"@type\":\"ImageObject\",\"@id\":\"https:\\\/\\\/energiesnet.com\\\/espanol\\\/amexhi-presenta-3ra-edicion-de-charlas-expertas\\\/#authorImage\",\"url\":\"https:\\\/\\\/secure.gravatar.com\\\/avatar\\\/5412deb1089370e2bdf1d1310563df78bf3dc9f9e388ca5748bced95cfdb664b?s=96&d=mm&r=g\",\"width\":96,\"height\":96,\"caption\":\"EnergiesNet\"}},{\"@type\":\"WebPage\",\"@id\":\"https:\\\/\\\/energiesnet.com\\\/espanol\\\/amexhi-presenta-3ra-edicion-de-charlas-expertas\\\/#webpage\",\"url\":\"https:\\\/\\\/energiesnet.com\\\/espanol\\\/amexhi-presenta-3ra-edicion-de-charlas-expertas\\\/\",\"name\":\"AMEXHI: Presenta 3ra edici\\u00f3n de charlas expertas - EnergiestNet\",\"description\":\"EnergiesNet News CIUDAD DE M\\u00c9XICO EnergiesNet.com 18 10 2023 Forma parte de la 3ra edici\\u00f3n de Charlas Expertas Charlas Expertas es un esfuerzo del Subcomit\\u00e9 Social de la AMEXHI que, en colaboraci\\u00f3n con la Secretar\\u00eda de Medio Ambiente, Biodiversidad, Cambio Clim\\u00e1tico y Energ\\u00eda de Campeche (SEMABICCE); las Secretar\\u00edas para el Desarrollo Eneeg\\u00e9tico de Tabasco y Tamaulipas\",\"inLanguage\":\"es-ES\",\"isPartOf\":{\"@id\":\"https:\\\/\\\/energiesnet.com\\\/espanol\\\/#website\"},\"breadcrumb\":{\"@id\":\"https:\\\/\\\/energiesnet.com\\\/espanol\\\/amexhi-presenta-3ra-edicion-de-charlas-expertas\\\/#breadcrumblist\"},\"author\":{\"@id\":\"https:\\\/\\\/energiesnet.com\\\/espanol\\\/author\\\/elioohep\\\/#author\"},\"creator\":{\"@id\":\"https:\\\/\\\/energiesnet.com\\\/espanol\\\/author\\\/elioohep\\\/#author\"},\"image\":{\"@type\":\"ImageObject\",\"url\":\"https:\\\/\\\/energiesnet.com\\\/espanol\\\/wp-content\\\/uploads\\\/2023\\\/10\\\/cmexi_charlasexpertas.jpg\",\"@id\":\"https:\\\/\\\/energiesnet.com\\\/espanol\\\/amexhi-presenta-3ra-edicion-de-charlas-expertas\\\/#mainImage\",\"width\":600,\"height\":400},\"primaryImageOfPage\":{\"@id\":\"https:\\\/\\\/energiesnet.com\\\/espanol\\\/amexhi-presenta-3ra-edicion-de-charlas-expertas\\\/#mainImage\"},\"datePublished\":\"2023-10-24T15:38:20-04:00\",\"dateModified\":\"2023-10-24T16:06:55-04:00\"},{\"@type\":\"WebSite\",\"@id\":\"https:\\\/\\\/energiesnet.com\\\/espanol\\\/#website\",\"url\":\"https:\\\/\\\/energiesnet.com\\\/espanol\\\/\",\"name\":\"EnergiestNet\",\"description\":\"Latin America Energy, Oil ,  Gas & Renewals\",\"inLanguage\":\"es-ES\",\"publisher\":{\"@id\":\"https:\\\/\\\/energiesnet.com\\\/espanol\\\/#organization\"}}]}\n\t\t<\/script>\n\t\t<!-- All in One SEO -->\n\n","aioseo_head_json":{"title":"AMEXHI: Presenta 3ra edici\u00f3n de charlas expertas - EnergiestNet","description":"EnergiesNet News CIUDAD DE M\u00c9XICO EnergiesNet.com 18 10 2023 Forma parte de la 3ra edici\u00f3n de Charlas Expertas Charlas Expertas es un esfuerzo del Subcomit\u00e9 Social de la AMEXHI que, en colaboraci\u00f3n con la Secretar\u00eda de Medio Ambiente, Biodiversidad, Cambio Clim\u00e1tico y Energ\u00eda de Campeche (SEMABICCE); las Secretar\u00edas para el Desarrollo Eneeg\u00e9tico de Tabasco y Tamaulipas","canonical_url":"https:\/\/energiesnet.com\/espanol\/amexhi-presenta-3ra-edicion-de-charlas-expertas\/","robots":"max-image-preview:large","keywords":"","webmasterTools":{"miscellaneous":""},"schema":{"@context":"https:\/\/schema.org","@graph":[{"@type":"BlogPosting","@id":"https:\/\/energiesnet.com\/espanol\/amexhi-presenta-3ra-edicion-de-charlas-expertas\/#blogposting","name":"AMEXHI: Presenta 3ra edici\u00f3n de charlas expertas - EnergiestNet","headline":"AMEXHI: Presenta 3ra edici\u00f3n de charlas expertas","author":{"@id":"https:\/\/energiesnet.com\/espanol\/author\/elioohep\/#author"},"publisher":{"@id":"https:\/\/energiesnet.com\/espanol\/#organization"},"image":{"@type":"ImageObject","url":"https:\/\/energiesnet.com\/espanol\/wp-content\/uploads\/2023\/10\/cmexi_charlasexpertas.jpg","width":600,"height":400},"datePublished":"2023-10-24T15:38:20-04:00","dateModified":"2023-10-24T16:06:55-04:00","inLanguage":"es-ES","mainEntityOfPage":{"@id":"https:\/\/energiesnet.com\/espanol\/amexhi-presenta-3ra-edicion-de-charlas-expertas\/#webpage"},"isPartOf":{"@id":"https:\/\/energiesnet.com\/espanol\/amexhi-presenta-3ra-edicion-de-charlas-expertas\/#webpage"},"articleSection":"Noticias Diarias, amexhi, industria de los hidrocarburos, mexico"},{"@type":"BreadcrumbList","@id":"https:\/\/energiesnet.com\/espanol\/amexhi-presenta-3ra-edicion-de-charlas-expertas\/#breadcrumblist","itemListElement":[{"@type":"ListItem","@id":"https:\/\/energiesnet.com\/espanol#listItem","position":1,"name":"Inicio","item":"https:\/\/energiesnet.com\/espanol","nextItem":{"@type":"ListItem","@id":"https:\/\/energiesnet.com\/espanol\/category\/noticias-diarias\/#listItem","name":"Noticias Diarias"}},{"@type":"ListItem","@id":"https:\/\/energiesnet.com\/espanol\/category\/noticias-diarias\/#listItem","position":2,"name":"Noticias Diarias","item":"https:\/\/energiesnet.com\/espanol\/category\/noticias-diarias\/","nextItem":{"@type":"ListItem","@id":"https:\/\/energiesnet.com\/espanol\/amexhi-presenta-3ra-edicion-de-charlas-expertas\/#listItem","name":"AMEXHI: Presenta 3ra edici\u00f3n de charlas expertas"},"previousItem":{"@type":"ListItem","@id":"https:\/\/energiesnet.com\/espanol#listItem","name":"Inicio"}},{"@type":"ListItem","@id":"https:\/\/energiesnet.com\/espanol\/amexhi-presenta-3ra-edicion-de-charlas-expertas\/#listItem","position":3,"name":"AMEXHI: Presenta 3ra edici\u00f3n de charlas expertas","previousItem":{"@type":"ListItem","@id":"https:\/\/energiesnet.com\/espanol\/category\/noticias-diarias\/#listItem","name":"Noticias Diarias"}}]},{"@type":"Organization","@id":"https:\/\/energiesnet.com\/espanol\/#organization","name":"EnergiestNet","description":"Latin America Energy, Oil ,  Gas & Renewals","url":"https:\/\/energiesnet.com\/espanol\/","telephone":"+584142763041","logo":{"@type":"ImageObject","url":"https:\/\/energiesnet.com\/espanol\/wp-content\/uploads\/2022\/12\/EnergiesNet-Logo-200.jpg","@id":"https:\/\/energiesnet.com\/espanol\/amexhi-presenta-3ra-edicion-de-charlas-expertas\/#organizationLogo","width":200,"height":220},"image":{"@id":"https:\/\/energiesnet.com\/espanol\/amexhi-presenta-3ra-edicion-de-charlas-expertas\/#organizationLogo"},"sameAs":["https:\/\/www.facebook.com\/\/EnergiesNet","https:\/\/twitter.com\/EnergiesNet1","https:\/\/www.instagram.com\/energiesnet\/","https:\/\/linkedin.com\/in\/elio-ohep-a465b78"]},{"@type":"Person","@id":"https:\/\/energiesnet.com\/espanol\/author\/elioohep\/#author","url":"https:\/\/energiesnet.com\/espanol\/author\/elioohep\/","name":"EnergiesNet","image":{"@type":"ImageObject","@id":"https:\/\/energiesnet.com\/espanol\/amexhi-presenta-3ra-edicion-de-charlas-expertas\/#authorImage","url":"https:\/\/secure.gravatar.com\/avatar\/5412deb1089370e2bdf1d1310563df78bf3dc9f9e388ca5748bced95cfdb664b?s=96&d=mm&r=g","width":96,"height":96,"caption":"EnergiesNet"}},{"@type":"WebPage","@id":"https:\/\/energiesnet.com\/espanol\/amexhi-presenta-3ra-edicion-de-charlas-expertas\/#webpage","url":"https:\/\/energiesnet.com\/espanol\/amexhi-presenta-3ra-edicion-de-charlas-expertas\/","name":"AMEXHI: Presenta 3ra edici\u00f3n de charlas expertas - EnergiestNet","description":"EnergiesNet News CIUDAD DE M\u00c9XICO EnergiesNet.com 18 10 2023 Forma parte de la 3ra edici\u00f3n de Charlas Expertas Charlas Expertas es un esfuerzo del Subcomit\u00e9 Social de la AMEXHI que, en colaboraci\u00f3n con la Secretar\u00eda de Medio Ambiente, Biodiversidad, Cambio Clim\u00e1tico y Energ\u00eda de Campeche (SEMABICCE); las Secretar\u00edas para el Desarrollo Eneeg\u00e9tico de Tabasco y Tamaulipas","inLanguage":"es-ES","isPartOf":{"@id":"https:\/\/energiesnet.com\/espanol\/#website"},"breadcrumb":{"@id":"https:\/\/energiesnet.com\/espanol\/amexhi-presenta-3ra-edicion-de-charlas-expertas\/#breadcrumblist"},"author":{"@id":"https:\/\/energiesnet.com\/espanol\/author\/elioohep\/#author"},"creator":{"@id":"https:\/\/energiesnet.com\/espanol\/author\/elioohep\/#author"},"image":{"@type":"ImageObject","url":"https:\/\/energiesnet.com\/espanol\/wp-content\/uploads\/2023\/10\/cmexi_charlasexpertas.jpg","@id":"https:\/\/energiesnet.com\/espanol\/amexhi-presenta-3ra-edicion-de-charlas-expertas\/#mainImage","width":600,"height":400},"primaryImageOfPage":{"@id":"https:\/\/energiesnet.com\/espanol\/amexhi-presenta-3ra-edicion-de-charlas-expertas\/#mainImage"},"datePublished":"2023-10-24T15:38:20-04:00","dateModified":"2023-10-24T16:06:55-04:00"},{"@type":"WebSite","@id":"https:\/\/energiesnet.com\/espanol\/#website","url":"https:\/\/energiesnet.com\/espanol\/","name":"EnergiestNet","description":"Latin America Energy, Oil ,  Gas & Renewals","inLanguage":"es-ES","publisher":{"@id":"https:\/\/energiesnet.com\/espanol\/#organization"}}]},"og:locale":"es_ES","og:site_name":"EnergiestNet - Latin America Energy, Oil ,  Gas &amp; Renewals","og:type":"article","og:title":"AMEXHI: Presenta 3ra edici\u00f3n de charlas expertas - EnergiestNet","og:description":"EnergiesNet News CIUDAD DE M\u00c9XICO EnergiesNet.com 18 10 2023 Forma parte de la 3ra edici\u00f3n de Charlas Expertas Charlas Expertas es un esfuerzo del Subcomit\u00e9 Social de la AMEXHI que, en colaboraci\u00f3n con la Secretar\u00eda de Medio Ambiente, Biodiversidad, Cambio Clim\u00e1tico y Energ\u00eda de Campeche (SEMABICCE); las Secretar\u00edas para el Desarrollo Eneeg\u00e9tico de Tabasco y Tamaulipas","og:url":"https:\/\/energiesnet.com\/espanol\/amexhi-presenta-3ra-edicion-de-charlas-expertas\/","og:image":"https:\/\/energiesnet.com\/espanol","og:image:secure_url":"https:\/\/energiesnet.com\/espanol","article:published_time":"2023-10-24T19:38:20+00:00","article:modified_time":"2023-10-24T20:06:55+00:00","article:publisher":"https:\/\/www.facebook.com\/\/EnergiesNet","twitter:card":"summary_large_image","twitter:site":"@EnergiesNet1","twitter:title":"AMEXHI: Presenta 3ra edici\u00f3n de charlas expertas - EnergiestNet","twitter:description":"EnergiesNet News CIUDAD DE M\u00c9XICO EnergiesNet.com 18 10 2023 Forma parte de la 3ra edici\u00f3n de Charlas Expertas Charlas Expertas es un esfuerzo del Subcomit\u00e9 Social de la AMEXHI que, en colaboraci\u00f3n con la Secretar\u00eda de Medio Ambiente, Biodiversidad, Cambio Clim\u00e1tico y Energ\u00eda de Campeche (SEMABICCE); las Secretar\u00edas para el Desarrollo Eneeg\u00e9tico de Tabasco y Tamaulipas","twitter:creator":"@EnergiesNet1","twitter:image":"https:\/\/energiesnet.com\/espanol"},"aioseo_meta_data":{"post_id":"18415","title":null,"description":null,"keywords":[],"keyphrases":{"focus":{"keyphrase":"","score":0,"analysis":{"keyphraseInTitle":{"score":0,"maxScore":9,"error":1}}},"additional":[]},"primary_term":null,"canonical_url":null,"og_title":null,"og_description":null,"og_object_type":"default","og_image_type":"default","og_image_url":null,"og_image_width":null,"og_image_height":null,"og_image_custom_url":null,"og_image_custom_fields":null,"og_video":"","og_custom_url":null,"og_article_section":null,"og_article_tags":[],"twitter_use_og":false,"twitter_card":"default","twitter_image_type":"default","twitter_image_url":null,"twitter_image_custom_url":null,"twitter_image_custom_fields":null,"twitter_title":null,"twitter_description":null,"schema":{"blockGraphs":[],"customGraphs":[],"default":{"data":{"Article":[],"Course":[],"Dataset":[],"FAQPage":[],"Movie":[],"Person":[],"Product":[],"ProductReview":[],"Car":[],"Recipe":[],"Service":[],"SoftwareApplication":[],"WebPage":[]},"graphName":"BlogPosting","isEnabled":true},"graphs":[]},"schema_type":"default","schema_type_options":null,"pillar_content":false,"robots_default":true,"robots_noindex":false,"robots_noarchive":false,"robots_nosnippet":false,"robots_nofollow":false,"robots_noimageindex":false,"robots_noodp":false,"robots_notranslate":false,"robots_max_snippet":"-1","robots_max_videopreview":"-1","robots_max_imagepreview":"large","priority":null,"frequency":"default","local_seo":null,"breadcrumb_settings":null,"limit_modified_date":false,"ai":null,"created":"2023-10-24 19:38:24","updated":"2025-06-04 15:39:32","seo_analyzer_scan_date":null,"focus_keyword":null,"additional_keywords":null,"truseo_locale":null},"aioseo_breadcrumb":"<div class=\"aioseo-breadcrumbs\"><span class=\"aioseo-breadcrumb\">\n\t\t\t<a href=\"https:\/\/energiesnet.com\/espanol\" title=\"Inicio\">Inicio<\/a>\n\t\t<\/span><span class=\"aioseo-breadcrumb-separator\">&raquo;<\/span><span class=\"aioseo-breadcrumb\">\n\t\t\t<a href=\"https:\/\/energiesnet.com\/espanol\/category\/noticias-diarias\/\" title=\"Noticias Diarias\">Noticias Diarias<\/a>\n\t\t<\/span><span class=\"aioseo-breadcrumb-separator\">&raquo;<\/span><span class=\"aioseo-breadcrumb\">\n\t\t\tAMEXHI: Presenta 3ra edici\u00f3n de charlas expertas\n\t\t<\/span><\/div>","aioseo_breadcrumb_json":[{"label":"Inicio","link":"https:\/\/energiesnet.com\/espanol"},{"label":"Noticias Diarias","link":"https:\/\/energiesnet.com\/espanol\/category\/noticias-diarias\/"},{"label":"AMEXHI: Presenta 3ra edici\u00f3n de charlas expertas","link":"https:\/\/energiesnet.com\/espanol\/amexhi-presenta-3ra-edicion-de-charlas-expertas\/"}],"_links":{"self":[{"href":"https:\/\/energiesnet.com\/espanol\/wp-json\/wp\/v2\/posts\/18415","targetHints":{"allow":["GET"]}}],"collection":[{"href":"https:\/\/energiesnet.com\/espanol\/wp-json\/wp\/v2\/posts"}],"about":[{"href":"https:\/\/energiesnet.com\/espanol\/wp-json\/wp\/v2\/types\/post"}],"author":[{"embeddable":true,"href":"https:\/\/energiesnet.com\/espanol\/wp-json\/wp\/v2\/users\/2"}],"replies":[{"embeddable":true,"href":"https:\/\/energiesnet.com\/espanol\/wp-json\/wp\/v2\/comments?post=18415"}],"version-history":[{"count":0,"href":"https:\/\/energiesnet.com\/espanol\/wp-json\/wp\/v2\/posts\/18415\/revisions"}],"wp:featuredmedia":[{"embeddable":true,"href":"https:\/\/energiesnet.com\/espanol\/wp-json\/wp\/v2\/media\/18418"}],"wp:attachment":[{"href":"https:\/\/energiesnet.com\/espanol\/wp-json\/wp\/v2\/media?parent=18415"}],"wp:term":[{"taxonomy":"category","embeddable":true,"href":"https:\/\/energiesnet.com\/espanol\/wp-json\/wp\/v2\/categories?post=18415"},{"taxonomy":"post_tag","embeddable":true,"href":"https:\/\/energiesnet.com\/espanol\/wp-json\/wp\/v2\/tags?post=18415"}],"curies":[{"name":"wp","href":"https:\/\/api.w.org\/{rel}","templated":true}]}}