{"id":18732,"date":"2023-11-10T12:57:57","date_gmt":"2023-11-10T16:57:57","guid":{"rendered":"https:\/\/energiesnet.com\/espanol\/?p=18732"},"modified":"2023-11-10T12:57:58","modified_gmt":"2023-11-10T16:57:58","slug":"elecciones-en-argentina-2023-la-trayectoria-y-el-patrimonio-de-sergio-massa-y-javier-milei-bloomberg-linea","status":"publish","type":"post","link":"https:\/\/energiesnet.com\/espanol\/elecciones-en-argentina-2023-la-trayectoria-y-el-patrimonio-de-sergio-massa-y-javier-milei-bloomberg-linea\/","title":{"rendered":"Elecciones en Argentina 2023: la trayectoria y el patrimonio de Sergio Massa y Javier Milei &#8211; Bloomberg L\u00ednea"},"content":{"rendered":"\n<figure class=\"wp-block-image size-full\"><img fetchpriority=\"high\" decoding=\"async\" width=\"600\" height=\"400\" src=\"https:\/\/energiesnet.com\/espanol\/wp-content\/uploads\/2023\/11\/milei_massa-bloomberg.jpg\" alt=\"Con dos perfiles muy diferentes, los candidatos llegar\u00e1n a la segunda vuelta en un contexto de incertidumbre respecto del futuro de la econom\u00eda argentina. De cu\u00e1nto es su patrimonio (Bloomberg Daybreak)\" class=\"wp-image-18733\" srcset=\"https:\/\/energiesnet.com\/espanol\/wp-content\/uploads\/2023\/11\/milei_massa-bloomberg.jpg 600w, https:\/\/energiesnet.com\/espanol\/wp-content\/uploads\/2023\/11\/milei_massa-bloomberg-300x200.jpg 300w\" sizes=\"(max-width: 600px) 100vw, 600px\" \/><figcaption class=\"wp-element-caption\">Con dos perfiles muy diferentes, los candidatos llegar\u00e1n a la segunda vuelta en un contexto de incertidumbre respecto del futuro de la econom\u00eda argentina. De cu\u00e1nto es su patrimonio (Bloomberg Daybreak)<\/figcaption><\/figure>\n\n\n\n<p class=\"wp-block-paragraph\">Bel\u00e9n Escobar, Bloomberg L\u00ednea            <\/p>\n\n\n\n<p class=\"wp-block-paragraph\">BUENOS AIRES          <br>EnergiesNet.com 10 11 2023       <\/p>\n\n\n\n<p class=\"wp-block-paragraph\">En un escenario de tercios que luego deriv\u00f3 en un <em>balotaje <\/em>que definir\u00e1 en unos d\u00edas qui\u00e9n ser\u00e1 el pr\u00f3ximo presidente de Argentina, el ministro de Econom\u00eda y candidato de Uni\u00f3n por la Patria, <a href=\"https:\/\/www.bloomberglinea.com\/tags\/sergio-massa\/\" target=\"_blank\" rel=\"noreferrer noopener\">Sergio Massa<\/a>, disputar\u00e1 el sill\u00f3n de Rivadavia con el economista que lidera La Libertad Avanza,<a href=\"https:\/\/www.bloomberglinea.com\/tags\/javier-milei\/\" target=\"_blank\" rel=\"noreferrer noopener\"> Javier Milei<\/a>.<\/p>\n\n\n\n<p class=\"wp-block-paragraph\">Con dos perfiles muy diferentes, los referentes de los espacios llegar\u00e1n a la segunda vuelta en un contexto de incertidumbre respecto del futuro inmediato de la econom\u00eda argentina, que est\u00e1 atravesada por una profunda crisis y una fuerte <a href=\"https:\/\/www.bloomberglinea.com\/tags\/inflacion-en-argentina\/\" target=\"_blank\" rel=\"noreferrer noopener\">inflaci\u00f3n<\/a>.<\/p>\n\n\n\n<p class=\"wp-block-paragraph\"><\/p>\n\n\n\n<p class=\"has-medium-font-size wp-block-paragraph\"><strong>Qui\u00e9n es Sergio Massa<\/strong><\/p>\n\n\n\n<p class=\"wp-block-paragraph\"><\/p>\n\n\n\n<p class=\"wp-block-paragraph\">Con una extensa carrera en la pol\u00edtica, <a href=\"https:\/\/www.bloomberglinea.com\/tags\/sergio-massa\/\" target=\"_blank\" rel=\"noreferrer noopener\">Sergio Massa<\/a> es el ministro de Econom\u00eda de la Naci\u00f3n desde agosto del a\u00f1o pasado, cargo al que asumi\u00f3 en medio de un complejo escenario pol\u00edtico y econ\u00f3mico marcado por una inestabilidad financiera. De ese modo, su llegada al Palacio de Hacienda se dio luego de la renuncia de Mart\u00edn Guzm\u00e1n y Silvina Batakis.<\/p>\n\n\n\n<p class=\"wp-block-paragraph\">Actualmente, una de las principales cr\u00edticas hacia su gesti\u00f3n se vincula con la disparada de la <a href=\"https:\/\/www.bloomberglinea.com\/tags\/inflacion-en-argentina\/\" target=\"_blank\" rel=\"noreferrer noopener\">inflaci\u00f3n<\/a>, que seg\u00fan los \u00faltimos datos oficiales, fue <a href=\"https:\/\/www.bloomberglinea.com\/2023\/10\/12\/la-inflacion-argentina-en-septiembre-volvio-a-acelerarse-y-marco-un-pico-de-127\/\" target=\"_blank\" rel=\"noreferrer noopener\">en septiembre de 12,7%<\/a>, con lo que la variaci\u00f3n acumulada lleg\u00f3 a 103,2% y la interanual a 138,3%. El dato oficial de octubre, cabe recordar, ser\u00e1 informado por el Indec el pr\u00f3ximo lunes, 13 de noviembre.<\/p>\n\n\n\n<p class=\"wp-block-paragraph\">Previo a su arribo al Palacio de Hacienda, entre 2019 y 2022, Massa fue presidente de la C\u00e1mara de Diputados de la Naci\u00f3n, con lo que le toc\u00f3 administrar la actividad parlamentaria en plena pandemia. Entre 2013 y 2017 fue diputado de la mano del Frente Renovador, partido que decidi\u00f3 fundar luego de romper con el <em>kirchnerismo<\/em> durante el segundo mandato de Cristina Fern\u00e1ndez de Kirchner. El quiebre, no obstante, dur\u00f3 apenas seis a\u00f1os ya que en 2019 volvieron a unirse dentro del Frente de Todos.<\/p>\n\n\n\n<figure class=\"wp-block-image size-full\"><img decoding=\"async\" width=\"600\" height=\"400\" src=\"https:\/\/energiesnet.com\/espanol\/wp-content\/uploads\/2023\/11\/sergio_massa_bloo.jpg\" alt=\"Sergio Massa. (Maria Amasanti\/Bloomberg)\" class=\"wp-image-18734\" srcset=\"https:\/\/energiesnet.com\/espanol\/wp-content\/uploads\/2023\/11\/sergio_massa_bloo.jpg 600w, https:\/\/energiesnet.com\/espanol\/wp-content\/uploads\/2023\/11\/sergio_massa_bloo-300x200.jpg 300w\" sizes=\"(max-width: 600px) 100vw, 600px\" \/><figcaption class=\"wp-element-caption\">Sergio Massa. (Maria Amasanti\/Bloomberg)<\/figcaption><\/figure>\n\n\n\n<p class=\"wp-block-paragraph\">Previo a ello, en el per\u00edodo comprendido entre julio de 2009 y diciembre de 2013, fue elegido nuevamente como intendente del partido bonaerense de Tigre, distrito que ya hab\u00eda gobernado entre 2007 y 2008.<\/p>\n\n\n\n<p class=\"wp-block-paragraph\">A su vez, entre julio de 2008 y ese mismo mes de 2009, fue jefe de gabinete de la Naci\u00f3n, durante la primera presidencia de Cristina Kirchner.<\/p>\n\n\n\n<p class=\"wp-block-paragraph\">Massa tambi\u00e9n estuvo al frente de ANSeS, como director ejecutivo, entre 2002 y 2007, cargo al que lleg\u00f3 durante la gesti\u00f3n de Eduardo Duhalde.<\/p>\n\n\n\n<p class=\"wp-block-paragraph\">Si bien el titular del Palacio de Hacienda se autodenomina peronista, sus inicios fueron en la Uni\u00f3n de Centro Democr\u00e1tico (Ucede), partido conservador liberal argentino.<\/p>\n\n\n\n<p class=\"wp-block-paragraph\">Massa ya fue candidato a presidente en 2015, oportunidad en la que qued\u00f3 tercero, detr\u00e1s de Daniel Scioli, del Frente para la Victoria, y Mauricio Macri, de Cambiemos, quien result\u00f3 electo en el <em>balotaje<\/em>.<\/p>\n\n\n\n<p class=\"wp-block-paragraph\">En su \u00faltima declaraci\u00f3n ante la Oficina Anticorrupci\u00f3n, al cierre de 2022, Massa declar\u00f3 bienes, dep\u00f3sitos y dinero al final del a\u00f1o por unos $19,3 millones. El ministro declar\u00f3 dos casas en el distrito de Tigre, una por $8.976.631,61 y otra por $5.506.487,97, cifras que no representan el valor del mercado, sino el asignado para el cobro de impuestos por parte del Estado.<\/p>\n\n\n\n<p class=\"wp-block-paragraph\">Adem\u00e1s, Massa asegur\u00f3 tener una camioneta Volkswagen Tiguan modelo 2011 por poco m\u00e1s de $2.000.000.<\/p>\n\n\n\n<p class=\"wp-block-paragraph\"><\/p>\n\n\n\n<p class=\"has-medium-font-size wp-block-paragraph\"><strong>Qui\u00e9n es Javier Milei<\/strong><\/p>\n\n\n\n<p class=\"wp-block-paragraph\"><\/p>\n\n\n\n<p class=\"wp-block-paragraph\">Tras tomar relevancia en los medios de comunicaci\u00f3n como un economista histri\u00f3nico y peculiar pero tambi\u00e9n genuino y con dotes comunicativos que le permitieron destacar, <a href=\"https:\/\/www.bloomberglinea.com\/tags\/javier-milei\/\" target=\"_blank\" rel=\"noreferrer noopener\">Javier Milei<\/a> desembarc\u00f3 en la pol\u00edtica como diputado nacional, cargo que desempe\u00f1a desde 2021 y por el cual cada mes sortea su dieta.<\/p>\n\n\n\n<p class=\"wp-block-paragraph\">Las propuestas de <a href=\"https:\/\/www.bloomberglinea.com\/tags\/dolarizacion-en-argentina\/\" target=\"_blank\" rel=\"noreferrer noopener\">dolarizaci\u00f3n<\/a>, los cuestionamientos hacia los 30.000 desaparecidos de la Dictadura C\u00edvico Militar en Argentina y un mercado de \u00f3rganos fueron algunos de los puntos m\u00e1s criticados durante la campa\u00f1a presidencial.<\/p>\n\n\n\n<p class=\"wp-block-paragraph\">En el otro extremo, sus constantes cr\u00edticas hacia \u201cla casta pol\u00edtica\u201d y sus privilegios calaron hondo en una sociedad cansada de saltar de una crisis econ\u00f3mica a otra.<\/p>\n\n\n\n<figure class=\"wp-block-image size-full\"><img decoding=\"async\" width=\"600\" height=\"400\" src=\"https:\/\/energiesnet.com\/espanol\/wp-content\/uploads\/2023\/11\/javier_milei_bloomberg.jpg\" alt=\"Javier Milei.  (Anita Pouchard Serra\/Bloomberg)  \" class=\"wp-image-18735\" srcset=\"https:\/\/energiesnet.com\/espanol\/wp-content\/uploads\/2023\/11\/javier_milei_bloomberg.jpg 600w, https:\/\/energiesnet.com\/espanol\/wp-content\/uploads\/2023\/11\/javier_milei_bloomberg-300x200.jpg 300w\" sizes=\"(max-width: 600px) 100vw, 600px\" \/><figcaption class=\"wp-element-caption\">Javier Milei.  (Anita Pouchard Serra\/Bloomberg)  <\/figcaption><\/figure>\n\n\n\n<p class=\"wp-block-paragraph\">En su ejercicio, el candidato firm\u00f3 una serie de proyectos de ley relacionados con derogaciones de impuestos, aunque se ausent\u00f3 en la mitad de las votaciones de proyectos de ley durante su primer a\u00f1o.<\/p>\n\n\n\n<p class=\"wp-block-paragraph\">Antes de llegar a la pol\u00edtica, Milei se presentaba como escritor y conferencista, lo cual, seg\u00fan el candidato, gener\u00f3 la mayor parte de sus ingresos en el \u00faltimo per\u00edodo.<\/p>\n\n\n\n<p class=\"wp-block-paragraph\">Tambi\u00e9n fue profesor universitario y, adem\u00e1s, dentro del sector privado se dedic\u00f3 entre 2008 y 2021 a ocupar el rol de economista jefe de Corporaci\u00f3n Am\u00e9rica.<\/p>\n\n\n\n<p class=\"wp-block-paragraph\">Por otro lado, muy lejos de la pol\u00edtica, en 1997 fue arquero en las divisiones inferiores del club de f\u00fatbol Chacarita.<\/p>\n\n\n\n<p class=\"wp-block-paragraph\">Ante la oficina anticorrupci\u00f3n Milei inform\u00f3 un patrimonio de $21,1 millones, m\u00e1s una casa en la Ciudad de Buenos Aires valuada en $6,6 millones. Adem\u00e1s, declar\u00f3 ahorros por U$S 20.000 y dos veh\u00edculos: una camioneta Mercedes Benz Sprinter 2015 de $2,4 millones, y un Peugeot Rcz Coup\u00e9 2013, $3,6 millones.<\/p>\n\n\n\n<p class=\"wp-block-paragraph\">bloomberglinea.com 09 11 2023<\/p>\n","protected":false},"excerpt":{"rendered":"<p>Bel\u00e9n Escobar, Bloomberg L\u00ednea BUENOS AIRES EnergiesNet.com 10 11 2023 En un escenario de tercios que luego deriv\u00f3 en un balotaje que definir\u00e1 en unos d\u00edas qui\u00e9n ser\u00e1 el pr\u00f3ximo presidente de Argentina, el ministro de Econom\u00eda y candidato de Uni\u00f3n por la Patria, Sergio Massa, disputar\u00e1 el sill\u00f3n de Rivadavia con el economista que &hellip;<\/p>\n<p class=\"read-more\"> <a class=\"\" href=\"https:\/\/energiesnet.com\/espanol\/elecciones-en-argentina-2023-la-trayectoria-y-el-patrimonio-de-sergio-massa-y-javier-milei-bloomberg-linea\/\"> <span class=\"screen-reader-text\">Elecciones en Argentina 2023: la trayectoria y el patrimonio de Sergio Massa y Javier Milei &#8211; Bloomberg L\u00ednea<\/span> Leer m\u00e1s &raquo;<\/a><\/p>\n","protected":false},"author":2,"featured_media":18733,"comment_status":"open","ping_status":"open","sticky":false,"template":"","format":"standard","meta":{"_monsterinsights_skip_tracking":false,"site-sidebar-layout":"default","site-content-layout":"default","ast-global-header-display":"","ast-main-header-display":"","ast-hfb-above-header-display":"","ast-hfb-below-header-display":"","ast-hfb-mobile-header-display":"","site-post-title":"","ast-breadcrumbs-content":"","ast-featured-img":"","footer-sml-layout":"","theme-transparent-header-meta":"","adv-header-id-meta":"","stick-header-meta":"","header-above-stick-meta":"","header-main-stick-meta":"","header-below-stick-meta":"","footnotes":""},"categories":[30],"tags":[262,2682,136,2553],"class_list":["post-18732","post","type-post","status-publish","format-standard","has-post-thumbnail","hentry","category-top-news","tag-argentina","tag-elecionespresidenciales","tag-politica","tag-sergio-massa"],"aioseo_notices":[],"aioseo_head":"\n\t\t<!-- All in One SEO 5.0.1.1 - aioseo.com -->\n\t<meta name=\"description\" content=\"Bel\u00e9n Escobar, Bloomberg L\u00ednea BUENOS AIRES EnergiesNet.com 10 11 2023 En un escenario de tercios que luego deriv\u00f3 en un balotaje que definir\u00e1 en unos d\u00edas qui\u00e9n ser\u00e1 el pr\u00f3ximo presidente de Argentina, el ministro de Econom\u00eda y candidato de Uni\u00f3n por la Patria, Sergio Massa, disputar\u00e1 el sill\u00f3n de Rivadavia con el economista que\" \/>\n\t<meta name=\"robots\" content=\"max-image-preview:large\" \/>\n\t<meta name=\"author\" content=\"EnergiesNet\"\/>\n\t<link rel=\"canonical\" href=\"https:\/\/energiesnet.com\/espanol\/elecciones-en-argentina-2023-la-trayectoria-y-el-patrimonio-de-sergio-massa-y-javier-milei-bloomberg-linea\/\" \/>\n\t<meta name=\"generator\" content=\"All in One SEO (AIOSEO) 5.0.1.1\" \/>\n\t\t<meta property=\"og:locale\" content=\"es_ES\" \/>\n\t\t<meta property=\"og:site_name\" content=\"EnergiestNet - Latin America Energy, Oil ,  Gas &amp; Renewals\" \/>\n\t\t<meta property=\"og:type\" content=\"article\" \/>\n\t\t<meta property=\"og:title\" content=\"Elecciones en Argentina 2023: la trayectoria y el patrimonio de Sergio Massa y Javier Milei \u2013 Bloomberg L\u00ednea - EnergiestNet\" \/>\n\t\t<meta property=\"og:description\" content=\"Bel\u00e9n Escobar, Bloomberg L\u00ednea BUENOS AIRES EnergiesNet.com 10 11 2023 En un escenario de tercios que luego deriv\u00f3 en un balotaje que definir\u00e1 en unos d\u00edas qui\u00e9n ser\u00e1 el pr\u00f3ximo presidente de Argentina, el ministro de Econom\u00eda y candidato de Uni\u00f3n por la Patria, Sergio Massa, disputar\u00e1 el sill\u00f3n de Rivadavia con el economista que\" \/>\n\t\t<meta property=\"og:url\" content=\"https:\/\/energiesnet.com\/espanol\/elecciones-en-argentina-2023-la-trayectoria-y-el-patrimonio-de-sergio-massa-y-javier-milei-bloomberg-linea\/\" \/>\n\t\t<meta property=\"og:image\" content=\"https:\/\/energiesnet.com\/espanol\" \/>\n\t\t<meta property=\"og:image:secure_url\" content=\"https:\/\/energiesnet.com\/espanol\" \/>\n\t\t<meta property=\"article:published_time\" content=\"2023-11-10T16:57:57+00:00\" \/>\n\t\t<meta property=\"article:modified_time\" content=\"2023-11-10T16:57:58+00:00\" \/>\n\t\t<meta property=\"article:publisher\" content=\"https:\/\/www.facebook.com\/\/EnergiesNet\" \/>\n\t\t<meta name=\"twitter:card\" content=\"summary_large_image\" \/>\n\t\t<meta name=\"twitter:site\" content=\"@EnergiesNet1\" \/>\n\t\t<meta name=\"twitter:title\" content=\"Elecciones en Argentina 2023: la trayectoria y el patrimonio de Sergio Massa y Javier Milei \u2013 Bloomberg L\u00ednea - EnergiestNet\" \/>\n\t\t<meta name=\"twitter:description\" content=\"Bel\u00e9n Escobar, Bloomberg L\u00ednea BUENOS AIRES EnergiesNet.com 10 11 2023 En un escenario de tercios que luego deriv\u00f3 en un balotaje que definir\u00e1 en unos d\u00edas qui\u00e9n ser\u00e1 el pr\u00f3ximo presidente de Argentina, el ministro de Econom\u00eda y candidato de Uni\u00f3n por la Patria, Sergio Massa, disputar\u00e1 el sill\u00f3n de Rivadavia con el economista que\" \/>\n\t\t<meta name=\"twitter:creator\" content=\"@EnergiesNet1\" \/>\n\t\t<meta name=\"twitter:image\" content=\"https:\/\/energiesnet.com\/espanol\" \/>\n\t\t<script type=\"application\/ld+json\" class=\"aioseo-schema\">\n\t\t\t{\"@context\":\"https:\\\/\\\/schema.org\",\"@graph\":[{\"@type\":\"BlogPosting\",\"@id\":\"https:\\\/\\\/energiesnet.com\\\/espanol\\\/elecciones-en-argentina-2023-la-trayectoria-y-el-patrimonio-de-sergio-massa-y-javier-milei-bloomberg-linea\\\/#blogposting\",\"name\":\"Elecciones en Argentina 2023: la trayectoria y el patrimonio de Sergio Massa y Javier Milei \\u2013 Bloomberg L\\u00ednea - EnergiestNet\",\"headline\":\"Elecciones en Argentina 2023: la trayectoria y el patrimonio de Sergio Massa y Javier Milei &#8211; Bloomberg L\\u00ednea\",\"author\":{\"@id\":\"https:\\\/\\\/energiesnet.com\\\/espanol\\\/author\\\/elioohep\\\/#author\"},\"publisher\":{\"@id\":\"https:\\\/\\\/energiesnet.com\\\/espanol\\\/#organization\"},\"image\":{\"@type\":\"ImageObject\",\"url\":\"https:\\\/\\\/energiesnet.com\\\/espanol\\\/wp-content\\\/uploads\\\/2023\\\/11\\\/milei_massa-bloomberg.jpg\",\"width\":600,\"height\":400},\"datePublished\":\"2023-11-10T12:57:57-04:00\",\"dateModified\":\"2023-11-10T12:57:58-04:00\",\"inLanguage\":\"es-ES\",\"mainEntityOfPage\":{\"@id\":\"https:\\\/\\\/energiesnet.com\\\/espanol\\\/elecciones-en-argentina-2023-la-trayectoria-y-el-patrimonio-de-sergio-massa-y-javier-milei-bloomberg-linea\\\/#webpage\"},\"isPartOf\":{\"@id\":\"https:\\\/\\\/energiesnet.com\\\/espanol\\\/elecciones-en-argentina-2023-la-trayectoria-y-el-patrimonio-de-sergio-massa-y-javier-milei-bloomberg-linea\\\/#webpage\"},\"articleSection\":\"La Noticia, argentina, elecionespresidenciales, politica, sergio massa\"},{\"@type\":\"BreadcrumbList\",\"@id\":\"https:\\\/\\\/energiesnet.com\\\/espanol\\\/elecciones-en-argentina-2023-la-trayectoria-y-el-patrimonio-de-sergio-massa-y-javier-milei-bloomberg-linea\\\/#breadcrumblist\",\"itemListElement\":[{\"@type\":\"ListItem\",\"@id\":\"https:\\\/\\\/energiesnet.com\\\/espanol#listItem\",\"position\":1,\"name\":\"Inicio\",\"item\":\"https:\\\/\\\/energiesnet.com\\\/espanol\",\"nextItem\":{\"@type\":\"ListItem\",\"@id\":\"https:\\\/\\\/energiesnet.com\\\/espanol\\\/category\\\/top-news\\\/#listItem\",\"name\":\"La Noticia\"}},{\"@type\":\"ListItem\",\"@id\":\"https:\\\/\\\/energiesnet.com\\\/espanol\\\/category\\\/top-news\\\/#listItem\",\"position\":2,\"name\":\"La Noticia\",\"item\":\"https:\\\/\\\/energiesnet.com\\\/espanol\\\/category\\\/top-news\\\/\",\"nextItem\":{\"@type\":\"ListItem\",\"@id\":\"https:\\\/\\\/energiesnet.com\\\/espanol\\\/elecciones-en-argentina-2023-la-trayectoria-y-el-patrimonio-de-sergio-massa-y-javier-milei-bloomberg-linea\\\/#listItem\",\"name\":\"Elecciones en Argentina 2023: la trayectoria y el patrimonio de Sergio Massa y Javier Milei &#8211; Bloomberg L\\u00ednea\"},\"previousItem\":{\"@type\":\"ListItem\",\"@id\":\"https:\\\/\\\/energiesnet.com\\\/espanol#listItem\",\"name\":\"Inicio\"}},{\"@type\":\"ListItem\",\"@id\":\"https:\\\/\\\/energiesnet.com\\\/espanol\\\/elecciones-en-argentina-2023-la-trayectoria-y-el-patrimonio-de-sergio-massa-y-javier-milei-bloomberg-linea\\\/#listItem\",\"position\":3,\"name\":\"Elecciones en Argentina 2023: la trayectoria y el patrimonio de Sergio Massa y Javier Milei &#8211; Bloomberg L\\u00ednea\",\"previousItem\":{\"@type\":\"ListItem\",\"@id\":\"https:\\\/\\\/energiesnet.com\\\/espanol\\\/category\\\/top-news\\\/#listItem\",\"name\":\"La Noticia\"}}]},{\"@type\":\"Organization\",\"@id\":\"https:\\\/\\\/energiesnet.com\\\/espanol\\\/#organization\",\"name\":\"EnergiestNet\",\"description\":\"Latin America Energy, Oil ,  Gas & Renewals\",\"url\":\"https:\\\/\\\/energiesnet.com\\\/espanol\\\/\",\"telephone\":\"+584142763041\",\"logo\":{\"@type\":\"ImageObject\",\"url\":\"https:\\\/\\\/energiesnet.com\\\/espanol\\\/wp-content\\\/uploads\\\/2022\\\/12\\\/EnergiesNet-Logo-200.jpg\",\"@id\":\"https:\\\/\\\/energiesnet.com\\\/espanol\\\/elecciones-en-argentina-2023-la-trayectoria-y-el-patrimonio-de-sergio-massa-y-javier-milei-bloomberg-linea\\\/#organizationLogo\",\"width\":200,\"height\":220},\"image\":{\"@id\":\"https:\\\/\\\/energiesnet.com\\\/espanol\\\/elecciones-en-argentina-2023-la-trayectoria-y-el-patrimonio-de-sergio-massa-y-javier-milei-bloomberg-linea\\\/#organizationLogo\"},\"sameAs\":[\"https:\\\/\\\/www.facebook.com\\\/\\\/EnergiesNet\",\"https:\\\/\\\/twitter.com\\\/EnergiesNet1\",\"https:\\\/\\\/www.instagram.com\\\/energiesnet\\\/\",\"https:\\\/\\\/linkedin.com\\\/in\\\/elio-ohep-a465b78\"]},{\"@type\":\"Person\",\"@id\":\"https:\\\/\\\/energiesnet.com\\\/espanol\\\/author\\\/elioohep\\\/#author\",\"url\":\"https:\\\/\\\/energiesnet.com\\\/espanol\\\/author\\\/elioohep\\\/\",\"name\":\"EnergiesNet\",\"image\":{\"@type\":\"ImageObject\",\"@id\":\"https:\\\/\\\/energiesnet.com\\\/espanol\\\/elecciones-en-argentina-2023-la-trayectoria-y-el-patrimonio-de-sergio-massa-y-javier-milei-bloomberg-linea\\\/#authorImage\",\"url\":\"https:\\\/\\\/secure.gravatar.com\\\/avatar\\\/5412deb1089370e2bdf1d1310563df78bf3dc9f9e388ca5748bced95cfdb664b?s=96&d=mm&r=g\",\"width\":96,\"height\":96,\"caption\":\"EnergiesNet\"}},{\"@type\":\"WebPage\",\"@id\":\"https:\\\/\\\/energiesnet.com\\\/espanol\\\/elecciones-en-argentina-2023-la-trayectoria-y-el-patrimonio-de-sergio-massa-y-javier-milei-bloomberg-linea\\\/#webpage\",\"url\":\"https:\\\/\\\/energiesnet.com\\\/espanol\\\/elecciones-en-argentina-2023-la-trayectoria-y-el-patrimonio-de-sergio-massa-y-javier-milei-bloomberg-linea\\\/\",\"name\":\"Elecciones en Argentina 2023: la trayectoria y el patrimonio de Sergio Massa y Javier Milei \\u2013 Bloomberg L\\u00ednea - EnergiestNet\",\"description\":\"Bel\\u00e9n Escobar, Bloomberg L\\u00ednea BUENOS AIRES EnergiesNet.com 10 11 2023 En un escenario de tercios que luego deriv\\u00f3 en un balotaje que definir\\u00e1 en unos d\\u00edas qui\\u00e9n ser\\u00e1 el pr\\u00f3ximo presidente de Argentina, el ministro de Econom\\u00eda y candidato de Uni\\u00f3n por la Patria, Sergio Massa, disputar\\u00e1 el sill\\u00f3n de Rivadavia con el economista que\",\"inLanguage\":\"es-ES\",\"isPartOf\":{\"@id\":\"https:\\\/\\\/energiesnet.com\\\/espanol\\\/#website\"},\"breadcrumb\":{\"@id\":\"https:\\\/\\\/energiesnet.com\\\/espanol\\\/elecciones-en-argentina-2023-la-trayectoria-y-el-patrimonio-de-sergio-massa-y-javier-milei-bloomberg-linea\\\/#breadcrumblist\"},\"author\":{\"@id\":\"https:\\\/\\\/energiesnet.com\\\/espanol\\\/author\\\/elioohep\\\/#author\"},\"creator\":{\"@id\":\"https:\\\/\\\/energiesnet.com\\\/espanol\\\/author\\\/elioohep\\\/#author\"},\"image\":{\"@type\":\"ImageObject\",\"url\":\"https:\\\/\\\/energiesnet.com\\\/espanol\\\/wp-content\\\/uploads\\\/2023\\\/11\\\/milei_massa-bloomberg.jpg\",\"@id\":\"https:\\\/\\\/energiesnet.com\\\/espanol\\\/elecciones-en-argentina-2023-la-trayectoria-y-el-patrimonio-de-sergio-massa-y-javier-milei-bloomberg-linea\\\/#mainImage\",\"width\":600,\"height\":400},\"primaryImageOfPage\":{\"@id\":\"https:\\\/\\\/energiesnet.com\\\/espanol\\\/elecciones-en-argentina-2023-la-trayectoria-y-el-patrimonio-de-sergio-massa-y-javier-milei-bloomberg-linea\\\/#mainImage\"},\"datePublished\":\"2023-11-10T12:57:57-04:00\",\"dateModified\":\"2023-11-10T12:57:58-04:00\"},{\"@type\":\"WebSite\",\"@id\":\"https:\\\/\\\/energiesnet.com\\\/espanol\\\/#website\",\"url\":\"https:\\\/\\\/energiesnet.com\\\/espanol\\\/\",\"name\":\"EnergiestNet\",\"description\":\"Latin America Energy, Oil ,  Gas & Renewals\",\"inLanguage\":\"es-ES\",\"publisher\":{\"@id\":\"https:\\\/\\\/energiesnet.com\\\/espanol\\\/#organization\"}}]}\n\t\t<\/script>\n\t\t<!-- All in One SEO -->\n\n","aioseo_head_json":{"title":"Elecciones en Argentina 2023: la trayectoria y el patrimonio de Sergio Massa y Javier Milei \u2013 Bloomberg L\u00ednea - EnergiestNet","description":"Bel\u00e9n Escobar, Bloomberg L\u00ednea BUENOS AIRES EnergiesNet.com 10 11 2023 En un escenario de tercios que luego deriv\u00f3 en un balotaje que definir\u00e1 en unos d\u00edas qui\u00e9n ser\u00e1 el pr\u00f3ximo presidente de Argentina, el ministro de Econom\u00eda y candidato de Uni\u00f3n por la Patria, Sergio Massa, disputar\u00e1 el sill\u00f3n de Rivadavia con el economista que","canonical_url":"https:\/\/energiesnet.com\/espanol\/elecciones-en-argentina-2023-la-trayectoria-y-el-patrimonio-de-sergio-massa-y-javier-milei-bloomberg-linea\/","robots":"max-image-preview:large","keywords":"","webmasterTools":{"miscellaneous":""},"schema":{"@context":"https:\/\/schema.org","@graph":[{"@type":"BlogPosting","@id":"https:\/\/energiesnet.com\/espanol\/elecciones-en-argentina-2023-la-trayectoria-y-el-patrimonio-de-sergio-massa-y-javier-milei-bloomberg-linea\/#blogposting","name":"Elecciones en Argentina 2023: la trayectoria y el patrimonio de Sergio Massa y Javier Milei \u2013 Bloomberg L\u00ednea - EnergiestNet","headline":"Elecciones en Argentina 2023: la trayectoria y el patrimonio de Sergio Massa y Javier Milei &#8211; Bloomberg L\u00ednea","author":{"@id":"https:\/\/energiesnet.com\/espanol\/author\/elioohep\/#author"},"publisher":{"@id":"https:\/\/energiesnet.com\/espanol\/#organization"},"image":{"@type":"ImageObject","url":"https:\/\/energiesnet.com\/espanol\/wp-content\/uploads\/2023\/11\/milei_massa-bloomberg.jpg","width":600,"height":400},"datePublished":"2023-11-10T12:57:57-04:00","dateModified":"2023-11-10T12:57:58-04:00","inLanguage":"es-ES","mainEntityOfPage":{"@id":"https:\/\/energiesnet.com\/espanol\/elecciones-en-argentina-2023-la-trayectoria-y-el-patrimonio-de-sergio-massa-y-javier-milei-bloomberg-linea\/#webpage"},"isPartOf":{"@id":"https:\/\/energiesnet.com\/espanol\/elecciones-en-argentina-2023-la-trayectoria-y-el-patrimonio-de-sergio-massa-y-javier-milei-bloomberg-linea\/#webpage"},"articleSection":"La Noticia, argentina, elecionespresidenciales, politica, sergio massa"},{"@type":"BreadcrumbList","@id":"https:\/\/energiesnet.com\/espanol\/elecciones-en-argentina-2023-la-trayectoria-y-el-patrimonio-de-sergio-massa-y-javier-milei-bloomberg-linea\/#breadcrumblist","itemListElement":[{"@type":"ListItem","@id":"https:\/\/energiesnet.com\/espanol#listItem","position":1,"name":"Inicio","item":"https:\/\/energiesnet.com\/espanol","nextItem":{"@type":"ListItem","@id":"https:\/\/energiesnet.com\/espanol\/category\/top-news\/#listItem","name":"La Noticia"}},{"@type":"ListItem","@id":"https:\/\/energiesnet.com\/espanol\/category\/top-news\/#listItem","position":2,"name":"La Noticia","item":"https:\/\/energiesnet.com\/espanol\/category\/top-news\/","nextItem":{"@type":"ListItem","@id":"https:\/\/energiesnet.com\/espanol\/elecciones-en-argentina-2023-la-trayectoria-y-el-patrimonio-de-sergio-massa-y-javier-milei-bloomberg-linea\/#listItem","name":"Elecciones en Argentina 2023: la trayectoria y el patrimonio de Sergio Massa y Javier Milei &#8211; Bloomberg L\u00ednea"},"previousItem":{"@type":"ListItem","@id":"https:\/\/energiesnet.com\/espanol#listItem","name":"Inicio"}},{"@type":"ListItem","@id":"https:\/\/energiesnet.com\/espanol\/elecciones-en-argentina-2023-la-trayectoria-y-el-patrimonio-de-sergio-massa-y-javier-milei-bloomberg-linea\/#listItem","position":3,"name":"Elecciones en Argentina 2023: la trayectoria y el patrimonio de Sergio Massa y Javier Milei &#8211; Bloomberg L\u00ednea","previousItem":{"@type":"ListItem","@id":"https:\/\/energiesnet.com\/espanol\/category\/top-news\/#listItem","name":"La Noticia"}}]},{"@type":"Organization","@id":"https:\/\/energiesnet.com\/espanol\/#organization","name":"EnergiestNet","description":"Latin America Energy, Oil ,  Gas & Renewals","url":"https:\/\/energiesnet.com\/espanol\/","telephone":"+584142763041","logo":{"@type":"ImageObject","url":"https:\/\/energiesnet.com\/espanol\/wp-content\/uploads\/2022\/12\/EnergiesNet-Logo-200.jpg","@id":"https:\/\/energiesnet.com\/espanol\/elecciones-en-argentina-2023-la-trayectoria-y-el-patrimonio-de-sergio-massa-y-javier-milei-bloomberg-linea\/#organizationLogo","width":200,"height":220},"image":{"@id":"https:\/\/energiesnet.com\/espanol\/elecciones-en-argentina-2023-la-trayectoria-y-el-patrimonio-de-sergio-massa-y-javier-milei-bloomberg-linea\/#organizationLogo"},"sameAs":["https:\/\/www.facebook.com\/\/EnergiesNet","https:\/\/twitter.com\/EnergiesNet1","https:\/\/www.instagram.com\/energiesnet\/","https:\/\/linkedin.com\/in\/elio-ohep-a465b78"]},{"@type":"Person","@id":"https:\/\/energiesnet.com\/espanol\/author\/elioohep\/#author","url":"https:\/\/energiesnet.com\/espanol\/author\/elioohep\/","name":"EnergiesNet","image":{"@type":"ImageObject","@id":"https:\/\/energiesnet.com\/espanol\/elecciones-en-argentina-2023-la-trayectoria-y-el-patrimonio-de-sergio-massa-y-javier-milei-bloomberg-linea\/#authorImage","url":"https:\/\/secure.gravatar.com\/avatar\/5412deb1089370e2bdf1d1310563df78bf3dc9f9e388ca5748bced95cfdb664b?s=96&d=mm&r=g","width":96,"height":96,"caption":"EnergiesNet"}},{"@type":"WebPage","@id":"https:\/\/energiesnet.com\/espanol\/elecciones-en-argentina-2023-la-trayectoria-y-el-patrimonio-de-sergio-massa-y-javier-milei-bloomberg-linea\/#webpage","url":"https:\/\/energiesnet.com\/espanol\/elecciones-en-argentina-2023-la-trayectoria-y-el-patrimonio-de-sergio-massa-y-javier-milei-bloomberg-linea\/","name":"Elecciones en Argentina 2023: la trayectoria y el patrimonio de Sergio Massa y Javier Milei \u2013 Bloomberg L\u00ednea - EnergiestNet","description":"Bel\u00e9n Escobar, Bloomberg L\u00ednea BUENOS AIRES EnergiesNet.com 10 11 2023 En un escenario de tercios que luego deriv\u00f3 en un balotaje que definir\u00e1 en unos d\u00edas qui\u00e9n ser\u00e1 el pr\u00f3ximo presidente de Argentina, el ministro de Econom\u00eda y candidato de Uni\u00f3n por la Patria, Sergio Massa, disputar\u00e1 el sill\u00f3n de Rivadavia con el economista que","inLanguage":"es-ES","isPartOf":{"@id":"https:\/\/energiesnet.com\/espanol\/#website"},"breadcrumb":{"@id":"https:\/\/energiesnet.com\/espanol\/elecciones-en-argentina-2023-la-trayectoria-y-el-patrimonio-de-sergio-massa-y-javier-milei-bloomberg-linea\/#breadcrumblist"},"author":{"@id":"https:\/\/energiesnet.com\/espanol\/author\/elioohep\/#author"},"creator":{"@id":"https:\/\/energiesnet.com\/espanol\/author\/elioohep\/#author"},"image":{"@type":"ImageObject","url":"https:\/\/energiesnet.com\/espanol\/wp-content\/uploads\/2023\/11\/milei_massa-bloomberg.jpg","@id":"https:\/\/energiesnet.com\/espanol\/elecciones-en-argentina-2023-la-trayectoria-y-el-patrimonio-de-sergio-massa-y-javier-milei-bloomberg-linea\/#mainImage","width":600,"height":400},"primaryImageOfPage":{"@id":"https:\/\/energiesnet.com\/espanol\/elecciones-en-argentina-2023-la-trayectoria-y-el-patrimonio-de-sergio-massa-y-javier-milei-bloomberg-linea\/#mainImage"},"datePublished":"2023-11-10T12:57:57-04:00","dateModified":"2023-11-10T12:57:58-04:00"},{"@type":"WebSite","@id":"https:\/\/energiesnet.com\/espanol\/#website","url":"https:\/\/energiesnet.com\/espanol\/","name":"EnergiestNet","description":"Latin America Energy, Oil ,  Gas & Renewals","inLanguage":"es-ES","publisher":{"@id":"https:\/\/energiesnet.com\/espanol\/#organization"}}]},"og:locale":"es_ES","og:site_name":"EnergiestNet - Latin America Energy, Oil ,  Gas &amp; Renewals","og:type":"article","og:title":"Elecciones en Argentina 2023: la trayectoria y el patrimonio de Sergio Massa y Javier Milei \u2013 Bloomberg L\u00ednea - EnergiestNet","og:description":"Bel\u00e9n Escobar, Bloomberg L\u00ednea BUENOS AIRES EnergiesNet.com 10 11 2023 En un escenario de tercios que luego deriv\u00f3 en un balotaje que definir\u00e1 en unos d\u00edas qui\u00e9n ser\u00e1 el pr\u00f3ximo presidente de Argentina, el ministro de Econom\u00eda y candidato de Uni\u00f3n por la Patria, Sergio Massa, disputar\u00e1 el sill\u00f3n de Rivadavia con el economista que","og:url":"https:\/\/energiesnet.com\/espanol\/elecciones-en-argentina-2023-la-trayectoria-y-el-patrimonio-de-sergio-massa-y-javier-milei-bloomberg-linea\/","og:image":"https:\/\/energiesnet.com\/espanol","og:image:secure_url":"https:\/\/energiesnet.com\/espanol","article:published_time":"2023-11-10T16:57:57+00:00","article:modified_time":"2023-11-10T16:57:58+00:00","article:publisher":"https:\/\/www.facebook.com\/\/EnergiesNet","twitter:card":"summary_large_image","twitter:site":"@EnergiesNet1","twitter:title":"Elecciones en Argentina 2023: la trayectoria y el patrimonio de Sergio Massa y Javier Milei \u2013 Bloomberg L\u00ednea - EnergiestNet","twitter:description":"Bel\u00e9n Escobar, Bloomberg L\u00ednea BUENOS AIRES EnergiesNet.com 10 11 2023 En un escenario de tercios que luego deriv\u00f3 en un balotaje que definir\u00e1 en unos d\u00edas qui\u00e9n ser\u00e1 el pr\u00f3ximo presidente de Argentina, el ministro de Econom\u00eda y candidato de Uni\u00f3n por la Patria, Sergio Massa, disputar\u00e1 el sill\u00f3n de Rivadavia con el economista que","twitter:creator":"@EnergiesNet1","twitter:image":"https:\/\/energiesnet.com\/espanol"},"aioseo_meta_data":{"post_id":"18732","title":null,"description":null,"keywords":[],"keyphrases":{"focus":{"keyphrase":"","score":0,"analysis":{"keyphraseInTitle":{"score":0,"maxScore":9,"error":1}}},"additional":[]},"primary_term":null,"canonical_url":null,"og_title":null,"og_description":null,"og_object_type":"default","og_image_type":"default","og_image_url":null,"og_image_width":null,"og_image_height":null,"og_image_custom_url":null,"og_image_custom_fields":null,"og_video":"","og_custom_url":null,"og_article_section":null,"og_article_tags":[],"twitter_use_og":false,"twitter_card":"default","twitter_image_type":"default","twitter_image_url":null,"twitter_image_custom_url":null,"twitter_image_custom_fields":null,"twitter_title":null,"twitter_description":null,"schema":{"blockGraphs":[],"customGraphs":[],"default":{"data":{"Article":[],"Course":[],"Dataset":[],"FAQPage":[],"Movie":[],"Person":[],"Product":[],"ProductReview":[],"Car":[],"Recipe":[],"Service":[],"SoftwareApplication":[],"WebPage":[]},"graphName":"BlogPosting","isEnabled":true},"graphs":[]},"schema_type":"default","schema_type_options":null,"pillar_content":false,"robots_default":true,"robots_noindex":false,"robots_noarchive":false,"robots_nosnippet":false,"robots_nofollow":false,"robots_noimageindex":false,"robots_noodp":false,"robots_notranslate":false,"robots_max_snippet":"-1","robots_max_videopreview":"-1","robots_max_imagepreview":"large","priority":null,"frequency":"default","local_seo":null,"breadcrumb_settings":null,"limit_modified_date":false,"ai":null,"created":"2023-11-10 16:58:02","updated":"2025-06-04 15:45:44","seo_analyzer_scan_date":null,"focus_keyword":null,"additional_keywords":null,"truseo_locale":null},"aioseo_breadcrumb":"<div class=\"aioseo-breadcrumbs\"><span class=\"aioseo-breadcrumb\">\n\t\t\t<a href=\"https:\/\/energiesnet.com\/espanol\" title=\"Inicio\">Inicio<\/a>\n\t\t<\/span><span class=\"aioseo-breadcrumb-separator\">&raquo;<\/span><span class=\"aioseo-breadcrumb\">\n\t\t\t<a href=\"https:\/\/energiesnet.com\/espanol\/category\/top-news\/\" title=\"La Noticia\">La Noticia<\/a>\n\t\t<\/span><span class=\"aioseo-breadcrumb-separator\">&raquo;<\/span><span class=\"aioseo-breadcrumb\">\n\t\t\tElecciones en Argentina 2023: la trayectoria y el patrimonio de Sergio Massa y Javier Milei \u2013 Bloomberg L\u00ednea\n\t\t<\/span><\/div>","aioseo_breadcrumb_json":[{"label":"Inicio","link":"https:\/\/energiesnet.com\/espanol"},{"label":"La Noticia","link":"https:\/\/energiesnet.com\/espanol\/category\/top-news\/"},{"label":"Elecciones en Argentina 2023: la trayectoria y el patrimonio de Sergio Massa y Javier Milei &#8211; Bloomberg L\u00ednea","link":"https:\/\/energiesnet.com\/espanol\/elecciones-en-argentina-2023-la-trayectoria-y-el-patrimonio-de-sergio-massa-y-javier-milei-bloomberg-linea\/"}],"_links":{"self":[{"href":"https:\/\/energiesnet.com\/espanol\/wp-json\/wp\/v2\/posts\/18732","targetHints":{"allow":["GET"]}}],"collection":[{"href":"https:\/\/energiesnet.com\/espanol\/wp-json\/wp\/v2\/posts"}],"about":[{"href":"https:\/\/energiesnet.com\/espanol\/wp-json\/wp\/v2\/types\/post"}],"author":[{"embeddable":true,"href":"https:\/\/energiesnet.com\/espanol\/wp-json\/wp\/v2\/users\/2"}],"replies":[{"embeddable":true,"href":"https:\/\/energiesnet.com\/espanol\/wp-json\/wp\/v2\/comments?post=18732"}],"version-history":[{"count":0,"href":"https:\/\/energiesnet.com\/espanol\/wp-json\/wp\/v2\/posts\/18732\/revisions"}],"wp:featuredmedia":[{"embeddable":true,"href":"https:\/\/energiesnet.com\/espanol\/wp-json\/wp\/v2\/media\/18733"}],"wp:attachment":[{"href":"https:\/\/energiesnet.com\/espanol\/wp-json\/wp\/v2\/media?parent=18732"}],"wp:term":[{"taxonomy":"category","embeddable":true,"href":"https:\/\/energiesnet.com\/espanol\/wp-json\/wp\/v2\/categories?post=18732"},{"taxonomy":"post_tag","embeddable":true,"href":"https:\/\/energiesnet.com\/espanol\/wp-json\/wp\/v2\/tags?post=18732"}],"curies":[{"name":"wp","href":"https:\/\/api.w.org\/{rel}","templated":true}]}}