{"id":18811,"date":"2023-11-14T12:35:02","date_gmt":"2023-11-14T16:35:02","guid":{"rendered":"https:\/\/energiesnet.com\/espanol\/?p=18811"},"modified":"2023-11-14T12:35:03","modified_gmt":"2023-11-14T16:35:03","slug":"estaciones-de-servicio-de-uruguay-sin-nafta-y-gasoil-por-paro-de-los-transportistas-de-combustible-bloomberg-linea","status":"publish","type":"post","link":"https:\/\/energiesnet.com\/espanol\/estaciones-de-servicio-de-uruguay-sin-nafta-y-gasoil-por-paro-de-los-transportistas-de-combustible-bloomberg-linea\/","title":{"rendered":"Estaciones de servicio de Uruguay sin nafta y gasoil por paro de los transportistas de combustible &#8211; Bloomberg L\u00ednea"},"content":{"rendered":"\n<figure class=\"wp-block-image size-full\"><img fetchpriority=\"high\" decoding=\"async\" width=\"600\" height=\"400\" src=\"https:\/\/energiesnet.com\/espanol\/wp-content\/uploads\/2023\/11\/gas_service_station_uruguay-gob.jpg\" alt=\"\" class=\"wp-image-18812\" srcset=\"https:\/\/energiesnet.com\/espanol\/wp-content\/uploads\/2023\/11\/gas_service_station_uruguay-gob.jpg 600w, https:\/\/energiesnet.com\/espanol\/wp-content\/uploads\/2023\/11\/gas_service_station_uruguay-gob-300x200.jpg 300w\" sizes=\"(max-width: 600px) 100vw, 600px\" \/><figcaption class=\"wp-element-caption\">Los transportistas de combustible llevan adelante una medida de fuerza que durar\u00e1 hasta el mi\u00e9rcoles 15 de noviembre.<\/figcaption><\/figure>\n\n\n\n<p>Juan Pablo \u00c1lvarez, Bloomberg L\u00ednea             <\/p>\n\n\n\n<p>BUENOS AIRES                 <br>EnergiesNet.com 14 11 2023         <\/p>\n\n\n\n<p>Este lunes 13 de noviembre, la Asociaci\u00f3n de Transportistas de Combustible (ATC) del <a href=\"https:\/\/www.bloomberglinea.com\/latinoamerica\/uruguay\/\" target=\"_blank\" rel=\"noreferrer noopener\">Uruguay<\/a> suspendi\u00f3 sus actividades de<a href=\"https:\/\/www.ambito.com\/uruguay\/transportistas-suspenden-el-suministro-combustible-partir-del-lunes-n5870569\"> <\/a>carga de nafta y gasoil en las estaciones de servicio del pa\u00eds. Es en el mercado de una protesta por la desvinculaci\u00f3n de la <a href=\"https:\/\/www.bloomberglinea.com\/tags\/ancap\/\" target=\"_blank\" rel=\"noreferrer noopener\">Administraci\u00f3n Nacional de Combustibles, Alcohol y Portland (Ancap)<\/a> con las empresas que representa.<\/p>\n\n\n\n<p>Esta medida continuar\u00e1 hasta el mi\u00e9rcoles 15 de noviembre y consiste en no cargar combustibles en las plantas de Ancap para proveer a las estaciones de servicio del pa\u00eds.<\/p>\n\n\n\n<p>\u201cAnte la decisi\u00f3n del gobierno nacional, materializada en la resoluci\u00f3n de la URSEA N\u00b0 517\/2023, de finalizar el pr\u00f3ximo 31 de diciembre la vinculaci\u00f3n de Ancap con las empresas transportistas que -con sus choferes y camiones con cisterna- desde hace m\u00e1s de 20 a\u00f1os realizan la distribuci\u00f3n secundaria, la Comisi\u00f3n Directiva de la Asociaci\u00f3n de Transportistas de Combustibles (A.T.C) en consulta con las empresas transportistas resolvi\u00f3 realizar una detenci\u00f3n de actividades\u201d, establece el de ATC.<\/p>\n\n\n\n<p><\/p>\n\n\n\n<h2 class=\"wp-block-heading has-medium-font-size\"><strong>Advierten desabastecimiento<\/strong><\/h2>\n\n\n\n<p><\/p>\n\n\n\n<p>Tras la medida anunciada por la Asociaci\u00f3n de Transportistas de Combustible (ATC) en la ma\u00f1ana de este lunes ya hab\u00eda estaciones de servicio denunciando desabastecimiento, seg\u00fan afirm\u00f3 al diario El Pa\u00eds el presidente de la Uni\u00f3n de Vendedores de Nafta del Uruguay, Daniel A\u00f1\u00f3n.<\/p>\n\n\n\n<p>Seg\u00fan explic\u00f3 el matutino montevideano, A\u00f1\u00f3n se refiri\u00f3 a las colas de veh\u00edculos que procuraron abastecerse a ra\u00edz del anuncio, desde la tarde del domingo y en la ma\u00f1ana de este lunes, y se\u00f1al\u00f3 que para el cierre de la jornada de hoy las estaciones podr\u00edan quedarse al 90 o 100% sin combustible.<\/p>\n\n\n\n<p>\u201cOtro d\u00eda m\u00e1s sin repartir combustible ya va a ser complicado\u201d, afirm\u00f3 el ejecutivo, quien espera que la huelga se levante antes de lo anunciado.<\/p>\n\n\n\n<p>Asimismo, el sindicato Funcionarios de Ancap neg\u00f3 responsabilidad en la problem\u00e1tica, en la medida en que se trata de una asociaci\u00f3n que no est\u00e1 afiliada al PIT-CNT. \u201cLas plantas nuestras est\u00e1n abiertas\u201d, dijo a El Pa\u00eds el secretario general, Manuel Colina.<\/p>\n\n\n\n<p>Asimismo, <a href=\"https:\/\/www.bloomberglinea.com\/tags\/alejandro-stipanicic\/\" target=\"_blank\" rel=\"noreferrer noopener\">Alejandro Stipanicic<\/a>, presidente de Ancap, expres\u00f3 en su cuenta de X que las medidas son \u201cajenas\u201d a la decisi\u00f3n de ANCAP.<\/p>\n\n\n\n<p>Por su parte, el senador blanco Sebasti\u00e1n Da Silva afirm\u00f3 que el Gobierno habl\u00f3 con las partes para intentar buscar una soluci\u00f3n. \u201cNunca se puede desabastecer de combustible el pa\u00eds. Pero MENOS en zafra de cosecha y siembra\u201d, escribi\u00f3.<\/p>\n\n\n\n<p>bloomberglinea.com 13 11 2023<\/p>\n","protected":false},"excerpt":{"rendered":"<p>Juan Pablo \u00c1lvarez, Bloomberg L\u00ednea BUENOS AIRES EnergiesNet.com 14 11 2023 Este lunes 13 de noviembre, la Asociaci\u00f3n de Transportistas de Combustible (ATC) del Uruguay suspendi\u00f3 sus actividades de carga de nafta y gasoil en las estaciones de servicio del pa\u00eds. Es en el mercado de una protesta por la desvinculaci\u00f3n de la Administraci\u00f3n Nacional &hellip;<\/p>\n<p class=\"read-more\"> <a class=\"\" href=\"https:\/\/energiesnet.com\/espanol\/estaciones-de-servicio-de-uruguay-sin-nafta-y-gasoil-por-paro-de-los-transportistas-de-combustible-bloomberg-linea\/\"> <span class=\"screen-reader-text\">Estaciones de servicio de Uruguay sin nafta y gasoil por paro de los transportistas de combustible &#8211; Bloomberg L\u00ednea<\/span> Leer m\u00e1s &raquo;<\/a><\/p>\n","protected":false},"author":2,"featured_media":18812,"comment_status":"open","ping_status":"open","sticky":false,"template":"","format":"standard","meta":{"_monsterinsights_skip_tracking":false,"_monsterinsights_sitenote_active":false,"_monsterinsights_sitenote_note":"","_monsterinsights_sitenote_category":0,"site-sidebar-layout":"default","site-content-layout":"default","ast-global-header-display":"","ast-main-header-display":"","ast-hfb-above-header-display":"","ast-hfb-below-header-display":"","ast-hfb-mobile-header-display":"","site-post-title":"","ast-breadcrumbs-content":"","ast-featured-img":"","footer-sml-layout":"","theme-transparent-header-meta":"","adv-header-id-meta":"","stick-header-meta":"","header-above-stick-meta":"","header-main-stick-meta":"","header-below-stick-meta":"","footnotes":""},"categories":[30],"tags":[1205,2698,2681,1541],"class_list":["post-18811","post","type-post","status-publish","format-standard","has-post-thumbnail","hentry","category-top-news","tag-ancap","tag-asociacion-de-transportistas-de-combustible-atc-del-uruguay","tag-distribucion-de-gasolina","tag-uruguay"],"aioseo_notices":[],"_links":{"self":[{"href":"https:\/\/energiesnet.com\/espanol\/wp-json\/wp\/v2\/posts\/18811","targetHints":{"allow":["GET"]}}],"collection":[{"href":"https:\/\/energiesnet.com\/espanol\/wp-json\/wp\/v2\/posts"}],"about":[{"href":"https:\/\/energiesnet.com\/espanol\/wp-json\/wp\/v2\/types\/post"}],"author":[{"embeddable":true,"href":"https:\/\/energiesnet.com\/espanol\/wp-json\/wp\/v2\/users\/2"}],"replies":[{"embeddable":true,"href":"https:\/\/energiesnet.com\/espanol\/wp-json\/wp\/v2\/comments?post=18811"}],"version-history":[{"count":0,"href":"https:\/\/energiesnet.com\/espanol\/wp-json\/wp\/v2\/posts\/18811\/revisions"}],"wp:featuredmedia":[{"embeddable":true,"href":"https:\/\/energiesnet.com\/espanol\/wp-json\/wp\/v2\/media\/18812"}],"wp:attachment":[{"href":"https:\/\/energiesnet.com\/espanol\/wp-json\/wp\/v2\/media?parent=18811"}],"wp:term":[{"taxonomy":"category","embeddable":true,"href":"https:\/\/energiesnet.com\/espanol\/wp-json\/wp\/v2\/categories?post=18811"},{"taxonomy":"post_tag","embeddable":true,"href":"https:\/\/energiesnet.com\/espanol\/wp-json\/wp\/v2\/tags?post=18811"}],"curies":[{"name":"wp","href":"https:\/\/api.w.org\/{rel}","templated":true}]}}