{"id":18932,"date":"2023-11-22T15:18:53","date_gmt":"2023-11-22T19:18:53","guid":{"rendered":"https:\/\/energiesnet.com\/espanol\/?p=18932"},"modified":"2023-11-22T17:37:22","modified_gmt":"2023-11-22T21:37:22","slug":"militaristas-vs-civilistas-ruben-aguilar-v","status":"publish","type":"post","link":"https:\/\/energiesnet.com\/espanol\/militaristas-vs-civilistas-ruben-aguilar-v\/","title":{"rendered":"Militaristas vs civilistas &#8211; Rub\u00e9n Aguilar V."},"content":{"rendered":"\n<figure class=\"wp-block-image size-full\"><img fetchpriority=\"high\" decoding=\"async\" width=\"600\" height=\"400\" src=\"https:\/\/energiesnet.com\/espanol\/wp-content\/uploads\/2023\/11\/ruben_aguilarValenzuela-pablotapi.jpg\" alt=\"\" class=\"wp-image-18933\" srcset=\"https:\/\/energiesnet.com\/espanol\/wp-content\/uploads\/2023\/11\/ruben_aguilarValenzuela-pablotapi.jpg 600w, https:\/\/energiesnet.com\/espanol\/wp-content\/uploads\/2023\/11\/ruben_aguilarValenzuela-pablotapi-300x200.jpg 300w\" sizes=\"(max-width: 600px) 100vw, 600px\" \/><figcaption class=\"wp-element-caption\">Rub\u00e9n Aguilar Valenzuela<\/figcaption><\/figure>\n\n\n\n<p>Por Rub\u00e9n Aguilar Valenzuela<\/p>\n\n\n\n<p><em>Lo com\u00fan en las sociedades democr\u00e1ticas es que las personas que se dicen de izquierda rechacen la participaci\u00f3n del Ej\u00e9rcito y los militares en actividades que corresponden a los civiles y quienes se dicen de derecha las acepten. En M\u00e9xico las posiciones se dan a la inversa de lo que sucede en otros pa\u00edses.<\/em><\/p>\n\n\n\n<p>Entre m\u00e1s cerca un ciudadano est\u00e9 de las posiciones de Morena-PT-PVEM (4T) es m\u00e1s claramente militarista y entre m\u00e1s se identifique con las posturas del PAN-PRI-PRD (Alianza) es abiertamente civilista.<\/p>\n\n\n\n<p>D\u00edas atr\u00e1s en<a href=\"https:\/\/energiesnet.com\/espanol\/el-ejercito-en-la-polarizacion-de-la-sociedad-mexicana-ruben-aguilar-v-nexos\/\"><em> Nexos (10.11.23) publiqu\u00e9 un art\u00edculo<\/em><\/a> que daba cuenta de la posici\u00f3n de la ciudadan\u00eda sobre el Ej\u00e9rcito, a partir de un estudio del <a href=\"https:\/\/institu.to\/\" target=\"_blank\" rel=\"noreferrer noopener\">Instituto de Artes y Oficios en Comunicaci\u00f3n Estrat\u00e9gica<\/a>.<\/p>\n\n\n\n<p>La investigaci\u00f3n se realiza con base a una encuesta de 5,000 entrevistas digitales con un \u00edndice de confianza del 95 %. Las respuestas registran la simpat\u00eda que el encuestado tiene con la 4T y la Alianza, se contempla tambi\u00e9n a los indecisos.<\/p>\n\n\n\n<p>El estudio muestra que ambos grupos est\u00e1n de acuerdo en que el Ej\u00e9rcito debe atender casos de desastres (93 %), intervenir en la defensa del pa\u00eds en caso de una invasi\u00f3n (91 %) y combatir al crimen organizado (90 %).<\/p>\n\n\n\n<p>Luego vienen las diferencias. Si el Ej\u00e9rcito debe de intervenir o no en la construcci\u00f3n de infraestructura p\u00fablica (Tren Maya, Dos Bocas \u2026) lo aprueba el 92.4\u202f % de los duros 4T y lo rechaza el 95.9\u202f% de los duros de la Alianza. El 55.5\u202f % de los indecisos no lo aprueba.<\/p>\n\n\n\n<p>Si el Ej\u00e9rcito debe administrar empresas del gobierno (CFE, Pemex, aerol\u00edneas \u2026) est\u00e1 de acuerdo el 92.4\u202f % de los duros 4T y en desacuerdo el 95.9\u202f % de los duros Alianza. El 50.5\u202f % de los indecisos no lo aprueba.<\/p>\n\n\n\n<p>Sobre si un militar puede ser o no servidor p\u00fablico en \u00e1reas econ\u00f3micas y pol\u00edticas, el 41.4 % de los duros 4T s\u00ed lo acepta y lo rechaza el 87.9 \u202f% de los duros Alianza. El 44.4\u202f % de los indecisos est\u00e1 en contra.<\/p>\n\n\n\n<p>Si los militares pueden o no ocupar cargos de elecci\u00f3n popular hay tambi\u00e9n claras diferencias. Si puede o no ser diputado o senador, lo acepta el 24.9\u202f % de los duros 4T y lo rechaza el 94.3\u202f % de los duros Alianza. El 68.1\u202f % de los indecisos no lo acepta.<\/p>\n\n\n\n<p>En el caso de poder o no ser gobernador o alcalde&nbsp;lo acepta el 28.6\u202f % de los duros 4T y lo rechaza el 94\u202f % de los duros Alianza. El 60.2\u202f % de los indecisos no lo acepta.<\/p>\n\n\n\n<p>Y si puede o no ser presidente de la Rep\u00fablica&nbsp;lo acepta el 22.65\u202f % de los duros 4T y lo rechaza y el 93.6\u202f % de los duros Alianza. El 58 \u202f% de los indecisos no lo acepta.<\/p>\n\n\n\n<p>Lo com\u00fan en las sociedades democr\u00e1ticas es que las personas que se dicen de izquierda rechacen la participaci\u00f3n del Ej\u00e9rcito y los militares en actividades que corresponden a los civiles y quienes se dicen de derecha las acepten. Ahora en el caso de M\u00e9xico las posiciones se dan a la inversa de lo que sucede en otros pa\u00edses. En los \u00faltimos cinco a\u00f1os se ha dado un claro cambio de la posici\u00f3n de parte de la supuesta izquierda mexicana.<\/p>\n\n\n\n<p>La explicaci\u00f3n de esta radical transformaci\u00f3n pod\u00eda estar en la gran influencia que ejerce entre los suyos el presidente L\u00f3pez Obrador, se ha convertido en un evidente defensor del militarismo.<\/p>\n\n\n\n<p>_______________________________________________________<\/p>\n\n\n\n<p><em><strong>Rub\u00e9n Aguilar Valenzuela<\/strong><\/em>, Socio fundador de Afan Consultores Internacionales, S.C. Doctor en Ciencias Sociales. Profesor en el Departamento de Comunicaciones y Ciencias Pol\u00edticas de la Universidad Iberoamericana. Articulista en diversos peri\u00f3dicos y revistas. Fue Fundador y director de la Agencia Salpress del FMLN, el Salvador. coordinador de la Secretar\u00eda Particular de la presidencia de Fox (2002-2004) y portavoz del gobierno (2004-2006). Sus \u00faltimos libros en conjunto con Jorge Casta\u00f1eda son: La Diferencia: Radiograf\u00eda de un sexenio (2007) y El Narco: La Guerra Fallida (2009). Twitter:&nbsp;<a href=\"https:\/\/twitter.com\/RubenAguilar\">@RubenAguilar,&nbsp;<\/a><a href=\"http:\/\/miscuadernos.com.mx.\/\">ruben@miscuadernos.com.mx<\/a>. Los puntos de vista expresados no necesariamente son los de EnergiesNet<\/p>\n\n\n\n<p>Nota del Editor:&nbsp;Este art\u00edculo fue originalmente publicado en <a href=\"https:\/\/www.animalpolitico.com\/\"><em>Animal Pol\u00edtico<\/em>,<\/a> el 20 de noviembre 2023. Reproducimos el mismo en beneficio de los lectores.&nbsp;EnergiesNet&nbsp;en Espa\u00f1ol no se hace responsable por los juicios de valor emitidos por sus colaboradores y columnistas de opini\u00f3n y an\u00e1lisis.<\/p>\n\n\n\n<p>EnergiesNet alienta a las personas a reproducir, reimprimir, y divulgar a trav\u00e9s de los medios audiovisuales e Internet, los comentarios editoriales y de opini\u00f3n de EnergiesNet, siempre y cuando esa reproducci\u00f3n identifique, a el autor, y la fuente original, http:\/\/www.petroleumworld.com y se haga dentro de el uso normal (fair use) de la doctrina de la secci\u00f3n 107 de la Ley de derechos de autor de los Estados Unidos de Norteam\u00e9rica (US Copyright).<\/p>\n\n\n\n<p>EnergiesNet.com 22 11 2023<\/p>\n\n\n\n<p><\/p>\n","protected":false},"excerpt":{"rendered":"<p>Por Rub\u00e9n Aguilar Valenzuela Lo com\u00fan en las sociedades democr\u00e1ticas es que las personas que se dicen de izquierda rechacen la participaci\u00f3n del Ej\u00e9rcito y los militares en actividades que corresponden a los civiles y quienes se dicen de derecha las acepten. En M\u00e9xico las posiciones se dan a la inversa de lo que sucede &hellip;<\/p>\n<p class=\"read-more\"> <a class=\"\" href=\"https:\/\/energiesnet.com\/espanol\/militaristas-vs-civilistas-ruben-aguilar-v\/\"> <span class=\"screen-reader-text\">Militaristas vs civilistas &#8211; Rub\u00e9n Aguilar V.<\/span> Leer m\u00e1s &raquo;<\/a><\/p>\n","protected":false},"author":2,"featured_media":18933,"comment_status":"open","ping_status":"open","sticky":false,"template":"","format":"standard","meta":{"_monsterinsights_skip_tracking":false,"_monsterinsights_sitenote_active":false,"_monsterinsights_sitenote_note":"","_monsterinsights_sitenote_category":0,"site-sidebar-layout":"default","site-content-layout":"default","ast-global-header-display":"","ast-main-header-display":"","ast-hfb-above-header-display":"","ast-hfb-below-header-display":"","ast-hfb-mobile-header-display":"","site-post-title":"","ast-breadcrumbs-content":"","ast-featured-img":"","footer-sml-layout":"","theme-transparent-header-meta":"","adv-header-id-meta":"","stick-header-meta":"","header-above-stick-meta":"","header-main-stick-meta":"","header-below-stick-meta":"","footnotes":""},"categories":[48,45],"tags":[134,496,109,2742],"class_list":["post-18932","post","type-post","status-publish","format-standard","has-post-thumbnail","hentry","category-comentario-del-dia","category-noticias-diarias","tag-amlo","tag-ejercito","tag-mexico","tag-militarismo"],"aioseo_notices":[],"_links":{"self":[{"href":"https:\/\/energiesnet.com\/espanol\/wp-json\/wp\/v2\/posts\/18932","targetHints":{"allow":["GET"]}}],"collection":[{"href":"https:\/\/energiesnet.com\/espanol\/wp-json\/wp\/v2\/posts"}],"about":[{"href":"https:\/\/energiesnet.com\/espanol\/wp-json\/wp\/v2\/types\/post"}],"author":[{"embeddable":true,"href":"https:\/\/energiesnet.com\/espanol\/wp-json\/wp\/v2\/users\/2"}],"replies":[{"embeddable":true,"href":"https:\/\/energiesnet.com\/espanol\/wp-json\/wp\/v2\/comments?post=18932"}],"version-history":[{"count":0,"href":"https:\/\/energiesnet.com\/espanol\/wp-json\/wp\/v2\/posts\/18932\/revisions"}],"wp:featuredmedia":[{"embeddable":true,"href":"https:\/\/energiesnet.com\/espanol\/wp-json\/wp\/v2\/media\/18933"}],"wp:attachment":[{"href":"https:\/\/energiesnet.com\/espanol\/wp-json\/wp\/v2\/media?parent=18932"}],"wp:term":[{"taxonomy":"category","embeddable":true,"href":"https:\/\/energiesnet.com\/espanol\/wp-json\/wp\/v2\/categories?post=18932"},{"taxonomy":"post_tag","embeddable":true,"href":"https:\/\/energiesnet.com\/espanol\/wp-json\/wp\/v2\/tags?post=18932"}],"curies":[{"name":"wp","href":"https:\/\/api.w.org\/{rel}","templated":true}]}}