{"id":19107,"date":"2023-12-04T08:37:05","date_gmt":"2023-12-04T12:37:05","guid":{"rendered":"https:\/\/energiesnet.com\/espanol\/?p=19107"},"modified":"2023-12-04T08:37:10","modified_gmt":"2023-12-04T12:37:10","slug":"lula-dice-que-brasil-nunca-sera-miembro-de-pleno-derecho-de-la-opep-solo-observador-reuters","status":"publish","type":"post","link":"https:\/\/energiesnet.com\/espanol\/lula-dice-que-brasil-nunca-sera-miembro-de-pleno-derecho-de-la-opep-solo-observador-reuters\/","title":{"rendered":"Lula dice que Brasil nunca ser\u00e1 miembro de pleno derecho de la OPEP+, s\u00f3lo observador &#8211; Reuters"},"content":{"rendered":"\n<figure class=\"wp-block-image size-full\"><img fetchpriority=\"high\" decoding=\"async\" width=\"600\" height=\"410\" src=\"https:\/\/energiesnet.com\/espanol\/wp-content\/uploads\/2023\/12\/lula-cop28-rtr.jpg\" alt=\"l presidente de Brasil, Luiz Inacio Lula da Silva, pronuncia una declaraci\u00f3n nacional en la Cumbre Mundial de Acci\u00f3n por el Clima durante la Conferencia de las Naciones Unidas sobre el Cambio Clim\u00e1tico (COP28) en Dubai, Emiratos \u00c1rabes Unidos, el 1 de diciembre de 2023. REUTERS\/Thaier \" class=\"wp-image-19108\" srcset=\"https:\/\/energiesnet.com\/espanol\/wp-content\/uploads\/2023\/12\/lula-cop28-rtr.jpg 600w, https:\/\/energiesnet.com\/espanol\/wp-content\/uploads\/2023\/12\/lula-cop28-rtr-300x205.jpg 300w\" sizes=\"(max-width: 600px) 100vw, 600px\" \/><figcaption class=\"wp-element-caption\">El presidente de Brasil, Luiz Inacio Lula da Silva, pronuncia una declaraci\u00f3n nacional en la Cumbre Mundial de Acci\u00f3n por el Clima durante la Conferencia de las Naciones Unidas sobre el Cambio Clim\u00e1tico (COP28) en Dubai, Emiratos \u00c1rabes Unidos, el 1 de diciembre de 2023. (Thaier Al Sudan\/Reuters)<\/figcaption><\/figure>\n\n\n\n<p>Jake Pring, Reuters           <\/p>\n\n\n\n<p>SAO PAULO          <br>EnergiesNet.com 04 12 2023    <\/p>\n\n\n\n<p>Brasil nunca se unir\u00e1 al grupo de pa\u00edses productores de petr\u00f3leo OPEP+ como miembro de pleno derecho y, en su lugar, s\u00f3lo pretende participar como observador, dijo el domingo el presidente brasile\u00f1o, Luiz In\u00e1cio Lula da Silva.<\/p>\n\n\n\n<p>Las declaraciones de Lula a los periodistas en la cumbre clim\u00e1tica COP28 de la ONU en Dubai aclararon sus declaraciones de un d\u00eda antes de que Brasil \u00abparticipar\u00eda\u00bb en la OPEP+.<\/p>\n\n\n\n<p>\u00abBrasil deber\u00eda unirse a la OPEP+, podr\u00eda ser un observador\u00bb, dijo Lula el domingo. \u00abBrasil nunca ser\u00e1 miembro de pleno derecho de la OPEP, porque no queremos serlo. Lo que queremos es influir\u00bb.<\/p>\n\n\n\n<p>Los ecologistas de Brasil y del extranjero han criticado al gobierno de Lula por presentarse como l\u00edder clim\u00e1tico gracias a su \u00e9xito en la reducci\u00f3n de la deforestaci\u00f3n en la selva amaz\u00f3nica, mientras sigue adelante con sus planes de perforar enormes yacimientos petrol\u00edferos en alta mar.<\/p>\n\n\n\n<p>Las emisiones procedentes de la quema de combustibles f\u00f3siles como el petr\u00f3leo y el carb\u00f3n se consideran la principal causa del cambio clim\u00e1tico.<\/p>\n\n\n\n<p>Lula afirm\u00f3 que es importante que Brasil participe en la OPEP+ para defender que los pa\u00edses ricos en petr\u00f3leo inviertan parte de ese dinero en ayudar a los pa\u00edses pobres en desarrollo de \u00c1frica y Am\u00e9rica Latina a invertir en energ\u00edas renovables como la solar y la e\u00f3lica.<\/p>\n\n\n\n<p>\u00abCreo que participando de esta forma, convenceremos a la gente de que una parte del dinero obtenido del petr\u00f3leo debe invertirse para que anulemos el petr\u00f3leo, creando alternativas\u00bb, dijo Lula. \u00abNo hay ninguna contradicci\u00f3n\u00bb.<\/p>\n\n\n\n<p>La petrolera estatal brasile\u00f1a Petrobras (PETR4.SA) no renunciar\u00e1 a explorar en busca de petr\u00f3leo porque los combustibles f\u00f3siles seguir\u00e1n formando parte de la econom\u00eda mundial durante alg\u00fan tiempo, dijo Lula. Petrobras seguir\u00e1 haciendo lo que tenga que hacer para ayudar a Brasil a crecer, pero se expandir\u00e1 m\u00e1s all\u00e1 del petr\u00f3leo a todas las energ\u00edas, a\u00f1adi\u00f3 Lula.<\/p>\n\n\n\n<p>El s\u00e1bado, el presidente dijo que Brasil utilizar\u00eda su influencia en la OPEP+.<\/p>\n\n\n\n<p>Lula abandon\u00f3 la cumbre COP28 el domingo, viajando a Berl\u00edn para las primeras conversaciones entre Brasil y el gobierno alem\u00e1n en ocho a\u00f1os.<\/p>\n\n\n\n<p>Reportaje de Jake Spring en S\u00e3o Paulo; Edici\u00f3n de Will Dunham. Traducci\u00f3n  por Elio Ohep, Editor EnergiesNet.com<\/p>\n","protected":false},"excerpt":{"rendered":"<p>Jake Pring, Reuters SAO PAULO EnergiesNet.com 04 12 2023 Brasil nunca se unir\u00e1 al grupo de pa\u00edses productores de petr\u00f3leo OPEP+ como miembro de pleno derecho y, en su lugar, s\u00f3lo pretende participar como observador, dijo el domingo el presidente brasile\u00f1o, Luiz In\u00e1cio Lula da Silva. Las declaraciones de Lula a los periodistas en la &hellip;<\/p>\n<p class=\"read-more\"> <a class=\"\" href=\"https:\/\/energiesnet.com\/espanol\/lula-dice-que-brasil-nunca-sera-miembro-de-pleno-derecho-de-la-opep-solo-observador-reuters\/\"> <span class=\"screen-reader-text\">Lula dice que Brasil nunca ser\u00e1 miembro de pleno derecho de la OPEP+, s\u00f3lo observador &#8211; Reuters<\/span> Leer m\u00e1s &raquo;<\/a><\/p>\n","protected":false},"author":2,"featured_media":19108,"comment_status":"open","ping_status":"open","sticky":false,"template":"","format":"standard","meta":{"_monsterinsights_skip_tracking":false,"_monsterinsights_sitenote_active":false,"_monsterinsights_sitenote_note":"","_monsterinsights_sitenote_category":0,"site-sidebar-layout":"default","site-content-layout":"default","ast-global-header-display":"","ast-main-header-display":"","ast-hfb-above-header-display":"","ast-hfb-below-header-display":"","ast-hfb-mobile-header-display":"","site-post-title":"","ast-breadcrumbs-content":"","ast-featured-img":"","footer-sml-layout":"","theme-transparent-header-meta":"","adv-header-id-meta":"","stick-header-meta":"","header-above-stick-meta":"","header-main-stick-meta":"","header-below-stick-meta":"","footnotes":""},"categories":[30],"tags":[151,1407,989,1534],"class_list":["post-19107","post","type-post","status-publish","format-standard","has-post-thumbnail","hentry","category-top-news","tag-brazil","tag-cop28","tag-cumbre-climatica","tag-opec-2"],"aioseo_notices":[],"_links":{"self":[{"href":"https:\/\/energiesnet.com\/espanol\/wp-json\/wp\/v2\/posts\/19107","targetHints":{"allow":["GET"]}}],"collection":[{"href":"https:\/\/energiesnet.com\/espanol\/wp-json\/wp\/v2\/posts"}],"about":[{"href":"https:\/\/energiesnet.com\/espanol\/wp-json\/wp\/v2\/types\/post"}],"author":[{"embeddable":true,"href":"https:\/\/energiesnet.com\/espanol\/wp-json\/wp\/v2\/users\/2"}],"replies":[{"embeddable":true,"href":"https:\/\/energiesnet.com\/espanol\/wp-json\/wp\/v2\/comments?post=19107"}],"version-history":[{"count":0,"href":"https:\/\/energiesnet.com\/espanol\/wp-json\/wp\/v2\/posts\/19107\/revisions"}],"wp:featuredmedia":[{"embeddable":true,"href":"https:\/\/energiesnet.com\/espanol\/wp-json\/wp\/v2\/media\/19108"}],"wp:attachment":[{"href":"https:\/\/energiesnet.com\/espanol\/wp-json\/wp\/v2\/media?parent=19107"}],"wp:term":[{"taxonomy":"category","embeddable":true,"href":"https:\/\/energiesnet.com\/espanol\/wp-json\/wp\/v2\/categories?post=19107"},{"taxonomy":"post_tag","embeddable":true,"href":"https:\/\/energiesnet.com\/espanol\/wp-json\/wp\/v2\/tags?post=19107"}],"curies":[{"name":"wp","href":"https:\/\/api.w.org\/{rel}","templated":true}]}}