{"id":19342,"date":"2023-12-18T15:43:03","date_gmt":"2023-12-18T19:43:03","guid":{"rendered":"https:\/\/energiesnet.com\/espanol\/?p=19342"},"modified":"2023-12-18T15:43:04","modified_gmt":"2023-12-18T19:43:04","slug":"que-piensan-los-militantes-del-pri-ruben-aguilar-valenzuela-nexos","status":"publish","type":"post","link":"https:\/\/energiesnet.com\/espanol\/que-piensan-los-militantes-del-pri-ruben-aguilar-valenzuela-nexos\/","title":{"rendered":"\u00bfQu\u00e9 piensan los militantes del PRI? &#8211; Rub\u00e9n Aguilar Valenzuela\/Nexos"},"content":{"rendered":"\n<figure class=\"wp-block-image size-full\"><img fetchpriority=\"high\" decoding=\"async\" width=\"600\" height=\"400\" src=\"https:\/\/energiesnet.com\/espanol\/wp-content\/uploads\/2023\/12\/pri_illustracion-logo-figura_Adrian-Perez.jpg\" alt=\"\" class=\"wp-image-19344\" srcset=\"https:\/\/energiesnet.com\/espanol\/wp-content\/uploads\/2023\/12\/pri_illustracion-logo-figura_Adrian-Perez.jpg 600w, https:\/\/energiesnet.com\/espanol\/wp-content\/uploads\/2023\/12\/pri_illustracion-logo-figura_Adrian-Perez-300x200.jpg 300w\" sizes=\"(max-width: 600px) 100vw, 600px\" \/><figcaption class=\"wp-element-caption\"><em>Ilustraci\u00f3n: Adri\u00e1n P\u00e9rez<\/em><\/figcaption><\/figure>\n\n\n\n<p>Por Rub\u00e9n Aguilar Valenzuela<\/p>\n\n\n\n<p><em>Del 23 al 25 de junio de este a\u00f1o tuve la oportunidad de coordinar en un taller de tres d\u00edas, en un estado del norte del pa\u00eds, con los integrantes del ejecutivo estatal del Partido Revolucionario Institucional (PRI) y los presidentes de los comit\u00e9s municipales de ese mismo organismo pol\u00edtico. El taller se organiz\u00f3 en cinco mesas de trabajo, cuyos integrantes se rotaban, y despu\u00e9s en sesiones plenarias, donde se compart\u00edan los hallazgos y conclusiones. Finalmente se abr\u00eda el debate, que siempre fue plural y participativo.<\/em><\/p>\n\n\n\n<p>Quienes estuvieron presentes en los tres d\u00edas de trabajo se asumen conscientemente como priistas; se identifican con el partido a nivel ideol\u00f3gico y afectivo. Es parte de su historia y de su identidad pol\u00edtica, pero tambi\u00e9n personal.<\/p>\n\n\n\n<p>Las conclusiones que a continuaci\u00f3n comparto no derivan de un estudio sociol\u00f3gico o antropol\u00f3gico, que sin duda debe realizarse, sino de la opini\u00f3n que dieron los participantes en el taller: cuarenta priistas, todos cuadros altos y medios, con diversos a\u00f1os de militancia. Eso s\u00ed: lo que sigue busca recoger, sin ning\u00fan tipo de censura o maquillaje, lo que dijeron los participantes en este ejercicio. Nunca hubo diferencias significativas en lo que dec\u00edan: es la opini\u00f3n particular de militantes de un estado del norte; opini\u00f3n que, considero, representa lo que piensan la gran mayor\u00eda de los cuadros dirigentes locales del PRI en las distintas regiones del pa\u00eds.<\/p>\n\n\n\n<p>El taller se organiz\u00f3 a partir de diez preguntas. Van las respuestas a cuatro de ellas:<\/p>\n\n\n\n<p><strong>1. \u00bfPor qu\u00e9 el PRI pierde la gubernatura del estado en cuesti\u00f3n?<\/strong><\/p>\n\n\n\n<p>De las presentaciones de la discusi\u00f3n en las mesas de trabajo y del intercambio en la plenaria, se obtienen las siguientes respuestas:<\/p>\n\n\n\n<p>\u2022 El PRI perdi\u00f3 por vivir en el pasado.<\/p>\n\n\n\n<p>\u2022 Por no renovarse en la ideolog\u00eda y las personas.<\/p>\n\n\n\n<p>\u2022 Por los malos gobiernos del PRI.<\/p>\n\n\n\n<p>\u2022 Por el hartazgo de la ciudadan\u00eda ante el partido y sus gobernantes.<\/p>\n\n\n\n<p>\u2022 Por una falta de identidad y cohesi\u00f3n ideol\u00f3gica al interior del partido.<\/p>\n\n\n\n<p>\u2022 Por la desaparici\u00f3n del partido de la discusi\u00f3n p\u00fablica.<\/p>\n\n\n\n<p>\u2022 Por la falta de formaci\u00f3n pol\u00edtica e ideol\u00f3gica.<\/p>\n\n\n\n<p>\u2022 Por las disputas y divisiones internas.<\/p>\n\n\n\n<p>\u2022 Por no contar con una estrategia de comunicaci\u00f3n.<\/p>\n\n\n\n<p>\u2022 Por no saber ser una oposici\u00f3n verdadera.<\/p>\n\n\n\n<p>\u2022 Por su abandono de las causas sociales.<\/p>\n\n\n\n<p>\u2022 Por su abandono de la atenci\u00f3n al territorio.<\/p>\n\n\n\n<p>\u2022 Por dejar solos a los liderazgos sociales locales.<\/p>\n\n\n\n<p>\u2022 Por discutir sobre cargos a distribuir y no sobre ideas y acciones.<\/p>\n\n\n\n<p>\u2022 Por malos liderazgos y candidatos.<\/p>\n\n\n\n<p>\u2022 Por no saber escuchar al pueblo.<\/p>\n\n\n\n<p>\u2022 Porque quienes tienen cargos se desligan del partido.<\/p>\n\n\n\n<p>\u2022 Por la transferencia de militantes a otros partidos que les ofrecen cargos. &nbsp;<\/p>\n\n\n\n<p>\u2022 Por una carencia de estrategia para hacer frente a la situaci\u00f3n pol\u00edtica actual.<\/p>\n\n\n\n<p><strong>2. \u00bfPor qu\u00e9 Morena gana la gubernatura del estado?<\/strong><\/p>\n\n\n\n<p>De la s\u00edntesis de la discusi\u00f3n en las mesas de trabajo y del intercambio en la plenaria, se obtienen las siguientes respuestas:<\/p>\n\n\n\n<p>\u2022 Morena gan\u00f3 debido a la inercia del trabajo de dieciocho a\u00f1os de L\u00f3pez Obrador como candidato.<\/p>\n\n\n\n<p>\u2022 Por la popularidad e imagen positiva del presidente L\u00f3pez Obrador.<\/p>\n\n\n\n<p>\u2022 Por el hartazgo de la poblaci\u00f3n con los gobiernos anteriores.<\/p>\n\n\n\n<p>\u2022 Por el voto de castigo ante la gesti\u00f3n del gobernador, a quien se le califica de corrupto.<\/p>\n\n\n\n<p>\u2022 Porque la alianza opositora no funcion\u00f3: se qued\u00f3 a nivel de las c\u00fapulas, pero no se hizo realidad en las bases.<\/p>\n\n\n\n<p>\u2022 Por la explotaci\u00f3n de la polarizaci\u00f3n social por parte de Morena.<\/p>\n\n\n\n<p>\u2022 Por el buen discurso y comunicaci\u00f3n por parte de Morena.<\/p>\n\n\n\n<p>\u2022 Por el buen manejo de las redes sociales por parte de Morena.<\/p>\n\n\n\n<p>\u2022 Por la buena candidata \u2014una mujer joven\u2014que present\u00f3 Morena.<\/p>\n\n\n\n<p>\u2022 Por los efectos de los programas sociales en los electores.<\/p>\n\n\n\n<p>\u2022 Por los d\u00e9biles candidatos de la oposici\u00f3n.<\/p>\n\n\n\n<p>\u2022 Por el abstencionismo.<\/p>\n\n\n\n<p>\u2022 Por la clara operaci\u00f3n electoral del narco.<\/p>\n\n\n\n<p><strong>3. \u00bfQu\u00e9 piensa la sociedad del PRI en el estado?<\/strong><\/p>\n\n\n\n<p>De la s\u00edntesis de la discusi\u00f3n en las mesas de trabajo y del intercambio en la plenaria, se obtienen las siguientes respuestas:<\/p>\n\n\n\n<p>Visi\u00f3n positiva:<\/p>\n\n\n\n<p>\u2022 Son capaces.<\/p>\n\n\n\n<p>\u2022 Saben gobernar.<\/p>\n\n\n\n<p>\u2022 Cuentan con pol\u00edticos de experiencia.<\/p>\n\n\n\n<p>Visi\u00f3n negativa:<\/p>\n\n\n\n<p>\u2022 Son corruptos.<\/p>\n\n\n\n<p>\u2022 Son autoritarios.<\/p>\n\n\n\n<p>\u2022 Desaparecieron. Ya no existen.<\/p>\n\n\n\n<p>\u2022 Se fueron a Morena.<\/p>\n\n\n\n<p>\u2022 Siempre son los mismos.<\/p>\n\n\n\n<p>\u2022 No est\u00e1n en los medios.<\/p>\n\n\n\n<p>\u2022 Viven en el pasado.<\/p>\n\n\n\n<p>\u2022 Abandonaron las causas populares.<\/p>\n\n\n\n<p>\u2022 Abandonaron a sus bases sociales.<\/p>\n\n\n\n<p><strong>4. \u00bfQu\u00e9 problemas identifica la sociedad?<\/strong><\/p>\n\n\n\n<p>De la s\u00edntesis de la discusi\u00f3n en las mesas de trabajo y del intercambio en la plenaria, se obtienen las siguientes respuestas:<\/p>\n\n\n\n<p>Los temas m\u00e1s mencionados:<\/p>\n\n\n\n<p>\u2022 Crece la inseguridad y la presencia del crimen organizado.<\/p>\n\n\n\n<p>\u2022 Carencias en salud y falta de medicamentos.<\/p>\n\n\n\n<p>\u2022 Crece el n\u00famero de migrantes.<\/p>\n\n\n\n<p>\u2022 Abandono de los programas de apoyo al campo.<\/p>\n\n\n\n<p>\u2022 Crece la contaminaci\u00f3n del medio ambiente.<\/p>\n\n\n\n<p>\u2022 Corrupci\u00f3n del actual gobierno.<\/p>\n\n\n\n<p>\u2022 Falta de mantenimiento de las calles y carreteras.<\/p>\n\n\n\n<p>\u2022 Marcada deficiencia en los servicios p\u00fablicos.<\/p>\n\n\n\n<p>\u2022 Carencia de transporte p\u00fablico.<\/p>\n\n\n\n<p>\u2022 Deben ampliarse los derechos de las mujeres.<\/p>\n\n\n\n<p>Los temas menos mencionados:<\/p>\n\n\n\n<p>\u2022 No se generan empleos.<\/p>\n\n\n\n<p>\u2022 Crece el n\u00famero de desaparecidos.<\/p>\n\n\n\n<p>\u2022 Aumentan las adicciones.<\/p>\n\n\n\n<p>\u2022 Ya no hay escuelas de tiempo completo.<\/p>\n\n\n\n<p>\u2022 Ya no hay guarder\u00edas.<\/p>\n\n\n\n<p>\u2022 Mala atenci\u00f3n a personas con capacidades diferentes.<\/p>\n\n\n\n<p>\u2022 Ausencia de Estado de derecho.<\/p>\n\n\n\n<p><strong>A manera de conclusi\u00f3n<\/strong><\/p>\n\n\n\n<p>El PRI en los estados tiene militantes que le son fieles y quienes, a pesar de que ya no es lo que fue en el pasado, se siguen identificando con el partido en lo ideol\u00f3gico y tambi\u00e9n en lo afectivo. Se asumen con orgullo como pri\u00edstas. Ahora, a nivel nacional, el PRI tiene una intenci\u00f3n de voto que va del 15\u202f% al 18\u202f%. No es la de antes, pero tampoco habla de su desaparici\u00f3n inminente. Los pri\u00edstas son muy conscientes de las dificultades por las que atraviesa el partido, y pueden dar cuenta, con precisi\u00f3n, de cu\u00e1les son sus problemas al interior del mismo y de este con la sociedad. Saben tambi\u00e9n por qu\u00e9 Morena ahora es exitoso y gana las elecciones. Conocen cu\u00e1les son los problemas que la sociedad identifica en sus estados. No hay ning\u00fan tipo de triunfalismo, pero tampoco \u00e1nimo de derrota. Lo que s\u00ed hay es una gran dosis de realismo. Saben de sus l\u00edmites y son conscientes que s\u00ed no se renuevan, la situaci\u00f3n se puede hacer todav\u00eda peor.  <em>@RubenAguilar<\/em><\/p>\n\n\n\n<p>______________________________________________________<\/p>\n\n\n\n<p><em><strong>Rub\u00e9n Aguilar Valenzuela<\/strong><\/em>, Socio fundador de Afan Consultores Internacionales, S.C. Doctor en Ciencias Sociales. Profesor en el Departamento de Comunicaciones y Ciencias Pol\u00edticas de la Universidad Iberoamericana. Articulista en diversos peri\u00f3dicos y revistas. Fue Fundador y director de la Agencia Salpress del FMLN, el Salvador. coordinador de la Secretar\u00eda Particular de la presidencia de Fox (2002-2004) y portavoz del gobierno (2004-2006). Sus \u00faltimos libros en conjunto con Jorge Casta\u00f1eda son: La Diferencia: Radiograf\u00eda de un sexenio (2007) y El Narco: La Guerra Fallida (2009). Twitter:&nbsp;<a href=\"https:\/\/twitter.com\/RubenAguilar\">@RubenAguilar,&nbsp;<\/a><a href=\"http:\/\/miscuadernos.com.mx.\/\">ruben@miscuadernos.com.mx<\/a>. Los puntos de vista expresados no necesariamente son los de EnergiesNet<\/p>\n\n\n\n<p>Nota del Editor:\u00a0Este art\u00edculo fue originalmente publicado en Nexos, el 10 de diciembre 2023. Reproducimos el mismo en beneficio de los lectores.\u00a0EnergiesNet\u00a0en Espa\u00f1ol no se hace responsable por los juicios de valor emitidos por sus colaboradores y columnistas de opini\u00f3n y an\u00e1lisis.<\/p>\n\n\n\n<p>EnergiesNet alienta a las personas a reproducir, reimprimir, y divulgar a trav\u00e9s de los medios audiovisuales e Internet, los comentarios editoriales y de opini\u00f3n de EnergiesNet, siempre y cuando esa reproducci\u00f3n identifique, a el autor, y la fuente original, http:\/\/www.petroleumworld.com y se haga dentro de el uso normal (fair use) de la doctrina de la secci\u00f3n 107 de la Ley de derechos de autor de los Estados Unidos de Norteam\u00e9rica (US Copyright).<\/p>\n\n\n\n<p>EnergiesNet.com 18 12 2023<\/p>\n","protected":false},"excerpt":{"rendered":"<p>Por Rub\u00e9n Aguilar Valenzuela Del 23 al 25 de junio de este a\u00f1o tuve la oportunidad de coordinar en un taller de tres d\u00edas, en un estado del norte del pa\u00eds, con los integrantes del ejecutivo estatal del Partido Revolucionario Institucional (PRI) y los presidentes de los comit\u00e9s municipales de ese mismo organismo pol\u00edtico. El &hellip;<\/p>\n<p class=\"read-more\"> <a class=\"\" href=\"https:\/\/energiesnet.com\/espanol\/que-piensan-los-militantes-del-pri-ruben-aguilar-valenzuela-nexos\/\"> <span class=\"screen-reader-text\">\u00bfQu\u00e9 piensan los militantes del PRI? &#8211; Rub\u00e9n Aguilar Valenzuela\/Nexos<\/span> Leer m\u00e1s &raquo;<\/a><\/p>\n","protected":false},"author":2,"featured_media":19344,"comment_status":"open","ping_status":"open","sticky":false,"template":"","format":"standard","meta":{"_monsterinsights_skip_tracking":false,"_monsterinsights_sitenote_active":false,"_monsterinsights_sitenote_note":"","_monsterinsights_sitenote_category":0,"site-sidebar-layout":"default","site-content-layout":"default","ast-global-header-display":"","ast-main-header-display":"","ast-hfb-above-header-display":"","ast-hfb-below-header-display":"","ast-hfb-mobile-header-display":"","site-post-title":"","ast-breadcrumbs-content":"","ast-featured-img":"","footer-sml-layout":"","theme-transparent-header-meta":"","adv-header-id-meta":"","stick-header-meta":"","header-above-stick-meta":"","header-main-stick-meta":"","header-below-stick-meta":"","footnotes":""},"categories":[48],"tags":[2899,287,2743],"class_list":["post-19342","post","type-post","status-publish","format-standard","has-post-thumbnail","hentry","category-comentario-del-dia","tag-ilitares","tag-pri","tag-ruben-aguilar-valenzuela-3"],"aioseo_notices":[],"_links":{"self":[{"href":"https:\/\/energiesnet.com\/espanol\/wp-json\/wp\/v2\/posts\/19342","targetHints":{"allow":["GET"]}}],"collection":[{"href":"https:\/\/energiesnet.com\/espanol\/wp-json\/wp\/v2\/posts"}],"about":[{"href":"https:\/\/energiesnet.com\/espanol\/wp-json\/wp\/v2\/types\/post"}],"author":[{"embeddable":true,"href":"https:\/\/energiesnet.com\/espanol\/wp-json\/wp\/v2\/users\/2"}],"replies":[{"embeddable":true,"href":"https:\/\/energiesnet.com\/espanol\/wp-json\/wp\/v2\/comments?post=19342"}],"version-history":[{"count":0,"href":"https:\/\/energiesnet.com\/espanol\/wp-json\/wp\/v2\/posts\/19342\/revisions"}],"wp:featuredmedia":[{"embeddable":true,"href":"https:\/\/energiesnet.com\/espanol\/wp-json\/wp\/v2\/media\/19344"}],"wp:attachment":[{"href":"https:\/\/energiesnet.com\/espanol\/wp-json\/wp\/v2\/media?parent=19342"}],"wp:term":[{"taxonomy":"category","embeddable":true,"href":"https:\/\/energiesnet.com\/espanol\/wp-json\/wp\/v2\/categories?post=19342"},{"taxonomy":"post_tag","embeddable":true,"href":"https:\/\/energiesnet.com\/espanol\/wp-json\/wp\/v2\/tags?post=19342"}],"curies":[{"name":"wp","href":"https:\/\/api.w.org\/{rel}","templated":true}]}}