{"id":19390,"date":"2023-12-22T08:10:03","date_gmt":"2023-12-22T12:10:03","guid":{"rendered":"https:\/\/energiesnet.com\/espanol\/?p=19390"},"modified":"2023-12-22T08:10:05","modified_gmt":"2023-12-22T12:10:05","slug":"presidente-noboa-envia-a-asamblea-ley-urgente-de-electricidad-atrayendo-a-la-inversion-privada-reuters","status":"publish","type":"post","link":"https:\/\/energiesnet.com\/espanol\/presidente-noboa-envia-a-asamblea-ley-urgente-de-electricidad-atrayendo-a-la-inversion-privada-reuters\/","title":{"rendered":"Presidente Noboa env\u00eda a Asamblea ley urgente de electricidad atrayendo a la inversion privada &#8211; Reuters"},"content":{"rendered":"\n<figure class=\"wp-block-image size-full\"><img fetchpriority=\"high\" decoding=\"async\" width=\"600\" height=\"400\" src=\"https:\/\/energiesnet.com\/espanol\/wp-content\/uploads\/2023\/12\/electrical_instalations.jpg\" alt=\"Vista de las instalaciones de la central hidroel\u00e9ctrica ecuatoriana Coca Codo Sinclair en Napo, Ecuador 1 de junio de 2018. REUTERS\/Daniel Tapia\/\" class=\"wp-image-19391\" srcset=\"https:\/\/energiesnet.com\/espanol\/wp-content\/uploads\/2023\/12\/electrical_instalations.jpg 600w, https:\/\/energiesnet.com\/espanol\/wp-content\/uploads\/2023\/12\/electrical_instalations-300x200.jpg 300w\" sizes=\"(max-width: 600px) 100vw, 600px\" \/><figcaption class=\"wp-element-caption\">Vista de las instalaciones de la central hidroel\u00e9ctrica ecuatoriana Coca Codo Sinclair en Napo, Ecuador 1 de junio de 2018. (Daniel Tapia\/Reuters)<\/figcaption><\/figure>\n\n\n\n<p>Alexandra Valencia, Reuters           <\/p>\n\n\n\n<p>QUITO         <br>EnergiesNet.com 22 12 2023        <\/p>\n\n\n\n<p>El Gobierno del presidente ecuatoriano, Daniel Noboa, ha propuesto a la Asamblea Nacional una ley para atraer la inversi\u00f3n privada y modernizar el sector el\u00e9ctrico del pa\u00eds, que se enfrenta a la escasez de energ\u00eda.<\/p>\n\n\n\n<p>La sequ\u00eda provocada por el fen\u00f3meno clim\u00e1tico de El Ni\u00f1o ha afectado a la producci\u00f3n de las represas hidroel\u00e9ctricas, que son la principal fuente de electricidad de Ecuador, lo que ha provocado cortes de energ\u00eda programados e importaciones de energ\u00eda de la vecina Colombia.<\/p>\n\n\n\n<p>La propuesta de ley fue enviada a los legisladores a \u00faltima hora del mi\u00e9rcoles y est\u00e1 marcada como urgente, lo que significa que hay un l\u00edmite de 30 d\u00edas para su aprobaci\u00f3n.<\/p>\n\n\n\n<p>Esta semana, la Asamblea -donde el partido Acci\u00f3n Democr\u00e1tica Nacional (ADN) de Noboa form\u00f3 una coalici\u00f3n mayoritaria con el conservador Partido Social Cristiano (PSC) y el movimiento izquierdista Revoluci\u00f3n Ciudadana- aprob\u00f3 un proyecto de ley tributaria de 800 millones de d\u00f3lares destinado a lograr que los contribuyentes morosos paguen y a ofrecer incentivos a las empresas que contraten a j\u00f3venes.<\/p>\n\n\n\n<p>Las reformas del sector el\u00e9ctrico supondr\u00e1n un ahorro para el Gobierno, seg\u00fan el Gobierno de Noboa.<\/p>\n\n\n\n<p>Ecuador, cuya econom\u00eda ha luchado por recuperarse de la pandemia del coronavirus, va a registrar un d\u00e9ficit fiscal de m\u00e1s de 5.700 millones de d\u00f3lares este a\u00f1o.<\/p>\n\n\n\n<p>El proyecto de ley permitir\u00eda a las empresas de servicios p\u00fablicos -que dominan el sector el\u00e9ctrico de Ecuador- ceder sus funciones a proveedores privados en circunstancias excepcionales.<\/p>\n\n\n\n<p>Tambi\u00e9n permitir\u00eda reducciones del impuesto sobre la renta a las empresas que implanten sus propios sistemas de generaci\u00f3n de energ\u00eda y anular\u00eda los intereses de demora en el pago de la energ\u00eda.<\/p>\n\n\n\n<p>Un fondo de eficiencia el\u00e9ctrica utilizar\u00eda dinero p\u00fablico y financiaci\u00f3n internacional para introducir mejoras en el sector y reducir el consumo.<\/p>\n\n\n\n<p>\u00abLa ley pretende ser un motor para incentivar el empleo, atraer inversi\u00f3n extranjera y fomentar el desarrollo de nuevas tecnolog\u00edas\u00bb, dijo la ministra de Energ\u00eda, Andrea Arrobo, en las redes sociales.<\/p>\n\n\n\n<p>Noboa asumi\u00f3 el cargo el mes pasado con la promesa de hacer frente a los desaf\u00edos econ\u00f3micos y restablecer la seguridad, mientras la violencia atribuida a las bandas de narcotraficantes aumenta en las calles y en las c\u00e1rceles.<\/p>\n\n\n\n<p>Reportaje de Alexandra Valencia Redacci\u00f3n de Julia Symmes Cobb; Edici\u00f3n de Chizu Nomiyama. Traducci\u00f3n de Elio Ohep, Editor EnergiesNet<\/p>\n\n\n\n<p>reuters.com 21 12 2023<\/p>\n","protected":false},"excerpt":{"rendered":"<p>Alexandra Valencia, Reuters QUITO EnergiesNet.com 22 12 2023 El Gobierno del presidente ecuatoriano, Daniel Noboa, ha propuesto a la Asamblea Nacional una ley para atraer la inversi\u00f3n privada y modernizar el sector el\u00e9ctrico del pa\u00eds, que se enfrenta a la escasez de energ\u00eda. La sequ\u00eda provocada por el fen\u00f3meno clim\u00e1tico de El Ni\u00f1o ha afectado &hellip;<\/p>\n<p class=\"read-more\"> <a class=\"\" href=\"https:\/\/energiesnet.com\/espanol\/presidente-noboa-envia-a-asamblea-ley-urgente-de-electricidad-atrayendo-a-la-inversion-privada-reuters\/\"> <span class=\"screen-reader-text\">Presidente Noboa env\u00eda a Asamblea ley urgente de electricidad atrayendo a la inversion privada &#8211; Reuters<\/span> Leer m\u00e1s &raquo;<\/a><\/p>\n","protected":false},"author":2,"featured_media":19391,"comment_status":"open","ping_status":"open","sticky":false,"template":"","format":"standard","meta":{"_monsterinsights_skip_tracking":false,"_monsterinsights_sitenote_active":false,"_monsterinsights_sitenote_note":"","_monsterinsights_sitenote_category":0,"site-sidebar-layout":"default","site-content-layout":"default","ast-global-header-display":"","ast-main-header-display":"","ast-hfb-above-header-display":"","ast-hfb-below-header-display":"","ast-hfb-mobile-header-display":"","site-post-title":"","ast-breadcrumbs-content":"","ast-featured-img":"","footer-sml-layout":"","theme-transparent-header-meta":"","adv-header-id-meta":"","stick-header-meta":"","header-above-stick-meta":"","header-main-stick-meta":"","header-below-stick-meta":"","footnotes":""},"categories":[30],"tags":[2916,164,2915,1312,2914],"class_list":["post-19390","post","type-post","status-publish","format-standard","has-post-thumbnail","hentry","category-top-news","tag-asamblae-nacional","tag-ecuador","tag-inversion-privada","tag-leyes","tag-restricciones-electricas"],"aioseo_notices":[],"_links":{"self":[{"href":"https:\/\/energiesnet.com\/espanol\/wp-json\/wp\/v2\/posts\/19390","targetHints":{"allow":["GET"]}}],"collection":[{"href":"https:\/\/energiesnet.com\/espanol\/wp-json\/wp\/v2\/posts"}],"about":[{"href":"https:\/\/energiesnet.com\/espanol\/wp-json\/wp\/v2\/types\/post"}],"author":[{"embeddable":true,"href":"https:\/\/energiesnet.com\/espanol\/wp-json\/wp\/v2\/users\/2"}],"replies":[{"embeddable":true,"href":"https:\/\/energiesnet.com\/espanol\/wp-json\/wp\/v2\/comments?post=19390"}],"version-history":[{"count":0,"href":"https:\/\/energiesnet.com\/espanol\/wp-json\/wp\/v2\/posts\/19390\/revisions"}],"wp:featuredmedia":[{"embeddable":true,"href":"https:\/\/energiesnet.com\/espanol\/wp-json\/wp\/v2\/media\/19391"}],"wp:attachment":[{"href":"https:\/\/energiesnet.com\/espanol\/wp-json\/wp\/v2\/media?parent=19390"}],"wp:term":[{"taxonomy":"category","embeddable":true,"href":"https:\/\/energiesnet.com\/espanol\/wp-json\/wp\/v2\/categories?post=19390"},{"taxonomy":"post_tag","embeddable":true,"href":"https:\/\/energiesnet.com\/espanol\/wp-json\/wp\/v2\/tags?post=19390"}],"curies":[{"name":"wp","href":"https:\/\/api.w.org\/{rel}","templated":true}]}}