{"id":19453,"date":"2023-12-26T14:59:53","date_gmt":"2023-12-26T18:59:53","guid":{"rendered":"https:\/\/energiesnet.com\/espanol\/?p=19453"},"modified":"2023-12-26T14:59:54","modified_gmt":"2023-12-26T18:59:54","slug":"recursos-para-armamento-deberian-destinarse-a-la-paz-dice-el-papa-en-su-mensaje-de-navidad-forbes","status":"publish","type":"post","link":"https:\/\/energiesnet.com\/espanol\/recursos-para-armamento-deberian-destinarse-a-la-paz-dice-el-papa-en-su-mensaje-de-navidad-forbes\/","title":{"rendered":"Recursos para armamento deber\u00edan destinarse a la paz, dice el papa en su mensaje de Navidad &#8211; Forbes"},"content":{"rendered":"\n<figure class=\"wp-block-image size-full\"><img fetchpriority=\"high\" decoding=\"async\" width=\"600\" height=\"400\" src=\"https:\/\/energiesnet.com\/espanol\/wp-content\/uploads\/2023\/12\/papa_francisco_EFE.jpg\" alt=\"\" class=\"wp-image-19454\" srcset=\"https:\/\/energiesnet.com\/espanol\/wp-content\/uploads\/2023\/12\/papa_francisco_EFE.jpg 600w, https:\/\/energiesnet.com\/espanol\/wp-content\/uploads\/2023\/12\/papa_francisco_EFE-300x200.jpg 300w\" sizes=\"(max-width: 600px) 100vw, 600px\" \/><figcaption class=\"wp-element-caption\">El papa Francisco lament\u00f3 las muchas \u00abmasacres debidas a las armas, que ocurren en un silencio ensordecedor, a escondidas de todos\u00bb (EFE)<\/figcaption><\/figure>\n\n\n\n<p>Forbes          <\/p>\n\n\n\n<p>ROMA          <br>Energiesnet.com   26 12 2023     <\/p>\n\n\n\n<p>El papa Francisco critic\u00f3 hoy el gasto de fondos p\u00fablicos en armamento y afirm\u00f3 que la gente ignora cu\u00e1nto se destina a ello y \u201c\u00a1sin embargo, deber\u00edan saberlo!\u201d, en un duro mensaje de Navidad en el que pidi\u00f3 la paz para los diferentes conflictos en el mundo, comenzando con la guerra en Gaza.<\/p>\n\n\n\n<p>El mensaje de Navidad del papa, le\u00eddo desde el balc\u00f3n de la logia central de la fachada de la bas\u00edlica de San Pedro antes de la bendici\u00f3n \u2018urbi et orbi\u2019, se convirti\u00f3 en un verdadero alegato contra los fabricantes de armas.<\/p>\n\n\n\n<p>\u201cPara decir no a la guerra es necesario decir no a las armas. Porque si el hombre, cuyo coraz\u00f3n es inestable y est\u00e1 herido, encuentra instrumentos de muerte entre sus manos, antes o despu\u00e9s los usar\u00e1. \u00bfY c\u00f3mo se puede hablar de paz si la producci\u00f3n, la venta y el comercio de armas aumentan?\u201d, pregunt\u00f3 el papa.<\/p>\n\n\n\n<p>Lament\u00f3 las muchas \u201cmasacres debidas a las armas, que ocurren en un silencio ensordecedor, a escondidas de todos\u201d y asegur\u00f3: \u201cLa gente, que no quiere armas sino pan, que le cuesta seguir adelante y pide paz, ignora cu\u00e1ntos fondos p\u00fablicos se destinan a los armamentos. \u00a1Y, sin embargo, deber\u00edan saberlo!\u201d<\/p>\n\n\n\n<p>\u201cQue se hable sobre esto, que se escriba sobre esto, para que se conozcan los intereses y los beneficios que mueven los hilos de las guerras\u201d, fue el llamamiento del papa en su mensaje de Navidad.<\/p>\n\n\n\n<p><\/p>\n\n\n\n<h2 class=\"wp-block-heading has-medium-font-size\" id=\"h-una-solucion-para-palestina\"><strong>Una soluci\u00f3n para Palestina<\/strong><\/h2>\n\n\n\n<p><\/p>\n\n\n\n<p>En este mensaje, en el que el papa Francisco tradicionalmente enumera los conflictos del mundo, empez\u00f3 recordando la situaci\u00f3n en Gaza y pidi\u00f3 que la paz \u201cllegue en Israel y Palestina, donde la guerra sacude la vida de esas poblaciones\u201d.<\/p>\n\n\n\n<p>El papa asegur\u00f3 que lleva \u201cen el coraz\u00f3n el dolor por las v\u00edctimas del execrable ataque del pasado 7 de octubre\u201d aunque no cit\u00f3 a los islamistas de Ham\u00e1s y renov\u00f3 su llamamiento \u201cpara la liberaci\u00f3n de quienes a\u00fan est\u00e1n retenidos como rehenes\u201d.<\/p>\n\n\n\n<p><strong><em>Tambi\u00e9n lee: <\/em><\/strong><em><a href=\"https:\/\/www.forbes.com.mx\/triste-realidad-guerra-gaza-en-navidad-registra-una-de-las-jornadas-mas-letales\/\">Triste realidad de la guerra de Gaza en Navidad: registra una de las jornadas m\u00e1s letales<\/a><\/em><\/p>\n\n\n\n<p>Y continu\u00f3: \u201cSuplico que cesen las operaciones militares, con sus dram\u00e1ticas consecuencias de v\u00edctimas civiles inocentes, y que se remedie la desesperada situaci\u00f3n humanitaria permitiendo la llegada de ayuda\u201d.<\/p>\n\n\n\n<p>Y por otra parte inst\u00f3 a \u201cque no se siga alimentando la violencia y el odio, sino que se encuentre una soluci\u00f3n a la cuesti\u00f3n palestina, por medio de un di\u00e1logo sincero y perseverante entre las partes, sostenido por una fuerte voluntad pol\u00edtica y el apoyo de la comunidad internacional\u201d.<\/p>\n\n\n\n<p><\/p>\n\n\n\n<h2 class=\"wp-block-heading has-medium-font-size\" id=\"h-paz-para-ucrania-y-para-el-resto-de-paises-en-guerra\"><strong>Paz para Ucrania y para el resto de pa\u00edses en guerra<\/strong><\/h2>\n\n\n\n<p><\/p>\n\n\n\n<p>Tambi\u00e9n implor\u00f3 la paz para Ucrania, en Siria, en Yemen y pidi\u00f3 la estabilidad social y pol\u00edtica para el pueblo liban\u00e9s.<\/p>\n\n\n\n<p>Invoc\u00f3 la paz definitiva entre Armenia y Azerbaiy\u00e1n y que la favorezca el regreso de los desplazados a sus hogares y no olvidar \u201clas tensiones y los conflictos que perturban a las regiones del Sahel, el Cuerno de \u00c1frica y Sud\u00e1n, como tambi\u00e9n a Camer\u00fan, la Rep\u00fablica Democr\u00e1tica del Congo y Sud\u00e1n del Sur\u201d y \u201cque llegue el d\u00eda en el que se consoliden los v\u00ednculos fraternos en la pen\u00ednsula coreana, abriendo v\u00edas de di\u00e1logo y reconciliaci\u00f3n\u201d.<\/p>\n\n\n\n<p>Mientras que para los gobernantes del continente americano pidi\u00f3 inspiraci\u00f3n para \u201challar soluciones id\u00f3neas que lleven a superar las disensiones sociales y pol\u00edticas, a luchar contra las formas de pobreza que ofenden la dignidad de las personas, a resolver las desigualdades y a afrontar el doloroso fen\u00f3meno de las migraciones\u201d.<\/p>\n\n\n\n<p>Tambi\u00e9n pidi\u00f3 que seamos la voz \u201cde los que no tienen voz: los inocentes, muertos por falta de agua y de pan; voz de los que no logran encontrar trabajo o lo han perdido; voz de los que se ven obligados a huir de la propia patria en busca de un futuro mejor, arriesgando la vida en viajes extenuantes y a merced de traficantes sin escr\u00fapulos\u201d.<\/p>\n\n\n\n<p>\u201cQue este periodo de preparaci\u00f3n sea ocasi\u00f3n para convertir el coraz\u00f3n; para decir no a la guerra y s\u00ed a la paz\u201d, concluy\u00f3 Francisco.<\/p>\n\n\n\n<p>Con informaci\u00f3n de Efe.<\/p>\n\n\n\n<p>forbes.com 25 12 2023<\/p>\n","protected":false},"excerpt":{"rendered":"<p>Forbes ROMA Energiesnet.com 26 12 2023 El papa Francisco critic\u00f3 hoy el gasto de fondos p\u00fablicos en armamento y afirm\u00f3 que la gente ignora cu\u00e1nto se destina a ello y \u201c\u00a1sin embargo, deber\u00edan saberlo!\u201d, en un duro mensaje de Navidad en el que pidi\u00f3 la paz para los diferentes conflictos en el mundo, comenzando con &hellip;<\/p>\n<p class=\"read-more\"> <a class=\"\" href=\"https:\/\/energiesnet.com\/espanol\/recursos-para-armamento-deberian-destinarse-a-la-paz-dice-el-papa-en-su-mensaje-de-navidad-forbes\/\"> <span class=\"screen-reader-text\">Recursos para armamento deber\u00edan destinarse a la paz, dice el papa en su mensaje de Navidad &#8211; Forbes<\/span> Leer m\u00e1s &raquo;<\/a><\/p>\n","protected":false},"author":2,"featured_media":19454,"comment_status":"open","ping_status":"open","sticky":false,"template":"","format":"standard","meta":{"_monsterinsights_skip_tracking":false,"_monsterinsights_sitenote_active":false,"_monsterinsights_sitenote_note":"","_monsterinsights_sitenote_category":0,"site-sidebar-layout":"default","site-content-layout":"default","ast-global-header-display":"","ast-main-header-display":"","ast-hfb-above-header-display":"","ast-hfb-below-header-display":"","ast-hfb-mobile-header-display":"","site-post-title":"","ast-breadcrumbs-content":"","ast-featured-img":"","footer-sml-layout":"","theme-transparent-header-meta":"","adv-header-id-meta":"","stick-header-meta":"","header-above-stick-meta":"","header-main-stick-meta":"","header-below-stick-meta":"","footnotes":""},"categories":[30],"tags":[2926,2922,757,2923,234,2925],"class_list":["post-19453","post","type-post","status-publish","format-standard","has-post-thumbnail","hentry","category-top-news","tag-amor","tag-dia-de-navidad","tag-guerra","tag-mensaje-de-navidad","tag-papa-francisco","tag-paz"],"aioseo_notices":[],"_links":{"self":[{"href":"https:\/\/energiesnet.com\/espanol\/wp-json\/wp\/v2\/posts\/19453","targetHints":{"allow":["GET"]}}],"collection":[{"href":"https:\/\/energiesnet.com\/espanol\/wp-json\/wp\/v2\/posts"}],"about":[{"href":"https:\/\/energiesnet.com\/espanol\/wp-json\/wp\/v2\/types\/post"}],"author":[{"embeddable":true,"href":"https:\/\/energiesnet.com\/espanol\/wp-json\/wp\/v2\/users\/2"}],"replies":[{"embeddable":true,"href":"https:\/\/energiesnet.com\/espanol\/wp-json\/wp\/v2\/comments?post=19453"}],"version-history":[{"count":0,"href":"https:\/\/energiesnet.com\/espanol\/wp-json\/wp\/v2\/posts\/19453\/revisions"}],"wp:featuredmedia":[{"embeddable":true,"href":"https:\/\/energiesnet.com\/espanol\/wp-json\/wp\/v2\/media\/19454"}],"wp:attachment":[{"href":"https:\/\/energiesnet.com\/espanol\/wp-json\/wp\/v2\/media?parent=19453"}],"wp:term":[{"taxonomy":"category","embeddable":true,"href":"https:\/\/energiesnet.com\/espanol\/wp-json\/wp\/v2\/categories?post=19453"},{"taxonomy":"post_tag","embeddable":true,"href":"https:\/\/energiesnet.com\/espanol\/wp-json\/wp\/v2\/tags?post=19453"}],"curies":[{"name":"wp","href":"https:\/\/api.w.org\/{rel}","templated":true}]}}