{"id":19469,"date":"2023-12-26T17:10:49","date_gmt":"2023-12-26T21:10:49","guid":{"rendered":"https:\/\/energiesnet.com\/espanol\/?p=19469"},"modified":"2023-12-26T17:10:50","modified_gmt":"2023-12-26T21:10:50","slug":"empezo-a-atreverse-el-papa-y-su-cambio-de-rumbo-sobre-las-bendiciones-a-parejas-del-mismo-sexo-jason-horowitz-nytimes","status":"publish","type":"post","link":"https:\/\/energiesnet.com\/espanol\/empezo-a-atreverse-el-papa-y-su-cambio-de-rumbo-sobre-las-bendiciones-a-parejas-del-mismo-sexo-jason-horowitz-nytimes\/","title":{"rendered":"\u2018Empez\u00f3 a atreverse\u2019: el papa y su cambio de rumbo sobre las bendiciones a parejas del mismo sexo &#8211; Jason Horowitz\/NYTimes"},"content":{"rendered":"\n<figure class=\"wp-block-image size-full\"><img fetchpriority=\"high\" decoding=\"async\" width=\"600\" height=\"400\" src=\"https:\/\/energiesnet.com\/espanol\/wp-content\/uploads\/2023\/12\/papa-francisco-reuters.jpg\" alt=\"Esta semana, el papa Francisco aprob\u00f3 una nueva regla que permite a los sacerdotes bendecir a parejas del mismo sexo.C . Guglielmo Mangiapane\/Reuters\" class=\"wp-image-19470\" srcset=\"https:\/\/energiesnet.com\/espanol\/wp-content\/uploads\/2023\/12\/papa-francisco-reuters.jpg 600w, https:\/\/energiesnet.com\/espanol\/wp-content\/uploads\/2023\/12\/papa-francisco-reuters-300x200.jpg 300w\" sizes=\"(max-width: 600px) 100vw, 600px\" \/><figcaption class=\"wp-element-caption\">Esta semana, el papa Francisco aprob\u00f3 una nueva regla que permite a los sacerdotes bendecir a parejas del mismo sexo. (Guglielmo Mangiapane\/Reuters)<\/figcaption><\/figure>\n\n\n\n<p>Por Jason Horowitz      <\/p>\n\n\n\n<p>En marzo de 2021, mientras cat\u00f3licos de la comunidad LGBTQ lidiaban con el hecho de que hab\u00eda un documento aprobado por el papa Francisco en el que el Vaticano se pronunciaba en contra de la bendici\u00f3n de uniones de personas del mismo sexo, uno de sus confidentes, que es gay, cuenta que hablaron por tel\u00e9fono.<\/p>\n\n\n\n<p>Juan Carlos Cruz, sobreviviente de abuso sexual infantil que se hizo amigo del papa a lo largo de a\u00f1os de conversaciones, dijo que Francisco, quien en ese entonces acababa de regresar de Irak, le dio a entender que la \u201cmaquinaria\u201d del Vaticano se le hab\u00eda adelantado al pronunciamiento en el que se dec\u00eda que Dios \u201cno puede bendecir el pecado\u201d.<\/p>\n\n\n\n<p>Pero Cruz afirm\u00f3 que Francisco hab\u00eda reconocido que la responsabilidad era suya, y le dio la impresi\u00f3n de que quer\u00eda cambiarlo.<\/p>\n\n\n\n<p>En opini\u00f3n de Cruz, quien visit\u00f3 a Francisco por su cumplea\u00f1os n\u00famero 87 el fin de semana, y la de muchos cat\u00f3licos de la comunidad LGBTQ, eso fue justo lo que hizo Francisco esta semana. <a href=\"https:\/\/www.nytimes.com\/es\/2023\/12\/18\/espanol\/papa-francisco-bendiciones-relaciones-lgtbq.html\">Aprob\u00f3 una importante declaraci\u00f3n<\/a> de la misma oficina vaticana de doctrina eclesi\u00e1stica que hab\u00eda <a href=\"https:\/\/www.nytimes.com\/2021\/03\/15\/world\/europe\/vatican-same-sex-unions.html\">emitido la sentencia negativa<\/a> dos a\u00f1os antes.<\/p>\n\n\n\n<p>La nueva disposici\u00f3n permite que los sacerdotes bendigan a parejas del mismo sexo siempre y cuando la bendici\u00f3n no forme parte de la ceremonia de una uni\u00f3n entre personas del mismo sexo, con el objetivo de que no se vaya a confundir con el sacramento del matrimonio. Si bien la declaraci\u00f3n no cambia la <a href=\"https:\/\/www.vatican.va\/roman_curia\/congregations\/cfaith\/documents\/rc_con_cfaith_doc_19861001_homosexual-persons_en.html\" rel=\"noreferrer noopener\" target=\"_blank\">doctrina eclesi\u00e1stica<\/a> de que los actos homosexuales son \u201cintr\u00ednsecamente desviados\u201d, es una se\u00f1al concreta de aceptaci\u00f3n para una porci\u00f3n de los fieles que han sido castigados por la Iglesia desde hace mucho.<\/p>\n\n\n\n<figure class=\"wp-block-image\"><img decoding=\"async\" src=\"https:\/\/static01.nyt.com\/images\/2023\/12\/21\/multimedia\/21pope-samesex-02-pjmg-esp2\/21pope-samesex-02-pjmg-articleLarge.jpg?quality=75&amp;auto=webp&amp;disable=upscale\" alt=\"Juan Carlos Cruz, clean-shaven and with short dark hair, in a gray V-neck sweater and checked shirt.\"\/><figcaption class=\"wp-element-caption\">Juan Carlos Cruz, un sobreviviente de abuso sexual de Chile que se hizo amigo del papa (Todd Heisler\/The New York Times)<\/figcaption><\/figure>\n\n\n\n<p>Ahora que los progresistas celebran y las parejas del mismo sexo <a href=\"https:\/\/www.nytimes.com\/es\/2023\/12\/22\/espanol\/catolicos-gay-bendicion-papa.html\">empiezan a recibir bendiciones p\u00fablicas<\/a>, algunos se preguntan por qu\u00e9 el papa dict\u00f3 la innovadora resoluci\u00f3n en este momento, m\u00e1s de una d\u00e9cada despu\u00e9s de que comenzara su pontificado con un mensaje rotundamente inclusivo sobre cuestiones de la comunidad LGBTQ. \u201c<a href=\"https:\/\/www.nytimes.com\/2013\/07\/30\/world\/europe\/pope-francis-gay-priests.html\">\u00bfQui\u00e9n soy yo para juzgar?<\/a>\u201d, dijo en 2013, cuando le preguntaron por un sacerdote del que se rumoraba que era gay.<\/p>\n\n\n\n<p>Las personas que han hablado con \u00e9l a lo largo de los a\u00f1os y los analistas del Vaticano dicen que la mentalidad de Francisco fue evolucionando gracias a varias conversaciones privadas con cat\u00f3licos de la comunidad LGBTQ y con los sacerdotes y monjas que los atienden.<\/p>\n\n\n\n<p>Ha sido un proceso largo, lleno de altibajos, pero tambi\u00e9n el resultado de una reorganizaci\u00f3n gradual de la Iglesia por parte de Francisco, incluido el reciente nombramiento para altos cargos de eclesi\u00e1sticos con una visi\u00f3n af\u00edn y que no son aversos a los cambios. La <a href=\"https:\/\/www.nytimes.com\/es\/2022\/12\/31\/espanol\/muere-benedicto-xvi.html\">muerte el a\u00f1o pasado de su predecesor conservador<\/a> liber\u00f3 la mano del papa, dicen los expertos, pero tambi\u00e9n creen que la prepotencia de los antagonistas del Vaticano \u2014quienes trataron de acorralar a Francisco\u2014 contribuy\u00f3 a ello porque les sali\u00f3 el tiro por la culata.<\/p>\n\n\n\n<p>\u201cComo todos, \u00e9l aprende de escuchar\u201d, dijo el padre James Martin, quien ha hablado con \u00e9l sobre la necesidad de reconocer de mejor manera a estos miembros de la Iglesia. Es un destacado defensor de los cat\u00f3licos de la comunidad LGBTQ que se ha reunido en varias ocasiones con Francisco y tambi\u00e9n es jesuita.<\/p>\n\n\n\n<p>En una conversaci\u00f3n esta semana, Martin no quiso divulgar el contenido de esas reuniones de los \u00faltimos a\u00f1os, aunque se\u00f1al\u00f3 que se hab\u00edan vuelto \u201ccada vez m\u00e1s largas y largas\u201d. Durante la conversaci\u00f3n m\u00e1s reciente, en octubre, con motivo de una importante asamblea de la Iglesia, dijo que Francisco \u201cme anim\u00f3, como siempre hace, a centrarme en el individuo, a centrarme en la persona, a centrarme en las necesidades pastorales\u201d. El nuevo documento, dijo, \u201cest\u00e1 muy en l\u00ednea con eso, con ese planteamiento\u201d.<\/p>\n\n\n\n<figure class=\"wp-block-image\"><img decoding=\"async\" src=\"https:\/\/static01.nyt.com\/images\/2023\/12\/21\/multimedia\/21pope-samesex-03-pjmg-esp3\/21pope-samesex-03-pjmg-articleLarge.jpg?quality=75&amp;auto=webp&amp;disable=upscale\" alt=\"Father James Martin, with a hand upraised, blessing two men in an apartment.\"\/><figcaption class=\"wp-element-caption\">El sacerdote James Martin, un destacado defensor de la comunidad cat\u00f3lica LGBTQ, dio una bendici\u00f3n esta semana despu\u00e9s del anuncio de la Iglesia. (James Estrin\/The New York Times)<\/figcaption><\/figure>\n\n\n\n<p>Francis DeBernardo, director ejecutivo de New Ways Ministry, un grupo con sede en Maryland que aboga por los cat\u00f3licos homosexuales, dijo que tambi\u00e9n se reuni\u00f3 con el papa en octubre y percibi\u00f3 una apertura similar a un cambio. Entre los otros en la reuni\u00f3n, dijo, estaba la hermana Jeannine Gramick, una monja estadounidense que ha ministrado a los cat\u00f3licos de la comunidad LGBTQ durante medio siglo y fue censurada por los predecesores de Francisco. DeBernardo dijo que se reunieron con Francisco durante 50 minutos y hablaron sobre las bendiciones.<\/p>\n\n\n\n<p>\u201cDe la nada, dijo: \u2018Sabes, lo que m\u00e1s me molesta son los sacerdotes que castigan a la gente en el confesionario, que los reprenden\u2019\u201d, record\u00f3 DeBernardo. En su opini\u00f3n, la clave del nuevo documento es ese instinto, el de dar m\u00e1s importancia a la acogida pastoral que a hacer \u201cpruebas de fuego de la ortodoxia\u201d.<\/p>\n\n\n\n<p>El Vaticano y la oficina responsable de la declaraci\u00f3n no respondieron a las solicitudes de comentarios sobre reuniones espec\u00edficas o el proceso de toma de decisiones que llev\u00f3 a la creaci\u00f3n del documento.<\/p>\n\n\n\n<p>En su d\u00e9cada como papa, Francisco ha llenado de esperanza a los cat\u00f3licos de la comunidad LGBTQ. Se tom\u00f3 la molestia de felicitar a Gramick y alentar su trabajo. \u00c9l mismo se reuni\u00f3 y atendi\u00f3 a cat\u00f3licos trans y aconsej\u00f3 a parejas del mismo sexo sobre la educaci\u00f3n de sus hijos. Afirm\u00f3 que la homosexualidad no debe criminalizarse y apoy\u00f3 las uniones civiles. Y \u00faltimamente ha dejado en claro que las personas trans <a href=\"https:\/\/www.nytimes.com\/2023\/11\/09\/world\/europe\/pope-francis-transgender-people.html\">pueden ser bautizadas<\/a>, fungir como padrinos y testigos en las bodas religiosas.<\/p>\n\n\n\n<p>Pero tambi\u00e9n confundi\u00f3 a menudo a los cat\u00f3licos de la comunidad LGBTQ con mensajes contradictorios, por lo que era dif\u00edcil saber bien cu\u00e1l era la postura real de Francisco, pese a su lenguaje inclusivo.<\/p>\n\n\n\n<p>Tras la resoluci\u00f3n de 2021 contra las bendiciones, muchos de los partidarios liberales de Francisco se\u00f1alaron que \u00e9l inmediatamente trat\u00f3 de distanciarse de ella. <a href=\"https:\/\/www.nytimes.com\/2021\/06\/27\/world\/europe\/pope-sends-more-mixed-messages-on-lgbtq-rights.html\">Argumentan que fue aprobada<\/a> sin que el papa comprendiera del todo su alcance o que permiti\u00f3 que siguiera adelante solo bajo la presi\u00f3n de la oficina doctrinal, una explicaci\u00f3n de la que los principales cardenales conservadores se burlaron y que los miembros de la oficina en ese momento dijeron que simplemente no era cierta.<\/p>\n\n\n\n<p>En todo momento, Francisco sigui\u00f3 hablando con cat\u00f3licos homosexuales y sus defensores, incluso cuando tuvo que sopesar tensiones a izquierda y derecha que podr\u00edan afectar el futuro de la Iglesia.<\/p>\n\n\n\n<p>En Alemania, donde la Iglesia es liberal, los sacerdotes han estado bendiciendo uniones entre personas del mismo sexo en contra de las \u00f3rdenes del Vaticano, y los obispos en B\u00e9lgica incluso han publicado directrices para las bendiciones en ceremonias entre personas del mismo sexo, algo que la nueva declaraci\u00f3n proh\u00edbe. Pero en las naciones africanas conservadoras, donde la Iglesia ve su futuro, la oposici\u00f3n a los derechos y uniones de la comunidad LGBTQ es ferviente.<\/p>\n\n\n\n<p>Ya ha habido algunos signos de revuelta, con la publicaci\u00f3n conservadora The Catholic Herald informando de que el arzobispo Tomash Peta de Santa Mar\u00eda en Astan\u00e1, Kazajist\u00e1n, hab\u00eda enviado una carta prohibiendo a sus sacerdotes realizar bendiciones para parejas del mismo sexo y en la que calificaba la declaraci\u00f3n de \u201cun gran enga\u00f1o\u201d.<\/p>\n\n\n\n<figure class=\"wp-block-image\"><img decoding=\"async\" src=\"https:\/\/static01.nyt.com\/images\/2023\/12\/21\/multimedia\/21pope-samesex-04-pjmg-esp4\/21pope-samesex-04-pjmg-articleLarge.jpg?quality=75&amp;auto=webp&amp;disable=upscale\" alt=\"Two men standing on front of a priest outside a Gothic cathedral.\"\/><figcaption class=\"wp-element-caption\">Parejas del mismo sexo participando en una ceremonia p\u00fablica de bendici\u00f3n frente a la catedral de Colonia en septiembre. En Alemania, donde la Iglesia es liberal, los sacerdotes han estado bendiciendo las uniones homosexuales en contra de las \u00f3rdenes del Vaticano. (Martin Meissner\/Associated Press)<\/figcaption><\/figure>\n\n\n\n<p>\u201cFrancisco tuvo que moverse despacio, muy despacio, como una tortuga\u201d, coment\u00f3 Marco Politi, veterano analista del Vaticano y autor de <a href=\"https:\/\/cup.columbia.edu\/book\/pope-francis-among-the-wolves\/9780231174152\" rel=\"noreferrer noopener\" target=\"_blank\"><em>Francisco entre los lobos: El secreto de una revoluci\u00f3n<\/em><\/a>. A\u00f1adi\u00f3 que el papa \u201ctuvo que considerar las relaciones de poder dentro de la Iglesia\u201d.<\/p>\n\n\n\n<p>Pero a medida que Francisco ha ido envejeciendo, y su salud se ha deteriorado, pareciera tener m\u00e1s prisa por terminar de rehacer su Iglesia.<\/p>\n\n\n\n<p>En enero del a\u00f1o pasado, despidi\u00f3 al segundo al mando del Dicasterio para la Doctrina de la Fe, el arzobispo Giacomo Morandi, a quien muchos consideraban responsable del documento de 2021, y lo envi\u00f3 a una peque\u00f1a ciudad italiana. (Morandi no respondi\u00f3 a una solicitud de comentarios). En julio, el papa reorganiz\u00f3 la oficina, nombrando a un asesor cercano y colega argentino, V\u00edctor Manuel Fern\u00e1ndez, como el prefecto.<\/p>\n\n\n\n<p>\u201cFinalmente, despu\u00e9s de 10 a\u00f1os de pontificado, Francisco pudo nombrar a un cardenal que responde a su visi\u00f3n de la Iglesia\u201d, dijo Politi.<\/p>\n\n\n\n<p>Sandro Magister, otro experto vaticanista de larga trayectoria que considera que las decisiones unilaterales de Francisco est\u00e1n socavando su profesada creencia en una Iglesia gobernada por consenso, coincidi\u00f3 en que Fern\u00e1ndez fue clave, as\u00ed como la muerte del predecesor del papa, Benedicto XVI.<\/p>\n\n\n\n<p>\u201cTras la muerte de Benedicto, Francisco empez\u00f3 a atreverse\u201d, dijo. Si Benedicto hubiera seguido vivo, a\u00f1adi\u00f3, Francisco nunca habr\u00eda nombrado a Fern\u00e1ndez prefecto del Dicasterio para la Doctrina de la Fe, cargo que Benedicto ocup\u00f3 durante m\u00e1s de 20 a\u00f1os.<\/p>\n\n\n\n<p>Al principio de su mandato, Fern\u00e1ndez, detestado por los conservadores, indic\u00f3 que era probable que se volviera a revisar la cuesti\u00f3n de las bendiciones a personas del mismo sexo. Los conservadores no tardaron en ponerlo a prueba a \u00e9l y a Francisco.<\/p>\n\n\n\n<figure class=\"wp-block-image\"><img decoding=\"async\" src=\"https:\/\/static01.nyt.com\/images\/2023\/12\/21\/multimedia\/21pope-samesex-05-pjmg-esp5\/21pope-samesex-05-pjmg-articleLarge.jpg?quality=75&amp;auto=webp&amp;disable=upscale\" alt=\"V\u00edctor Manuel Fern\u00e1ndez leading Mass as an archbishop.\"\/><figcaption class=\"wp-element-caption\">Francisco nombr\u00f3 a un asesor cercano y compatriota argentino, V\u00edctor Manuel Fern\u00e1ndez, para dirigir el Dicasterio para la Doctrina de la Fe. (Natacha Pisarenko\/Associated Press)<\/figcaption><\/figure>\n\n\n\n<p>Durante el verano, el cardenal Raymond Burke \u2014estadounidense y l\u00edder de facto de la oposici\u00f3n al papa\u2014 y otros conservadores enviaron una carta a Francisco pidiendo una respuesta definitiva sobre las bendiciones. El documento de 2021 parec\u00eda darles un precedente y una ventaja.<\/p>\n\n\n\n<p>Luego, hicieron p\u00fablica su exigencia de una aclaraci\u00f3n justo antes de una <a href=\"https:\/\/www.nytimes.com\/es\/2023\/10\/14\/espanol\/sinodo-vaticano-2023.html\">importante asamblea de obispos y laicos en octubre<\/a> en la que se esperaba tratar estos temas tan delicados. Se sinti\u00f3 como un evidente tiro de advertencia para Francisco y su oficina doctrinal.<\/p>\n\n\n\n<p>Fern\u00e1ndez respondi\u00f3 publicando la respuesta privada de Francisco. Aunque el papa claramente defendi\u00f3 la posici\u00f3n de la Iglesia de que el matrimonio solo puede existir entre un hombre y una mujer, dijo que los sacerdotes deben ejercer la \u201ccaridad pastoral\u201d cuando se trata de solicitudes de bendiciones, una aparente inversi\u00f3n de la sentencia \u201cno se puede bendecir el pecado\u201d.<\/p>\n\n\n\n<p>Francisco parec\u00eda haber abierto un resquicio. Despu\u00e9s, esta semana, Fern\u00e1ndez irrumpi\u00f3 con toda fuerza.<\/p>\n\n\n\n<p>En su presentaci\u00f3n a la nueva regla, cit\u00f3 la respuesta del papa a Burke como un factor cr\u00edtico en el fallo. Aport\u00f3, escribi\u00f3, \u201caclaraciones importantes para esta reflexi\u00f3n y representa un elemento decisivo\u201d.<\/p>\n\n\n\n<p>En otras palabras, los conservadores siguieron presionando para obtener una respuesta y la obtuvieron.<\/p>\n\n\n\n<p>\u201cPermanezcamos vigilantes\u201d, dijo el papa Francisco el jueves en su tradicional saludo navide\u00f1o a los miembros de la Curia, la burocracia que dirige el Vaticano, \u201ccontra posiciones ideol\u00f3gicas r\u00edgidas que a menudo, bajo la apariencia de buenas intenciones, nos separan de la realidad y nos impiden seguir adelante\u201d.<\/p>\n\n\n\n<p>Ruth Graham colabor\u00f3 con este reportaje desde Dallas y Gaia Pianigiani, desde Siena, Italia.<\/p>\n\n\n\n<p>____________________________________________________<\/p>\n\n\n\n<p><strong><em>Jason Horowitz<\/em><\/strong> es el jefe de la oficina en Roma; cubre Italia, Grecia y otros sitios del sur de Europa. Cubri\u00f3 la campa\u00f1a presidencial de 2016 en Estados Unidos, el gobierno de Obama y al Congreso con un \u00e9nfasis en perfiles pol\u00edticos y especiales.&nbsp;<a rel=\"noreferrer noopener\" href=\"https:\/\/twitter.com\/jasondhorowitz\" target=\"_blank\">@jasondhorowitz<\/a>. Los puntos de vista expresados no necesariamente son los de EnergiesNet.com.<\/p>\n\n\n\n<p>Nota del Editor:\u00a0Este art\u00edculo fue originalmente publicado en\u00a0<em><a href=\"https:\/\/www.nytimes.com\/\">The New York Times<\/a>,\u00a0\u00a0<\/em>el 24 de octubre, 2022. Reproducimos el mismo en beneficio de los lectores.\u00a0EnergiesNet.com no se hace responsable por los juicios de valor emitidos por sus colaboradores y columnistas de opini\u00f3n y an\u00e1lisis.<\/p>\n\n\n\n<p><a href=\"https:\/\/www.nytimes.com\/es\/2023\/12\/24\/espanol\/papa-francisco-bendiciones-mismo-sexo.html\">Articulo original<\/a><\/p>\n\n\n\n<p>Aviso de uso: Este sitio contiene material protegido por derechos de autor cuyo uso no siempre ha sido espec\u00edficamente autorizado por el propietario de los derechos. Ponemos a disposici\u00f3n dicho material en nuestro esfuerzo por avanzar en la comprensi\u00f3n de cuestiones de importancia social, medioambiental y humanitaria. Creemos que esto constituye un \u00abuso justo\u00bb de dicho material protegido por derechos de autor, tal y como se establece en la secci\u00f3n 107 de la Ley de Derechos de Autor de los Estados Unidos. De acuerdo con el T\u00edtulo 17 U.S.C. Secci\u00f3n 107. Para m\u00e1s informaci\u00f3n, visite: http:\/\/www.law.cornell.edu\/uscode\/17\/107.shtml<\/p>\n\n\n\n<p>EnergiesNet.com alienta a las personas a reproducir, reimprimir, y divulgar a trav\u00e9s de los medios audiovisuales e Internet, los comentarios editoriales y de opini\u00f3n de Petroleumworld, siempre y cuando esa reproducci\u00f3n identifique, a el autor, y la fuente original, http:\/\/www.petroleumworld.com y se haga dentro de el uso normal (fair use) de la doctrina de la secci\u00f3n 107 de la Ley de derechos de autor de los Estados Unidos de Norteam\u00e9rica (US Copyright).<\/p>\n\n\n\n<p>EnergiesNet.com 26 12 2022<\/p>\n","protected":false},"excerpt":{"rendered":"<p>Por Jason Horowitz En marzo de 2021, mientras cat\u00f3licos de la comunidad LGBTQ lidiaban con el hecho de que hab\u00eda un documento aprobado por el papa Francisco en el que el Vaticano se pronunciaba en contra de la bendici\u00f3n de uniones de personas del mismo sexo, uno de sus confidentes, que es gay, cuenta que &hellip;<\/p>\n<p class=\"read-more\"> <a class=\"\" href=\"https:\/\/energiesnet.com\/espanol\/empezo-a-atreverse-el-papa-y-su-cambio-de-rumbo-sobre-las-bendiciones-a-parejas-del-mismo-sexo-jason-horowitz-nytimes\/\"> <span class=\"screen-reader-text\">\u2018Empez\u00f3 a atreverse\u2019: el papa y su cambio de rumbo sobre las bendiciones a parejas del mismo sexo &#8211; Jason Horowitz\/NYTimes<\/span> Leer m\u00e1s &raquo;<\/a><\/p>\n","protected":false},"author":2,"featured_media":19470,"comment_status":"open","ping_status":"open","sticky":false,"template":"","format":"standard","meta":{"_monsterinsights_skip_tracking":false,"_monsterinsights_sitenote_active":false,"_monsterinsights_sitenote_note":"","_monsterinsights_sitenote_category":0,"site-sidebar-layout":"default","site-content-layout":"default","ast-global-header-display":"","ast-main-header-display":"","ast-hfb-above-header-display":"","ast-hfb-below-header-display":"","ast-hfb-mobile-header-display":"","site-post-title":"","ast-breadcrumbs-content":"","ast-featured-img":"","footer-sml-layout":"","theme-transparent-header-meta":"","adv-header-id-meta":"","stick-header-meta":"","header-above-stick-meta":"","header-main-stick-meta":"","header-below-stick-meta":"","footnotes":""},"categories":[74,40],"tags":[2932,2933,234,2931,2934],"class_list":["post-19469","post","type-post","status-publish","format-standard","has-post-thumbnail","hentry","category-opinion-opinion-news-guyana","category-puntos-de-vista","tag-bendicion","tag-doctrina-eglesiasta","tag-papa-francisco","tag-parejas-mismo-sexo","tag-religion-catolica"],"aioseo_notices":[],"_links":{"self":[{"href":"https:\/\/energiesnet.com\/espanol\/wp-json\/wp\/v2\/posts\/19469","targetHints":{"allow":["GET"]}}],"collection":[{"href":"https:\/\/energiesnet.com\/espanol\/wp-json\/wp\/v2\/posts"}],"about":[{"href":"https:\/\/energiesnet.com\/espanol\/wp-json\/wp\/v2\/types\/post"}],"author":[{"embeddable":true,"href":"https:\/\/energiesnet.com\/espanol\/wp-json\/wp\/v2\/users\/2"}],"replies":[{"embeddable":true,"href":"https:\/\/energiesnet.com\/espanol\/wp-json\/wp\/v2\/comments?post=19469"}],"version-history":[{"count":0,"href":"https:\/\/energiesnet.com\/espanol\/wp-json\/wp\/v2\/posts\/19469\/revisions"}],"wp:featuredmedia":[{"embeddable":true,"href":"https:\/\/energiesnet.com\/espanol\/wp-json\/wp\/v2\/media\/19470"}],"wp:attachment":[{"href":"https:\/\/energiesnet.com\/espanol\/wp-json\/wp\/v2\/media?parent=19469"}],"wp:term":[{"taxonomy":"category","embeddable":true,"href":"https:\/\/energiesnet.com\/espanol\/wp-json\/wp\/v2\/categories?post=19469"},{"taxonomy":"post_tag","embeddable":true,"href":"https:\/\/energiesnet.com\/espanol\/wp-json\/wp\/v2\/tags?post=19469"}],"curies":[{"name":"wp","href":"https:\/\/api.w.org\/{rel}","templated":true}]}}