{"id":19473,"date":"2023-12-26T17:26:14","date_gmt":"2023-12-26T21:26:14","guid":{"rendered":"https:\/\/energiesnet.com\/espanol\/?p=19473"},"modified":"2023-12-26T17:26:17","modified_gmt":"2023-12-26T21:26:17","slug":"en-la-argentina-de-milei-el-combustible-cuesta-60-mas-y-los-panales-el-doble-nytimes","status":"publish","type":"post","link":"https:\/\/energiesnet.com\/espanol\/en-la-argentina-de-milei-el-combustible-cuesta-60-mas-y-los-panales-el-doble-nytimes\/","title":{"rendered":"En la Argentina de Milei el combustible cuesta 60% m\u00e1s y los pa\u00f1ales el doble &#8211; NYTimes"},"content":{"rendered":"\n<figure class=\"wp-block-image size-full\"><img fetchpriority=\"high\" decoding=\"async\" width=\"600\" height=\"400\" src=\"https:\/\/energiesnet.com\/espanol\/wp-content\/uploads\/2023\/12\/argentina_buenos_aires_afp.jpg\" alt=\"Marchas en la Plaza de Mayo el mi\u00e9rcoles en Buenos Aires, la primera manifestaci\u00f3n contra el nuevo gobierno del presidente de Argentina, Javier Milei.Credit...Luis Robayo\/Agence France-Presse \u2014 Getty Images\" class=\"wp-image-19474\" srcset=\"https:\/\/energiesnet.com\/espanol\/wp-content\/uploads\/2023\/12\/argentina_buenos_aires_afp.jpg 600w, https:\/\/energiesnet.com\/espanol\/wp-content\/uploads\/2023\/12\/argentina_buenos_aires_afp-300x200.jpg 300w\" sizes=\"(max-width: 600px) 100vw, 600px\" \/><figcaption class=\"wp-element-caption\">El nuevo presidente advirti\u00f3 que las cosas iban a empeorar antes de mejorar. Los argentinos ya viven esa realidad. Marchas en la Plaza de Mayo el mi\u00e9rcoles en Buenos Aires, la primera manifestaci\u00f3n contra el nuevo gobierno del presidente de Argentina, Javier Milei. (Luis Robayo\/AFP)<\/figcaption><\/figure>\n\n\n\n<p>Daniel Politi y Luc\u00eda Cholakian Herrera, NYTimes             <\/p>\n\n\n\n<p>BUENOS AIRES         <br>EnergiesNet.com 26 12 2023     <\/p>\n\n\n\n<p>En las \u00faltimas dos semanas, el due\u00f1o de un bar de vinos de moda en Buenos Aires vio c\u00f3mo el precio de la carne se dispar\u00f3 un 73 por ciento mientras que el zapallito largo o calabac\u00edn que pone en las ensaladas aument\u00f3 el 140 por ciento. Un conductor de Uber pag\u00f3 un 60 por ciento m\u00e1s para llenar el tanque de su auto. Y un padre dijo que hab\u00eda gastado el doble en los pa\u00f1ales de su beb\u00e9 que lo que le hab\u00edan costado el mes pasado.<\/p>\n\n\n\n<p>En Argentina, un pa\u00eds sin\u00f3nimo de inflaci\u00f3n galopante, la gente est\u00e1 acostumbrada a pagar m\u00e1s por casi todo. Pero con el <a href=\"https:\/\/www.nytimes.com\/es\/2023\/11\/19\/espanol\/elecciones-argentina-resultados-milei.html\">nuevo presidente del pa\u00eds<\/a>, la vida se est\u00e1 complicando a\u00fan m\u00e1s r\u00e1pido.<\/p>\n\n\n\n<p>El 19 de noviembre, cuando Javier Milei fue <a href=\"https:\/\/www.nytimes.com\/es\/2023\/11\/20\/espanol\/javier-milei-presidente-argentina.html\">electo presidente<\/a>, el pa\u00eds ya sufr\u00eda la tercera tasa de inflaci\u00f3n m\u00e1s alta del mundo, con precios un 160 por ciento m\u00e1s altos que el a\u00f1o anterior.<\/p>\n\n\n\n<p>Pero desde que el 10 de diciembre Milei asumi\u00f3 la presidencia y <a href=\"https:\/\/www.nytimes.com\/es\/2023\/12\/13\/espanol\/javier-milei-recortes-argentina.html\">muy pronto devaluara el peso argentino<\/a>, los precios han aumentado a un ritmo tan vertiginoso que muchas personas en este pa\u00eds de 46 millones de habitantes est\u00e1n haciendo nuevos c\u00e1lculos para determinar c\u00f3mo hacer que sus negocios u hogares sobrevivan con la crisis econ\u00f3mica m\u00e1s profunda que ya se siente en el pa\u00eds.<\/p>\n\n\n\n<p>\u201cDesde que gan\u00f3 Milei estamos todo el tiempo preocupados, nunca pasamos por algo as\u00ed\u201d, dijo Fernando Gonz\u00e1lez Galli, profesor de filosof\u00eda de 36 a\u00f1os en un bachillerato de Buenos Aires.<\/p>\n\n\n\n<p>Galli ha estado intentando gastar menos sin empeorar la situaci\u00f3n de sus dos hijas, de 6 a\u00f1os y 18 meses. Para ello ha cambiado a una marca m\u00e1s barata de pa\u00f1ales y se apresura a gastar sus pesos argentinos antes de que su valor se desintegre a\u00fan m\u00e1s. \u201cYo cobro y voy a comprar todo lo que puedo\u201d.<\/p>\n\n\n\n<figure class=\"wp-block-image\"><img decoding=\"async\" src=\"https:\/\/static01.nyt.com\/images\/2023\/12\/23\/multimedia\/23argentina-economy-02-mgfq-esp2\/23argentina-economy-02-mgfq-articleLarge.jpg?quality=75&amp;auto=webp&amp;disable=upscale\" alt=\"President Javier Milei, wearing a blue and white sash and holding a cane, waves toward the camera.\"\/><figcaption class=\"wp-element-caption\">Desde que el 10 de diciembre Javier Milei asumi\u00f3 la presidencia y devalu\u00f3 la moneda argentina, los precios aumentaron a un ritmo vertiginoso. (Emiliano Lasalvia\/AFP)<\/figcaption><\/figure>\n\n\n\n<p>Nahuel Carbajo, de 37 a\u00f1os, propietario de Naranjo Bar, un bar de vinos de moda en la capital, dijo que, como la mayor\u00eda de argentinos, se hab\u00eda habituado a los incrementos regulares de precios, pero que esta \u00faltima semana hab\u00eda sido mucho m\u00e1s extrema de lo acostumbrado.<\/p>\n\n\n\n<p>Desde la victoria de Milei, el precio de un corte premium de carne que sirve Carbajo aument\u00f3 un 73 por ciento, a 14.580 pesos, o alrededor de 18 d\u00f3lares por kilo; una caja de zapallitos de cinco kilos pas\u00f3 de 6500 pesos a costar 15.600 y las paltas o aguacates cuestan un 51 por ciento m\u00e1s que a principios de diciembre.<\/p>\n\n\n\n<p>\u201cNo hay manera que los salarios o los ingresos de las personas se adapten con esa velocidad\u201d, dijo Carbajo.<\/p>\n\n\n\n<p>Manuel Adorni, portavoz de Milei, dijo que la inflaci\u00f3n era la consecuencia inevitable de al fin arreglar la econom\u00eda distorsionada de Argentina.<\/p>\n\n\n\n<p>\u201cNos han dejado plagados de bombas y de cuestiones sin resolver, que las tenemos que empezar a resolver\u201d, dijo. \u201cIndefectiblemente, vamos a pasar por meses de alta inflaci\u00f3n\u201d.<\/p>\n\n\n\n<p>Milei advirti\u00f3 a los argentinos que sus planes de reducir el Estado y replantear la econom\u00eda iban a ser dolorosos al inicio. \u201cPrefiero decirles una verdad inc\u00f3moda antes que una mentira confortable\u201d, dijo en su discurso inaugural y la semana pasada a\u00f1adi\u00f3 que quer\u00eda poner fin al \u201cmodelo de la decadencia\u201d.<\/p>\n\n\n\n<p>Durante a\u00f1os, la econom\u00eda de Argentina <a href=\"https:\/\/www.nytimes.com\/es\/2023\/11\/24\/espanol\/argentina-economia-dolarizada-milei.html\">ha estado sumida en las crisis<\/a>, con inflaci\u00f3n cr\u00f3nica, pobreza en aumento y una moneda que se ha desplomado. La agitaci\u00f3n econ\u00f3mica allan\u00f3 el camino a la presidencia de Milei, un advenedizo en la pol\u00edtica que, como economista y comentarista televisivo, pas\u00f3 a\u00f1os fustigando contra los pol\u00edticos que, afirmaba, eran corruptos y hab\u00edan destruido la econom\u00eda, a menudo para beneficiarse personalmente.<\/p>\n\n\n\n<p>En la campa\u00f1a electoral prometi\u00f3 aplicar una motosierra al gasto p\u00fablico y las regulaciones, e incluso en algunos m\u00edtines lleg\u00f3 a usar una.<\/p>\n\n\n\n<p>Tras la victoria de Milei, los precios empezaron a acelerarse como resultado de la expectativa a sus nuevas pol\u00edticas.<\/p>\n\n\n\n<figure class=\"wp-block-image\"><img decoding=\"async\" src=\"https:\/\/static01.nyt.com\/images\/2023\/12\/23\/multimedia\/23argentina-economy-03-mgfq-esp3\/23argentina-economy-03-mgfq-articleLarge.jpg?quality=75&amp;auto=webp&amp;disable=upscale\" alt=\"An older woman hands a younger woman working at a produce store cash.\"\/><figcaption class=\"wp-element-caption\">Compra de frutas y verduras en Buenos Aires. Los argentinos viven con la tercera mayor tasa de inflaci\u00f3n del mundo.(Tomas Cuesta\/Reuters)<\/figcaption><\/figure>\n\n\n\n<p>El gobierno anterior, de izquierda, hab\u00eda empleado varios controles de divisas complicados, subsidios al consumo y otras medidas para inflar el valor oficial del peso y mantener bajos varios precios clave de manera artificial, entre ellos la nafta o gasolina, el transporte y la electricidad.<\/p>\n\n\n\n<p>Milei prometi\u00f3 revertir todo eso y no ha perdido el tiempo.<\/p>\n\n\n\n<p>A los dos d\u00edas de ocupar el cargo, Milei empez\u00f3 a recortar el gasto p\u00fablico, que inclu\u00edan los subsidios al consumo. Tambi\u00e9n devalu\u00f3 el peso un 54 por ciento, lo que puso el tipo de cambio gubernamental mucho m\u00e1s cerca de la valuaci\u00f3n de mercado del peso.<\/p>\n\n\n\n<p>Los economistas indican que dichas medidas eran necesarias para remediar los problemas financieros de largo plazo de Argentina. Pero tambi\u00e9n ocasionaron un tipo de penuria de corto plazo que se tradujo en una inflaci\u00f3n a\u00fan m\u00e1s r\u00e1pida. Algunos analistas han cuestionado la falta de redes de seguridad adecuadas para los argentinos m\u00e1s pobres.<\/p>\n\n\n\n<p>En noviembre los precios aumentaron un 13 por ciento respecto a los de octubre, seg\u00fan datos del gobierno. Los analistas anticipan que los precios aumentar\u00e1n otro 25 al 30 por ciento este mes. Y de ahora a febrero, algunos analistas prev\u00e9n un aumento del 80 por ciento, seg\u00fan Santiago Manoukian, economista y jefe de <em>Research<\/em> en Ecolatina, una firma consultora.<\/p>\n\n\n\n<p>Los pron\u00f3sticos se deben en parte al aumento de los precios de gasolina, que del 7 al 13 de diciembre se incrementaron el 60 por ciento y tienen un efecto en cascada en el resto de la econom\u00eda.<\/p>\n\n\n\n<p>La devaluaci\u00f3n de la moneda ha ocasionado un aumento inmediato de productos importados como el caf\u00e9, los electrodom\u00e9sticos y el combustible debido a que su precio est\u00e1 en d\u00f3lares estadounidenses. Por ejemplo, el d\u00eda despu\u00e9s de la devaluaci\u00f3n, una suscripci\u00f3n mensual de Netflix aument\u00f3 un 60 por ciento, a 6676 pesos, es decir 8,30 d\u00f3lares. Tambi\u00e9n motiv\u00f3 a algunos productores nacionales, entre ellos agricultores y ganaderos, a elevar los precios para ajustarlos al aumento de sus propios costos.<\/p>\n\n\n\n<p>Con una inflaci\u00f3n cr\u00f3nicamente elevada, los sindicatos negocian a menudo aumentos salariales para intentar estar al d\u00eda, sin embargo, con frecuencia esos aumentos acaban ahogados por las fuertes subidas de precios. Y los trabajadores informales, entre los que se encuentran las ni\u00f1eras y los vendedores ambulantes, que constituyen la mitad de la econom\u00eda, tampoco reciben esos aumentos.<\/p>\n\n\n\n<figure class=\"wp-block-image\"><img decoding=\"async\" src=\"https:\/\/static01.nyt.com\/images\/2023\/12\/23\/multimedia\/23argentina-economy-04-mgfq-esp4\/23argentina-economy-04-mgfq-articleLarge.jpg?quality=75&amp;auto=webp&amp;disable=upscale\" alt=\"An older woman sitting outside a clothing store. Models are in the window behind her.\"\/><figcaption class=\"wp-element-caption\">Aparador de una tienda de ropa en Buenos Aires este mes. En noviembre, los precios aumentaron el 13 por ciento respecto a octubre y los analistas pronostican que los precios aumentar\u00e1n otro 25 al 30 por ciento este mes. (Luis Robayo\/AFP)<\/figcaption><\/figure>\n\n\n\n<p>Milei lanz\u00f3 el mi\u00e9rcoles sus siguientes grandes medidas para replantear al Estado y la econom\u00eda con un decreto de emergencia que reduce de manera significativa el papel estatal en la econom\u00eda y elimina un mont\u00f3n de regulaciones.<\/p>\n\n\n\n<p>La medida proh\u00edbe al Estado regular el mercado de alquileres de bienes ra\u00edces y establecer l\u00edmites a los cargos que pueden realizar los bancos y aseguradoras a sus clientes; cambia las leyes laborales para que sea m\u00e1s f\u00e1cil desocupar trabajadores y establece l\u00edmites a las huelgas; tambi\u00e9n convierte las empresas del Estado en corporaciones susceptibles de privatizaci\u00f3n.<\/p>\n\n\n\n<p>Muchos analistas legales cuestionaron de inmediato la constitucionalidad del decreto e indicaron que Milei intentaba subvertir al Congreso.<\/p>\n\n\n\n<p>Luego del discurso, gente de todo Buenos Aires, como Jesusa Orfelia Peralta, retirada de 73 a\u00f1os, sali\u00f3 a la calle en un cacerolazo para mostrar su descontento.<\/p>\n\n\n\n<p>Le preocupaba que los aumentos de precios ocasionaran que el cuidado de la salud fuera demasiado costoso para ella y su marido. A pesar de varios problemas de columna, dijo que no dud\u00f3 en salir a la calle con su andadera para expresar su molestia en p\u00fablico. \u201c\u00bfD\u00f3nde m\u00e1s voy a estar?\u201d, dijo.<\/p>\n\n\n\n<figure class=\"wp-block-image\"><img decoding=\"async\" src=\"https:\/\/static01.nyt.com\/images\/2023\/12\/23\/multimedia\/23argentina-economy-05-mgfq-esp5\/23argentina-economy-05-mgfq-articleLarge.jpg?quality=75&amp;auto=webp&amp;disable=upscale\" alt=\"A large crowd of people at night. One person is holding the flag of Argentina.\"\/><figcaption class=\"wp-element-caption\">Una protesta contra las medidas de austeridad de Milei en Buenos Aires el mi\u00e9rcoles (Luis Robayo\/AFP)<\/figcaption><\/figure>\n\n\n\n<p>Milei ha intentado desincentivar las protestas al amenazar con cancelar los planes de bienestar y multar a quien participe en protestas que obstaculicen las calles. Grupos de derechos humanos han criticado ampliamente este tipo de pol\u00edticas por restringir el derecho a la protesta pac\u00edfica.<\/p>\n\n\n\n<p>Por ahora, la mayor\u00eda de los argentinos intentan averiguar c\u00f3mo hacer rendir el dinero en un ambiente que da la sensaci\u00f3n de ser un curso dif\u00edcil de econom\u00eda y una carrera fren\u00e9tica para comprar antes de que vuelvan a subir los precios.<\/p>\n\n\n\n<p>\u201cYo siempre digo que estamos en la universidad y todos los d\u00edas damos un examen dif\u00edcil, cada cinco minutos\u201d, dijo Roberto Nicol\u00e1s Orme\u00f1o, uno de los due\u00f1os de El Gauchito, un peque\u00f1o negocio de empanadas en el centro de Buenos Aires.<\/p>\n\n\n\n<p>Orme\u00f1o dijo que hab\u00eda estado escudri\u00f1ando en el mercado en busca de sus ingredientes y que casi cada semana cambiaba de proveedores, ya fuera porque los precios aumentaban demasiado o le ofrec\u00edan mercanc\u00edas de menos calidad.<\/p>\n\n\n\n<p>Intenta que sus clientes absorban demasiado del aumento de precios, dijo, aunque no sabe cu\u00e1nto tiempo podr\u00e1 sostenerlo. \u201cHay clientes que llevaban dos docenas, ahora llevan una docena\u201d, dijo.<\/p>\n\n\n\n<p>Marisol del Valle Cardozo, quien tiene una hija de 3 a\u00f1os, ha estado ajust\u00e1ndose el cintur\u00f3n para que le alcance, compra marcas m\u00e1s baratas y sale menos. \u201cTrato de bajar el tema del consumo del aire acondicionado, el tema de salidas\u201d, coment\u00f3. \u201cPr\u00e1cticamente por ah\u00ed una vez por mes salgo. Antes sal\u00eda cuatro, ahora salgo una\u201d.<\/p>\n\n\n\n<p>Cardozo, quien trabaja para un departamento de polic\u00eda fuera de Buenos Aires, dijo que este a\u00f1o le aumentaron el sueldo, pero que ya no le alcanza. Tambi\u00e9n conduce un Uber, pero dijo que los aumentos de tarifas no est\u00e1n al nivel de los precios de combustible.<\/p>\n\n\n\n<p>A pesar de los desaf\u00edos, Cardozo expres\u00f3 que segu\u00eda apoyando a Milei y que esperaba que sus pol\u00edticas funcionaran.<\/p>\n\n\n\n<p>\u201cYo creo que viv\u00edamos antes en una fantas\u00eda\u201d, dijo refiri\u00e9ndose a los precios del combustible antes del aumento reciente. \u201cY si es necesario estos ajustes para poder salir adelante, me parece bien\u201d.<\/p>\n\n\n\n<figure class=\"wp-block-image\"><img decoding=\"async\" src=\"https:\/\/static01.nyt.com\/images\/2023\/12\/23\/multimedia\/23argentina-economy-06-mgfq-esp6\/23argentina-economy-06-mgfq-articleLarge.jpg?quality=75&amp;auto=webp&amp;disable=upscale\" alt=\"Protesters outside at night. A red flare has been lit.\"\/><figcaption class=\"wp-element-caption\">Manifestantes frente al Congreso de la Naci\u00f3n en Buenos Aires el jueves (Luis Robayo\/AFP)<\/figcaption><\/figure>\n\n\n\n<p>Jack Nicas colabor\u00f3 con reporter\u00eda desde R\u00edo de Janeiro.<\/p>\n\n\n\n<p>nytimes.com 23 12 2023<\/p>\n","protected":false},"excerpt":{"rendered":"<p>Daniel Politi y Luc\u00eda Cholakian Herrera, NYTimes BUENOS AIRES EnergiesNet.com 26 12 2023 En las \u00faltimas dos semanas, el due\u00f1o de un bar de vinos de moda en Buenos Aires vio c\u00f3mo el precio de la carne se dispar\u00f3 un 73 por ciento mientras que el zapallito largo o calabac\u00edn que pone en las ensaladas &hellip;<\/p>\n<p class=\"read-more\"> <a class=\"\" href=\"https:\/\/energiesnet.com\/espanol\/en-la-argentina-de-milei-el-combustible-cuesta-60-mas-y-los-panales-el-doble-nytimes\/\"> <span class=\"screen-reader-text\">En la Argentina de Milei el combustible cuesta 60% m\u00e1s y los pa\u00f1ales el doble &#8211; NYTimes<\/span> Leer m\u00e1s &raquo;<\/a><\/p>\n","protected":false},"author":2,"featured_media":19474,"comment_status":"open","ping_status":"open","sticky":false,"template":"","format":"standard","meta":{"_monsterinsights_skip_tracking":false,"_monsterinsights_sitenote_active":false,"_monsterinsights_sitenote_note":"","_monsterinsights_sitenote_category":0,"site-sidebar-layout":"default","site-content-layout":"default","ast-global-header-display":"","ast-main-header-display":"","ast-hfb-above-header-display":"","ast-hfb-below-header-display":"","ast-hfb-mobile-header-display":"","site-post-title":"","ast-breadcrumbs-content":"","ast-featured-img":"","footer-sml-layout":"","theme-transparent-header-meta":"","adv-header-id-meta":"","stick-header-meta":"","header-above-stick-meta":"","header-main-stick-meta":"","header-below-stick-meta":"","footnotes":""},"categories":[45],"tags":[262,968,144,901,1649,2935],"class_list":["post-19473","post","type-post","status-publish","format-standard","has-post-thumbnail","hentry","category-noticias-diarias","tag-argentina","tag-combustible","tag-economia","tag-inflacion","tag-javier-milei","tag-medidas"],"aioseo_notices":[],"_links":{"self":[{"href":"https:\/\/energiesnet.com\/espanol\/wp-json\/wp\/v2\/posts\/19473","targetHints":{"allow":["GET"]}}],"collection":[{"href":"https:\/\/energiesnet.com\/espanol\/wp-json\/wp\/v2\/posts"}],"about":[{"href":"https:\/\/energiesnet.com\/espanol\/wp-json\/wp\/v2\/types\/post"}],"author":[{"embeddable":true,"href":"https:\/\/energiesnet.com\/espanol\/wp-json\/wp\/v2\/users\/2"}],"replies":[{"embeddable":true,"href":"https:\/\/energiesnet.com\/espanol\/wp-json\/wp\/v2\/comments?post=19473"}],"version-history":[{"count":0,"href":"https:\/\/energiesnet.com\/espanol\/wp-json\/wp\/v2\/posts\/19473\/revisions"}],"wp:featuredmedia":[{"embeddable":true,"href":"https:\/\/energiesnet.com\/espanol\/wp-json\/wp\/v2\/media\/19474"}],"wp:attachment":[{"href":"https:\/\/energiesnet.com\/espanol\/wp-json\/wp\/v2\/media?parent=19473"}],"wp:term":[{"taxonomy":"category","embeddable":true,"href":"https:\/\/energiesnet.com\/espanol\/wp-json\/wp\/v2\/categories?post=19473"},{"taxonomy":"post_tag","embeddable":true,"href":"https:\/\/energiesnet.com\/espanol\/wp-json\/wp\/v2\/tags?post=19473"}],"curies":[{"name":"wp","href":"https:\/\/api.w.org\/{rel}","templated":true}]}}