{"id":19483,"date":"2023-12-27T06:19:56","date_gmt":"2023-12-27T10:19:56","guid":{"rendered":"https:\/\/energiesnet.com\/espanol\/?p=19483"},"modified":"2023-12-27T06:21:11","modified_gmt":"2023-12-27T10:21:11","slug":"colombia-autoriza-a-indigenas-y-minorias-a-asociarse-con-empresas-de-energias-renovables-reuters","status":"publish","type":"post","link":"https:\/\/energiesnet.com\/espanol\/colombia-autoriza-a-indigenas-y-minorias-a-asociarse-con-empresas-de-energias-renovables-reuters\/","title":{"rendered":"Colombia autoriza a ind\u00edgenas y minor\u00edas a asociarse con empresas de energ\u00edas renovables &#8211; Reuters"},"content":{"rendered":"\n<figure class=\"wp-block-image size-full\"><img fetchpriority=\"high\" decoding=\"async\" width=\"600\" height=\"400\" src=\"https:\/\/energiesnet.com\/espanol\/wp-content\/uploads\/2023\/12\/colombian_indigenas_renovables-Kurt-Hollander.jpg\" alt=\"En las comunidades ind\u00edgenas wayuu de la provincia costera de La Guajira, est\u00e1n previstos muchos de los proyecto. (Kurt Hollander)\" class=\"wp-image-19484\" srcset=\"https:\/\/energiesnet.com\/espanol\/wp-content\/uploads\/2023\/12\/colombian_indigenas_renovables-Kurt-Hollander.jpg 600w, https:\/\/energiesnet.com\/espanol\/wp-content\/uploads\/2023\/12\/colombian_indigenas_renovables-Kurt-Hollander-300x200.jpg 300w\" sizes=\"(max-width: 600px) 100vw, 600px\" \/><figcaption class=\"wp-element-caption\">En las comunidades ind\u00edgenas wayuu de la provincia costera de La Guajira, est\u00e1n previstos muchos de los proyectos. (Kurt Hollander)<\/figcaption><\/figure>\n\n\n\n<p>Nelson Bocanegra, Reuters        <\/p>\n\n\n\n<p>BOGOT\u00c1        <br>EnergiesNet.com 27 12 2023     <\/p>\n\n\n\n<p>Colombia permitir\u00e1 a comunidades ind\u00edgenas, rurales y de otras minor\u00edas formar proyectos de generaci\u00f3n y comercializaci\u00f3n de energ\u00edas renovables y desarrollar empresas conjuntas con compa\u00f1\u00edas privadas o del sector p\u00fablico, dijo el Ministerio de Energ\u00eda.<\/p>\n\n\n\n<p>El presidente izquierdista Gustavo Petro ha prometido alejar a Colombia de la producci\u00f3n de petr\u00f3leo y carb\u00f3n y orientarla hacia energ\u00edas renovables como la solar y la e\u00f3lica, pero los retrasos en la concesi\u00f3n de licencias medioambientales y la decidida oposici\u00f3n de algunas comunidades ind\u00edgenas wayuu de la provincia costera de La Guajira, donde est\u00e1n previstos muchos de los proyectos, han obstaculizado el desarrollo.<\/p>\n\n\n\n<p>Alrededor del 70% de la energ\u00eda de Colombia procede de proyectos hidroel\u00e9ctricos, y menos del 1% de otras energ\u00edas renovables. El petr\u00f3leo y el carb\u00f3n son sus principales exportaciones.<\/p>\n\n\n\n<p>Los grupos que participan en los proyectos pueden generar energ\u00eda utilizando energ\u00edas renovables o combustibles renovables, seg\u00fan un decreto firmado el viernes pero compartido por el ministerio el martes.<\/p>\n\n\n\n<p>\u00abLas comunidades energ\u00e9ticas o asociaciones de comunidades energ\u00e9ticas podr\u00e1n asociarse con terceros del sector p\u00fablico, privado o comunitario\u00bb, dice el decreto.<\/p>\n\n\n\n<p>Los grupos elegibles incluyen a los agricultores rurales y las comunidades ind\u00edgenas y afrocolombianas, agreg\u00f3, y las comunidades deben primero tratar de satisfacer sus propias necesidades de energ\u00eda con los proyectos.<\/p>\n\n\n\n<p>Si generan m\u00e1s de lo que necesitan para s\u00ed mismos, los grupos pueden abastecer a la red nacional o exportar la energ\u00eda.<\/p>\n\n\n\n<p>M\u00e1s de 50 posibles proyectos e\u00f3licos y solares han sido anunciados en Colombia desde 2019, con una generaci\u00f3n prevista de unos 2,43 gigavatios en energ\u00eda e\u00f3lica y 0,1 gigavatios en solar. Ninguno est\u00e1 a\u00fan en funcionamiento.<\/p>\n\n\n\n<p>Algunas empresas -incluida la italiana Enel (ENEI.MI)- han retrasado indefinidamente los proyectos, culpando a las protestas locales de obstaculizar miles de millones en inversiones.<\/p>\n\n\n\n<p>El pa\u00eds ha lanzado este mes su primera ronda de licitaciones para concesiones de energ\u00eda e\u00f3lica marina.<\/p>\n\n\n\n<p>Reporte de Nelson Bocanegra; Redacci\u00f3n de Julia Symmes Cobb y Alistair Bell. Traducci\u00f3n  por Elio Ohep, Editor EnergiesNet<\/p>\n\n\n\n<p>reuters.com 26 12 2023<\/p>\n","protected":false},"excerpt":{"rendered":"<p>Nelson Bocanegra, Reuters BOGOT\u00c1 EnergiesNet.com 27 12 2023 Colombia permitir\u00e1 a comunidades ind\u00edgenas, rurales y de otras minor\u00edas formar proyectos de generaci\u00f3n y comercializaci\u00f3n de energ\u00edas renovables y desarrollar empresas conjuntas con compa\u00f1\u00edas privadas o del sector p\u00fablico, dijo el Ministerio de Energ\u00eda. El presidente izquierdista Gustavo Petro ha prometido alejar a Colombia de la &hellip;<\/p>\n<p class=\"read-more\"> <a class=\"\" href=\"https:\/\/energiesnet.com\/espanol\/colombia-autoriza-a-indigenas-y-minorias-a-asociarse-con-empresas-de-energias-renovables-reuters\/\"> <span class=\"screen-reader-text\">Colombia autoriza a ind\u00edgenas y minor\u00edas a asociarse con empresas de energ\u00edas renovables &#8211; Reuters<\/span> Leer m\u00e1s &raquo;<\/a><\/p>\n","protected":false},"author":2,"featured_media":19484,"comment_status":"open","ping_status":"open","sticky":false,"template":"","format":"standard","meta":{"_monsterinsights_skip_tracking":false,"_monsterinsights_sitenote_active":false,"_monsterinsights_sitenote_note":"","_monsterinsights_sitenote_category":0,"site-sidebar-layout":"default","site-content-layout":"default","ast-global-header-display":"","ast-main-header-display":"","ast-hfb-above-header-display":"","ast-hfb-below-header-display":"","ast-hfb-mobile-header-display":"","site-post-title":"","ast-breadcrumbs-content":"","ast-featured-img":"","footer-sml-layout":"","theme-transparent-header-meta":"","adv-header-id-meta":"","stick-header-meta":"","header-above-stick-meta":"","header-main-stick-meta":"","header-below-stick-meta":"","footnotes":""},"categories":[30],"tags":[209,1693,225,259,1292,113],"class_list":["post-19483","post","type-post","status-publish","format-standard","has-post-thumbnail","hentry","category-top-news","tag-colombia","tag-guajira","tag-indigenas","tag-petro","tag-proyectos","tag-renovables"],"aioseo_notices":[],"_links":{"self":[{"href":"https:\/\/energiesnet.com\/espanol\/wp-json\/wp\/v2\/posts\/19483","targetHints":{"allow":["GET"]}}],"collection":[{"href":"https:\/\/energiesnet.com\/espanol\/wp-json\/wp\/v2\/posts"}],"about":[{"href":"https:\/\/energiesnet.com\/espanol\/wp-json\/wp\/v2\/types\/post"}],"author":[{"embeddable":true,"href":"https:\/\/energiesnet.com\/espanol\/wp-json\/wp\/v2\/users\/2"}],"replies":[{"embeddable":true,"href":"https:\/\/energiesnet.com\/espanol\/wp-json\/wp\/v2\/comments?post=19483"}],"version-history":[{"count":0,"href":"https:\/\/energiesnet.com\/espanol\/wp-json\/wp\/v2\/posts\/19483\/revisions"}],"wp:featuredmedia":[{"embeddable":true,"href":"https:\/\/energiesnet.com\/espanol\/wp-json\/wp\/v2\/media\/19484"}],"wp:attachment":[{"href":"https:\/\/energiesnet.com\/espanol\/wp-json\/wp\/v2\/media?parent=19483"}],"wp:term":[{"taxonomy":"category","embeddable":true,"href":"https:\/\/energiesnet.com\/espanol\/wp-json\/wp\/v2\/categories?post=19483"},{"taxonomy":"post_tag","embeddable":true,"href":"https:\/\/energiesnet.com\/espanol\/wp-json\/wp\/v2\/tags?post=19483"}],"curies":[{"name":"wp","href":"https:\/\/api.w.org\/{rel}","templated":true}]}}