{"id":19494,"date":"2023-12-28T11:49:08","date_gmt":"2023-12-28T15:49:08","guid":{"rendered":"https:\/\/energiesnet.com\/espanol\/?p=19494"},"modified":"2023-12-28T11:49:10","modified_gmt":"2023-12-28T15:49:10","slug":"en-situacion-de-emergencia-petrolero-president-sera-llevado-a-tierra-despues-de-fondearse-en-pampatar-hace-2-anos-en","status":"publish","type":"post","link":"https:\/\/energiesnet.com\/espanol\/en-situacion-de-emergencia-petrolero-president-sera-llevado-a-tierra-despues-de-fondearse-en-pampatar-hace-2-anos-en\/","title":{"rendered":"En \u00abSituaci\u00f3n de Emergencia petrolero President\u00bb, ser\u00e1 llevado a tierra despues de fondearse en Pampatar hace 2 a\u00f1os \u2013 EN"},"content":{"rendered":"\n<figure class=\"wp-block-image size-full\"><img fetchpriority=\"high\" decoding=\"async\" width=\"600\" height=\"400\" src=\"https:\/\/energiesnet.com\/espanol\/wp-content\/uploads\/2023\/12\/buque_president_pampatar_dic_2023-Arturo_Zea.jpg\" alt=\"\" class=\"wp-image-19495\" srcset=\"https:\/\/energiesnet.com\/espanol\/wp-content\/uploads\/2023\/12\/buque_president_pampatar_dic_2023-Arturo_Zea.jpg 600w, https:\/\/energiesnet.com\/espanol\/wp-content\/uploads\/2023\/12\/buque_president_pampatar_dic_2023-Arturo_Zea-300x200.jpg 300w\" sizes=\"(max-width: 600px) 100vw, 600px\" \/><figcaption class=\"wp-element-caption\">Petrolero buque\/tanque \u201cPresident\u201d ser\u00e1 llevado a tierra despu\u00e9s de 2 a\u00f1os frente a costas de Pampatar. El buque President fondeado enfrente a la Bah\u00eda de Pampatar, Isla de Margarita, diciembre 2023 (Arturo Zea)<\/figcaption><\/figure>\n\n\n\n<p>EnergiesNet News   <br><br>CARACAS         <br>EnergiesNet.com 28 12 2023      <\/p>\n\n\n\n<p>El buque tanque petrolero \u00abPresidente\u00bb IMO 8410665 registrado con bandera paname\u00f1a y navegando bajo pandera desconocida, fondeado hace casi dos a\u00f1os enfrente a la bah\u00eda de Pampatar, fue declarado en emergencia por la autoridad mar\u00edtima ENEA y la Capitan\u00eda del Puerto de Pampatar, debido al estado de deterioro en que se encuentra y el cual presenta un grave riesgo riesgo ambiental.<\/p>\n\n\n\n<figure class=\"wp-block-image size-full is-resized\"><img decoding=\"async\" width=\"860\" height=\"487\" src=\"https:\/\/energiesnet.com\/espanol\/wp-content\/uploads\/2023\/12\/bajolalupainfo_409182991_656132916724607_5423848643277906840_n-860x487-1.webp\" alt=\"\" class=\"wp-image-19496\" style=\"aspect-ratio:1.7659137577002053;width:599px;height:auto\" srcset=\"https:\/\/energiesnet.com\/espanol\/wp-content\/uploads\/2023\/12\/bajolalupainfo_409182991_656132916724607_5423848643277906840_n-860x487-1.webp 860w, https:\/\/energiesnet.com\/espanol\/wp-content\/uploads\/2023\/12\/bajolalupainfo_409182991_656132916724607_5423848643277906840_n-860x487-1-300x170.webp 300w, https:\/\/energiesnet.com\/espanol\/wp-content\/uploads\/2023\/12\/bajolalupainfo_409182991_656132916724607_5423848643277906840_n-860x487-1-768x435.webp 768w\" sizes=\"(max-width: 860px) 100vw, 860px\" \/><figcaption class=\"wp-element-caption\">El buque tanquero petrolero \u00abPresidente\u00bb IMO 8410665, fondeado hace dos a\u00f1os enfrente a la bah\u00eda de Pampatar. (Redes sociales)<\/figcaption><\/figure>\n\n\n\n<p>Las autoridades atendiendo un llamado de la C\u00e1mara Municipal de Maneiro donde se ped\u00eda informaci\u00f3n sobre el buque, realizo una extensiva inspecci\u00f3n del mismo, donde se determin\u00f3 que el buque no cumple con las condiciones m\u00ednimas de seguridad mar\u00edtima y presenta alto riesgo de contaminaci\u00f3n.<\/p>\n\n\n\n<p>El buque est\u00e1 muy deteriorado y mal mantenido, es de alto impacto ambiental, dijo a EnergiesNet el Capit\u00e1n de Altura Arturo R. Zea, quien vio el buque en la bah\u00eda de Pampatar<\/p>\n\n\n\n<figure class=\"wp-block-image size-full is-resized\"><img decoding=\"async\" width=\"1024\" height=\"579\" src=\"https:\/\/energiesnet.com\/espanol\/wp-content\/uploads\/2023\/12\/bajolalupainfo_408453533_1827924174327413_6947839608502590418_n-1024x579-1-1.webp\" alt=\"\" class=\"wp-image-19498\" style=\"aspect-ratio:1.768566493955095;width:603px;height:auto\" srcset=\"https:\/\/energiesnet.com\/espanol\/wp-content\/uploads\/2023\/12\/bajolalupainfo_408453533_1827924174327413_6947839608502590418_n-1024x579-1-1.webp 1024w, https:\/\/energiesnet.com\/espanol\/wp-content\/uploads\/2023\/12\/bajolalupainfo_408453533_1827924174327413_6947839608502590418_n-1024x579-1-1-300x170.webp 300w, https:\/\/energiesnet.com\/espanol\/wp-content\/uploads\/2023\/12\/bajolalupainfo_408453533_1827924174327413_6947839608502590418_n-1024x579-1-1-768x434.webp 768w\" sizes=\"(max-width: 1024px) 100vw, 1024px\" \/><figcaption class=\"wp-element-caption\">Cubierta del buque President (Redes Sociales)<\/figcaption><\/figure>\n\n\n\n<p>Con el fin de minimizar los riesgos durante el traslado a tierra, se tomaran las medidas para garantizar la seguridad y protecci\u00f3n del entorno mar\u00edtimo durante la operaci\u00f3n que ser\u00e1 coordinada por La Capitan\u00eda de Puerto y el INEA, en colaboraci\u00f3n con otros organismos competentes en la materia tales como, la Comandancia de Guarda Costa, Miinec , el \u00a0Servicio de Bienes Recuperados, CAMIMPEG, SEBIN, DGCIM y la Polic\u00eda Mar\u00edtima.<\/p>\n\n\n\n<figure class=\"wp-block-image size-full is-resized\"><img loading=\"lazy\" decoding=\"async\" width=\"1024\" height=\"579\" src=\"https:\/\/energiesnet.com\/espanol\/wp-content\/uploads\/2023\/12\/bajolalupainfo_408803205_1764403214079518_1651616604251101458_n-1024x579-1.webp\" alt=\"\" class=\"wp-image-19499\" style=\"aspect-ratio:1.768566493955095;width:622px;height:auto\" srcset=\"https:\/\/energiesnet.com\/espanol\/wp-content\/uploads\/2023\/12\/bajolalupainfo_408803205_1764403214079518_1651616604251101458_n-1024x579-1.webp 1024w, https:\/\/energiesnet.com\/espanol\/wp-content\/uploads\/2023\/12\/bajolalupainfo_408803205_1764403214079518_1651616604251101458_n-1024x579-1-300x170.webp 300w, https:\/\/energiesnet.com\/espanol\/wp-content\/uploads\/2023\/12\/bajolalupainfo_408803205_1764403214079518_1651616604251101458_n-1024x579-1-768x434.webp 768w\" sizes=\"(max-width: 1024px) 100vw, 1024px\" \/><figcaption class=\"wp-element-caption\">B\/T President (Redes Sociales)<\/figcaption><\/figure>\n\n\n\n<p>El INEA manifest\u00f3 que se implementar\u00e1n medidas de contingencia de manera inmediata para evitar cualquier riesgo o da\u00f1o ambiental. Esto incluye un respaldo de embarcaciones auxiliares del estado, disponibles para brindar apoyo en caso de ser necesario.<\/p>\n\n\n\n<p>Es importante destacar la importancia de esta acci\u00f3n para preservar el entorno mar\u00edtimo y garantizar la seguridad de las personas que transitan por estas aguas. Seg\u00fan informaci\u00f3n de la Patilla el President est\u00e1 cargado con Fueloil y esta carga representa una gravedad en caso de que ocurra alg\u00fan incidente en el traslado.<\/p>\n\n\n\n<figure class=\"wp-block-image size-full is-resized\"><img loading=\"lazy\" decoding=\"async\" width=\"640\" height=\"388\" src=\"https:\/\/energiesnet.com\/espanol\/wp-content\/uploads\/2023\/12\/image-70.png\" alt=\"\" class=\"wp-image-19501\" style=\"aspect-ratio:1.6494845360824741;width:614px;height:auto\" srcset=\"https:\/\/energiesnet.com\/espanol\/wp-content\/uploads\/2023\/12\/image-70.png 640w, https:\/\/energiesnet.com\/espanol\/wp-content\/uploads\/2023\/12\/image-70-300x182.png 300w\" sizes=\"(max-width: 640px) 100vw, 640px\" \/><figcaption class=\"wp-element-caption\">Las condiciones de deterioro son una amenaza ambiental para las costas margarite\u00f1as.(Redes sociales)<\/figcaption><\/figure>\n\n\n\n<p>El abandono del buque \u201cPresident\u201d pone en riesgo no solo el medio ambiente, sino tambi\u00e9n a la comunidad de pescadores del sector quienes se mantienen diariamente realizando sus faenas pesqueras.<\/p>\n\n\n\n<p>El tanquero \u201cPresident\u201d est\u00e1 fondeado frente a la bah\u00eda de Pampatar en isla Margarita, desde el 22 de julio de 2022, seg\u00fan el registro su capacidad de es de 4792 t DWT (Peso muerto) y un tonelaje grueso de 3159 ton., fue construido como tanquero de productos petroleros en 1985 (hace 38 a\u00f1os).<\/p>\n\n\n\n<figure class=\"wp-block-image size-full is-resized\"><img loading=\"lazy\" decoding=\"async\" width=\"797\" height=\"455\" src=\"https:\/\/energiesnet.com\/espanol\/wp-content\/uploads\/2023\/12\/image-69.png\" alt=\"\" class=\"wp-image-19500\" style=\"aspect-ratio:1.7516483516483516;width:641px;height:auto\" srcset=\"https:\/\/energiesnet.com\/espanol\/wp-content\/uploads\/2023\/12\/image-69.png 797w, https:\/\/energiesnet.com\/espanol\/wp-content\/uploads\/2023\/12\/image-69-300x171.png 300w, https:\/\/energiesnet.com\/espanol\/wp-content\/uploads\/2023\/12\/image-69-768x438.png 768w\" sizes=\"(max-width: 797px) 100vw, 797px\" \/><figcaption class=\"wp-element-caption\">B\/T President IMO 8410665 cuando navegaba bajo el nombre de Nordic Bay, en Crist\u00f3bal, Panam\u00e1, en el 2012 (Captain Johan\/Shipspotting )<\/figcaption><\/figure>\n\n\n\n<p>Fuentes: La Patilla, Reporte Confidencial, INEA, Capitan\u00eda de Puerto, Alcad\u00eda de Maneiro, D. Bottome, Arturo R. Zea, Shipspotting .<\/p>\n\n\n\n<p>EnergiesNet.com 28 12 2023<\/p>\n\n\n\n<p>.<\/p>\n","protected":false},"excerpt":{"rendered":"<p>EnergiesNet News CARACAS EnergiesNet.com 28 12 2023 El buque tanque petrolero \u00abPresidente\u00bb IMO 8410665 registrado con bandera paname\u00f1a y navegando bajo pandera desconocida, fondeado hace casi dos a\u00f1os enfrente a la bah\u00eda de Pampatar, fue declarado en emergencia por la autoridad mar\u00edtima ENEA y la Capitan\u00eda del Puerto de Pampatar, debido al estado de deterioro &hellip;<\/p>\n<p class=\"read-more\"> <a class=\"\" href=\"https:\/\/energiesnet.com\/espanol\/en-situacion-de-emergencia-petrolero-president-sera-llevado-a-tierra-despues-de-fondearse-en-pampatar-hace-2-anos-en\/\"> <span class=\"screen-reader-text\">En \u00abSituaci\u00f3n de Emergencia petrolero President\u00bb, ser\u00e1 llevado a tierra despues de fondearse en Pampatar hace 2 a\u00f1os \u2013 EN<\/span> Leer m\u00e1s &raquo;<\/a><\/p>\n","protected":false},"author":2,"featured_media":19495,"comment_status":"open","ping_status":"open","sticky":false,"template":"","format":"standard","meta":{"_monsterinsights_skip_tracking":false,"_monsterinsights_sitenote_active":false,"_monsterinsights_sitenote_note":"","_monsterinsights_sitenote_category":0,"site-sidebar-layout":"default","site-content-layout":"default","ast-global-header-display":"","ast-main-header-display":"","ast-hfb-above-header-display":"","ast-hfb-below-header-display":"","ast-hfb-mobile-header-display":"","site-post-title":"","ast-breadcrumbs-content":"","ast-featured-img":"","footer-sml-layout":"","theme-transparent-header-meta":"","adv-header-id-meta":"","stick-header-meta":"","header-above-stick-meta":"","header-main-stick-meta":"","header-below-stick-meta":"","footnotes":""},"categories":[30],"tags":[2947,2946],"class_list":["post-19494","post","type-post","status-publish","format-standard","has-post-thumbnail","hentry","category-top-news","tag-bahia-de-pampatar","tag-buque-tanquero-president"],"aioseo_notices":[],"_links":{"self":[{"href":"https:\/\/energiesnet.com\/espanol\/wp-json\/wp\/v2\/posts\/19494","targetHints":{"allow":["GET"]}}],"collection":[{"href":"https:\/\/energiesnet.com\/espanol\/wp-json\/wp\/v2\/posts"}],"about":[{"href":"https:\/\/energiesnet.com\/espanol\/wp-json\/wp\/v2\/types\/post"}],"author":[{"embeddable":true,"href":"https:\/\/energiesnet.com\/espanol\/wp-json\/wp\/v2\/users\/2"}],"replies":[{"embeddable":true,"href":"https:\/\/energiesnet.com\/espanol\/wp-json\/wp\/v2\/comments?post=19494"}],"version-history":[{"count":0,"href":"https:\/\/energiesnet.com\/espanol\/wp-json\/wp\/v2\/posts\/19494\/revisions"}],"wp:featuredmedia":[{"embeddable":true,"href":"https:\/\/energiesnet.com\/espanol\/wp-json\/wp\/v2\/media\/19495"}],"wp:attachment":[{"href":"https:\/\/energiesnet.com\/espanol\/wp-json\/wp\/v2\/media?parent=19494"}],"wp:term":[{"taxonomy":"category","embeddable":true,"href":"https:\/\/energiesnet.com\/espanol\/wp-json\/wp\/v2\/categories?post=19494"},{"taxonomy":"post_tag","embeddable":true,"href":"https:\/\/energiesnet.com\/espanol\/wp-json\/wp\/v2\/tags?post=19494"}],"curies":[{"name":"wp","href":"https:\/\/api.w.org\/{rel}","templated":true}]}}