{"id":19587,"date":"2024-01-02T11:47:52","date_gmt":"2024-01-02T15:47:52","guid":{"rendered":"https:\/\/energiesnet.com\/espanol\/?p=19587"},"modified":"2024-01-02T11:47:55","modified_gmt":"2024-01-02T15:47:55","slug":"el-papa-expresa-su-profunda-preocupacion-por-nicaragua-vatican-news","status":"publish","type":"post","link":"https:\/\/energiesnet.com\/espanol\/el-papa-expresa-su-profunda-preocupacion-por-nicaragua-vatican-news\/","title":{"rendered":"El Papa expresa su profunda preocupaci\u00f3n por Nicaragua &#8211; Vatican News"},"content":{"rendered":"\n<figure class=\"wp-block-image size-full\"><img fetchpriority=\"high\" decoding=\"async\" width=\"600\" height=\"400\" src=\"https:\/\/energiesnet.com\/espanol\/wp-content\/uploads\/2024\/01\/pope_franciscoprey-vaticanews.jpg\" alt=\"\" class=\"wp-image-19588\" srcset=\"https:\/\/energiesnet.com\/espanol\/wp-content\/uploads\/2024\/01\/pope_franciscoprey-vaticanews.jpg 600w, https:\/\/energiesnet.com\/espanol\/wp-content\/uploads\/2024\/01\/pope_franciscoprey-vaticanews-300x200.jpg 300w\" sizes=\"(max-width: 600px) 100vw, 600px\" \/><figcaption class=\"wp-element-caption\"><mark style=\"background-color:rgba(0, 0, 0, 0)\" class=\"has-inline-color has-ast-global-color-6-color\">Vea video:<\/mark> <em><a href=\"https:\/\/youtu.be\/Uoy1X5tL5e0\">Misa solenme 1 de enero del 2024<\/a><\/em> . Tras rezar el \u00c1ngelus este lunes 1 de enero de 2024, en la Jornada Mundial de la Paz, el Pont\u00edfice llam\u00f3 a rezar por el pa\u00eds centroamericano que atraviesa una persecuci\u00f3n religiosa con detenciones arbitrarias de sacerdotes por parte del r\u00e9gimen de Ortega.<\/figcaption><\/figure>\n\n\n\n<p>Vatican News        <\/p>\n\n\n\n<p>CIUDAD DEL VATICANO            <br>EnergiesNet.com 02 01 2024     <\/p>\n\n\n\n<p>El Papa Francisco sigue con profunda preocupaci\u00f3n lo que est\u00e1 sucediendo en Nicaragua, donde obispos y sacerdotes han sido privados de su libertad por las autoridades. Al t\u00e9rmino de la oraci\u00f3n mariana del \u00c1ngelus en el primer d\u00eda del nuevo a\u00f1o 2024, el Obispo de Roma manifest\u00f3 su cercan\u00eda en la oraci\u00f3n.<\/p>\n\n\n\n<p>A la oraci\u00f3n insistente invit\u00f3 tambi\u00e9n a todos los presentes en la Plaza de San Pedro y a todo el Pueblo de Dios, mientras que espera que \u201csiempre busquemos el camino del di\u00e1logo para superar las dificultades\u201d. \u201cRecemos hoy por Nicaragua\u201d, subray\u00f3.<\/p>\n\n\n\n<p>Al menos 14 sacerdotes, dos seminaristas y un obispo han sido detenidos en los \u00faltimos d\u00edas. El Cardenal Leopoldo Brenes, Arzobispo de Managua, expres\u00f3 su proximidad a las familias y comunidades de los presb\u00edteros.<\/p>\n\n\n\n<p>No es la primera vez que el Papa invita a orar por la naci\u00f3n centroamericana. El 12 de febrero de 2023, por ejemplo, <a href=\"https:\/\/www.vaticannews.va\/es\/papa\/news\/2023-02\/papa-francisco-reza-por-mons-rolando-alvarez-encarcelado-nicarag.html\">hizo p\u00fablico<\/a> su dolor por la situaci\u00f3n de Monse\u00f1or Rolando \u00c1lvarez, obispo de Matagalpa y administrador apost\u00f3lico de la di\u00f3cesis de Estel\u00ed, quien fue condenado a 26 a\u00f1os de prisi\u00f3n sin el debido proceso por los delitos de conspiraci\u00f3n, difusi\u00f3n de noticias falsas, obstrucci\u00f3n a la justicia y desacato a las autoridades, en prisi\u00f3n desde el pasado mes de febrero tras permanecer bajo arresto domiciliario desde agosto de 2022. En dicha ocasi\u00f3n, el Santo Padre invoc\u00f3 la intercesi\u00f3n de la Virgen Mar\u00eda para que \u00ababra el coraz\u00f3n de los responsables pol\u00edticos y de todos los ciudadanos a la b\u00fasqueda sincera de la paz que nace de la verdad, de la justicia, de la libertad y del amor y se alcanza mediante el ejercicio paciente del di\u00e1logo\u201d.<\/p>\n\n\n\n<p><\/p>\n\n\n\n<h1 class=\"wp-block-heading has-medium-font-size\"><strong>Nicaragua: detienen sacerdote tras la misa del \u00faltimo d\u00eda del a\u00f1o<\/strong><\/h1>\n\n\n\n<p><em>Se trata del padre Gustavo Sandino, p\u00e1rroco de la di\u00f3cesis de Jinotega. Al menos 14 sacerdotes, dos seminaristas y un obispo han sido detenidos en los \u00faltimos d\u00edas. El cardenal Brenes expres\u00f3 su cercan\u00eda a las familias y comunidades de los sacerdotes. En algunas iglesias no se celebraron las misas programadas y se pidi\u00f3 a los fieles que regresaran a sus casas.<\/em><\/p>\n\n\n\n<p>El padre Gustavo Sandino, p\u00e1rroco de Nuestra Se\u00f1ora de los Dolores, fue detenido ayer, 31 de diciembre, despu\u00e9s de la misa dominical celebrada en Santa Mar\u00eda de Pastasma, en la di\u00f3cesis de Jinotega, <a href=\"https:\/\/www.vaticannews.va\/es\/informacion-vaticano.html?q=Nicaragua&amp;in=all&amp;sorting=latest\">Nicaragua<\/a>.&nbsp;As\u00ed lo informaron fuentes locales y lo confirm\u00f3 a 100% Noticias la abogada exiliada Martha Patricia Molina.<\/p>\n\n\n\n<p>En Managua, por su parte, el padre Fernando T\u00e9llez B\u00e1ez, p\u00e1rroco de Nuestra Se\u00f1ora de las Am\u00e9ricas, fue secuestrado en la madrugada de ayer, y el padre Jader Hern\u00e1ndez, p\u00e1rroco de la Madre del Divino Pastor, en la noche del 30 de diciembre.&nbsp;<\/p>\n\n\n\n<p>En los \u00faltimos d\u00edas han sido secuestrados al menos 14 sacerdotes, los dos seminaristas Alester S\u00e1enz y Tony Palacio y el obispo de Siuna, monse\u00f1or Isidoro del Carmen Mora Ortega, quien fue detenido tras rezar por monse\u00f1or Rolando Jos\u00e9 \u00c1lvarez Lagos, obispo de Matagalpa y administrador apost\u00f3lico de la di\u00f3cesis de Estel\u00ed, condenado a 26 a\u00f1os de prisi\u00f3n sin el debido proceso.<\/p>\n\n\n\n<p>Ayer, el Cardenal y Arzobispo de Managua, Leopoldo Jos\u00e9 Brenes Sol\u00f3rzano, durante la Misa en la Catedral expres\u00f3 su cercan\u00eda \u00aba las familias y comunidades que en estos momentos echan de menos a sus sacerdotes\u00bb, invitando a todos a permanecer \u00abfuertemente\u00bb unidos en la oraci\u00f3n. \u00abLa unidad eclesial\u00bb, dijo, es \u00abnuestra fuerza\u00bb. \u00abCon Mar\u00eda, nuestra madre, al pie de la cruz\u00bb, concluy\u00f3 Brenes, \u00abque el Se\u00f1or nos consuele y nos muestre su misericordia\u00bb.<\/p>\n\n\n\n<p>Mientras tanto, la abogada Molina dijo en rueda de prensa que hab\u00eda recibido informaci\u00f3n de que ayer en algunas iglesias no se celebraron las misas programadas y se pidi\u00f3 a los fieles que regresaran a sus casas. Por el momento se desconoce si los sacerdotes de estas parroquias fueron aprehendidos.<\/p>\n\n\n\n<p>Hasta el momento, ni el gobierno ni la polic\u00eda han confirmado ni desmentido la detenci\u00f3n de estos cl\u00e9rigos.<\/p>\n\n\n\n<p>Representantes del Alto Comisionado de la ONU para los Derechos Humanos afirmaron que Nicaragua se aleja \u00abcada vez m\u00e1s\u00bb del Estado de derecho y de las \u00ablibertades fundamentales\u00bb al perseguir a \u00abl\u00edderes pol\u00edticos e ind\u00edgenas, miembros de la Iglesia cat\u00f3lica, activistas y periodistas\u00bb con \u00abrepetidos casos de detenci\u00f3n arbitraria\u00bb.<\/p>\n\n\n\n<p><\/p>\n\n\n\n<p class=\"has-medium-font-size\"><strong>Sacerdotes en Nicaragua: la oleada de detenciones no cesa<\/strong><\/p>\n\n\n\n<p><em>Otros seis sacerdotes fueron detenidos la noche del 29 al 30 de diciembre: todos pertenecen a la archidi\u00f3cesis de Managua. Dos de ellos est\u00e1n enfermos y necesitan atenci\u00f3n m\u00e9dica. En los \u00faltimos d\u00edas, 11 sacerdotes y el obispo de Siuna, Monse\u00f1or Isidoro Mora, han acabado en la c\u00e1rcel.<\/em><\/p>\n\n\n\n<p>Simplemente desean estar entre su gente para vivir y anunciar el Evangelio con coherencia y libertad y acaban en la c\u00e1rcel. La oleada de detenciones de sacerdotes no parece detenerse en <a href=\"https:\/\/www.vaticannews.va\/es\/informacion-vaticano.html?q=Nicaragua&amp;in=all&amp;sorting=latest#1\" target=\"_blank\" rel=\"noreferrer noopener\">Nicaragua<\/a>.<\/p>\n\n\n\n<p>Seg\u00fan informes de la abogada exiliada Martha Patricia Molina y de fuentes de la oposici\u00f3n, en la noche del <a href=\"https:\/\/www.vaticannews.va\/es\/iglesia\/news\/2023-12\/otros-tres-sacerdotes-detenidos-en-nicaragua.html\" target=\"_blank\" rel=\"noreferrer noopener\">viernes 29<\/a> al s\u00e1bado 30 de diciembre, la polic\u00eda detuvo a otros seis sacerdotes, todos ellos pertenecientes a la Archidi\u00f3cesis de Managua: Se trata de Miguel M\u00e1ntica, p\u00e1rroco de la Iglesia de San Francisco de As\u00eds, Silvio Fonseca, vicario de la Comisi\u00f3n de Familia, Vida e Infancia de la Arquidi\u00f3cesis, Mykell Monterrey, p\u00e1rroco de Nuestra Se\u00f1ora de la Candelaria, Ismael Serrano, p\u00e1rroco de San Miguel Arc\u00e1ngel, Gerardo Rodr\u00edgues, p\u00e1rroco de la Iglesia de la Pur\u00edsima Concepci\u00f3n, y Ra\u00fal Zamora, p\u00e1rroco de la Iglesia de la Divina Misericordia. Hay especial preocupaci\u00f3n por dos de ellos, Serrano y Rodr\u00edgues, porque est\u00e1n enfermos y necesitan atenci\u00f3n m\u00e9dica.<\/p>\n\n\n\n<p>En d\u00edas anteriores, otros cinco sacerdotes hab\u00edan sido detenidos y el Obispo de Siuna, Monse\u00f1or Isidoro del Carmen Mora Ortega, puesto bajo arresto tras orar por <a href=\"https:\/\/www.vaticannews.va\/es\/iglesia\/news\/2023-08\/nicaragua-cidh-pide-liberacion-inmediata-mons-alvarez.html\" target=\"_blank\" rel=\"noreferrer noopener\">Monse\u00f1or Rolando Jos\u00e9 \u00c1lvarez Lagos<\/a>, Obispo de Matagalpa y Administrador Apost\u00f3lico de la Di\u00f3cesis de Estel\u00ed, condenado a 26 a\u00f1os de prisi\u00f3n sin el debido proceso por los delitos de conspiraci\u00f3n, difusi\u00f3n de noticias falsas, obstrucci\u00f3n a la justicia y desacato a las autoridades, en prisi\u00f3n desde el pasado mes de febrero tras permanecer bajo arresto domiciliario desde agosto de 2022.<\/p>\n\n\n\n<p>Una situaci\u00f3n que ya ha sido denunciada por la Alta Comisionada Adjunta de la ONU para los Derechos Humanos, Nada Al-Nashif, seg\u00fan la cual Nicaragua se aleja \u00abcada vez m\u00e1s\u00bb del Estado de Derecho y, en particular, \u00abde las libertades fundamentales, agravando el sufrimiento de la poblaci\u00f3n, alimentando el \u00e9xodo de los j\u00f3venes y socavando el futuro de las instituciones democr\u00e1ticas\u00bb. Las autoridades de Managua\u00bb, afirm\u00f3 Al-Nashif, \u00absiguen persiguiendo a quienes pueden aportar una visi\u00f3n alternativa a la esfera p\u00fablica, como dirigentes pol\u00edticos e ind\u00edgenas, miembros de la Iglesia cat\u00f3lica, activistas y periodistas\u00bb, con \u00abrepetidos casos de detenci\u00f3n arbitraria contra quienes ejercen sus libertades fundamentales\u00bb.<\/p>\n\n\n\n<p>vaticannews.com 01 01 2024<\/p>\n","protected":false},"excerpt":{"rendered":"<p>Vatican News CIUDAD DEL VATICANO EnergiesNet.com 02 01 2024 El Papa Francisco sigue con profunda preocupaci\u00f3n lo que est\u00e1 sucediendo en Nicaragua, donde obispos y sacerdotes han sido privados de su libertad por las autoridades. Al t\u00e9rmino de la oraci\u00f3n mariana del \u00c1ngelus en el primer d\u00eda del nuevo a\u00f1o 2024, el Obispo de Roma &hellip;<\/p>\n<p class=\"read-more\"> <a class=\"\" href=\"https:\/\/energiesnet.com\/espanol\/el-papa-expresa-su-profunda-preocupacion-por-nicaragua-vatican-news\/\"> <span class=\"screen-reader-text\">El Papa expresa su profunda preocupaci\u00f3n por Nicaragua &#8211; Vatican News<\/span> Leer m\u00e1s &raquo;<\/a><\/p>\n","protected":false},"author":2,"featured_media":19588,"comment_status":"open","ping_status":"open","sticky":false,"template":"","format":"standard","meta":{"_monsterinsights_skip_tracking":false,"_monsterinsights_sitenote_active":false,"_monsterinsights_sitenote_note":"","_monsterinsights_sitenote_category":0,"site-sidebar-layout":"default","site-content-layout":"default","ast-global-header-display":"","ast-main-header-display":"","ast-hfb-above-header-display":"","ast-hfb-below-header-display":"","ast-hfb-mobile-header-display":"","site-post-title":"","ast-breadcrumbs-content":"","ast-featured-img":"","footer-sml-layout":"","theme-transparent-header-meta":"","adv-header-id-meta":"","stick-header-meta":"","header-above-stick-meta":"","header-main-stick-meta":"","header-below-stick-meta":"","footnotes":""},"categories":[30],"tags":[615,296,2967,234],"class_list":["post-19587","post","type-post","status-publish","format-standard","has-post-thumbnail","hentry","category-top-news","tag-dictador-ortega","tag-dictadura","tag-obispo","tag-papa-francisco"],"aioseo_notices":[],"_links":{"self":[{"href":"https:\/\/energiesnet.com\/espanol\/wp-json\/wp\/v2\/posts\/19587","targetHints":{"allow":["GET"]}}],"collection":[{"href":"https:\/\/energiesnet.com\/espanol\/wp-json\/wp\/v2\/posts"}],"about":[{"href":"https:\/\/energiesnet.com\/espanol\/wp-json\/wp\/v2\/types\/post"}],"author":[{"embeddable":true,"href":"https:\/\/energiesnet.com\/espanol\/wp-json\/wp\/v2\/users\/2"}],"replies":[{"embeddable":true,"href":"https:\/\/energiesnet.com\/espanol\/wp-json\/wp\/v2\/comments?post=19587"}],"version-history":[{"count":0,"href":"https:\/\/energiesnet.com\/espanol\/wp-json\/wp\/v2\/posts\/19587\/revisions"}],"wp:featuredmedia":[{"embeddable":true,"href":"https:\/\/energiesnet.com\/espanol\/wp-json\/wp\/v2\/media\/19588"}],"wp:attachment":[{"href":"https:\/\/energiesnet.com\/espanol\/wp-json\/wp\/v2\/media?parent=19587"}],"wp:term":[{"taxonomy":"category","embeddable":true,"href":"https:\/\/energiesnet.com\/espanol\/wp-json\/wp\/v2\/categories?post=19587"},{"taxonomy":"post_tag","embeddable":true,"href":"https:\/\/energiesnet.com\/espanol\/wp-json\/wp\/v2\/tags?post=19587"}],"curies":[{"name":"wp","href":"https:\/\/api.w.org\/{rel}","templated":true}]}}