{"id":19669,"date":"2024-01-09T05:34:30","date_gmt":"2024-01-09T09:34:30","guid":{"rendered":"https:\/\/energiesnet.com\/espanol\/?p=19669"},"modified":"2024-01-09T05:34:34","modified_gmt":"2024-01-09T09:34:34","slug":"argentina-subira-las-tarifas-del-gas-natural-para-estimular-la-produccion-nacional-platts","status":"publish","type":"post","link":"https:\/\/energiesnet.com\/espanol\/argentina-subira-las-tarifas-del-gas-natural-para-estimular-la-produccion-nacional-platts\/","title":{"rendered":"Argentina subir\u00e1 las tarifas del gas natural para estimular la producci\u00f3n nacional &#8211; Platts"},"content":{"rendered":"\n<figure class=\"wp-block-image size-full\"><img fetchpriority=\"high\" decoding=\"async\" width=\"600\" height=\"400\" src=\"https:\/\/energiesnet.com\/espanol\/wp-content\/uploads\/2024\/01\/gas_natural_pipelines_rtr.jpg\" alt=\"\" class=\"wp-image-19670\" srcset=\"https:\/\/energiesnet.com\/espanol\/wp-content\/uploads\/2024\/01\/gas_natural_pipelines_rtr.jpg 600w, https:\/\/energiesnet.com\/espanol\/wp-content\/uploads\/2024\/01\/gas_natural_pipelines_rtr-300x200.jpg 300w\" sizes=\"(max-width: 600px) 100vw, 600px\" \/><figcaption class=\"wp-element-caption\">Las tarifas subir\u00e1n en febrero, marzo y abril. El aumento ser\u00e1 del 100% en la parte de costes de la tarifa. Se espera que esto impulse los proyectos de infraestructuras<\/figcaption><\/figure>\n\n\n\n<p>Charles Newberry, Platts S&amp;P Global       <\/p>\n\n\n\n<p>BUENOS AIRES       <br>EnergiesNet.com 09 01 2024     <\/p>\n\n\n\n<p>Los aumentos ser\u00e1n del 33% mensual en febrero, marzo y abril, dijo en una audiencia p\u00fablica transmitida por YouTube como parte del proceso de aprobaci\u00f3n de las alzas.<\/p>\n\n\n\n<p>Rodr\u00edguez Chirillo, que asumi\u00f3 el cargo con el Gobierno del presidente Javier Milei el mes pasado, dijo que las subidas ayudar\u00e1n a recortar los subsidios, una clave para reducir el d\u00e9ficit fiscal, que ahora se sit\u00faa en el 15% del producto interior bruto, y frenar la inflaci\u00f3n anual del 160%.<\/p>\n\n\n\n<p>S\u00f3lo el 17,5% de los consumidores paga los 4 $\/MMBtu de costo de producci\u00f3n, mientras que el 82,5% restante paga s\u00f3lo 70 c\u00e9ntimos\/MMBtu, dijo. Eso es menos que los 4,30 $\/MMBtu que los consumidores pagaron en 2019 bajo el gobierno anterior, pero m\u00e1s que el precio medio subvencionado de 2,20 $\/MMBtu en 2022 bajo la administraci\u00f3n 2019-2023, a\u00f1adi\u00f3.<\/p>\n\n\n\n<p>La porci\u00f3n del costo de producci\u00f3n de la factura final para los consumidores representa el 45% de la tarifa a pagar, seg\u00fan su presentaci\u00f3n.<\/p>\n\n\n\n<p>Los bajos precios han dejado al sector energ\u00e9tico \u00abaltamente desinvertido, desfinanciado, ineficiente, en riesgo de desabastecimiento y con un d\u00e9ficit en la balanza comercial de 30.000 millones de d\u00f3lares en los \u00faltimos 10 a\u00f1os\u00bb, dijo Rodr\u00edguez Chirillo.<\/p>\n\n\n\n<p>Esto, a\u00f1adi\u00f3, ha ralentizado los grandes proyectos para ampliar la capacidad de extracci\u00f3n de Vaca Muerta, un enorme yacimiento de esquisto en la Patagonia, limitando el crecimiento de la producci\u00f3n.<\/p>\n\n\n\n<p>De hecho, los primeros 11 millones de metros c\u00fabicos diarios de capacidad del Gasoducto Presidente N\u00e9stor Kirchner entraron en funcionamiento a mediados del a\u00f1o pasado, pero otros proyectos para ampliar la capacidad hasta el objetivo de 40 millones de metros c\u00fabicos diarios para 2025 se han estancado. Al mismo tiempo, un proyecto para comstruir un gasoducto en el norte del pa\u00eds con el fin de transportar suministros dentro del norte y luego a Bolivia y Brasil ha sufrido retrasos, dijo.<\/p>\n\n\n\n<p>Rodr\u00edguez Chirillo afirm\u00f3 que el aumento de las tarifas del gas contribuir\u00e1 a acelerar la construcci\u00f3n de nuevas infraestructuras, lo que ayudar\u00e1 a impulsar una producci\u00f3n que ahora se ve limitada por la falta de capacidad de absorci\u00f3n.<\/p>\n\n\n\n<p>De hecho, la producci\u00f3n de gas cay\u00f3 un 0,4% interanual en noviembre, hasta una media de 126,3 millones de cu m\/d, seg\u00fan datos de la Secretar\u00eda de Energ\u00eda. En el descenso influyeron la falta de capacidad de los gasoductos de Vaca Muerta -fuente del 65% de la producci\u00f3n de gas del pa\u00eds- y el aumento de las temperaturas durante el periodo c\u00e1lido del hemisferio sur, de octubre a abril.<\/p>\n\n\n\n<p>Rodr\u00edguez Chirillo no ofreci\u00f3 una meta de crecimiento de la producci\u00f3n.<\/p>\n\n\n\n<p>En su presentaci\u00f3n, dijo que la demanda media era de 130 millones de cu m\/d con picos de 165 millones de cu m\/d durante 2022. Argentina obtiene la mayor parte de su gas de proveedores locales, cubriendo los picos en invierno con importaciones de Bolivia y el mercado mundial de GNL.<\/p>\n\n\n\n<p>Con la subida de los precios y la construcci\u00f3n de nuevos gasoductos, Argentina puede invertir este d\u00e9ficit y convertirse en proveedor mundial de gas. Seg\u00fan el Instituto Argentino del Petr\u00f3leo y el Gas, un grupo industrial, Vaca Muerta puede producir hasta 400 millones de cu m\/d de gas, mucho m\u00e1s que los casi 80 millones de cu m\/d de finales de 2023.<\/p>\n\n\n\n<p>Traducci\u00f3n por Elio Ohep, editor EnergiesNet<\/p>\n\n\n\n<p>spglobal.com 08 01 2024<\/p>\n","protected":false},"excerpt":{"rendered":"<p>Charles Newberry, Platts S&amp;P Global BUENOS AIRES EnergiesNet.com 09 01 2024 Los aumentos ser\u00e1n del 33% mensual en febrero, marzo y abril, dijo en una audiencia p\u00fablica transmitida por YouTube como parte del proceso de aprobaci\u00f3n de las alzas. Rodr\u00edguez Chirillo, que asumi\u00f3 el cargo con el Gobierno del presidente Javier Milei el mes pasado, &hellip;<\/p>\n<p class=\"read-more\"> <a class=\"\" href=\"https:\/\/energiesnet.com\/espanol\/argentina-subira-las-tarifas-del-gas-natural-para-estimular-la-produccion-nacional-platts\/\"> <span class=\"screen-reader-text\">Argentina subir\u00e1 las tarifas del gas natural para estimular la producci\u00f3n nacional &#8211; Platts<\/span> Leer m\u00e1s &raquo;<\/a><\/p>\n","protected":false},"author":2,"featured_media":19670,"comment_status":"open","ping_status":"open","sticky":false,"template":"","format":"standard","meta":{"_monsterinsights_skip_tracking":false,"_monsterinsights_sitenote_active":false,"_monsterinsights_sitenote_note":"","_monsterinsights_sitenote_category":0,"site-sidebar-layout":"default","site-content-layout":"default","ast-global-header-display":"","ast-main-header-display":"","ast-hfb-above-header-display":"","ast-hfb-below-header-display":"","ast-hfb-mobile-header-display":"","site-post-title":"","ast-breadcrumbs-content":"","ast-featured-img":"","footer-sml-layout":"","theme-transparent-header-meta":"","adv-header-id-meta":"","stick-header-meta":"","header-above-stick-meta":"","header-main-stick-meta":"","header-below-stick-meta":"","footnotes":""},"categories":[30],"tags":[262,765,185,381,2998,2997,261],"class_list":["post-19669","post","type-post","status-publish","format-standard","has-post-thumbnail","hentry","category-top-news","tag-argentina","tag-costos","tag-gas-natural","tag-precios","tag-sunsidios","tag-tarifa","tag-vaca-muerta"],"aioseo_notices":[],"_links":{"self":[{"href":"https:\/\/energiesnet.com\/espanol\/wp-json\/wp\/v2\/posts\/19669","targetHints":{"allow":["GET"]}}],"collection":[{"href":"https:\/\/energiesnet.com\/espanol\/wp-json\/wp\/v2\/posts"}],"about":[{"href":"https:\/\/energiesnet.com\/espanol\/wp-json\/wp\/v2\/types\/post"}],"author":[{"embeddable":true,"href":"https:\/\/energiesnet.com\/espanol\/wp-json\/wp\/v2\/users\/2"}],"replies":[{"embeddable":true,"href":"https:\/\/energiesnet.com\/espanol\/wp-json\/wp\/v2\/comments?post=19669"}],"version-history":[{"count":0,"href":"https:\/\/energiesnet.com\/espanol\/wp-json\/wp\/v2\/posts\/19669\/revisions"}],"wp:featuredmedia":[{"embeddable":true,"href":"https:\/\/energiesnet.com\/espanol\/wp-json\/wp\/v2\/media\/19670"}],"wp:attachment":[{"href":"https:\/\/energiesnet.com\/espanol\/wp-json\/wp\/v2\/media?parent=19669"}],"wp:term":[{"taxonomy":"category","embeddable":true,"href":"https:\/\/energiesnet.com\/espanol\/wp-json\/wp\/v2\/categories?post=19669"},{"taxonomy":"post_tag","embeddable":true,"href":"https:\/\/energiesnet.com\/espanol\/wp-json\/wp\/v2\/tags?post=19669"}],"curies":[{"name":"wp","href":"https:\/\/api.w.org\/{rel}","templated":true}]}}