{"id":19685,"date":"2024-01-10T05:54:20","date_gmt":"2024-01-10T09:54:20","guid":{"rendered":"https:\/\/energiesnet.com\/espanol\/?p=19685"},"modified":"2024-01-10T05:54:21","modified_gmt":"2024-01-10T09:54:21","slug":"amlo-pemex-ya-refina-un-millon-de-barriles-diarios-de-petroleo-bloomberg-linea","status":"publish","type":"post","link":"https:\/\/energiesnet.com\/espanol\/amlo-pemex-ya-refina-un-millon-de-barriles-diarios-de-petroleo-bloomberg-linea\/","title":{"rendered":"AMLO: Pemex ya refina un mill\u00f3n de barriles diarios de petr\u00f3leo &#8211; Bloomberg L\u00ednea"},"content":{"rendered":"\n<figure class=\"wp-block-image size-full\"><img fetchpriority=\"high\" decoding=\"async\" width=\"600\" height=\"400\" src=\"https:\/\/energiesnet.com\/espanol\/wp-content\/uploads\/2024\/01\/pemex_refineria_lasarocardenas_bloo.jpg\" alt=\"La refiner\u00eda General L\u00e1zaro C\u00e1rdenas, de la emprea estatal Petr\u00f3leos Mexicanos, en Minatitl\u00e1n M\u00e9xico. (Gustavo Graf\/Bloomberg News.)\" class=\"wp-image-19687\" srcset=\"https:\/\/energiesnet.com\/espanol\/wp-content\/uploads\/2024\/01\/pemex_refineria_lasarocardenas_bloo.jpg 600w, https:\/\/energiesnet.com\/espanol\/wp-content\/uploads\/2024\/01\/pemex_refineria_lasarocardenas_bloo-300x200.jpg 300w\" sizes=\"(max-width: 600px) 100vw, 600px\" \/><figcaption class=\"wp-element-caption\">El presidente de M\u00e9xico dijo que Pemex aument\u00f3 su capacidad de refinaci\u00f3n en 65%. La refiner\u00eda General L\u00e1zaro C\u00e1rdenas, de la emprea estatal Petr\u00f3leos Mexicanos, en Minatitl\u00e1n M\u00e9xico. (Gustavo Graf\/Bloomberg News)<\/figcaption><\/figure>\n\n\n\n<p>Arturo Sol\u00eds, Bloomberg L\u00ednea            <\/p>\n\n\n\n<p>C<a href=\"http:\/\/www.energiesnet.com\/?_ga=2.118018377.1193969358.1646311552-1662412081.1646311552\">IUDAD DE M\u00c9XICO<\/a>           <br>EnergiesNet.com 10 01 2024       <\/p>\n\n\n\n<p>La empresa estatal Petr\u00f3leos Mexicanos, conocida como Pemex, ya refina un mill\u00f3n de barriles diarios de petr\u00f3leo en las refiner\u00edas que tiene en M\u00e9xico, revel\u00f3 el presidente Andr\u00e9s Manuel L\u00f3pez Obrador.<\/p>\n\n\n\n<p>AMLO, como se conoce al mandatario mexicano, dijo que cuando comenz\u00f3 su administraci\u00f3n las refiner\u00edas de Pemex procesaban petr\u00f3leo al 35% de su capacidad y bajo su Gobierno subi\u00f3 a 65%, durante su conferencia de prensa matutina en Palacio Nacional, Ciudad de M\u00e9xico.<\/p>\n\n\n\n<p>\u201cYa estamos procesando alrededor de un mill\u00f3n de barriles diarios en las seis (refiner\u00edas)\u201d, declar\u00f3.<\/p>\n\n\n\n<p>El 4 de enero de 2024, Octavio Romero Oropeza, CEO de Pemex, se\u00f1al\u00f3 que la compa\u00f1\u00eda refin\u00f3 794.000 barriles diarios de crudo durante el cierre operativo de 2023.<\/p>\n\n\n\n<p>Pemex tiene seis refiner\u00edas: Tula (Hidalgo), Salamanca (Guanajuato), Cadereyta (Nuevo Le\u00f3n), Madero (Tamaulipas), Minatitl\u00e1n (Veracruz) y Salina Cruz (Oaxaca). Adem\u00e1s la empresa est\u00e1 por iniciar operaciones de su s\u00e9ptima refiner\u00eda en el pa\u00eds, conocida como Dos Bocas, y posee una m\u00e1s en Texas, la refiner\u00eda Deer Park.<\/p>\n\n\n\n<p>\u201cYa est\u00e1 terminada la nueva refiner\u00eda de Dos Bocas que va a procesar 340.000 barriles diarios, va a tener toda su producci\u00f3n en febrero, mes pr\u00f3ximo\u201d, declar\u00f3 el mandatario.<\/p>\n\n\n\n<p>AMLO tiene como pol\u00edtica energ\u00e9tica la autosuficiencia en gasolina y di\u00e9sel con el fin de bajar los precios de los combustibles al final de su sexenio mediante la rehabilitaci\u00f3n de sus refiner\u00edas y la construcci\u00f3n de una nueva, pero las obras enfrentan m\u00faltiples retrasos e incumplimientos de las metas.<\/p>\n\n\n\n<p>bloomberglinea.com 09 01 2024<\/p>\n","protected":false},"excerpt":{"rendered":"<p>Arturo Sol\u00eds, Bloomberg L\u00ednea CIUDAD DE M\u00c9XICO EnergiesNet.com 10 01 2024 La empresa estatal Petr\u00f3leos Mexicanos, conocida como Pemex, ya refina un mill\u00f3n de barriles diarios de petr\u00f3leo en las refiner\u00edas que tiene en M\u00e9xico, revel\u00f3 el presidente Andr\u00e9s Manuel L\u00f3pez Obrador. AMLO, como se conoce al mandatario mexicano, dijo que cuando comenz\u00f3 su administraci\u00f3n &hellip;<\/p>\n<p class=\"read-more\"> <a class=\"\" href=\"https:\/\/energiesnet.com\/espanol\/amlo-pemex-ya-refina-un-millon-de-barriles-diarios-de-petroleo-bloomberg-linea\/\"> <span class=\"screen-reader-text\">AMLO: Pemex ya refina un mill\u00f3n de barriles diarios de petr\u00f3leo &#8211; Bloomberg L\u00ednea<\/span> Leer m\u00e1s &raquo;<\/a><\/p>\n","protected":false},"author":2,"featured_media":19687,"comment_status":"open","ping_status":"open","sticky":false,"template":"","format":"standard","meta":{"_monsterinsights_skip_tracking":false,"_monsterinsights_sitenote_active":false,"_monsterinsights_sitenote_note":"","_monsterinsights_sitenote_category":0,"site-sidebar-layout":"default","site-content-layout":"default","ast-global-header-display":"","ast-main-header-display":"","ast-hfb-above-header-display":"","ast-hfb-below-header-display":"","ast-hfb-mobile-header-display":"","site-post-title":"","ast-breadcrumbs-content":"","ast-featured-img":"","footer-sml-layout":"","theme-transparent-header-meta":"","adv-header-id-meta":"","stick-header-meta":"","header-above-stick-meta":"","header-main-stick-meta":"","header-below-stick-meta":"","footnotes":""},"categories":[30],"tags":[134,1386,254,109,3004,1719],"class_list":["post-19685","post","type-post","status-publish","format-standard","has-post-thumbnail","hentry","category-top-news","tag-amlo","tag-diesel-2","tag-gasolina","tag-mexico","tag-pemex-pemex-refinacion","tag-refineria-dos-bocas"],"aioseo_notices":[],"_links":{"self":[{"href":"https:\/\/energiesnet.com\/espanol\/wp-json\/wp\/v2\/posts\/19685","targetHints":{"allow":["GET"]}}],"collection":[{"href":"https:\/\/energiesnet.com\/espanol\/wp-json\/wp\/v2\/posts"}],"about":[{"href":"https:\/\/energiesnet.com\/espanol\/wp-json\/wp\/v2\/types\/post"}],"author":[{"embeddable":true,"href":"https:\/\/energiesnet.com\/espanol\/wp-json\/wp\/v2\/users\/2"}],"replies":[{"embeddable":true,"href":"https:\/\/energiesnet.com\/espanol\/wp-json\/wp\/v2\/comments?post=19685"}],"version-history":[{"count":0,"href":"https:\/\/energiesnet.com\/espanol\/wp-json\/wp\/v2\/posts\/19685\/revisions"}],"wp:featuredmedia":[{"embeddable":true,"href":"https:\/\/energiesnet.com\/espanol\/wp-json\/wp\/v2\/media\/19687"}],"wp:attachment":[{"href":"https:\/\/energiesnet.com\/espanol\/wp-json\/wp\/v2\/media?parent=19685"}],"wp:term":[{"taxonomy":"category","embeddable":true,"href":"https:\/\/energiesnet.com\/espanol\/wp-json\/wp\/v2\/categories?post=19685"},{"taxonomy":"post_tag","embeddable":true,"href":"https:\/\/energiesnet.com\/espanol\/wp-json\/wp\/v2\/tags?post=19685"}],"curies":[{"name":"wp","href":"https:\/\/api.w.org\/{rel}","templated":true}]}}