{"id":19761,"date":"2024-01-14T15:04:59","date_gmt":"2024-01-14T19:04:59","guid":{"rendered":"https:\/\/energiesnet.com\/espanol\/?p=19761"},"modified":"2024-01-14T15:06:28","modified_gmt":"2024-01-14T19:06:28","slug":"la-fiscalia-de-ecuador-enfrento-al-narco-luego-se-hizo-el-caos-nytimes-video","status":"publish","type":"post","link":"https:\/\/energiesnet.com\/espanol\/la-fiscalia-de-ecuador-enfrento-al-narco-luego-se-hizo-el-caos-nytimes-video\/","title":{"rendered":"La fiscal\u00eda de Ecuador enfrent\u00f3 al narco. Luego se hizo el caos &#8211; NYTimes (video)"},"content":{"rendered":"\n<figure class=\"wp-block-image size-full\"><img fetchpriority=\"high\" decoding=\"async\" width=\"600\" height=\"400\" src=\"https:\/\/energiesnet.com\/espanol\/wp-content\/uploads\/2024\/01\/ecuador_military_raid_AFP-2.jpg\" alt=\"Soldados detienen a un hombre la madrugada del viernes pasado el toque de queda en Guayaquil, Ecuador. Credit...Yuri Cortez\/Agence France-Presse \" class=\"wp-image-19763\" srcset=\"https:\/\/energiesnet.com\/espanol\/wp-content\/uploads\/2024\/01\/ecuador_military_raid_AFP-2.jpg 600w, https:\/\/energiesnet.com\/espanol\/wp-content\/uploads\/2024\/01\/ecuador_military_raid_AFP-2-300x200.jpg 300w\" sizes=\"(max-width: 600px) 100vw, 600px\" \/><figcaption class=\"wp-element-caption\">Las revelaciones explosivas de la fiscala general del pa\u00eds mostraron v\u00ednculos entre criminales y autoridades, algo que tal vez haya provocado la crisis. Fue \u201ccomo patear el avispero\u201d, dijo un experto. Soldados detienen a un hombre la madrugada del viernes pasado el toque de queda en Guayaquil, Ecuador. (Yuri Cortez\/Agence France-Presse)<\/figcaption><\/figure>\n\n\n\n<p>Por Annie Corral <\/p>\n\n\n\n<p>Bogot\u00e1 &#8211; Apenas unas semanas antes de que se desatara el caos en Ecuador con el escape de dos l\u00edderes criminales, disturbios en las prisiones y un breve sitio a un canal de televisi\u00f3n, la fiscala general del pa\u00eds hab\u00eda empezado una gran operaci\u00f3n para extirpar a la narcocorrupci\u00f3n de las altas esferas del gobierno.<\/p>\n\n\n\n<p>La investigaci\u00f3n, conocida como \u201cCaso Met\u00e1stasis\u201d, ocasion\u00f3 que se realizaran redadas en todo Ecuador y llev\u00f3 a m\u00e1s de 30 detenciones.<\/p>\n\n\n\n<p>Entre los acusados hubo jueces a quienes se les presentaron cargos por brindar fallos favorables a los l\u00edderes de las organizaciones criminales, oficiales de polic\u00eda que supuestamente manipularon pruebas y entregaron armas a las c\u00e1rceles e incluso el exdirector de la autoridad penitenciaria, quien fue acusado de darle trato especial a un poderoso narcotraficante.<\/p>\n\n\n\n<p>Hab\u00edan sido implicados por conversaciones de texto y registros de llamadas extra\u00eddos de tel\u00e9fonos celulares de un narcotraficante que fue asesinado en prisi\u00f3n.<\/p>\n\n\n\n<p>Cuando Diana Salazar, la fiscala general, anunci\u00f3 los cargos el mes pasado, indic\u00f3 que la investigaci\u00f3n hab\u00eda revelado la incrustaci\u00f3n de grupos delictivos en las instituciones ecuatorianas. Tambi\u00e9n <a href=\"https:\/\/youtu.be\/-HEwATzXvps?si=C0sPDU1RnE---klv\" rel=\"noreferrer noopener\" target=\"_blank\">advirti\u00f3 que en los d\u00edas siguientes podr\u00eda haber \u201cuna escalada de violencia\u201d<\/a> y dijo que el poder ejecutivo ya estaba en alerta.<\/p>\n\n\n\n<p>Esta semana, su predicci\u00f3n se volvi\u00f3 realidad.<\/p>\n\n\n\n<p>Entrevistas con expertos en seguridad y fuentes de inteligencia revelan lo que podr\u00eda haber desencadenado la <a href=\"https:\/\/www.nytimes.com\/es\/2024\/01\/10\/espanol\/ecuador-violencia.html\">violencia en Ecuador esta semana<\/a>, que fue tan intensa que llev\u00f3 al presidente, Daniel Noboa, a declarar la guerra a las bandas e imponer un estado de excepci\u00f3n.<\/p>\n\n\n\n<p>Seg\u00fan los entrevistados, la investigaci\u00f3n de la fiscala general desempe\u00f1\u00f3 un papel fundamental.<\/p>\n\n\n\n<p>\u201cMet\u00e1stasis es el punto de arranque\u201d, dijo Mario Pazmi\u00f1o, un coronel jubilado y exdirector de inteligencia del ej\u00e9rcito ecuatoriano que se desempe\u00f1a como analista independiente en materia de seguridad.<\/p>\n\n\n\n<p>Los operativos presionaron a Noboa, quien asumi\u00f3 la presidencia en noviembre y prometi\u00f3 enfrentar a las pandillas y limpiar el sistema penitenciario, para que tomara medidas concretas, dijo Pazmi\u00f1o.<\/p>\n\n\n\n<p>El presidente asegur\u00f3 que se avecinaban cambios considerables. Si bien no los dio a conocer p\u00fablicamente, autoridades afirmaron que los cambios inclu\u00edan el traslado varios l\u00edderes poderosos de bandas criminales a unas instalaciones de m\u00e1xima seguridad conocidas como La Roca en Guayaquil, una importante ciudad costera.<\/p>\n\n\n\n<figure class=\"wp-block-image\"><img decoding=\"async\" src=\"https:\/\/static01.nyt.com\/images\/2024\/01\/12\/world\/00ecuador-unrest-noboa-esp2\/00ecuador-unrest-noboa-articleLarge.jpg?quality=75&amp;auto=webp&amp;disable=upscale\" alt=\"President Daniel Noboa of Ecuador sitting behind a thin microphone. The flag of Ecuador and a man wearing security attire are behind him. Brocade wallpaper fills the background.\"\/><figcaption class=\"wp-element-caption\">El presidente Daniel Noboa hablando sobre los planes de dos nuevas prisiones de m\u00e1xima seguridad el viernes en Quito, Ecuador, en una imagen difundida por el despacho presidencial.&nbsp;(Carlos Silva\/Presidencia de Ecuador)<\/figcaption><\/figure>\n\n\n\n<p>No obstante, los l\u00edderes de las pandillas se enteraron del plan antes de que se llevara a cabo, lo m\u00e1s probable debido a una filtraci\u00f3n en el gobierno, seg\u00fan las autoridades. Y el domingo, Adolfo Mac\u00edas, que encabeza una pandilla conocida como los Choneros y es considerado por mucho el l\u00edder pandillero m\u00e1s poderoso de Ecuador, desapareci\u00f3 de su celda.<\/p>\n\n\n\n<p>Mientras por todo el pa\u00eds se registraron enfrentamientos de reos con guardias, otro l\u00edder criminal, Fabricio Col\u00f3n Pico, que dirige Los Lobos, escap\u00f3 el martes por la ma\u00f1ana de una penitenciar\u00eda en la ciudad de Riobamba.<\/p>\n\n\n\n<p>Los expertos dijeron que los l\u00edderes de pandillas quer\u00edan evitar que los enviaran a La Roca porque ah\u00ed la seguridad ser\u00eda m\u00e1s estricta y muy posiblemente perder\u00edan el acceso a dispositivos electr\u00f3nicos como celulares. Los cabecillas tambi\u00e9n tem\u00edan morir a manos de sus rivales en La Roca si es que los alojaban juntos.<\/p>\n\n\n\n<p>\u201cEso pone en riesgo la vida de cada uno\u201d, coment\u00f3 Pazmi\u00f1o. \u201cAh\u00ed existe el punto de ruptura\u201d.<\/p>\n\n\n\n<p>En respuesta al traslado programado, los expertos dijeron que lo m\u00e1s probable es que los l\u00edderes hayan dado la orden \u2014desde las prisiones que les sirven de centro de comando\u2014 para que los pandilleros contraatacaran.<\/p>\n\n\n\n<p>Y as\u00ed, el martes, los ecuatorianos experimentaron la peor violencia que hayan atestiguado en a\u00f1os, incluso cuando ya los enfrentamientos entre pandillas han convulsionado a un pa\u00eds que sol\u00eda ser pac\u00edfico. En varias c\u00e1rceles los internos tomaron de reh\u00e9n a guardias e integrantes del personal. Un video de las redes sociales mostraba a guardias sometidos a punta de cuchillo.<\/p>\n\n\n\n<p>En pueblos y ciudades hubo secuestros de oficiales de polic\u00eda, incendio de veh\u00edculos y detonaci\u00f3n de explosivos.<\/p>\n\n\n\n<p>La mayor violencia se la llev\u00f3 Guayaquil, donde hombres armados no solo irrumpieron en el estudio de TC Televisi\u00f3n durante una emisi\u00f3n, sino tambi\u00e9n en varios hospitales y abrieron fuego cerca de al menos una escuela.<\/p>\n\n\n\n<figure class=\"wp-block-image size-large is-resized\"><img decoding=\"async\" width=\"1024\" height=\"562\" src=\"https:\/\/energiesnet.com\/espanol\/wp-content\/uploads\/2024\/01\/image-33-1024x562.png\" alt=\"Las c\u00e1maras de la emisora de TC Televisi\u00f3n en Guayaquil (Ecuador) captaron a unos pistoleros tomando el estudio durante una emisi\u00f3n en directo antes de ser detenidos por la polic\u00eda\" class=\"wp-image-19764\" style=\"aspect-ratio:1.822289156626506;width:600px;height:auto\" srcset=\"https:\/\/energiesnet.com\/espanol\/wp-content\/uploads\/2024\/01\/image-33-1024x562.png 1024w, https:\/\/energiesnet.com\/espanol\/wp-content\/uploads\/2024\/01\/image-33-300x165.png 300w, https:\/\/energiesnet.com\/espanol\/wp-content\/uploads\/2024\/01\/image-33-768x421.png 768w, https:\/\/energiesnet.com\/espanol\/wp-content\/uploads\/2024\/01\/image-33.png 1210w\" sizes=\"(max-width: 1024px) 100vw, 1024px\" \/><figcaption class=\"wp-element-caption\"><strong><mark style=\"background-color:rgba(0, 0, 0, 0)\" class=\"has-inline-color has-ast-global-color-6-color\">Vea video:<\/mark><\/strong> <em><a href=\"https:\/\/www.youtube.com\/live\/xt_rsivGFBE?si=KAQcS6cTzSma5kwn\">Las c\u00e1maras de la emisora de TC Televisi\u00f3n en Guayaquil (Ecuador) captaron a unos pistoleros tomando el estudio durante una emisi\u00f3n en directo antes de ser detenidos por la polic\u00eda<\/a><\/em><\/figcaption><\/figure>\n\n\n\n<p>Durante los tumultos murieron al menos 11 personas, de acuerdo con las autoridades, la mayor\u00eda de ellas en Guayaquil, y casi 200 integrantes del personal penitenciario fueron tomados como rehenes.<\/p>\n\n\n\n<p>Las revelaciones de la fiscal\u00eda general \u2014y el posterior plan de Noboa para trasladar a los l\u00edderes de las pandillas\u2014 hab\u00edan provocado una intensa indignaci\u00f3n.<\/p>\n\n\n\n<p>\u201cEl operativo Met\u00e1stasis es como patear el avispero\u201d, dijo Gustavo Flores-Mac\u00edas, profesor de Pol\u00edticas p\u00fablicas y gobierno en la Universidad de Cornell especializado en Am\u00e9rica Latina<\/p>\n\n\n\n<p>Antes del operativo, los l\u00edderes de las pandillas parec\u00edan haber logrado un estado de \u201cequilibrio\u201d, dijo, en el que sent\u00edan que pod\u00edan dirigir sus organizaciones lucrativas delictivas incluso tras las rejas, con la cooperaci\u00f3n de las autoridades.<\/p>\n\n\n\n<p>\u201cDigamos que las pandillas operan bajo un cierto nivel de impunidad y vamos a decir que est\u00e1n bastante contentos con \u00e9l\u201d, dijo Flores-Mac\u00edas. \u201cLo que est\u00e1 haciendo Met\u00e1stasis es perturbar este equilibro que existe y que les permite seguir haciendo negocios. As\u00ed que en este submundo criminal hay una reacci\u00f3n que se da en la forma de estas acciones bastante violentas y espectaculares\u201d.<\/p>\n\n\n\n<p>El despacho de Salazar respondi\u00f3 diciendo que no estaban concediendo entrevistas debido a la situaci\u00f3n de seguridad en curso.<\/p>\n\n\n\n<p>La violencia que desencadenaron las pandillas fue enfrentada con fuerza. La tarde del martes, Noboa tom\u00f3 la medida extraordinaria de declarar un \u201cconflicto armado interno\u201d con lo que despleg\u00f3 al ej\u00e9rcito en combate a una veintena de pandillas del pa\u00eds.<\/p>\n\n\n\n<figure class=\"wp-block-image\"><img decoding=\"async\" src=\"https:\/\/static01.nyt.com\/images\/2024\/01\/12\/multimedia\/00ecuador-unrest-02-zbgl-esp3\/00ecuador-unrest-02-zbgl-articleLarge.jpg?quality=75&amp;auto=webp&amp;disable=upscale\" alt=\"Yellow caution tape in front of a low, run-down police station. There is rubble on the ground.\"\/><figcaption class=\"wp-element-caption\">Una comisar\u00eda de polic\u00eda en Quito el jueves, al d\u00eda siguiente de quedar da\u00f1ada en una explosi\u00f3nCredit&#8230;Agence France-Presse \u2014 Getty Images<\/figcaption><\/figure>\n\n\n\n<p>En los d\u00edas despu\u00e9s de la declaratoria, dijeron las autoridades, la polic\u00eda y las fuerzas armadas hab\u00edan abatido a cinco personas involucradas en la violencia relacionada con las pandillas y arrestado a m\u00e1s de 850.<\/p>\n\n\n\n<p>El Departamento de Estado de EE. UU. emiti\u00f3 el jueves un comunicado en el que dec\u00eda que funcionarios de seguridad, militares y gubernamentales visitar\u00edan Ecuador para apoyar su lucha contra lo que el departamento calific\u00f3 de \u201cniveles consternantes de violencia y terrorismo a manos de elementos narcocriminales\u201d.<\/p>\n\n\n\n<p>Una persona que trabaja en el sector de inteligencia de Ecuador y quien ofreci\u00f3 comentarios con la condici\u00f3n de permanecer an\u00f3nima por la delicadeza del asunto, dijo el jueves que los l\u00edderes de las pandillas parec\u00edan haber sido aplacados por la feroz respuesta a la violencia de esta semana y hab\u00edan ordenado que se instalara la calma en calles y prisiones.<\/p>\n\n\n\n<p>Mac\u00edas y Col\u00f3n, los l\u00edderes de las pandillas, segu\u00edan pr\u00f3fugos.<\/p>\n\n\n\n<p>Col\u00f3n, que hab\u00eda sido detenido una semana antes de escapar y a quien Salazar acus\u00f3 de planear matarla, <a href=\"https:\/\/twitter.com\/ecuadorplay\/status\/1745520583100539192?s=46&amp;t=m3BhErl5eXdis_sTk-sMzw\" rel=\"noreferrer noopener\" target=\"_blank\">public\u00f3 el jueves un video en X<\/a>, la plataforma antes conocida como Twitter. Vestido con una sudadera con capucha y un gorro, dijo que solo hab\u00eda escapado porque cre\u00eda que si segu\u00eda encarcelado lo iban a matar.<\/p>\n\n\n\n<p>Dijo al presidente que se entregar\u00eda si pod\u00edan garantizar su seguridad. En una entrevista radiof\u00f3nica, Noboa dijo que no le ofrecer\u00eda ning\u00fan trato de ese tipo.<\/p>\n\n\n\n<p>Salazar, que es la primera persona negra en ser fiscal general de Ecuador, asumi\u00f3 el cargo en 2019. El a\u00f1o siguiente proces\u00f3 a un expresidente, Rafael Correa, por delitos de corrupci\u00f3n y luego de que se le conden\u00f3, recomend\u00f3 que se le sentenciara a ocho a\u00f1os de prisi\u00f3n, la pena m\u00e1xima.<\/p>\n\n\n\n<p>En 2022 inici\u00f3 su \u00faltima investigaci\u00f3n, luego de la muerte de Leandro Norero, l\u00edder de una pandilla.<\/p>\n\n\n\n<p>Norero fue el fundador de Los Chone Killers y se hab\u00eda convertido en uno de los narcotraficantes y financistas m\u00e1s poderosos del pa\u00eds, al establecer v\u00ednculos con el c\u00e1rtel Jalisco Nueva Generaci\u00f3n de M\u00e9xico, dijo la fiscala.<\/p>\n\n\n\n<p>Cumpl\u00eda una sentencia por narcotr\u00e1fico y lavado de dinero cuando muri\u00f3 en una masacre en prisi\u00f3n.<\/p>\n\n\n\n<p>Al momento de su muerte, seg\u00fan las autoridades penitenciarias y los expertos, intentaba unir a varias pandillas rivales para convertirlas en un c\u00e1rtel.<\/p>\n\n\n\n<figure class=\"wp-block-image\"><img decoding=\"async\" src=\"https:\/\/static01.nyt.com\/images\/2024\/01\/12\/multimedia\/00ecuador-unrest-01-zbgl-esp4\/00ecuador-unrest-01-zbgl-articleLarge.jpg?quality=75&amp;auto=webp&amp;disable=upscale\" alt=\"A wide shot of a busy road and buildings of various sizes in Guayaquil on a cloudy day.\"\/><figcaption class=\"wp-element-caption\">Guayaquil, una gran ciudad portuaria, sufri\u00f3 la mayor parte de la violencia reciente; hombres armados no solo irrumpieron en un estudio de televisi\u00f3n, sino tambi\u00e9n en varios hospitales y abrieron fuego cerca de al menos una escuela.&nbsp;Credit&#8230;Henry Romero\/Reuters<\/figcaption><\/figure>\n\n\n\n<p>Salazar dijo que tambi\u00e9n hab\u00eda estado recompensando con departamentos, autos, efectivo y prostitutas a los jueces, oficiales de polic\u00eda, guardias y otros que lo ayudaban a \u00e9l y a sus colaboradores.<\/p>\n\n\n\n<p>Entre las personas que quedaron exhibidas por los registros telef\u00f3nicos de Norero estaba Pablo Ram\u00edrez, quien fuera el director de la autoridad penitenciaria y a quien se le acusa de brindar trato preferencial a Norero. Ram\u00edrez ha negado haber tenido cualquier contacto con Norero.<\/p>\n\n\n\n<p>Wilmer Ter\u00e1n, presidente del Consejo de la Judicatura y exmagistrado en la corte m\u00e1s alta del pa\u00eds, tambi\u00e9n fue procesado. Ter\u00e1n, cuyo consejo supervisa y disciplina a jueces y fiscales, ha rechazado haber sido parte de la extensa red de favores de Norero. El Consejo de la Judicatura lo ha respaldado y ha calificado al operativo de Salazar de campa\u00f1a de desprestigio.<\/p>\n\n\n\n<p>El d\u00eda previo a la realizaci\u00f3n del operativo, legisladores que se cree son afines al expresidente Correa, anunciaron un plan para investigar a Salazar, asegurando que era selectiva con los casos que eleg\u00eda.<\/p>\n\n\n\n<p>M\u00e1s o menos al mismo tiempo, Correa public\u00f3 en X un mensaje en el que advert\u00eda de un operativo inminente, un mensaje que Salazar luego dir\u00eda hab\u00eda alertado a varios de los funcionarios involucrados, que evadieron ser capturados en las redadas.<\/p>\n\n\n\n<p>\u201cEl t\u00e9rmino narcopol\u00edtica en Ecuador ha sido evidenciado\u201d, dijo Salazar cuando dio a conocer los arrestos que se hab\u00edan realizado.<\/p>\n\n\n\n<p>En una audiencia de varias horas de duraci\u00f3n, Salazar describi\u00f3 la forma en que los narcotraficantes hab\u00edan penetrado el sistema pol\u00edtico y penitenciario de Ecuador.<\/p>\n\n\n\n<p>Las transcripciones de la evidencia de telefon\u00eda celular constaban de 15.000 p\u00e1ginas.<\/p>\n\n\n\n<p>Genevieve Glatsky colabor\u00f3 con reporter\u00eda desde Bogot\u00e1, Jos\u00e9 Mar\u00eda Le\u00f3n Cabrera desde Quito y Thal\u00ede Ponce desde Guayaquil, Ecuador.<\/p>\n\n\n\n<p><strong><em>Annie Correal<\/em><\/strong> reporta desde Estados Unidos y Am\u00e9rica Latina para el Times<\/p>\n\n\n\n<p>nytimes.com 13 01 2023<\/p>\n","protected":false},"excerpt":{"rendered":"<p>Por Annie Corral Bogot\u00e1 &#8211; Apenas unas semanas antes de que se desatara el caos en Ecuador con el escape de dos l\u00edderes criminales, disturbios en las prisiones y un breve sitio a un canal de televisi\u00f3n, la fiscala general del pa\u00eds hab\u00eda empezado una gran operaci\u00f3n para extirpar a la narcocorrupci\u00f3n de las altas &hellip;<\/p>\n<p class=\"read-more\"> <a class=\"\" href=\"https:\/\/energiesnet.com\/espanol\/la-fiscalia-de-ecuador-enfrento-al-narco-luego-se-hizo-el-caos-nytimes-video\/\"> <span class=\"screen-reader-text\">La fiscal\u00eda de Ecuador enfrent\u00f3 al narco. Luego se hizo el caos &#8211; NYTimes (video)<\/span> Leer m\u00e1s &raquo;<\/a><\/p>\n","protected":false},"author":2,"featured_media":19763,"comment_status":"open","ping_status":"open","sticky":false,"template":"","format":"standard","meta":{"_monsterinsights_skip_tracking":false,"_monsterinsights_sitenote_active":false,"_monsterinsights_sitenote_note":"","_monsterinsights_sitenote_category":0,"site-sidebar-layout":"default","site-content-layout":"default","ast-global-header-display":"","ast-main-header-display":"","ast-hfb-above-header-display":"","ast-hfb-below-header-display":"","ast-hfb-mobile-header-display":"","site-post-title":"","ast-breadcrumbs-content":"","ast-featured-img":"","footer-sml-layout":"","theme-transparent-header-meta":"","adv-header-id-meta":"","stick-header-meta":"","header-above-stick-meta":"","header-main-stick-meta":"","header-below-stick-meta":"","footnotes":""},"categories":[41],"tags":[2049,164,3022,3021,173,621],"class_list":["post-19761","post","type-post","status-publish","format-standard","has-post-thumbnail","hentry","category-invitados","tag-daniel-noboa","tag-ecuador","tag-fiscvalia","tag-narcotraficantes","tag-video","tag-violencia"],"aioseo_notices":[],"_links":{"self":[{"href":"https:\/\/energiesnet.com\/espanol\/wp-json\/wp\/v2\/posts\/19761","targetHints":{"allow":["GET"]}}],"collection":[{"href":"https:\/\/energiesnet.com\/espanol\/wp-json\/wp\/v2\/posts"}],"about":[{"href":"https:\/\/energiesnet.com\/espanol\/wp-json\/wp\/v2\/types\/post"}],"author":[{"embeddable":true,"href":"https:\/\/energiesnet.com\/espanol\/wp-json\/wp\/v2\/users\/2"}],"replies":[{"embeddable":true,"href":"https:\/\/energiesnet.com\/espanol\/wp-json\/wp\/v2\/comments?post=19761"}],"version-history":[{"count":0,"href":"https:\/\/energiesnet.com\/espanol\/wp-json\/wp\/v2\/posts\/19761\/revisions"}],"wp:featuredmedia":[{"embeddable":true,"href":"https:\/\/energiesnet.com\/espanol\/wp-json\/wp\/v2\/media\/19763"}],"wp:attachment":[{"href":"https:\/\/energiesnet.com\/espanol\/wp-json\/wp\/v2\/media?parent=19761"}],"wp:term":[{"taxonomy":"category","embeddable":true,"href":"https:\/\/energiesnet.com\/espanol\/wp-json\/wp\/v2\/categories?post=19761"},{"taxonomy":"post_tag","embeddable":true,"href":"https:\/\/energiesnet.com\/espanol\/wp-json\/wp\/v2\/tags?post=19761"}],"curies":[{"name":"wp","href":"https:\/\/api.w.org\/{rel}","templated":true}]}}