{"id":19780,"date":"2024-01-14T17:00:58","date_gmt":"2024-01-14T21:00:58","guid":{"rendered":"https:\/\/energiesnet.com\/espanol\/?p=19780"},"modified":"2024-01-14T17:01:04","modified_gmt":"2024-01-14T21:01:04","slug":"polarizacion-la-palabra-del-ano-ruben-aguilar-v","status":"publish","type":"post","link":"https:\/\/energiesnet.com\/espanol\/polarizacion-la-palabra-del-ano-ruben-aguilar-v\/","title":{"rendered":"Polarizaci\u00f3n, la palabra del a\u00f1o &#8211; Rub\u00e9n Aguilar V."},"content":{"rendered":"\n<figure class=\"wp-block-image size-full\"><img fetchpriority=\"high\" decoding=\"async\" width=\"600\" height=\"400\" src=\"https:\/\/energiesnet.com\/espanol\/wp-content\/uploads\/2024\/01\/polarizacion_reuters.jpg\" alt=\"\" class=\"wp-image-19781\" srcset=\"https:\/\/energiesnet.com\/espanol\/wp-content\/uploads\/2024\/01\/polarizacion_reuters.jpg 600w, https:\/\/energiesnet.com\/espanol\/wp-content\/uploads\/2024\/01\/polarizacion_reuters-300x200.jpg 300w\" sizes=\"(max-width: 600px) 100vw, 600px\" \/><figcaption class=\"wp-element-caption\">De izquierdas y de derechas&#8230; Polarizaci\u00f3n es la &#8216;Palabra del A\u00f1o&#8217; 2023, seg\u00fan la RAE (Reuters)<\/figcaption><\/figure>\n\n\n\n<p>Por Rub\u00e9n Aguilar Valenzuela    <\/p>\n\n\n\n<p>El pasado 27 de diciembre la Fundaci\u00f3n del Espa\u00f1ol Urgente, que promueve la Real Academia Espa\u00f1ola (RAE), y la Agencia EFE, eligieron polarizaci\u00f3n, como la palabra del a\u00f1o 2023.<\/p>\n\n\n\n<p>En el diccionario acad\u00e9mico de la lengua esta palabra se recoge desde 1884 para aludir a situaciones en las qu\u00e9 hay dos opiniones o actividades muy definidas o distanciada, en los polos opuestos, con la idea impl\u00edcita de confrontaci\u00f3n.<\/p>\n\n\n\n<p>El t\u00e9rmino polarizaci\u00f3n se ha impuesto a las otras once palabras contempladas por la enorme presencia que ahora tiene en los medios y a la evoluci\u00f3n de su significado.<\/p>\n\n\n\n<p>Seg\u00fan el Diccionario de la lengua espa\u00f1ola, polarizar es, entre otras cosas, \u201corientar en dos direcciones contrapuestas\u201d, y en el Diccionario esencial se ofrece el siguiente ejemplo: La guerra polariz\u00f3 la sociedad.<\/p>\n\n\n\n<p>Desde 1884 al d\u00eda de hoy el concepto polarizaci\u00f3n ha evolucionado y en 2001, polariza y, en consecuencia, polarizaci\u00f3n, adquiere el sentido de \u201corientar en dos direcciones contrapuestas\u201d.<\/p>\n\n\n\n<p>Ahora todos los d\u00edas, no solo en los pa\u00edses donde se habla el espa\u00f1ol, sino en muy distintas regiones del mundo se encuentran en los medios muchos ejemplos del uso de la palabra polarizaci\u00f3n.<\/p>\n\n\n\n<p>Hoy se habla de la polarizaci\u00f3n de la sociedad, de la pol\u00edtica, de la opini\u00f3n p\u00fablica, de las posturas en las redes sociales, de las preferencias en los equipos de deportes y en otros muchos campos.<\/p>\n\n\n\n<p>Tanto el verbo polarizar como el sustantivo polarizaci\u00f3n se utilizan con mucha frecuencia para expresar la idea de divisi\u00f3n en dos bloques, posiciones u opiniones enfrentadas.<\/p>\n\n\n\n<p>En el caso particular de M\u00e9xico desde el inicio del presente gobierno federal, la palabra polarizaci\u00f3n se utiliza para definir la manera de comunicar y gobernar del presidente, y tambi\u00e9n para describir el \u00e1nimo social y el estado de la pol\u00edtica.<\/p>\n\n\n\n<p>Es evidente que L\u00f3pez Obrador, desde su comparecencia de todas las ma\u00f1anas, que no conferencia de prensa, con sus insultos y descalificaciones a sus adversarios, polariza la vida p\u00fablica.<\/p>\n\n\n\n<p>El presidente se ha convertido en el m\u00e1s importante polarizador del pa\u00eds, siempre habla de la realidad en t\u00e9rminos de dos grupos enfrentados. Los otros que merecen todo tipo de insultos y los m\u00edos acreedores a todo tipo de elogios.<\/p>\n\n\n\n<p>Habla de un pueblo bueno y otro que no lo es, se pertenece a uno y otro en la medida que se apoye o no las ideas y las pol\u00edticas que \u00e9l implementa.<\/p>\n\n\n\n<p>Para L\u00f3pez Obrador la polarizaci\u00f3n es uno de los ejes centrales de su estrategia pol\u00edtico &#8211; comunicacional. El pa\u00eds se divide entre buenos y malos y \u00e9l decide quien est\u00e1 en un lado y otro.<\/p>\n\n\n\n<p>Fomentar la polarizaci\u00f3n no es algo original o \u00fanico del presidente mexicano sino es propio de la manera de comunicar y hacer pol\u00edtica de todos los populistas sin importar si se dicen de derecha o izquierda.<\/p>\n\n\n\n<p>Los organizadores para elegir la palabra del a\u00f1o utilizan dos grandes criterios: Su presencia en los medios de comunicaci\u00f3n y su inter\u00e9s desde el punto de vista ling\u00fc\u00edstico.<\/p>\n\n\n\n<p>Las anteriores palabras del a\u00f1o fueron escrache (2013), selfi (2014), refugiado (2015), populismo (2016), aporofobia (2017), micropl\u00e1stico (2018), emojis (2019), confinamiento (2020), vacuna (2021) e inteligencia artificial (2022). @RubenAguilar<\/p>\n\n\n\n<p>____________________________________________________<\/p>\n\n\n\n<p><em><strong>Rub\u00e9n Aguilar Valenzuela<\/strong><\/em>, Socio fundador de Afan Consultores Internacionales, S.C. Doctor en Ciencias Sociales. Profesor en el Departamento de Comunicaciones y Ciencias Pol\u00edticas de la Universidad Iberoamericana. Articulista en diversos peri\u00f3dicos y revistas. Fue Fundador y director de la Agencia Salpress del FMLN, el Salvador. coordinador de la Secretar\u00eda Particular de la presidencia de Fox (2002-2004) y portavoz del gobierno (2004-2006). Sus \u00faltimos libros en conjunto con Jorge Casta\u00f1eda son: La Diferencia: Radiograf\u00eda de un sexenio (2007) y El Narco: La Guerra Fallida (2009). Twitter:&nbsp;<a href=\"https:\/\/twitter.com\/RubenAguilar\">@RubenAguilar,&nbsp;<\/a><a href=\"http:\/\/miscuadernos.com.mx.\/\">ruben@miscuadernos.com.mx<\/a>. Los puntos de vista expresados no necesariamente son los de EnergiesNet.com.<\/p>\n\n\n\n<p>Nota del Editor:\u00a0Este art\u00edculo fue originalmente publicado en\u00a0Mis Cuadernos.mx\u00a0, el 10 de enero, 2024. Reproducimos el mismo en beneficio de los lectores.\u00a0Petroleumworld\u00a0en Espa\u00f1ol no se hace responsable por los juicios de valor emitidos por sus colaboradores y columnistas de opini\u00f3n y an\u00e1lisis.<\/p>\n\n\n\n<p>Petroleumworld alienta a las personas a reproducir, reimprimir, y divulgar a trav\u00e9s de los medios audiovisuales e Internet, los comentarios editoriales y de opini\u00f3n de Petroleumworld, siempre y cuando esa reproducci\u00f3n identifique, a el autor, y la fuente original, http:\/\/www.petroleumworld.com y se haga dentro de el uso normal (fair use) de la doctrina de la secci\u00f3n 107 de la Ley de derechos de autor de los Estados Unidos de Norteam\u00e9rica (US Copyright).<\/p>\n\n\n\n<p>EnergiesNet.com 14 0<code>2<\/code> 2024<\/p>\n","protected":false},"excerpt":{"rendered":"<p>Por Rub\u00e9n Aguilar Valenzuela El pasado 27 de diciembre la Fundaci\u00f3n del Espa\u00f1ol Urgente, que promueve la Real Academia Espa\u00f1ola (RAE), y la Agencia EFE, eligieron polarizaci\u00f3n, como la palabra del a\u00f1o 2023. En el diccionario acad\u00e9mico de la lengua esta palabra se recoge desde 1884 para aludir a situaciones en las qu\u00e9 hay dos &hellip;<\/p>\n<p class=\"read-more\"> <a class=\"\" href=\"https:\/\/energiesnet.com\/espanol\/polarizacion-la-palabra-del-ano-ruben-aguilar-v\/\"> <span class=\"screen-reader-text\">Polarizaci\u00f3n, la palabra del a\u00f1o &#8211; Rub\u00e9n Aguilar V.<\/span> Leer m\u00e1s &raquo;<\/a><\/p>\n","protected":false},"author":2,"featured_media":19782,"comment_status":"open","ping_status":"open","sticky":false,"template":"","format":"standard","meta":{"_monsterinsights_skip_tracking":false,"_monsterinsights_sitenote_active":false,"_monsterinsights_sitenote_note":"","_monsterinsights_sitenote_category":0,"site-sidebar-layout":"default","site-content-layout":"default","ast-global-header-display":"","ast-main-header-display":"","ast-hfb-above-header-display":"","ast-hfb-below-header-display":"","ast-hfb-mobile-header-display":"","site-post-title":"","ast-breadcrumbs-content":"","ast-featured-img":"","footer-sml-layout":"","theme-transparent-header-meta":"","adv-header-id-meta":"","stick-header-meta":"","header-above-stick-meta":"","header-main-stick-meta":"","header-below-stick-meta":"","footnotes":""},"categories":[48],"tags":[3035,3033,2897,3034,2743],"class_list":["post-19780","post","type-post","status-publish","format-standard","has-post-thumbnail","hentry","category-comentario-del-dia","tag-fundacion-del-espanol-urgente","tag-mis-cuadernos","tag-polarizacion","tag-rae","tag-ruben-aguilar-valenzuela-3"],"aioseo_notices":[],"_links":{"self":[{"href":"https:\/\/energiesnet.com\/espanol\/wp-json\/wp\/v2\/posts\/19780","targetHints":{"allow":["GET"]}}],"collection":[{"href":"https:\/\/energiesnet.com\/espanol\/wp-json\/wp\/v2\/posts"}],"about":[{"href":"https:\/\/energiesnet.com\/espanol\/wp-json\/wp\/v2\/types\/post"}],"author":[{"embeddable":true,"href":"https:\/\/energiesnet.com\/espanol\/wp-json\/wp\/v2\/users\/2"}],"replies":[{"embeddable":true,"href":"https:\/\/energiesnet.com\/espanol\/wp-json\/wp\/v2\/comments?post=19780"}],"version-history":[{"count":0,"href":"https:\/\/energiesnet.com\/espanol\/wp-json\/wp\/v2\/posts\/19780\/revisions"}],"wp:featuredmedia":[{"embeddable":true,"href":"https:\/\/energiesnet.com\/espanol\/wp-json\/wp\/v2\/media\/19782"}],"wp:attachment":[{"href":"https:\/\/energiesnet.com\/espanol\/wp-json\/wp\/v2\/media?parent=19780"}],"wp:term":[{"taxonomy":"category","embeddable":true,"href":"https:\/\/energiesnet.com\/espanol\/wp-json\/wp\/v2\/categories?post=19780"},{"taxonomy":"post_tag","embeddable":true,"href":"https:\/\/energiesnet.com\/espanol\/wp-json\/wp\/v2\/tags?post=19780"}],"curies":[{"name":"wp","href":"https:\/\/api.w.org\/{rel}","templated":true}]}}