{"id":19802,"date":"2024-01-16T06:31:24","date_gmt":"2024-01-16T10:31:24","guid":{"rendered":"https:\/\/energiesnet.com\/espanol\/?p=19802"},"modified":"2024-01-16T06:31:25","modified_gmt":"2024-01-16T10:31:25","slug":"claudia-sheinbaum-abre-la-puerta-al-autoabasto-electrico-pese-a-criticas-de-amlo-bloomberg-linea","status":"publish","type":"post","link":"https:\/\/energiesnet.com\/espanol\/claudia-sheinbaum-abre-la-puerta-al-autoabasto-electrico-pese-a-criticas-de-amlo-bloomberg-linea\/","title":{"rendered":"Claudia Sheinbaum abre la puerta al autoabasto el\u00e9ctrico pese a cr\u00edticas de AMLO &#8211; Bloomberg L\u00ednea"},"content":{"rendered":"\n<figure class=\"wp-block-image size-full\"><img fetchpriority=\"high\" decoding=\"async\" width=\"600\" height=\"400\" src=\"https:\/\/energiesnet.com\/espanol\/wp-content\/uploads\/2024\/01\/claudia_Sheinbaum-bloo.jpg\" alt=\"Claudia Sheinbaum, exjefa de Gobierno de la Ciudad de M\u00e9xico y precandidata presidencial del partido Morena, durante un evento de la American Society en la Ciudad de M\u00e9xico.(Bloomberg\/Alejandro Cegarra)\" class=\"wp-image-19803\" srcset=\"https:\/\/energiesnet.com\/espanol\/wp-content\/uploads\/2024\/01\/claudia_Sheinbaum-bloo.jpg 600w, https:\/\/energiesnet.com\/espanol\/wp-content\/uploads\/2024\/01\/claudia_Sheinbaum-bloo-300x200.jpg 300w\" sizes=\"(max-width: 600px) 100vw, 600px\" \/><figcaption class=\"wp-element-caption\">La precandidata presidencial de Morena, Claudia Sheinbaum, se pronunci\u00f3 a favor de acelerar la transici\u00f3n energ\u00e9tica con reglas claras entre la inversi\u00f3n p\u00fablica y privada. Claudia Sheinbaum, exjefa de Gobierno de la Ciudad de M\u00e9xico y precandidata presidencial del partido Morena, durante un evento de la American Society en la Ciudad de M\u00e9xico.(Bloomberg\/Alejandro Cegarra)<\/figcaption><\/figure>\n\n\n\n<p>Arturo Sol\u00eds, Bloomberg L\u00ednea            <\/p>\n\n\n\n<p>C<a href=\"http:\/\/www.energiesnet.com\/?_ga=2.118018377.1193969358.1646311552-1662412081.1646311552\">IUDAD DE M\u00c9XICO<\/a>            <br>EnergiesNet.com 16 01 2024               <\/p>\n\n\n\n<p>Claudia Sheinbaum, precandidata presidencial de Morena, PVEM y PT, abri\u00f3 la puerta al autoabasto el\u00e9ctrico como parte de la estrategia de transici\u00f3n energ\u00e9tica que implementar\u00eda en caso de llegar a la presidencia de M\u00e9xico en las elecciones del 2 de junio.<\/p>\n\n\n\n<p>El esquema de autoabasto gener\u00f3 \u201cmuch\u00edsimos\u201d problemas de ilegalidad y problemas t\u00e9cnicos en la red de transmisi\u00f3n de energ\u00eda, dijo la pol\u00edtica mexicana tras participar en el Encuentro American Society 2024.<\/p>\n\n\n\n<p>\u201cPero el autoabasto bien hecho se puede hacer en el marco de la Ley\u201d, declar\u00f3.<\/p>\n\n\n\n<p>La exjefa de Gobierno de la Ciudad de M\u00e9xico coment\u00f3 que el pa\u00eds tiene que acelerar su transici\u00f3n energ\u00e9tica a trav\u00e9s de la Comisi\u00f3n Federal de Electricidad (CFE), la compa\u00f1\u00eda el\u00e9ctrica estatal, y las empresas privadas con reglas claras.<\/p>\n\n\n\n<p>Su declaraci\u00f3n aparece luego de a\u00f1os de cr\u00edticas por parte del presidente de M\u00e9xico, Andr\u00e9s Manuel L\u00f3pez Obrador (AMLO), quien ha calificado al modelo de autoabasto como un \u201cfraude\u201d hacia la empresa estatal CFE, en medio de una lucha judicial que ha tenido resultados mixtos.<\/p>\n\n\n\n<p>Directivos de CFE han presentado documentos que se\u00f1alan a las empresas productoras de energ\u00eda Naturgy, Enel e Iberdrola de tienen sociedades \u201csimuladas\u201d de hasta 76.000 empresas asociadas como Chedraui, Telmex, Grupo Modelo, Kimberly-Clark, Orbia, Oxxo, Femsa, Banamex, HSBC, entre otras.<\/p>\n\n\n\n<p>Las p\u00e9rdidas de CFE por el modelo de autoabasto ascienden a MXN$10.000 millones (US$500 millones) anuales, seg\u00fan su CEO, Manuel Bartlett D\u00edaz.<\/p>\n\n\n\n<p>En abril de 2022, la Suprema Corte de Justicia de la Naci\u00f3n desech\u00f3 una acci\u00f3n de inconstitucionalidad en contra de la reforma el\u00e9ctrica de AMLO que abarcaba temas como el despacho el\u00e9ctrico y el autoabasto.<\/p>\n\n\n\n<p>\u201cYa se declar\u00f3 c\u00f3mo fraude legal el llamado autoabasto\u201d, declar\u00f3 AMLO en su conferencia del 28 de febrero de 2023.<\/p>\n\n\n\n<p>La figura del autoabasto naci\u00f3 en el sexenio del expresidente Carlos Salinas de Gortari en 1992 y se extingui\u00f3 con la reforma energ\u00e9tica de 2013, pero la Comisi\u00f3n Reguladora de Energ\u00eda (CRE) entonces presidida por Guillermo Garc\u00eda Alcocer sigui\u00f3 emitiendo permisos de autoabasto hasta 2019.<\/p>\n\n\n\n<p>Sheinbaum espera que se conecten el sistema interconectado nacional con el de la pen\u00ednsula de Baja California con el parque solar de Puerto Pe\u00f1asco.<\/p>\n\n\n\n<p>Incluso la energ\u00eda renovable que se utilice en los parques industriales del Corredor Interoce\u00e1nico.<\/p>\n\n\n\n<p>\u201cLa visi\u00f3n es acelerar la transici\u00f3n energ\u00e9tica en un marco en donde quede claro la inversi\u00f3n p\u00fablica y la inversi\u00f3n privada en los esquemas que se tengan que generar dentro del marco del sistema interconectado\u201d, dijo.<\/p>\n\n\n\n<p><\/p>\n\n\n\n<h2 class=\"wp-block-heading has-medium-font-size\"><strong>S\u00ed a Tesla, pero sin quitar agua para consumo<\/strong><\/h2>\n\n\n\n<p><\/p>\n\n\n\n<p>La precandidata tambi\u00e9n dijo que su movimiento quiere la inversi\u00f3n de Tesla en Nuevo Le\u00f3n, pero que al mismo tiempo la empresa de Elon Musk \u201cno le quite agua al consumo humano ni a la producci\u00f3n de alimentos\u201d.<\/p>\n\n\n\n<p>\u201cEse es el reto que se desarrolla a partir del <em>nearshoring<\/em>\u201d, coment\u00f3 la ex jefa de Gobierno de la Ciudad de M\u00e9xico.<\/p>\n\n\n\n<p>bloomberglinea.com 15 01 2024<\/p>\n","protected":false},"excerpt":{"rendered":"<p>Arturo Sol\u00eds, Bloomberg L\u00ednea CIUDAD DE M\u00c9XICO EnergiesNet.com 16 01 2024 Claudia Sheinbaum, precandidata presidencial de Morena, PVEM y PT, abri\u00f3 la puerta al autoabasto el\u00e9ctrico como parte de la estrategia de transici\u00f3n energ\u00e9tica que implementar\u00eda en caso de llegar a la presidencia de M\u00e9xico en las elecciones del 2 de junio. El esquema de &hellip;<\/p>\n<p class=\"read-more\"> <a class=\"\" href=\"https:\/\/energiesnet.com\/espanol\/claudia-sheinbaum-abre-la-puerta-al-autoabasto-electrico-pese-a-criticas-de-amlo-bloomberg-linea\/\"> <span class=\"screen-reader-text\">Claudia Sheinbaum abre la puerta al autoabasto el\u00e9ctrico pese a cr\u00edticas de AMLO &#8211; Bloomberg L\u00ednea<\/span> Leer m\u00e1s &raquo;<\/a><\/p>\n","protected":false},"author":2,"featured_media":19803,"comment_status":"open","ping_status":"open","sticky":false,"template":"","format":"standard","meta":{"_monsterinsights_skip_tracking":false,"_monsterinsights_sitenote_active":false,"_monsterinsights_sitenote_note":"","_monsterinsights_sitenote_category":0,"site-sidebar-layout":"default","site-content-layout":"default","ast-global-header-display":"","ast-main-header-display":"","ast-hfb-above-header-display":"","ast-hfb-below-header-display":"","ast-hfb-mobile-header-display":"","site-post-title":"","ast-breadcrumbs-content":"","ast-featured-img":"","footer-sml-layout":"","theme-transparent-header-meta":"","adv-header-id-meta":"","stick-header-meta":"","header-above-stick-meta":"","header-main-stick-meta":"","header-below-stick-meta":"","footnotes":""},"categories":[30],"tags":[134,3045,2166,109,906],"class_list":["post-19802","post","type-post","status-publish","format-standard","has-post-thumbnail","hentry","category-top-news","tag-amlo","tag-capital-privado","tag-claudia-sheinbaum","tag-mexico","tag-transicion-energetica-2"],"aioseo_notices":[],"_links":{"self":[{"href":"https:\/\/energiesnet.com\/espanol\/wp-json\/wp\/v2\/posts\/19802","targetHints":{"allow":["GET"]}}],"collection":[{"href":"https:\/\/energiesnet.com\/espanol\/wp-json\/wp\/v2\/posts"}],"about":[{"href":"https:\/\/energiesnet.com\/espanol\/wp-json\/wp\/v2\/types\/post"}],"author":[{"embeddable":true,"href":"https:\/\/energiesnet.com\/espanol\/wp-json\/wp\/v2\/users\/2"}],"replies":[{"embeddable":true,"href":"https:\/\/energiesnet.com\/espanol\/wp-json\/wp\/v2\/comments?post=19802"}],"version-history":[{"count":0,"href":"https:\/\/energiesnet.com\/espanol\/wp-json\/wp\/v2\/posts\/19802\/revisions"}],"wp:featuredmedia":[{"embeddable":true,"href":"https:\/\/energiesnet.com\/espanol\/wp-json\/wp\/v2\/media\/19803"}],"wp:attachment":[{"href":"https:\/\/energiesnet.com\/espanol\/wp-json\/wp\/v2\/media?parent=19802"}],"wp:term":[{"taxonomy":"category","embeddable":true,"href":"https:\/\/energiesnet.com\/espanol\/wp-json\/wp\/v2\/categories?post=19802"},{"taxonomy":"post_tag","embeddable":true,"href":"https:\/\/energiesnet.com\/espanol\/wp-json\/wp\/v2\/tags?post=19802"}],"curies":[{"name":"wp","href":"https:\/\/api.w.org\/{rel}","templated":true}]}}