{"id":19809,"date":"2024-01-17T04:51:32","date_gmt":"2024-01-17T08:51:32","guid":{"rendered":"https:\/\/energiesnet.com\/espanol\/?p=19809"},"modified":"2024-01-17T04:51:35","modified_gmt":"2024-01-17T08:51:35","slug":"gustavo-petro-colombia-no-tendra-nuevos-contratos-de-exploracion-de-petroleo-gas-y-carbon-valora","status":"publish","type":"post","link":"https:\/\/energiesnet.com\/espanol\/gustavo-petro-colombia-no-tendra-nuevos-contratos-de-exploracion-de-petroleo-gas-y-carbon-valora\/","title":{"rendered":"Gustavo Petro: Colombia no tendr\u00e1 nuevos contratos de exploraci\u00f3n de petr\u00f3leo, gas y carb\u00f3n &#8211; Valora"},"content":{"rendered":"\n<figure class=\"wp-block-image size-full is-resized\"><img fetchpriority=\"high\" decoding=\"async\" width=\"600\" height=\"400\" src=\"https:\/\/energiesnet.com\/espanol\/wp-content\/uploads\/2024\/01\/petro_horacio_villalobos_corbis.jpg\" alt=\"Petro reitera: Colombia no tendr\u00e1 nuevos contratos de exploraci\u00f3n de petr\u00f3leo, gas y carb\u00f3n.(Horacio Villalobos\/Corbis)\" class=\"wp-image-19810\" style=\"aspect-ratio:1.5;width:602px;height:auto\" srcset=\"https:\/\/energiesnet.com\/espanol\/wp-content\/uploads\/2024\/01\/petro_horacio_villalobos_corbis.jpg 600w, https:\/\/energiesnet.com\/espanol\/wp-content\/uploads\/2024\/01\/petro_horacio_villalobos_corbis-300x200.jpg 300w\" sizes=\"(max-width: 600px) 100vw, 600px\" \/><figcaption class=\"wp-element-caption\">Petro reitera: Colombia no tendr\u00e1 nuevos contratos de exploraci\u00f3n de petr\u00f3leo, gas y carb\u00f3n.(<a href=\"https:\/\/www.google.com\/url?sa=i&amp;url=https%3A%2F%2Fencrypted-tbn2.gstatic.com%2Flicensed-image%3Fq%3Dtbn%3AANd9GcQWbNugD-mI39JhMUbMrWL3l5A9QL8DwGvnqBmvuHQvom6Taj8JnR7_fbU7bxhr9uLE6tZOl1BcWMP47sk&amp;psig=AOvVaw3fLDe0WkvDOpilXODYxsJR&amp;ust=1705567180822000&amp;source=images&amp;cd=vfe&amp;ved=0CBMQjhxqFwoTCPiNyIGD5IMDFQAAAAAdAAAAABAE\" target=\"_blank\" rel=\"noreferrer noopener\">Horacio Villalobos\/Corbis<\/a>)<\/figcaption><\/figure>\n\n\n\n<p>Yennyfer Sandoval, Valora Analitik          <\/p>\n\n\n\n<p>BOGOT\u00c1           <br>EnergiesNet.com 17 01 2024        <\/p>\n\n\n\n<p>El presidente de Colombia, Gustavo Petro Urrego, en una de sus declaraciones a medios en el marco del Foro Econ\u00f3mico Mundial -en Davos, Suiza- reiter\u00f3 la decisi\u00f3n del Gobierno Nacional de no contratar nuevas exploraciones de petr\u00f3leo, gas y carb\u00f3n, pese a las peticiones y alertas que le ha hecho el<strong> <\/strong>sector energ\u00e9tico.<\/p>\n\n\n\n<p>\u201cColombia, por ejemplo, ha decidido no contratar m\u00e1s exploraciones de petr\u00f3leo, gas, carb\u00f3n e hidrocarburos en general, como un efecto de demostraci\u00f3n sobre la necesidad que tenemos en nuestra econom\u00eda mundial de descarbonizarla que es mucho m\u00e1s complejo en Estados Unidos, la Uni\u00f3n Europea o China\u201d, manifest\u00f3 el mandatario.<\/p>\n\n\n\n<p>De acuerdo con el presidente Petro, adicionalmente, su Gobierno quiere mostrar \u201cformas alternativas de sentido de la vida, de intensidad de la vida, en un mundo descarbonizado y esa posibilidad est\u00e1 precisamente en la relaci\u00f3n con la naturaleza\u201d.<\/p>\n\n\n\n<p>Cabe recordar que, en su participaci\u00f3n en la COP28, <a href=\"https:\/\/www.valoraanalitik.com\/tag\/gustavo-petro\/\" target=\"_blank\" rel=\"noreferrer noopener\">el presidente de Colombia, Gustavo Petro,<\/a>\u00a0se ha referido en varias oportunidades a la necesidad de reemplazar los combustibles f\u00f3siles en el planeta.\u00a0Y en esta oportunidad agreg\u00f3 que el pa\u00eds\u00a0ya ha dejado de firmar nuevos contratos en materia de exploraci\u00f3n de petr\u00f3leo, carb\u00f3n e hidrocarburos.<\/p>\n\n\n\n<p>\u201cHay una tendencia en el mundo hacia ese objetivo, la idea del petr\u00f3leo, del carbono cero, la idea de petr\u00f3leo cero,\u00a0que sobrevive en tanto explotaci\u00f3n y en tanto venta del petr\u00f3leo, pero que quiere equilibrar la carga con otro tipo de ayudas econ\u00f3micas, de emisiones verdes, de tasas carb\u00f3n, etc\u00e9tera\u201d, resalt\u00f3 el mandatario.<\/p>\n\n\n\n<p>Al respecto agreg\u00f3 que \u201cotros pensar\u00edamos que es que el mundo ya se est\u00e1 moviendo y que ya es evidente que no se puede vivir del petr\u00f3leo y que por tanto pa\u00edses netamente\u00a0petroleros tienen que hacer una transici\u00f3n dura, pero inteligente y racional hacia c\u00f3mo vivir sin el petr\u00f3leo y sin el carb\u00f3n\u201d.<\/p>\n\n\n\n<p>\u201cColombia ha dejado de firmar contratos de exploraci\u00f3n de carb\u00f3n, petr\u00f3leo y gas. Colombia ha desmantelado el subsidio a la gasolina y propendemos por la prohibici\u00f3n mundial del fracking;\u00a0ha alcanzado un 70 % de su matriz energ\u00e9tica limpia; ha aportado disminuyendo la deforestaci\u00f3n de su selva amaz\u00f3nica en un 70 % con sus propios recursos\u201d, dijo el presidente.<\/p>\n\n\n\n<p>Petro argument\u00f3 que el hecho de estar sentado en la mesa de discusi\u00f3n de Dub\u00e1i solicitando firmar un tratado de no proliferaci\u00f3n de combustibles f\u00f3siles en el mundo, le trae muchos contradictores, incluso, en la sociedad colombiana. \u201cMuchos dir\u00edan\u00a0\u00bfc\u00f3mo se le ocurre al presidente de ese pa\u00eds producir un suicidio econ\u00f3mico, dado que nosotros dependemos del petr\u00f3leo y del carb\u00f3n?\u201d.<\/p>\n\n\n\n<p>valoraanalitik.com 16 01 2024<\/p>\n","protected":false},"excerpt":{"rendered":"<p>Yennyfer Sandoval, Valora Analitik BOGOT\u00c1 EnergiesNet.com 17 01 2024 El presidente de Colombia, Gustavo Petro Urrego, en una de sus declaraciones a medios en el marco del Foro Econ\u00f3mico Mundial -en Davos, Suiza- reiter\u00f3 la decisi\u00f3n del Gobierno Nacional de no contratar nuevas exploraciones de petr\u00f3leo, gas y carb\u00f3n, pese a las peticiones y alertas &hellip;<\/p>\n<p class=\"read-more\"> <a class=\"\" href=\"https:\/\/energiesnet.com\/espanol\/gustavo-petro-colombia-no-tendra-nuevos-contratos-de-exploracion-de-petroleo-gas-y-carbon-valora\/\"> <span class=\"screen-reader-text\">Gustavo Petro: Colombia no tendr\u00e1 nuevos contratos de exploraci\u00f3n de petr\u00f3leo, gas y carb\u00f3n &#8211; Valora<\/span> Leer m\u00e1s &raquo;<\/a><\/p>\n","protected":false},"author":2,"featured_media":19810,"comment_status":"open","ping_status":"open","sticky":false,"template":"","format":"standard","meta":{"_monsterinsights_skip_tracking":false,"_monsterinsights_sitenote_active":false,"_monsterinsights_sitenote_note":"","_monsterinsights_sitenote_category":0,"site-sidebar-layout":"default","site-content-layout":"default","ast-global-header-display":"","ast-main-header-display":"","ast-hfb-above-header-display":"","ast-hfb-below-header-display":"","ast-hfb-mobile-header-display":"","site-post-title":"","ast-breadcrumbs-content":"","ast-featured-img":"","footer-sml-layout":"","theme-transparent-header-meta":"","adv-header-id-meta":"","stick-header-meta":"","header-above-stick-meta":"","header-main-stick-meta":"","header-below-stick-meta":"","footnotes":""},"categories":[30],"tags":[311,209,103,273],"class_list":["post-19809","post","type-post","status-publish","format-standard","has-post-thumbnail","hentry","category-top-news","tag-cambio-climatico","tag-colombia","tag-energia","tag-gustavo-petro"],"aioseo_notices":[],"_links":{"self":[{"href":"https:\/\/energiesnet.com\/espanol\/wp-json\/wp\/v2\/posts\/19809","targetHints":{"allow":["GET"]}}],"collection":[{"href":"https:\/\/energiesnet.com\/espanol\/wp-json\/wp\/v2\/posts"}],"about":[{"href":"https:\/\/energiesnet.com\/espanol\/wp-json\/wp\/v2\/types\/post"}],"author":[{"embeddable":true,"href":"https:\/\/energiesnet.com\/espanol\/wp-json\/wp\/v2\/users\/2"}],"replies":[{"embeddable":true,"href":"https:\/\/energiesnet.com\/espanol\/wp-json\/wp\/v2\/comments?post=19809"}],"version-history":[{"count":0,"href":"https:\/\/energiesnet.com\/espanol\/wp-json\/wp\/v2\/posts\/19809\/revisions"}],"wp:featuredmedia":[{"embeddable":true,"href":"https:\/\/energiesnet.com\/espanol\/wp-json\/wp\/v2\/media\/19810"}],"wp:attachment":[{"href":"https:\/\/energiesnet.com\/espanol\/wp-json\/wp\/v2\/media?parent=19809"}],"wp:term":[{"taxonomy":"category","embeddable":true,"href":"https:\/\/energiesnet.com\/espanol\/wp-json\/wp\/v2\/categories?post=19809"},{"taxonomy":"post_tag","embeddable":true,"href":"https:\/\/energiesnet.com\/espanol\/wp-json\/wp\/v2\/tags?post=19809"}],"curies":[{"name":"wp","href":"https:\/\/api.w.org\/{rel}","templated":true}]}}