{"id":20576,"date":"2024-03-07T03:33:57","date_gmt":"2024-03-07T07:33:57","guid":{"rendered":"https:\/\/energiesnet.com\/espanol\/?p=20576"},"modified":"2024-03-07T03:34:00","modified_gmt":"2024-03-07T07:34:00","slug":"ajuste-en-el-valor-de-activos-impacta-en-resultado-negativo-de-ypf-bloomberg-linea","status":"publish","type":"post","link":"https:\/\/energiesnet.com\/espanol\/ajuste-en-el-valor-de-activos-impacta-en-resultado-negativo-de-ypf-bloomberg-linea\/","title":{"rendered":"Ajuste en el valor de activos impacta en resultado negativo de YPF &#8211; Bloomberg L\u00ednea"},"content":{"rendered":"\n<figure class=\"wp-block-image size-full\"><img fetchpriority=\"high\" decoding=\"async\" width=\"600\" height=\"400\" src=\"https:\/\/energiesnet.com\/espanol\/wp-content\/uploads\/2024\/03\/ypf_logo_tower_bloo.jpg\" alt=\"Los ingresos cayeron \u201cpor menores ventas estacionales de gas\u201d y por le impacto \u201cde la devaluaci\u00f3n discreta a fines de 2023\u2033, seg\u00fan explic\u00f3 la compa\u00f1\u00eda\" class=\"wp-image-20578\" srcset=\"https:\/\/energiesnet.com\/espanol\/wp-content\/uploads\/2024\/03\/ypf_logo_tower_bloo.jpg 600w, https:\/\/energiesnet.com\/espanol\/wp-content\/uploads\/2024\/03\/ypf_logo_tower_bloo-300x200.jpg 300w\" sizes=\"(max-width: 600px) 100vw, 600px\" \/><figcaption class=\"wp-element-caption\">Los ingresos cayeron \u201cpor menores ventas estacionales de gas\u201d y por le impacto \u201cde la devaluaci\u00f3n discreta a fines de 2023\u2033, seg\u00fan explic\u00f3 la compa\u00f1\u00eda. Photographer: Anita Pouchard Serra\/Bloomberg<\/figcaption><\/figure>\n\n\n\n<p class=\"wp-block-paragraph\">Mariano Espina, Bloomberg L\u00ednea                      <\/p>\n\n\n\n<p class=\"wp-block-paragraph\">BUENOS AIRES             <br>EnergiesNet.com 07 03 2024                <\/p>\n\n\n\n<p class=\"wp-block-paragraph\">La decisi\u00f3n de YPF SA (<a href=\"https:\/\/www.bloomberglinea.com\/quote\/YPF:UN\/\" target=\"_blank\" rel=\"noreferrer noopener\">YPF<\/a>) de <a href=\"https:\/\/www.bloomberglinea.com\/latinoamerica\/argentina\/resultados-de-ypf-datos-clave-a-la-hora-de-evaluar-el-balance-del-cuarto-trimestre-2023\/\" target=\"_blank\" rel=\"noreferrer noopener\">realizar un ajuste contable de US$1.800 millones <\/a>en la valuaci\u00f3n de 55 campos maduros, que la empresa buscar\u00e1 revertir sus concesiones a las provincias o vender, impact\u00f3 en los resultados financieros del \u00faltimo trimestre del 2023 presentados este mi\u00e9rcoles, en el que se registran p\u00e9rdidas de US$1.861 millones durante ese per\u00edodo y de US$1.277 millones durante el 2023.<\/p>\n\n\n\n<p class=\"wp-block-paragraph\">La compa\u00f1\u00eda, que tiene al Estado Nacional como principal accionista, invirti\u00f3 US$5.684 millones durante el 2023, por encima de los US$5.000 millones proyectados \u201ccomo consecuencia de mayores costos medidos en d\u00f3lares, alcanzando la actividad prevista inicialmente\u201d. El 67% de las inversiones totales se destinaron a bloques no convencionales de <a href=\"https:\/\/www.bloomberglinea.com\/tags\/vaca-muerta\/\" target=\"_blank\" rel=\"noreferrer noopener\">Vaca Muerta<\/a>, bloques donde lidera en los rubros de producci\u00f3n de gas y petr\u00f3leo y hacia donde el nuevo presidente, Horacio Mar\u00edn, <a href=\"https:\/\/www.bloomberglinea.com\/2024\/02\/07\/ypf-planea-venta-de-campos-convencionales-y-empresas-para-centrarse-en-vaca-muerta\/\" target=\"_blank\" rel=\"noreferrer noopener\">busca volcar m\u00e1s inversiones.<\/a><\/p>\n\n\n\n<p class=\"wp-block-paragraph\">Los ingresos de la empresa durante el cuarto trimestre del 2023 alcanzaron los US$4.194, debajo de los US$4.500 millones estimados por Bloomberg. Implica una ca\u00edda del 7% respecto al tercer trimestre del 2023 y del 10% respecto al cuarto trimestre del 2022.<\/p>\n\n\n\n<p class=\"wp-block-paragraph\">En el acumulado de todo el a\u00f1o, los ingresos alcanzaron los US$17.331 millones, 8% por debajo de las cifras de 2022.<\/p>\n\n\n\n<p class=\"wp-block-paragraph\">La empresa argument\u00f3 la ca\u00edda trimestre por trimestre de los ingresos \u201cpor menores ventas estacionales de gas y el impacto de la devaluaci\u00f3n discreta a fines de 2023 en las subsidiarias cuya moneda funcional es el peso argentino\u201d, que fue \u201cparcialmente compensados por mayores precios locales de combustibles medidos en d\u00f3lares y demanda r\u00e9cord de nafta\u201d.<\/p>\n\n\n\n<p class=\"wp-block-paragraph\">El EBITDA ajustado alcanz\u00f3 los US$4.058 millones, 18% por debajo que el mismo per\u00edodo en 2022. La empresa lo justific\u00f3 en \u201cmenores precios locales de combustibles medidos en d\u00f3lares, una tendencia bajista en los precios de otros productos refinados y mayores costos operativos\u201d.<\/p>\n\n\n\n<p class=\"wp-block-paragraph\">\u201cEl flujo de caja libre fue negativo por US$740 millones en 2023 y levemente negativo por US$60 millones en el cuarto trimestre del a\u00f1o, este \u00faltimo por la suba secuencial del EBITDA y variaci\u00f3n positiva de capital de trabajo, parcialmente compensadas por la ejecuci\u00f3n del plan de inversiones\u201d, se\u00f1al\u00f3 el informe de la compa\u00f1\u00eda. Eso, agreg\u00f3, llev\u00f3 la deuda neta a US$6.803 millones y un ratio de apalancamiento neto a 1,7x.<\/p>\n\n\n\n<p class=\"wp-block-paragraph\"><\/p>\n\n\n\n<p class=\"has-medium-font-size wp-block-paragraph\"><strong>Producci\u00f3n de gas y petr\u00f3leo<\/strong><\/p>\n\n\n\n<p class=\"wp-block-paragraph\"><\/p>\n\n\n\n<p class=\"wp-block-paragraph\">La producci\u00f3n de YPF alcanz\u00f3 en el \u00faltimo trimestre del a\u00f1o los 255,1 mil barriles de petr\u00f3leo por d\u00eda, un aumento trimestral del 7% e interanual del 10%, mientras que en el 2023 la producci\u00f3n de crudo promedi\u00f3 los 242,9 mil barriles por d\u00eda, 7% por encima que el 2022.<\/p>\n\n\n\n<p class=\"wp-block-paragraph\">En gas, YPF produjo 34,4 millones de metros c\u00fabicos diarios en el cuarto trimestre del 2023, 8% menos que en el trimestre anterior y 4% menos que en el cuarto trimestre del 2022. En 2023, la producci\u00f3n de gas promedi\u00f3 los 36,2 millones de metros c\u00fabicos diarios, un aumento del 7% respecto al 2022.<\/p>\n\n\n\n<p class=\"wp-block-paragraph\">En la actividad no convencional, la producci\u00f3n de petr\u00f3leo mostr\u00f3 un crecimiento anual del 27% mientras que la de gas no convencional aument\u00f3 un 8%. \u201cEn el \u00faltimo trimestre del a\u00f1o, la mitad de la producci\u00f3n de YPF provino del no convencional\u201d, dice el informe.<\/p>\n\n\n\n<p class=\"wp-block-paragraph\"><\/p>\n\n\n\n<p class=\"has-medium-font-size wp-block-paragraph\"><strong>Mirada de un analista<\/strong><\/p>\n\n\n\n<p class=\"wp-block-paragraph\"><\/p>\n\n\n\n<p class=\"wp-block-paragraph\">Santiago Ruiz Gui\u00f1az\u00fa, Head of Equity de Adcap Grupo Financiero, ratific\u00f3 que la revaluaci\u00f3n de activos fue el factor que \u201cgener\u00f3 una p\u00e9rdida a nivel operativo de US$1.800 millones\u201d.<\/p>\n\n\n\n<p class=\"wp-block-paragraph\">\u201cEsto lo que significa es que la empresa est\u00e1 dejando de lado \u00e1reas que tienen un retorno sobre la inversi\u00f3n, que est\u00e1 llegando a un l\u00edmite, y al dejar de lado estas \u00e1reas, pasar\u00e1 a focalizarse en \u00e1reas que tienen mucho mejor retorno sobre la inversi\u00f3n (Vaca Muerta)\u201d, explic\u00f3 el analista financiero. \u201cEl efecto inmediato es una p\u00e9rdida en el estado de resultados a nivel operativo, pero que hacia adelante deber\u00edan mejorar las perspectivas\u201d, agreg\u00f3.<\/p>\n\n\n\n<p class=\"wp-block-paragraph\">Seg\u00fan Ruiz Gui\u00f1az\u00fa, \u201clos resultados nos parecen que no son malos, pero tampoco son una maravilla, y que son m\u00e1s bien resultados de transici\u00f3n\u201d. Hacia adelante, en lo que ser\u00e1 la gesti\u00f3n de Mar\u00edn, \u201cva a ser importante ver la capacidad que tiene la empresa para generar flujo de caja positivo\u201d.<\/p>\n\n\n\n<p class=\"wp-block-paragraph\">blooberg.com 06 03 2024<\/p>\n","protected":false},"excerpt":{"rendered":"<p>Mariano Espina, Bloomberg L\u00ednea BUENOS AIRES EnergiesNet.com 07 03 2024 La decisi\u00f3n de YPF SA (YPF) de realizar un ajuste contable de US$1.800 millones en la valuaci\u00f3n de 55 campos maduros, que la empresa buscar\u00e1 revertir sus concesiones a las provincias o vender, impact\u00f3 en los resultados financieros del \u00faltimo trimestre del 2023 presentados este &hellip;<\/p>\n<p class=\"read-more\"> <a class=\"\" href=\"https:\/\/energiesnet.com\/espanol\/ajuste-en-el-valor-de-activos-impacta-en-resultado-negativo-de-ypf-bloomberg-linea\/\"> <span class=\"screen-reader-text\">Ajuste en el valor de activos impacta en resultado negativo de YPF &#8211; Bloomberg L\u00ednea<\/span> Leer m\u00e1s &raquo;<\/a><\/p>\n","protected":false},"author":2,"featured_media":20578,"comment_status":"open","ping_status":"open","sticky":false,"template":"","format":"standard","meta":{"_monsterinsights_skip_tracking":false,"site-sidebar-layout":"default","site-content-layout":"default","ast-global-header-display":"","ast-main-header-display":"","ast-hfb-above-header-display":"","ast-hfb-below-header-display":"","ast-hfb-mobile-header-display":"","site-post-title":"","ast-breadcrumbs-content":"","ast-featured-img":"","footer-sml-layout":"","theme-transparent-header-meta":"","adv-header-id-meta":"","stick-header-meta":"","header-above-stick-meta":"","header-main-stick-meta":"","header-below-stick-meta":"","footnotes":""},"categories":[30],"tags":[262,105,101,3332,862],"class_list":["post-20576","post","type-post","status-publish","format-standard","has-post-thumbnail","hentry","category-top-news","tag-argentina","tag-gas","tag-petroleo","tag-vaca-muerta-javier-milei","tag-ypf"],"aioseo_notices":[],"aioseo_head":"\n\t\t<!-- All in One SEO 5.0.1.1 - aioseo.com -->\n\t<meta name=\"description\" content=\"Mariano Espina, Bloomberg L\u00ednea BUENOS AIRES EnergiesNet.com 07 03 2024 La decisi\u00f3n de YPF SA (YPF) de realizar un ajuste contable de US$1.800 millones en la valuaci\u00f3n de 55 campos maduros, que la empresa buscar\u00e1 revertir sus concesiones a las provincias o vender, impact\u00f3 en los resultados financieros del \u00faltimo trimestre del 2023 presentados este\" \/>\n\t<meta name=\"robots\" content=\"max-image-preview:large\" \/>\n\t<meta name=\"author\" content=\"EnergiesNet\"\/>\n\t<link rel=\"canonical\" href=\"https:\/\/energiesnet.com\/espanol\/ajuste-en-el-valor-de-activos-impacta-en-resultado-negativo-de-ypf-bloomberg-linea\/\" \/>\n\t<meta name=\"generator\" content=\"All in One SEO (AIOSEO) 5.0.1.1\" \/>\n\t\t<meta property=\"og:locale\" content=\"es_ES\" \/>\n\t\t<meta property=\"og:site_name\" content=\"EnergiestNet - Latin America Energy, Oil ,  Gas &amp; Renewals\" \/>\n\t\t<meta property=\"og:type\" content=\"article\" \/>\n\t\t<meta property=\"og:title\" content=\"Ajuste en el valor de activos impacta en resultado negativo de YPF \u2013 Bloomberg L\u00ednea - EnergiestNet\" \/>\n\t\t<meta property=\"og:description\" content=\"Mariano Espina, Bloomberg L\u00ednea BUENOS AIRES EnergiesNet.com 07 03 2024 La decisi\u00f3n de YPF SA (YPF) de realizar un ajuste contable de US$1.800 millones en la valuaci\u00f3n de 55 campos maduros, que la empresa buscar\u00e1 revertir sus concesiones a las provincias o vender, impact\u00f3 en los resultados financieros del \u00faltimo trimestre del 2023 presentados este\" \/>\n\t\t<meta property=\"og:url\" content=\"https:\/\/energiesnet.com\/espanol\/ajuste-en-el-valor-de-activos-impacta-en-resultado-negativo-de-ypf-bloomberg-linea\/\" \/>\n\t\t<meta property=\"og:image\" content=\"https:\/\/energiesnet.com\/espanol\" \/>\n\t\t<meta property=\"og:image:secure_url\" content=\"https:\/\/energiesnet.com\/espanol\" \/>\n\t\t<meta property=\"article:published_time\" content=\"2024-03-07T07:33:57+00:00\" \/>\n\t\t<meta property=\"article:modified_time\" content=\"2024-03-07T07:34:00+00:00\" \/>\n\t\t<meta property=\"article:publisher\" content=\"https:\/\/www.facebook.com\/\/EnergiesNet\" \/>\n\t\t<meta name=\"twitter:card\" content=\"summary_large_image\" \/>\n\t\t<meta name=\"twitter:site\" content=\"@EnergiesNet1\" \/>\n\t\t<meta name=\"twitter:title\" content=\"Ajuste en el valor de activos impacta en resultado negativo de YPF \u2013 Bloomberg L\u00ednea - EnergiestNet\" \/>\n\t\t<meta name=\"twitter:description\" content=\"Mariano Espina, Bloomberg L\u00ednea BUENOS AIRES EnergiesNet.com 07 03 2024 La decisi\u00f3n de YPF SA (YPF) de realizar un ajuste contable de US$1.800 millones en la valuaci\u00f3n de 55 campos maduros, que la empresa buscar\u00e1 revertir sus concesiones a las provincias o vender, impact\u00f3 en los resultados financieros del \u00faltimo trimestre del 2023 presentados este\" \/>\n\t\t<meta name=\"twitter:creator\" content=\"@EnergiesNet1\" \/>\n\t\t<meta name=\"twitter:image\" content=\"https:\/\/energiesnet.com\/espanol\" \/>\n\t\t<script type=\"application\/ld+json\" class=\"aioseo-schema\">\n\t\t\t{\"@context\":\"https:\\\/\\\/schema.org\",\"@graph\":[{\"@type\":\"BlogPosting\",\"@id\":\"https:\\\/\\\/energiesnet.com\\\/espanol\\\/ajuste-en-el-valor-de-activos-impacta-en-resultado-negativo-de-ypf-bloomberg-linea\\\/#blogposting\",\"name\":\"Ajuste en el valor de activos impacta en resultado negativo de YPF \\u2013 Bloomberg L\\u00ednea - EnergiestNet\",\"headline\":\"Ajuste en el valor de activos impacta en resultado negativo de YPF &#8211; Bloomberg L\\u00ednea\",\"author\":{\"@id\":\"https:\\\/\\\/energiesnet.com\\\/espanol\\\/author\\\/elioohep\\\/#author\"},\"publisher\":{\"@id\":\"https:\\\/\\\/energiesnet.com\\\/espanol\\\/#organization\"},\"image\":{\"@type\":\"ImageObject\",\"url\":\"https:\\\/\\\/energiesnet.com\\\/espanol\\\/wp-content\\\/uploads\\\/2024\\\/03\\\/ypf_logo_tower_bloo.jpg\",\"width\":600,\"height\":400},\"datePublished\":\"2024-03-07T03:33:57-04:00\",\"dateModified\":\"2024-03-07T03:34:00-04:00\",\"inLanguage\":\"es-ES\",\"mainEntityOfPage\":{\"@id\":\"https:\\\/\\\/energiesnet.com\\\/espanol\\\/ajuste-en-el-valor-de-activos-impacta-en-resultado-negativo-de-ypf-bloomberg-linea\\\/#webpage\"},\"isPartOf\":{\"@id\":\"https:\\\/\\\/energiesnet.com\\\/espanol\\\/ajuste-en-el-valor-de-activos-impacta-en-resultado-negativo-de-ypf-bloomberg-linea\\\/#webpage\"},\"articleSection\":\"La Noticia, argentina, gas, petroleo, vaca muerta javier milei, ypf\"},{\"@type\":\"BreadcrumbList\",\"@id\":\"https:\\\/\\\/energiesnet.com\\\/espanol\\\/ajuste-en-el-valor-de-activos-impacta-en-resultado-negativo-de-ypf-bloomberg-linea\\\/#breadcrumblist\",\"itemListElement\":[{\"@type\":\"ListItem\",\"@id\":\"https:\\\/\\\/energiesnet.com\\\/espanol#listItem\",\"position\":1,\"name\":\"Inicio\",\"item\":\"https:\\\/\\\/energiesnet.com\\\/espanol\",\"nextItem\":{\"@type\":\"ListItem\",\"@id\":\"https:\\\/\\\/energiesnet.com\\\/espanol\\\/category\\\/top-news\\\/#listItem\",\"name\":\"La Noticia\"}},{\"@type\":\"ListItem\",\"@id\":\"https:\\\/\\\/energiesnet.com\\\/espanol\\\/category\\\/top-news\\\/#listItem\",\"position\":2,\"name\":\"La Noticia\",\"item\":\"https:\\\/\\\/energiesnet.com\\\/espanol\\\/category\\\/top-news\\\/\",\"nextItem\":{\"@type\":\"ListItem\",\"@id\":\"https:\\\/\\\/energiesnet.com\\\/espanol\\\/ajuste-en-el-valor-de-activos-impacta-en-resultado-negativo-de-ypf-bloomberg-linea\\\/#listItem\",\"name\":\"Ajuste en el valor de activos impacta en resultado negativo de YPF &#8211; Bloomberg L\\u00ednea\"},\"previousItem\":{\"@type\":\"ListItem\",\"@id\":\"https:\\\/\\\/energiesnet.com\\\/espanol#listItem\",\"name\":\"Inicio\"}},{\"@type\":\"ListItem\",\"@id\":\"https:\\\/\\\/energiesnet.com\\\/espanol\\\/ajuste-en-el-valor-de-activos-impacta-en-resultado-negativo-de-ypf-bloomberg-linea\\\/#listItem\",\"position\":3,\"name\":\"Ajuste en el valor de activos impacta en resultado negativo de YPF &#8211; Bloomberg L\\u00ednea\",\"previousItem\":{\"@type\":\"ListItem\",\"@id\":\"https:\\\/\\\/energiesnet.com\\\/espanol\\\/category\\\/top-news\\\/#listItem\",\"name\":\"La Noticia\"}}]},{\"@type\":\"Organization\",\"@id\":\"https:\\\/\\\/energiesnet.com\\\/espanol\\\/#organization\",\"name\":\"EnergiestNet\",\"description\":\"Latin America Energy, Oil ,  Gas & Renewals\",\"url\":\"https:\\\/\\\/energiesnet.com\\\/espanol\\\/\",\"telephone\":\"+584142763041\",\"logo\":{\"@type\":\"ImageObject\",\"url\":\"https:\\\/\\\/energiesnet.com\\\/espanol\\\/wp-content\\\/uploads\\\/2022\\\/12\\\/EnergiesNet-Logo-200.jpg\",\"@id\":\"https:\\\/\\\/energiesnet.com\\\/espanol\\\/ajuste-en-el-valor-de-activos-impacta-en-resultado-negativo-de-ypf-bloomberg-linea\\\/#organizationLogo\",\"width\":200,\"height\":220},\"image\":{\"@id\":\"https:\\\/\\\/energiesnet.com\\\/espanol\\\/ajuste-en-el-valor-de-activos-impacta-en-resultado-negativo-de-ypf-bloomberg-linea\\\/#organizationLogo\"},\"sameAs\":[\"https:\\\/\\\/www.facebook.com\\\/\\\/EnergiesNet\",\"https:\\\/\\\/twitter.com\\\/EnergiesNet1\",\"https:\\\/\\\/www.instagram.com\\\/energiesnet\\\/\",\"https:\\\/\\\/linkedin.com\\\/in\\\/elio-ohep-a465b78\"]},{\"@type\":\"Person\",\"@id\":\"https:\\\/\\\/energiesnet.com\\\/espanol\\\/author\\\/elioohep\\\/#author\",\"url\":\"https:\\\/\\\/energiesnet.com\\\/espanol\\\/author\\\/elioohep\\\/\",\"name\":\"EnergiesNet\",\"image\":{\"@type\":\"ImageObject\",\"@id\":\"https:\\\/\\\/energiesnet.com\\\/espanol\\\/ajuste-en-el-valor-de-activos-impacta-en-resultado-negativo-de-ypf-bloomberg-linea\\\/#authorImage\",\"url\":\"https:\\\/\\\/secure.gravatar.com\\\/avatar\\\/5412deb1089370e2bdf1d1310563df78bf3dc9f9e388ca5748bced95cfdb664b?s=96&d=mm&r=g\",\"width\":96,\"height\":96,\"caption\":\"EnergiesNet\"}},{\"@type\":\"WebPage\",\"@id\":\"https:\\\/\\\/energiesnet.com\\\/espanol\\\/ajuste-en-el-valor-de-activos-impacta-en-resultado-negativo-de-ypf-bloomberg-linea\\\/#webpage\",\"url\":\"https:\\\/\\\/energiesnet.com\\\/espanol\\\/ajuste-en-el-valor-de-activos-impacta-en-resultado-negativo-de-ypf-bloomberg-linea\\\/\",\"name\":\"Ajuste en el valor de activos impacta en resultado negativo de YPF \\u2013 Bloomberg L\\u00ednea - EnergiestNet\",\"description\":\"Mariano Espina, Bloomberg L\\u00ednea BUENOS AIRES EnergiesNet.com 07 03 2024 La decisi\\u00f3n de YPF SA (YPF) de realizar un ajuste contable de US$1.800 millones en la valuaci\\u00f3n de 55 campos maduros, que la empresa buscar\\u00e1 revertir sus concesiones a las provincias o vender, impact\\u00f3 en los resultados financieros del \\u00faltimo trimestre del 2023 presentados este\",\"inLanguage\":\"es-ES\",\"isPartOf\":{\"@id\":\"https:\\\/\\\/energiesnet.com\\\/espanol\\\/#website\"},\"breadcrumb\":{\"@id\":\"https:\\\/\\\/energiesnet.com\\\/espanol\\\/ajuste-en-el-valor-de-activos-impacta-en-resultado-negativo-de-ypf-bloomberg-linea\\\/#breadcrumblist\"},\"author\":{\"@id\":\"https:\\\/\\\/energiesnet.com\\\/espanol\\\/author\\\/elioohep\\\/#author\"},\"creator\":{\"@id\":\"https:\\\/\\\/energiesnet.com\\\/espanol\\\/author\\\/elioohep\\\/#author\"},\"image\":{\"@type\":\"ImageObject\",\"url\":\"https:\\\/\\\/energiesnet.com\\\/espanol\\\/wp-content\\\/uploads\\\/2024\\\/03\\\/ypf_logo_tower_bloo.jpg\",\"@id\":\"https:\\\/\\\/energiesnet.com\\\/espanol\\\/ajuste-en-el-valor-de-activos-impacta-en-resultado-negativo-de-ypf-bloomberg-linea\\\/#mainImage\",\"width\":600,\"height\":400},\"primaryImageOfPage\":{\"@id\":\"https:\\\/\\\/energiesnet.com\\\/espanol\\\/ajuste-en-el-valor-de-activos-impacta-en-resultado-negativo-de-ypf-bloomberg-linea\\\/#mainImage\"},\"datePublished\":\"2024-03-07T03:33:57-04:00\",\"dateModified\":\"2024-03-07T03:34:00-04:00\"},{\"@type\":\"WebSite\",\"@id\":\"https:\\\/\\\/energiesnet.com\\\/espanol\\\/#website\",\"url\":\"https:\\\/\\\/energiesnet.com\\\/espanol\\\/\",\"name\":\"EnergiestNet\",\"description\":\"Latin America Energy, Oil ,  Gas & Renewals\",\"inLanguage\":\"es-ES\",\"publisher\":{\"@id\":\"https:\\\/\\\/energiesnet.com\\\/espanol\\\/#organization\"}}]}\n\t\t<\/script>\n\t\t<!-- All in One SEO -->\n\n","aioseo_head_json":{"title":"Ajuste en el valor de activos impacta en resultado negativo de YPF \u2013 Bloomberg L\u00ednea - EnergiestNet","description":"Mariano Espina, Bloomberg L\u00ednea BUENOS AIRES EnergiesNet.com 07 03 2024 La decisi\u00f3n de YPF SA (YPF) de realizar un ajuste contable de US$1.800 millones en la valuaci\u00f3n de 55 campos maduros, que la empresa buscar\u00e1 revertir sus concesiones a las provincias o vender, impact\u00f3 en los resultados financieros del \u00faltimo trimestre del 2023 presentados este","canonical_url":"https:\/\/energiesnet.com\/espanol\/ajuste-en-el-valor-de-activos-impacta-en-resultado-negativo-de-ypf-bloomberg-linea\/","robots":"max-image-preview:large","keywords":"","webmasterTools":{"miscellaneous":""},"schema":{"@context":"https:\/\/schema.org","@graph":[{"@type":"BlogPosting","@id":"https:\/\/energiesnet.com\/espanol\/ajuste-en-el-valor-de-activos-impacta-en-resultado-negativo-de-ypf-bloomberg-linea\/#blogposting","name":"Ajuste en el valor de activos impacta en resultado negativo de YPF \u2013 Bloomberg L\u00ednea - EnergiestNet","headline":"Ajuste en el valor de activos impacta en resultado negativo de YPF &#8211; Bloomberg L\u00ednea","author":{"@id":"https:\/\/energiesnet.com\/espanol\/author\/elioohep\/#author"},"publisher":{"@id":"https:\/\/energiesnet.com\/espanol\/#organization"},"image":{"@type":"ImageObject","url":"https:\/\/energiesnet.com\/espanol\/wp-content\/uploads\/2024\/03\/ypf_logo_tower_bloo.jpg","width":600,"height":400},"datePublished":"2024-03-07T03:33:57-04:00","dateModified":"2024-03-07T03:34:00-04:00","inLanguage":"es-ES","mainEntityOfPage":{"@id":"https:\/\/energiesnet.com\/espanol\/ajuste-en-el-valor-de-activos-impacta-en-resultado-negativo-de-ypf-bloomberg-linea\/#webpage"},"isPartOf":{"@id":"https:\/\/energiesnet.com\/espanol\/ajuste-en-el-valor-de-activos-impacta-en-resultado-negativo-de-ypf-bloomberg-linea\/#webpage"},"articleSection":"La Noticia, argentina, gas, petroleo, vaca muerta javier milei, ypf"},{"@type":"BreadcrumbList","@id":"https:\/\/energiesnet.com\/espanol\/ajuste-en-el-valor-de-activos-impacta-en-resultado-negativo-de-ypf-bloomberg-linea\/#breadcrumblist","itemListElement":[{"@type":"ListItem","@id":"https:\/\/energiesnet.com\/espanol#listItem","position":1,"name":"Inicio","item":"https:\/\/energiesnet.com\/espanol","nextItem":{"@type":"ListItem","@id":"https:\/\/energiesnet.com\/espanol\/category\/top-news\/#listItem","name":"La Noticia"}},{"@type":"ListItem","@id":"https:\/\/energiesnet.com\/espanol\/category\/top-news\/#listItem","position":2,"name":"La Noticia","item":"https:\/\/energiesnet.com\/espanol\/category\/top-news\/","nextItem":{"@type":"ListItem","@id":"https:\/\/energiesnet.com\/espanol\/ajuste-en-el-valor-de-activos-impacta-en-resultado-negativo-de-ypf-bloomberg-linea\/#listItem","name":"Ajuste en el valor de activos impacta en resultado negativo de YPF &#8211; Bloomberg L\u00ednea"},"previousItem":{"@type":"ListItem","@id":"https:\/\/energiesnet.com\/espanol#listItem","name":"Inicio"}},{"@type":"ListItem","@id":"https:\/\/energiesnet.com\/espanol\/ajuste-en-el-valor-de-activos-impacta-en-resultado-negativo-de-ypf-bloomberg-linea\/#listItem","position":3,"name":"Ajuste en el valor de activos impacta en resultado negativo de YPF &#8211; Bloomberg L\u00ednea","previousItem":{"@type":"ListItem","@id":"https:\/\/energiesnet.com\/espanol\/category\/top-news\/#listItem","name":"La Noticia"}}]},{"@type":"Organization","@id":"https:\/\/energiesnet.com\/espanol\/#organization","name":"EnergiestNet","description":"Latin America Energy, Oil ,  Gas & Renewals","url":"https:\/\/energiesnet.com\/espanol\/","telephone":"+584142763041","logo":{"@type":"ImageObject","url":"https:\/\/energiesnet.com\/espanol\/wp-content\/uploads\/2022\/12\/EnergiesNet-Logo-200.jpg","@id":"https:\/\/energiesnet.com\/espanol\/ajuste-en-el-valor-de-activos-impacta-en-resultado-negativo-de-ypf-bloomberg-linea\/#organizationLogo","width":200,"height":220},"image":{"@id":"https:\/\/energiesnet.com\/espanol\/ajuste-en-el-valor-de-activos-impacta-en-resultado-negativo-de-ypf-bloomberg-linea\/#organizationLogo"},"sameAs":["https:\/\/www.facebook.com\/\/EnergiesNet","https:\/\/twitter.com\/EnergiesNet1","https:\/\/www.instagram.com\/energiesnet\/","https:\/\/linkedin.com\/in\/elio-ohep-a465b78"]},{"@type":"Person","@id":"https:\/\/energiesnet.com\/espanol\/author\/elioohep\/#author","url":"https:\/\/energiesnet.com\/espanol\/author\/elioohep\/","name":"EnergiesNet","image":{"@type":"ImageObject","@id":"https:\/\/energiesnet.com\/espanol\/ajuste-en-el-valor-de-activos-impacta-en-resultado-negativo-de-ypf-bloomberg-linea\/#authorImage","url":"https:\/\/secure.gravatar.com\/avatar\/5412deb1089370e2bdf1d1310563df78bf3dc9f9e388ca5748bced95cfdb664b?s=96&d=mm&r=g","width":96,"height":96,"caption":"EnergiesNet"}},{"@type":"WebPage","@id":"https:\/\/energiesnet.com\/espanol\/ajuste-en-el-valor-de-activos-impacta-en-resultado-negativo-de-ypf-bloomberg-linea\/#webpage","url":"https:\/\/energiesnet.com\/espanol\/ajuste-en-el-valor-de-activos-impacta-en-resultado-negativo-de-ypf-bloomberg-linea\/","name":"Ajuste en el valor de activos impacta en resultado negativo de YPF \u2013 Bloomberg L\u00ednea - EnergiestNet","description":"Mariano Espina, Bloomberg L\u00ednea BUENOS AIRES EnergiesNet.com 07 03 2024 La decisi\u00f3n de YPF SA (YPF) de realizar un ajuste contable de US$1.800 millones en la valuaci\u00f3n de 55 campos maduros, que la empresa buscar\u00e1 revertir sus concesiones a las provincias o vender, impact\u00f3 en los resultados financieros del \u00faltimo trimestre del 2023 presentados este","inLanguage":"es-ES","isPartOf":{"@id":"https:\/\/energiesnet.com\/espanol\/#website"},"breadcrumb":{"@id":"https:\/\/energiesnet.com\/espanol\/ajuste-en-el-valor-de-activos-impacta-en-resultado-negativo-de-ypf-bloomberg-linea\/#breadcrumblist"},"author":{"@id":"https:\/\/energiesnet.com\/espanol\/author\/elioohep\/#author"},"creator":{"@id":"https:\/\/energiesnet.com\/espanol\/author\/elioohep\/#author"},"image":{"@type":"ImageObject","url":"https:\/\/energiesnet.com\/espanol\/wp-content\/uploads\/2024\/03\/ypf_logo_tower_bloo.jpg","@id":"https:\/\/energiesnet.com\/espanol\/ajuste-en-el-valor-de-activos-impacta-en-resultado-negativo-de-ypf-bloomberg-linea\/#mainImage","width":600,"height":400},"primaryImageOfPage":{"@id":"https:\/\/energiesnet.com\/espanol\/ajuste-en-el-valor-de-activos-impacta-en-resultado-negativo-de-ypf-bloomberg-linea\/#mainImage"},"datePublished":"2024-03-07T03:33:57-04:00","dateModified":"2024-03-07T03:34:00-04:00"},{"@type":"WebSite","@id":"https:\/\/energiesnet.com\/espanol\/#website","url":"https:\/\/energiesnet.com\/espanol\/","name":"EnergiestNet","description":"Latin America Energy, Oil ,  Gas & Renewals","inLanguage":"es-ES","publisher":{"@id":"https:\/\/energiesnet.com\/espanol\/#organization"}}]},"og:locale":"es_ES","og:site_name":"EnergiestNet - Latin America Energy, Oil ,  Gas &amp; Renewals","og:type":"article","og:title":"Ajuste en el valor de activos impacta en resultado negativo de YPF \u2013 Bloomberg L\u00ednea - EnergiestNet","og:description":"Mariano Espina, Bloomberg L\u00ednea BUENOS AIRES EnergiesNet.com 07 03 2024 La decisi\u00f3n de YPF SA (YPF) de realizar un ajuste contable de US$1.800 millones en la valuaci\u00f3n de 55 campos maduros, que la empresa buscar\u00e1 revertir sus concesiones a las provincias o vender, impact\u00f3 en los resultados financieros del \u00faltimo trimestre del 2023 presentados este","og:url":"https:\/\/energiesnet.com\/espanol\/ajuste-en-el-valor-de-activos-impacta-en-resultado-negativo-de-ypf-bloomberg-linea\/","og:image":"https:\/\/energiesnet.com\/espanol","og:image:secure_url":"https:\/\/energiesnet.com\/espanol","article:published_time":"2024-03-07T07:33:57+00:00","article:modified_time":"2024-03-07T07:34:00+00:00","article:publisher":"https:\/\/www.facebook.com\/\/EnergiesNet","twitter:card":"summary_large_image","twitter:site":"@EnergiesNet1","twitter:title":"Ajuste en el valor de activos impacta en resultado negativo de YPF \u2013 Bloomberg L\u00ednea - EnergiestNet","twitter:description":"Mariano Espina, Bloomberg L\u00ednea BUENOS AIRES EnergiesNet.com 07 03 2024 La decisi\u00f3n de YPF SA (YPF) de realizar un ajuste contable de US$1.800 millones en la valuaci\u00f3n de 55 campos maduros, que la empresa buscar\u00e1 revertir sus concesiones a las provincias o vender, impact\u00f3 en los resultados financieros del \u00faltimo trimestre del 2023 presentados este","twitter:creator":"@EnergiesNet1","twitter:image":"https:\/\/energiesnet.com\/espanol"},"aioseo_meta_data":{"post_id":"20576","title":null,"description":null,"keywords":[],"keyphrases":{"focus":{"keyphrase":"","score":0,"analysis":{"keyphraseInTitle":{"score":0,"maxScore":9,"error":1}}},"additional":[]},"primary_term":null,"canonical_url":null,"og_title":null,"og_description":null,"og_object_type":"default","og_image_type":"default","og_image_url":null,"og_image_width":null,"og_image_height":null,"og_image_custom_url":null,"og_image_custom_fields":null,"og_video":"","og_custom_url":null,"og_article_section":null,"og_article_tags":[],"twitter_use_og":false,"twitter_card":"default","twitter_image_type":"default","twitter_image_url":null,"twitter_image_custom_url":null,"twitter_image_custom_fields":null,"twitter_title":null,"twitter_description":null,"schema":{"blockGraphs":[],"customGraphs":[],"default":{"data":{"Article":[],"Course":[],"Dataset":[],"FAQPage":[],"Movie":[],"Person":[],"Product":[],"ProductReview":[],"Car":[],"Recipe":[],"Service":[],"SoftwareApplication":[],"WebPage":[]},"graphName":"BlogPosting","isEnabled":true},"graphs":[]},"schema_type":"default","schema_type_options":null,"pillar_content":false,"robots_default":true,"robots_noindex":false,"robots_noarchive":false,"robots_nosnippet":false,"robots_nofollow":false,"robots_noimageindex":false,"robots_noodp":false,"robots_notranslate":false,"robots_max_snippet":"-1","robots_max_videopreview":"-1","robots_max_imagepreview":"large","priority":null,"frequency":"default","local_seo":null,"breadcrumb_settings":null,"limit_modified_date":false,"ai":null,"created":"2024-03-07 07:34:00","updated":"2025-06-04 16:17:34","seo_analyzer_scan_date":null,"focus_keyword":null,"additional_keywords":null,"truseo_locale":null},"aioseo_breadcrumb":"<div class=\"aioseo-breadcrumbs\"><span class=\"aioseo-breadcrumb\">\n\t\t\t<a href=\"https:\/\/energiesnet.com\/espanol\" title=\"Inicio\">Inicio<\/a>\n\t\t<\/span><span class=\"aioseo-breadcrumb-separator\">&raquo;<\/span><span class=\"aioseo-breadcrumb\">\n\t\t\t<a href=\"https:\/\/energiesnet.com\/espanol\/category\/top-news\/\" title=\"La Noticia\">La Noticia<\/a>\n\t\t<\/span><span class=\"aioseo-breadcrumb-separator\">&raquo;<\/span><span class=\"aioseo-breadcrumb\">\n\t\t\tAjuste en el valor de activos impacta en resultado negativo de YPF \u2013 Bloomberg L\u00ednea\n\t\t<\/span><\/div>","aioseo_breadcrumb_json":[{"label":"Inicio","link":"https:\/\/energiesnet.com\/espanol"},{"label":"La Noticia","link":"https:\/\/energiesnet.com\/espanol\/category\/top-news\/"},{"label":"Ajuste en el valor de activos impacta en resultado negativo de YPF &#8211; Bloomberg L\u00ednea","link":"https:\/\/energiesnet.com\/espanol\/ajuste-en-el-valor-de-activos-impacta-en-resultado-negativo-de-ypf-bloomberg-linea\/"}],"_links":{"self":[{"href":"https:\/\/energiesnet.com\/espanol\/wp-json\/wp\/v2\/posts\/20576","targetHints":{"allow":["GET"]}}],"collection":[{"href":"https:\/\/energiesnet.com\/espanol\/wp-json\/wp\/v2\/posts"}],"about":[{"href":"https:\/\/energiesnet.com\/espanol\/wp-json\/wp\/v2\/types\/post"}],"author":[{"embeddable":true,"href":"https:\/\/energiesnet.com\/espanol\/wp-json\/wp\/v2\/users\/2"}],"replies":[{"embeddable":true,"href":"https:\/\/energiesnet.com\/espanol\/wp-json\/wp\/v2\/comments?post=20576"}],"version-history":[{"count":0,"href":"https:\/\/energiesnet.com\/espanol\/wp-json\/wp\/v2\/posts\/20576\/revisions"}],"wp:featuredmedia":[{"embeddable":true,"href":"https:\/\/energiesnet.com\/espanol\/wp-json\/wp\/v2\/media\/20578"}],"wp:attachment":[{"href":"https:\/\/energiesnet.com\/espanol\/wp-json\/wp\/v2\/media?parent=20576"}],"wp:term":[{"taxonomy":"category","embeddable":true,"href":"https:\/\/energiesnet.com\/espanol\/wp-json\/wp\/v2\/categories?post=20576"},{"taxonomy":"post_tag","embeddable":true,"href":"https:\/\/energiesnet.com\/espanol\/wp-json\/wp\/v2\/tags?post=20576"}],"curies":[{"name":"wp","href":"https:\/\/api.w.org\/{rel}","templated":true}]}}