{"id":20759,"date":"2024-03-19T09:22:53","date_gmt":"2024-03-19T13:22:53","guid":{"rendered":"https:\/\/energiesnet.com\/espanol\/?p=20759"},"modified":"2024-03-19T09:25:13","modified_gmt":"2024-03-19T13:25:13","slug":"ceraweek-petrobras-j-p-prates-dijo-que-brasil-podria-intercambiar-gas-con-bolivia-por-gnl-durante-invierno-argentino","status":"publish","type":"post","link":"https:\/\/energiesnet.com\/espanol\/ceraweek-petrobras-j-p-prates-dijo-que-brasil-podria-intercambiar-gas-con-bolivia-por-gnl-durante-invierno-argentino\/","title":{"rendered":"CERAWeek: Petrobras CEO dijo que Brasil podr\u00eda intercambiar gas con Bolivia por GNL durante invierno Argentino"},"content":{"rendered":"\n<figure class=\"wp-block-image size-full\"><img fetchpriority=\"high\" decoding=\"async\" width=\"600\" height=\"400\" src=\"https:\/\/energiesnet.com\/espanol\/wp-content\/uploads\/2024\/03\/jean_paul_prates_petrobras_Cweek-.jpg\" alt=\"Jean Paul Prates ( @Petrobras\n ) y Meg O'Neill ( @WoodsideEnergy\n ) debaten sobre la redefinici\u00f3n de las empresas energ\u00e9ticas en una sesi\u00f3n plenaria con Saugata Saha, Presidente de S&amp;P Global Commodity Insights.\" class=\"wp-image-20761\" srcset=\"https:\/\/energiesnet.com\/espanol\/wp-content\/uploads\/2024\/03\/jean_paul_prates_petrobras_Cweek-.jpg 600w, https:\/\/energiesnet.com\/espanol\/wp-content\/uploads\/2024\/03\/jean_paul_prates_petrobras_Cweek--300x200.jpg 300w\" sizes=\"(max-width: 600px) 100vw, 600px\" \/><figcaption class=\"wp-element-caption\">Jean-Paul Prates, CEO de Petrobras, confirm\u00f3 a Ecojournal que la compa\u00f1\u00eda brasile\u00f1a est\u00e1 en conversaciones con la Argentina y Bolivia para encontrar alguna soluci\u00f3n triangular que permita abastecer el pico de consumo de gas natural en el norte del pa\u00eds durante el invierno. Jean Paul Prates y Meg O&#8217;Neill debaten sobre la redefinici\u00f3n de las empresas energ\u00e9ticas en una sesi\u00f3n plenaria con Saugata Saha, Presidente de S&amp;P Global Commodity Insights.(<br>CERAWeek)<\/figcaption><\/figure>\n\n\n\n<p><a href=\"https:\/\/econojournal.com.ar\/author\/redaccion-econojournal\/\">Redacci\u00f3n,  EconoJournal<\/a>       <\/p>\n\n\n\n<p>HOUSTON        <br>EnergiesNet.com 19 03 2024   <\/p>\n\n\n\n<p>El CEO de Petrobras, Jean-Paul Prates, reconoci\u00f3 que la compa\u00f1\u00eda brasile\u00f1a est\u00e1 conversando con representantes del gobierno de Javier Milei alternativas para abastecer el pico de la demanda de <a href=\"https:\/\/econojournal.com.ar\/2024\/01\/deficit-fiscal-caputo-tarifas-electricidad-gas-natural\/\">gas natural<\/a> en el norte argentino durante el pr\u00f3ximo invierno. El ejecutivo, pol\u00edtica y personalmente muy cercano al presidente Lula Da Silva, admiti\u00f3 que ambos pa\u00edses est\u00e1n un <em>swap<\/em> (intercambio) de gas de Bolivia por Gas Natural Licuado (GNL) para cubrir el pico de demanda gas\u00edfera en la Argentina durante los meses de fr\u00edo. \u201cCreo que existe la posibilidad de llegar a un acuerdo, venimos trabajando incluso con el gobierno pasado. Es decir, es independiente de la pol\u00edtica y los gobiernos, porque es una situaci\u00f3n de asistencia humanitaria entre los pa\u00edses. No conozco los detalles, pero se est\u00e1 tratando de avanzar\u201d, concluy\u00f3 Prates en di\u00e1logo con <em>EconoJournal<\/em>, que lo consult\u00f3 al t\u00e9rmino del panel \u00abPreguntas estrat\u00e9gicas en un mundo de cero emisiones\u00bb realizado este lunes en la jornada inaugural del <em>CERAWeek 2024<\/em> by S&amp;P, el evento energ\u00e9tico m\u00e1s grande del mundo que se est\u00e1 realizando en Houston (Texas).<\/p>\n\n\n\n<p>En los hechos, la apuesta del gobierno argentino es que Petrobras, que tiene prioridad para importar gas desde Bolivia, libere parte de los vol\u00famenes de gas natural que le corresponden por contrate para que la Argentina pueda acceder al gas boliviano, la alternativa m\u00e1s firme que tiene el pa\u00eds para cubrir el consumo de gas en provincias del norte como Salta y Tucum\u00e1n. A cambio, la estatal Enarsa podr\u00eda costear la importaci\u00f3n de cargamentos de GNL que descargan en alguna de las terminales regasificadoras posee Brasil.<\/p>\n\n\n\n<figure class=\"wp-block-image size-full is-resized\"><img decoding=\"async\" width=\"930\" height=\"524\" src=\"https:\/\/energiesnet.com\/espanol\/wp-content\/uploads\/2024\/03\/Jean-Paul-Prates-ok.jpg\" alt=\"Jean-Paul Prates, CEO de Petrobras\" class=\"wp-image-20762\" style=\"width:601px;height:auto\" srcset=\"https:\/\/energiesnet.com\/espanol\/wp-content\/uploads\/2024\/03\/Jean-Paul-Prates-ok.jpg 930w, https:\/\/energiesnet.com\/espanol\/wp-content\/uploads\/2024\/03\/Jean-Paul-Prates-ok-300x169.jpg 300w, https:\/\/energiesnet.com\/espanol\/wp-content\/uploads\/2024\/03\/Jean-Paul-Prates-ok-768x433.jpg 768w\" sizes=\"(max-width: 930px) 100vw, 930px\" \/><figcaption class=\"wp-element-caption\">Jean-Paul Prates, CEO de Petrobras (CERAWeek)<\/figcaption><\/figure>\n\n\n\n<p>\u201cEstamos hablandocon los gobiernos de Argentina y con Bolivia porque la cuesti\u00f3n estructural de la baja de las reservas (bolivianas) tiene que ver, en realidad, con la falta de inversi\u00f3n\u201d, afirm\u00f3 el CEO de Petrobras, interpretando que la ca\u00edda de la producci\u00f3n de gas en el Altiplano responde m\u00e1s a cuestiones econ\u00f3micas como la falta de incentivos para invertir que al dictamen inevitable de la geolog\u00eda.<\/p>\n\n\n\n<p>Para la Argentina es un tema relevante porque necesita abastecer con gas boliviano o con GNL de Chile el mercado local durante los pr\u00f3ximos meses de fr\u00edo, dado que las obras de la reversi\u00f3n del Gasoducto Norte, que permitir\u00e1 enviar gas de Vaca Muerta al centro y norte del pa\u00eds, reci\u00e9n podr\u00edan estar finalizadas en septiembre, <a href=\"https:\/\/econojournal.com.ar\/2024\/03\/reversion-gasoducto-norte-no-estara-lista-invierno\/\">como public\u00f3 este medio<\/a> la semana pasada.<\/p>\n\n\n\n<p><\/p>\n\n\n\n<p class=\"has-medium-font-size\"><strong>Bolivia<\/strong><\/p>\n\n\n\n<p><\/p>\n\n\n\n<p>Para Prates, la situaci\u00f3n de Bolivia \u201cno tiene que ver con que se acab\u00f3 el gas simplemente, sino que se acab\u00f3 la exploraci\u00f3n\u201d y, a\u00f1adi\u00f3 que \u201ctenemos que analizar esto desde dos dimensiones: hablar con Bolivia para ver lo que hace falta, cu\u00e1l fue el error, y con Argentina, con las grandes reservas que tiene, tratar de analizar la log\u00edstica\u201d, enfatiz\u00f3 Jean-Paul Prates..<\/p>\n\n\n\n<p>Adem\u00e1s, puntualiz\u00f3 que \u201cla argentina tiene un problema log\u00edstico (falta de capacidad de transporte troncal de gas) para llegar a los mercados\u00bb regionales. \u00abEn cambio, Bolivia tiene un problema estructural de la exploraci\u00f3n que tiene que retornar. Por eso, no creo que sean competidores. Tenemos que ver, incluso desde Brasil, c\u00f3mo integrar esta situaci\u00f3n\u201d, analiz\u00f3 el directivo. \u201cPetrobras puede ser un veh\u00edculo importante porque somos una compa\u00f1\u00eda integrada, tiene presencia en las tres partes y esto nos permite un horizonte muy bueno\u201d, a\u00f1adi\u00f3.<\/p>\n\n\n\n<p>econojournal.com 18 03 2024<\/p>\n","protected":false},"excerpt":{"rendered":"<p>Redacci\u00f3n, EconoJournal HOUSTON EnergiesNet.com 19 03 2024 El CEO de Petrobras, Jean-Paul Prates, reconoci\u00f3 que la compa\u00f1\u00eda brasile\u00f1a est\u00e1 conversando con representantes del gobierno de Javier Milei alternativas para abastecer el pico de la demanda de gas natural en el norte argentino durante el pr\u00f3ximo invierno. El ejecutivo, pol\u00edtica y personalmente muy cercano al presidente &hellip;<\/p>\n<p class=\"read-more\"> <a class=\"\" href=\"https:\/\/energiesnet.com\/espanol\/ceraweek-petrobras-j-p-prates-dijo-que-brasil-podria-intercambiar-gas-con-bolivia-por-gnl-durante-invierno-argentino\/\"> <span class=\"screen-reader-text\">CERAWeek: Petrobras CEO dijo que Brasil podr\u00eda intercambiar gas con Bolivia por GNL durante invierno Argentino<\/span> Leer m\u00e1s &raquo;<\/a><\/p>\n","protected":false},"author":2,"featured_media":20763,"comment_status":"open","ping_status":"open","sticky":false,"template":"","format":"standard","meta":{"_monsterinsights_skip_tracking":false,"_monsterinsights_sitenote_active":false,"_monsterinsights_sitenote_note":"","_monsterinsights_sitenote_category":0,"site-sidebar-layout":"default","site-content-layout":"default","ast-global-header-display":"","ast-main-header-display":"","ast-hfb-above-header-display":"","ast-hfb-below-header-display":"","ast-hfb-mobile-header-display":"","site-post-title":"","ast-breadcrumbs-content":"","ast-featured-img":"","footer-sml-layout":"","theme-transparent-header-meta":"","adv-header-id-meta":"","stick-header-meta":"","header-above-stick-meta":"","header-main-stick-meta":"","header-below-stick-meta":"","footnotes":""},"categories":[30],"tags":[182,103,105,426,329,101],"class_list":["post-20759","post","type-post","status-publish","format-standard","has-post-thumbnail","hentry","category-top-news","tag-brasil","tag-energia","tag-gas","tag-gnl","tag-petrobras","tag-petroleo"],"aioseo_notices":[],"_links":{"self":[{"href":"https:\/\/energiesnet.com\/espanol\/wp-json\/wp\/v2\/posts\/20759","targetHints":{"allow":["GET"]}}],"collection":[{"href":"https:\/\/energiesnet.com\/espanol\/wp-json\/wp\/v2\/posts"}],"about":[{"href":"https:\/\/energiesnet.com\/espanol\/wp-json\/wp\/v2\/types\/post"}],"author":[{"embeddable":true,"href":"https:\/\/energiesnet.com\/espanol\/wp-json\/wp\/v2\/users\/2"}],"replies":[{"embeddable":true,"href":"https:\/\/energiesnet.com\/espanol\/wp-json\/wp\/v2\/comments?post=20759"}],"version-history":[{"count":0,"href":"https:\/\/energiesnet.com\/espanol\/wp-json\/wp\/v2\/posts\/20759\/revisions"}],"wp:featuredmedia":[{"embeddable":true,"href":"https:\/\/energiesnet.com\/espanol\/wp-json\/wp\/v2\/media\/20763"}],"wp:attachment":[{"href":"https:\/\/energiesnet.com\/espanol\/wp-json\/wp\/v2\/media?parent=20759"}],"wp:term":[{"taxonomy":"category","embeddable":true,"href":"https:\/\/energiesnet.com\/espanol\/wp-json\/wp\/v2\/categories?post=20759"},{"taxonomy":"post_tag","embeddable":true,"href":"https:\/\/energiesnet.com\/espanol\/wp-json\/wp\/v2\/tags?post=20759"}],"curies":[{"name":"wp","href":"https:\/\/api.w.org\/{rel}","templated":true}]}}