{"id":20776,"date":"2024-03-19T15:11:41","date_gmt":"2024-03-19T19:11:41","guid":{"rendered":"https:\/\/energiesnet.com\/espanol\/?p=20776"},"modified":"2024-03-19T15:42:13","modified_gmt":"2024-03-19T19:42:13","slug":"a-donde-va-la-disputa-sobre-el-esequibo-entrevista-a-frank-bracho-macky-arenas-rcl","status":"publish","type":"post","link":"https:\/\/energiesnet.com\/espanol\/a-donde-va-la-disputa-sobre-el-esequibo-entrevista-a-frank-bracho-macky-arenas-rcl\/","title":{"rendered":"\u00bfA d\u00f3nde va la disputa sobre el Esequibo?: Entrevista a Frank Bracho &#8211; Macky Arenas\/RCL"},"content":{"rendered":"\n<figure class=\"wp-block-image size-full\"><img fetchpriority=\"high\" decoding=\"async\" width=\"600\" height=\"400\" src=\"https:\/\/energiesnet.com\/espanol\/wp-content\/uploads\/2024\/03\/guyana_map-RCL.jpg\" alt=\"&quot;La Coherencia no es una debilidad, sino una Fuerza &quot;\u00a0 - Frank Bracho (RCL)\" class=\"wp-image-20777\" srcset=\"https:\/\/energiesnet.com\/espanol\/wp-content\/uploads\/2024\/03\/guyana_map-RCL.jpg 600w, https:\/\/energiesnet.com\/espanol\/wp-content\/uploads\/2024\/03\/guyana_map-RCL-300x200.jpg 300w\" sizes=\"(max-width: 600px) 100vw, 600px\" \/><figcaption class=\"wp-element-caption\">\u00abLa Coherencia no es una debilidad, sino una Fuerza \u00bb\u00a0 &#8211; Frank Bracho (RCL)<\/figcaption><\/figure>\n\n\n\n<p>Por Macky Arenas    <\/p>\n\n\n\n<p>1) SITUACI\u00d3N HOY ?&nbsp; &nbsp; &nbsp; \u00bf Sigue actual funesta INERCIA ??: Se mantiene postura formal de confrontaci\u00f3n \u00abentre las dos partes oficiales\u00bb\u2026 Pero, en el fondo,&nbsp;m\u00e1s&nbsp;all\u00e1 de la acreencia o no de meros&nbsp;\u00abt\u00edtulos soberanos&nbsp;&nbsp;territoriales\u00bb ,subiste la&nbsp; sospecha de que \u00abse logre alg\u00fan \u00abvano\u00bb&nbsp; entendimiento binacional&nbsp; de \u00faltima hora\u00bb: Pro \u00abalg\u00fan reparto&nbsp; del\u00bb bot\u00edn explotador rentista de la misma\u00ab: Pro \u00abapaciguador resolutivo\u00bb (!!)<\/p>\n\n\n\n<p>Con&nbsp; \u00abcontinuaci\u00f3n de \u00abla actual penosa deriva informal\u00bb de la \u00abZona bajo disputa\u00bb: Hacia alg\u00fan \u00abescenario de\u00bb desgobierno an\u00e1rquico&nbsp; explotador tipo <em>Congo<\/em>&nbsp;<em>2<\/em>\u00bb&nbsp; -En favor de \u00ab<em>meras<\/em>&nbsp;<em>formas mafiosas totalmente inescrupulosas<\/em>\u00bb (algunas incluso, ya actuando en amplia escala en lo del narcotr\u00e1fico y el comercio oscuro de armas) (!!!). Y la consiguiente \u00abgran probabilidad de desbocados mega- suicidas derrames tipo <em>Golfo de M\u00e9xico<\/em>\u00ab, o incluso del derrame&nbsp; reciente&nbsp; del \u00abpara-legal&nbsp;<em>buque<\/em>&nbsp;<em>petrolero<\/em>\u00bb&nbsp;<em>Corriente<\/em>&nbsp;<em>del<\/em>&nbsp;<em>Golfo<\/em>&nbsp;\u2013 frente a&nbsp;<em>Tobago\u2026&nbsp;<\/em>o de la&nbsp; tristemente c\u00e9lebre&nbsp; Mina&nbsp;<em>Omai<\/em> -en tierra firme\u2026 Etc\u2026 etc (!)<\/p>\n\n\n\n<p>Siniestros aun m\u00e1s \u00abcatapultables\u00bb, como ya mucho ya se ha&nbsp; documentado (y tanto en espa\u00f1ol como en ingl\u00e9s)- por las grandes \u00abcomunes torrentosas vinculantes corrientes marinas, h\u00eddricas o geogr\u00e1ficas, que interconectan la\u00bb&nbsp;<em>amplia circundante delicada, macro-com\u00fan Regi\u00f3n ! \u2013<\/em>&nbsp;Que va desde todo&nbsp;<em>el<\/em>&nbsp;<em>Caribe<\/em>&nbsp;<em>Oriental<\/em>&nbsp;(y de all\u00ed a todo el&nbsp;<em>Planeta<\/em>) al&nbsp;<em>Paria-Delta del Orinoco,<\/em>&nbsp;hasta&nbsp;<em>El Esequibo<\/em>&nbsp;-de mar y tierra, hasta las mismas bocas del&nbsp;<em>Rio<\/em>&nbsp;<em>Amazonas<\/em>&nbsp;\u2013 hacia su extremo Oriente ! (una vez m\u00e1s: tambi\u00e9n con mucha \u2013 harto conocida \u2013&nbsp;<em>ligaz\u00f3n<\/em>&nbsp;<em>planetaria<\/em>&nbsp;por ese lado !\u2026. Y a pesar de que los altos \u00ab<em>magnates\u00bb<\/em>&nbsp;<em>de<\/em>&nbsp;<em>los<\/em>&nbsp;<em>gobiernos del Caricom, amigos \u2013&nbsp;<\/em>y \u00ab<em>calienta-orejas corporaciones<\/em>\u00bb \u2013 se empe\u00f1en en desconocer lo !\u2026Y&nbsp;<em>sus \u2013 no escuchados- mismos t\u00e9cnicos y activistas abanderados internacionales de la Sustentabilidad<\/em>&nbsp;, se empe\u00f1en en advert\u00edrlo !! \u2013 y desde hace a\u00f1os !! (Segun tambi\u00e9n mucho se ha ya documentado !)\u2026.<\/p>\n\n\n\n<p>TODO el anterior, escenario actual en el cual se teme \u00abun inminente&nbsp; fallo\u00bb de la&nbsp;<em>Corte Internacional de Justicia (CIJ) ,<\/em> \u00ablegitimando al presente&nbsp;<em>status<\/em>&nbsp;<em>quo<\/em>&nbsp;de m\u00e1s de lo mismo\u00bb en la Disputa !! (\u2026 A pesar de que el tambi\u00e9n creciente escenario \u2013 como es ya obvio y era de esperarse- de la actual jurisprudencia internacional (y acuerdos internacionales an\u00e1logos), \u00abponiendo el foco\u00bb en colocar a los&nbsp;<em>delitos de lesa natura<\/em>&nbsp;al lado de los de&nbsp;lesa humanidad, podr\u00eda de pararnos alguna \u00absorpresa\u00bb de \u00faltima hora !!)\u2026.<\/p>\n\n\n\n<p>2) \u00bf Hacia&nbsp;<strong>una tercera \u00abVIA PRO CONDOMINIO DE SUSTENTABILIDAD\u00bb<\/strong>&nbsp;con un \u00ab<em>ganar-ganar<\/em>\u00bb para&nbsp;<em>Todos<\/em>&nbsp;! \u2026.. Y porque creemos que \u00abel actual inercial escenario&nbsp; desolador y suicida\u00bb NO puede convenir a nadie responsable y con sentido de Futuro !! (sean cupulas de vanos&nbsp; gobiernos, del sector empresarial\u2026 y de la&nbsp;<em>sociedad<\/em><em>civil<\/em>&nbsp;y&nbsp;<em>pueblos<\/em>&nbsp;(incluyendo a los&nbsp;<em>ind\u00edgenas<\/em>&nbsp;de la zona- que han sido&nbsp;<em>ejemplares<\/em><em>sabios<\/em><em>cuidadores<\/em><em>ancestrales<\/em>&nbsp;de la misma ,de la comunidad internacional toda, y del mismo Planeta Todo ! \u2026 Para una \u00abSana Prosperidad Sustentable, duradera, y respetuosa, de Todos !!\u00bb\u2026 Proponemos que tanto la CIJ como los actores principales en la Disputa, as\u00ed como los muchos sensatos a\u00fan&nbsp; no suficientemente escuchados o involucrados, sean en listados en tal tipo de \u00ab<em>Urgente Tercera V\u00eda pro el Bienestar y el Responsable Ser&nbsp; Duradero de Todos<\/em>\u00bb !!\u00bb<\/p>\n\n\n\n<p>Hay forma de detallar m\u00e1s tal tipo de desenlace\u2026. Loimportante ahorita ser\u00eda el resueltamenteasumirlo !\u00a0 \u00a0 \u00a0 \u00a0 \u00a0 \u00a0 \u00a0 (y\u00a0<em>Ojo<\/em>: Ello podr\u00eda Ser, desde\u00a0<strong>YA<\/strong>, \u00abun gran ejemplo para el logro de una Sabia y Duradera Paz\u00bb\u00a0(!!)\u2026.Con Todos y para Todos\u2026 Y\u00a0 tanto a nivel nacional, como binacional, regional y mundial !!).-<\/p>\n\n\n\n<p>______________________________________________________<\/p>\n\n\n\n<p><strong><em>Macky Arenas <\/em><\/strong>es soci\u00f3loga y comunicadora venezolana con 34 a\u00f1os de experiencia en radio y televisi\u00f3n (Globovisi\u00f3n). Columnista en prensa escrita y redes sociales. Premios Monse\u00f1or Pell\u00edn a mejor conductora de TV del a\u00f1o. <strong><em>Frank Bracho<\/em><\/strong> es activista de la sociedad civil; Tambi\u00e9n ha tenido una intensa y variada experiencia como autor, conferenciante y activista en la sociedad civil y en movimientos de defensa en temas de cambio de civilizaci\u00f3n.<\/p>\n\n\n\n<p>Los puntos de vista expresados no necesariamente son los de EnergiesNet.com.<\/p>\n\n\n\n<p>Nota del Editor:\u00a0Este art\u00edculo fue originalmente publicado en\u00a0Reporte Cat\u00f3lico Laico (RCL)<em><a href=\"http:\/\/lasarmasdecoronel.blogspot.com\/\">\u00a0<\/a><\/em>el 17 de marzo del 2024 Reproducimos el mismo en beneficio de los lctores.\u00a0EnergiesNet.com no se hace responsable por los juicios de valor emitidos por sus colaboradores y columnistas de opini\u00f3n y an\u00e1lisis.<\/p>\n\n\n\n<p><a href=\"https:\/\/reportecatolicolaico.com\/2024\/03\/17\/a-donde-va-la-disputa-sobre-el-esequibo\/\">Articulo original<\/a><\/p>\n\n\n\n<p>Aviso de uso: Este sitio contiene material protegido por derechos de autor cuyo uso no siempre ha sido espec\u00edficamente autorizado por el propietario de los derechos. Ponemos a disposici\u00f3n dicho material en nuestro esfuerzo por avanzar en la comprensi\u00f3n de cuestiones de importancia social, medioambiental y humanitaria. Creemos que esto constituye un \u00abuso justo\u00bb de cualquier material protegido por derechos de autor, tal como se establece en la secci\u00f3n 107 de la Ley de Derechos de Autor de EE.UU.. De acuerdo con el T\u00edtulo 17 U.S.C. Secci\u00f3n 107. Para m\u00e1s informaci\u00f3n, visite: http:\/\/www.law.cornell.edu\/uscode\/17\/107.shtml.<\/p>\n\n\n\n<p>EnergiesNet.com 19 03 2024<\/p>\n","protected":false},"excerpt":{"rendered":"<p>Por Macky Arenas 1) SITUACI\u00d3N HOY ?&nbsp; &nbsp; &nbsp; \u00bf Sigue actual funesta INERCIA ??: Se mantiene postura formal de confrontaci\u00f3n \u00abentre las dos partes oficiales\u00bb\u2026 Pero, en el fondo,&nbsp;m\u00e1s&nbsp;all\u00e1 de la acreencia o no de meros&nbsp;\u00abt\u00edtulos soberanos&nbsp;&nbsp;territoriales\u00bb ,subiste la&nbsp; sospecha de que \u00abse logre alg\u00fan \u00abvano\u00bb&nbsp; entendimiento binacional&nbsp; de \u00faltima hora\u00bb: Pro \u00abalg\u00fan reparto&nbsp; &hellip;<\/p>\n<p class=\"read-more\"> <a class=\"\" href=\"https:\/\/energiesnet.com\/espanol\/a-donde-va-la-disputa-sobre-el-esequibo-entrevista-a-frank-bracho-macky-arenas-rcl\/\"> <span class=\"screen-reader-text\">\u00bfA d\u00f3nde va la disputa sobre el Esequibo?: Entrevista a Frank Bracho &#8211; Macky Arenas\/RCL<\/span> Leer m\u00e1s &raquo;<\/a><\/p>\n","protected":false},"author":2,"featured_media":20777,"comment_status":"open","ping_status":"open","sticky":false,"template":"","format":"standard","meta":{"_monsterinsights_skip_tracking":false,"_monsterinsights_sitenote_active":false,"_monsterinsights_sitenote_note":"","_monsterinsights_sitenote_category":0,"site-sidebar-layout":"default","site-content-layout":"default","ast-global-header-display":"","ast-main-header-display":"","ast-hfb-above-header-display":"","ast-hfb-below-header-display":"","ast-hfb-mobile-header-display":"","site-post-title":"","ast-breadcrumbs-content":"","ast-featured-img":"","footer-sml-layout":"","theme-transparent-header-meta":"","adv-header-id-meta":"","stick-header-meta":"","header-above-stick-meta":"","header-main-stick-meta":"","header-below-stick-meta":"","footnotes":""},"categories":[41,45],"tags":[2842,1117,3278,50,170,3394],"class_list":["post-20776","post","type-post","status-publish","format-standard","has-post-thumbnail","hentry","category-invitados","category-noticias-diarias","tag-conflicto-territorial","tag-esequibo","tag-frank-bracho","tag-guyana","tag-venezuela","tag-zona-en-reclamacion"],"aioseo_notices":[],"_links":{"self":[{"href":"https:\/\/energiesnet.com\/espanol\/wp-json\/wp\/v2\/posts\/20776","targetHints":{"allow":["GET"]}}],"collection":[{"href":"https:\/\/energiesnet.com\/espanol\/wp-json\/wp\/v2\/posts"}],"about":[{"href":"https:\/\/energiesnet.com\/espanol\/wp-json\/wp\/v2\/types\/post"}],"author":[{"embeddable":true,"href":"https:\/\/energiesnet.com\/espanol\/wp-json\/wp\/v2\/users\/2"}],"replies":[{"embeddable":true,"href":"https:\/\/energiesnet.com\/espanol\/wp-json\/wp\/v2\/comments?post=20776"}],"version-history":[{"count":0,"href":"https:\/\/energiesnet.com\/espanol\/wp-json\/wp\/v2\/posts\/20776\/revisions"}],"wp:featuredmedia":[{"embeddable":true,"href":"https:\/\/energiesnet.com\/espanol\/wp-json\/wp\/v2\/media\/20777"}],"wp:attachment":[{"href":"https:\/\/energiesnet.com\/espanol\/wp-json\/wp\/v2\/media?parent=20776"}],"wp:term":[{"taxonomy":"category","embeddable":true,"href":"https:\/\/energiesnet.com\/espanol\/wp-json\/wp\/v2\/categories?post=20776"},{"taxonomy":"post_tag","embeddable":true,"href":"https:\/\/energiesnet.com\/espanol\/wp-json\/wp\/v2\/tags?post=20776"}],"curies":[{"name":"wp","href":"https:\/\/api.w.org\/{rel}","templated":true}]}}