{"id":20787,"date":"2024-03-19T17:47:46","date_gmt":"2024-03-19T21:47:46","guid":{"rendered":"https:\/\/energiesnet.com\/espanol\/?p=20787"},"modified":"2024-03-19T17:47:47","modified_gmt":"2024-03-19T21:47:47","slug":"la-renta-petrolera-acabo-con-la-democracia-en-venezuela-henkel-garcia-lga","status":"publish","type":"post","link":"https:\/\/energiesnet.com\/espanol\/la-renta-petrolera-acabo-con-la-democracia-en-venezuela-henkel-garcia-lga\/","title":{"rendered":"\u00bfLa renta petrolera acab\u00f3 con la democracia en Venezuela? &#8211; Henkel Garc\u00eda \/ LGA"},"content":{"rendered":"\n<figure class=\"wp-block-image size-full\"><img fetchpriority=\"high\" decoding=\"async\" width=\"600\" height=\"400\" src=\"https:\/\/energiesnet.com\/espanol\/wp-content\/uploads\/2024\/03\/petroleo_mano_lga.jpg\" alt=\"\" class=\"wp-image-20788\" srcset=\"https:\/\/energiesnet.com\/espanol\/wp-content\/uploads\/2024\/03\/petroleo_mano_lga.jpg 600w, https:\/\/energiesnet.com\/espanol\/wp-content\/uploads\/2024\/03\/petroleo_mano_lga-300x200.jpg 300w\" sizes=\"(max-width: 600px) 100vw, 600px\" \/><figcaption class=\"wp-element-caption\">\u00bfC\u00f3mo podemos reducir o eliminar la discrecionalidad de la Presidencia de la Rep\u00fablica sobre el uso de la renta petrolera? Esa es una de las preguntas que hay que hacerse en el marco de la necesaria discusi\u00f3n sobre la relaci\u00f3n del Estado, los ciudadanos y esa bendici\u00f3n-maldici\u00f3n que nos toc\u00f3 con el petr\u00f3leo (Istockphoto\/LGA)<\/figcaption><\/figure>\n\n\n\n<p>Por Henkel Garc\u00eda     <\/p>\n\n\n\n<p>Han pasado casi 100 a\u00f1os desde que empezaron las primeras exportaciones de petr\u00f3leo, hecho que cambiar\u00eda la din\u00e1mica de nuestro pa\u00eds tanto en lo econ\u00f3mico, como lo pol\u00edtico y sin quedarse atr\u00e1s, lo social.<\/p>\n\n\n\n<p>Lo anecd\u00f3ticamente tr\u00e1gico es que el pico de tama\u00f1o de nuestra econom\u00eda per c\u00e1pita fue alcanzado cerca de 50 a\u00f1os despu\u00e9s, y a partir de all\u00ed el pa\u00eds se sumi\u00f3 en una dura etapa (cinco d\u00e9cadas) de estancamiento econ\u00f3mico, acompa\u00f1ado de profundas crisis pol\u00edticas y sociales. La debacle ha sido tan dram\u00e1tica que hoy el PIB per c\u00e1pita es similar al de los a\u00f1os 1940-1950.<\/p>\n\n\n\n<p>Hablar sobre el balance del petr\u00f3leo en la vida de Venezuela como rep\u00fablica no es un asunto sencillo. \u00bfFue man\u00e1 o maldici\u00f3n?<\/p>\n\n\n\n<p>En realidad tenemos buenos argumentos para cada posici\u00f3n. El petr\u00f3leo funcion\u00f3 como palanca para el crecimiento econ\u00f3mico. Pasamos de ser un pa\u00eds pobre, con limitadas exportaciones de productos agr\u00edcolas, a ser uno con un inmenso ingreso de petrod\u00f3lares que ayudaron a mejorar la infraestructura del pa\u00eds y a proveer al ciudadano de una capacidad de consumo elevada, adem\u00e1s de una red de servicios b\u00e1sicos notablemente superior al que ten\u00eda antes de la era petrolera.<\/p>\n\n\n\n<p>Con el pasar de los a\u00f1os, la renta petrolera empez\u00f3 a tomar cada vez m\u00e1s protagonismo. Los gobiernos de turno promet\u00edan un mejor uso de la renta, y por tanto reclamaban un mayor control sobre esta. Por un lado, la poblaci\u00f3n venezolana asumi\u00f3 como idea v\u00e1lida y sostenible que pod\u00eda tener un nivel de consumo y bienestar mucho m\u00e1s all\u00e1 de su trabajo y productividad. \u00c9ramos, en fin, un pa\u00eds rico y lo central, lo esencial era un reparto equitativo de esa renta.<\/p>\n\n\n\n<p>Por otro lado, el Estado, alineado con ese pensamiento, quiso apropiarse de esa renta, la cual dej\u00f3 de ser destinada a \u00e1reas concentradas al desarrollo de capacidades y autonom\u00eda del ciudadano, para cada vez m\u00e1s ser fuente de financiamiento del gasto p\u00fablico corriente. El modelo termin\u00f3 siendo uno de reparto de renta (no de producci\u00f3n) en el que el ciudadano es un sujeto pasivo y dependiente, y el Estado es el actor de mayor importancia en lo que a poder respecta, y tambi\u00e9n el mayor propietario y el mayor productor de la sociedad.<\/p>\n\n\n\n<p>El Estado productor no es un modelo sostenible, ni uno que incentive los valores democr\u00e1ticos. El final del cuento todos lo sabemos porque lo sufrimos: terminamos con un gobierno hegem\u00f3nico y autoritario, y el extenso per\u00edodo de desinversi\u00f3n y gasto clientelar redujo al m\u00ednimo la actividad petrolera.<\/p>\n\n\n\n<p>Nuestra realidad actual debe ser aliciente para discutir de manera amplia la relaci\u00f3n Estado \u2013 ciudadano \u2013 petr\u00f3leo. Les dejo algunas inquietudes que pueden funcionar como referencia inicial para tal debate:<\/p>\n\n\n\n<ul class=\"wp-block-list\">\n<li>\u00bfC\u00f3mo podemos reducir o eliminar la discrecionalidad de la Presidencia de la Rep\u00fablica sobre el uso de la renta petrolera?<br><br><\/li>\n\n\n\n<li>\u00bfC\u00f3mo llegar a un modelo en el que el Estado dependa de la ciudadan\u00eda y no al rev\u00e9s?<br><br><\/li>\n\n\n\n<li>\u00bfC\u00f3mo suavizamos los efectos originados por la volatilidad de los ingresos petroleros?<br><br><\/li>\n\n\n\n<li>\u00bfC\u00f3mo evitamos que se sobreval\u00fae la moneda y ello impida el crecimiento de otras \u00e1reas econ\u00f3micas?<br><br><\/li>\n\n\n\n<li>\u00bfC\u00f3mo llevamos a norma que ese uso de la renta no sea destinado al gasto corriente sino a \u00e1reas que fomenten el desarrollo de capacidades y la autonom\u00eda del ciudadano?<\/li>\n<\/ul>\n\n\n\n<p>Estas son tan solo algunas de esas inquietudes. Mi invitaci\u00f3n es que hagamos de este importante tema, un asunto fundamental para definir el futuro del pa\u00eds.<\/p>\n\n\n\n<p>________________________________________________________<\/p>\n\n\n\n<p><strong><em>Henkel Garc\u00eda<\/em><\/strong> es Ingeniero Qu\u00edmico. Analista e Instructor en Finanzas. Director-fundador de <a href=\"https:\/\/twitter.com\/albusdata\">@albusdata<\/a>. Energiesnet.com no comparte necesariamente estas opiniones.<\/p>\n\n\n\n<p>Nota del editor: Este art\u00edculo fue publicado originalmente por La Gran aldea, el 13 de marzo del 2024. EnergiesNet.com reproduce este art\u00edculo en inter\u00e9s de nuestros lectores. Todos los comentarios enviados y publicados en EnergiesNet.com, no reflejan ni a favor ni en contra de la opini\u00f3n expresada en el comentario como un respaldo de EnergiesNet.com o Petroleumworld.<\/p>\n\n\n\n<p><a href=\"https:\/\/lagranaldea.com\/2024\/03\/13\/la-renta-petrolera-acabo-con-la-democracia-en-venezuela\/\">Art\u00edculo original<\/a><\/p>\n\n\n\n<p>Aviso de uso: Este sitio contiene material protegido por derechos de autor cuyo uso no siempre ha sido espec\u00edficamente autorizado por el propietario de los derechos. Ponemos a disposici\u00f3n dicho material en nuestro esfuerzo por avanzar en la comprensi\u00f3n de cuestiones de importancia social, medioambiental y humanitaria. Creemos que esto constituye un \u00abuso justo\u00bb de cualquier material protegido por derechos de autor, tal como se establece en la secci\u00f3n 107 de la Ley de Derechos de Autor de EE.UU.. De acuerdo con el T\u00edtulo 17 U.S.C. Secci\u00f3n 107. Para m\u00e1s informaci\u00f3n, visite: http:\/\/www.law.cornell.edu\/uscode\/17\/107.shtml.<\/p>\n\n\n\n<p>EnergiesNet.com 19 01 2024<\/p>\n","protected":false},"excerpt":{"rendered":"<p>Por Henkel Garc\u00eda Han pasado casi 100 a\u00f1os desde que empezaron las primeras exportaciones de petr\u00f3leo, hecho que cambiar\u00eda la din\u00e1mica de nuestro pa\u00eds tanto en lo econ\u00f3mico, como lo pol\u00edtico y sin quedarse atr\u00e1s, lo social. Lo anecd\u00f3ticamente tr\u00e1gico es que el pico de tama\u00f1o de nuestra econom\u00eda per c\u00e1pita fue alcanzado cerca de &hellip;<\/p>\n<p class=\"read-more\"> <a class=\"\" href=\"https:\/\/energiesnet.com\/espanol\/la-renta-petrolera-acabo-con-la-democracia-en-venezuela-henkel-garcia-lga\/\"> <span class=\"screen-reader-text\">\u00bfLa renta petrolera acab\u00f3 con la democracia en Venezuela? &#8211; Henkel Garc\u00eda \/ LGA<\/span> Leer m\u00e1s &raquo;<\/a><\/p>\n","protected":false},"author":2,"featured_media":20788,"comment_status":"open","ping_status":"open","sticky":false,"template":"","format":"standard","meta":{"_monsterinsights_skip_tracking":false,"_monsterinsights_sitenote_active":false,"_monsterinsights_sitenote_note":"","_monsterinsights_sitenote_category":0,"site-sidebar-layout":"default","site-content-layout":"default","ast-global-header-display":"","ast-main-header-display":"","ast-hfb-above-header-display":"","ast-hfb-below-header-display":"","ast-hfb-mobile-header-display":"","site-post-title":"","ast-breadcrumbs-content":"","ast-featured-img":"","footer-sml-layout":"","theme-transparent-header-meta":"","adv-header-id-meta":"","stick-header-meta":"","header-above-stick-meta":"","header-main-stick-meta":"","header-below-stick-meta":"","footnotes":""},"categories":[39],"tags":[712,144,103,101,136,170],"class_list":["post-20787","post","type-post","status-publish","format-standard","has-post-thumbnail","hentry","category-opinion","tag-democracias","tag-economia","tag-energia","tag-petroleo","tag-politica","tag-venezuela"],"aioseo_notices":[],"_links":{"self":[{"href":"https:\/\/energiesnet.com\/espanol\/wp-json\/wp\/v2\/posts\/20787","targetHints":{"allow":["GET"]}}],"collection":[{"href":"https:\/\/energiesnet.com\/espanol\/wp-json\/wp\/v2\/posts"}],"about":[{"href":"https:\/\/energiesnet.com\/espanol\/wp-json\/wp\/v2\/types\/post"}],"author":[{"embeddable":true,"href":"https:\/\/energiesnet.com\/espanol\/wp-json\/wp\/v2\/users\/2"}],"replies":[{"embeddable":true,"href":"https:\/\/energiesnet.com\/espanol\/wp-json\/wp\/v2\/comments?post=20787"}],"version-history":[{"count":0,"href":"https:\/\/energiesnet.com\/espanol\/wp-json\/wp\/v2\/posts\/20787\/revisions"}],"wp:featuredmedia":[{"embeddable":true,"href":"https:\/\/energiesnet.com\/espanol\/wp-json\/wp\/v2\/media\/20788"}],"wp:attachment":[{"href":"https:\/\/energiesnet.com\/espanol\/wp-json\/wp\/v2\/media?parent=20787"}],"wp:term":[{"taxonomy":"category","embeddable":true,"href":"https:\/\/energiesnet.com\/espanol\/wp-json\/wp\/v2\/categories?post=20787"},{"taxonomy":"post_tag","embeddable":true,"href":"https:\/\/energiesnet.com\/espanol\/wp-json\/wp\/v2\/tags?post=20787"}],"curies":[{"name":"wp","href":"https:\/\/api.w.org\/{rel}","templated":true}]}}