{"id":20795,"date":"2024-03-20T05:37:40","date_gmt":"2024-03-20T09:37:40","guid":{"rendered":"https:\/\/energiesnet.com\/espanol\/?p=20795"},"modified":"2024-03-20T14:47:34","modified_gmt":"2024-03-20T18:47:34","slug":"la-transicion-energetica-esta-visiblemente-fracasando-nasser-ceo-de-aramco","status":"publish","type":"post","link":"https:\/\/energiesnet.com\/espanol\/la-transicion-energetica-esta-visiblemente-fracasando-nasser-ceo-de-aramco\/","title":{"rendered":"CERAWeek: La transici\u00f3n energ\u00e9tica est\u00e1 \u201dvisiblemente fracasando\u201d &#8211; Nasser, CEO de Aramco"},"content":{"rendered":"\n<figure class=\"wp-block-image size-full\"><img fetchpriority=\"high\" decoding=\"async\" width=\"600\" height=\"400\" src=\"https:\/\/energiesnet.com\/espanol\/wp-content\/uploads\/2024\/03\/nasser_saudi_aramco-ceo-cweek.jpg\" alt=\"\" class=\"wp-image-20796\" srcset=\"https:\/\/energiesnet.com\/espanol\/wp-content\/uploads\/2024\/03\/nasser_saudi_aramco-ceo-cweek.jpg 600w, https:\/\/energiesnet.com\/espanol\/wp-content\/uploads\/2024\/03\/nasser_saudi_aramco-ceo-cweek-300x200.jpg 300w\" sizes=\"(max-width: 600px) 100vw, 600px\" \/><figcaption class=\"wp-element-caption\">Indic\u00f3 que la penetraci\u00f3n de los veh\u00edculos el\u00e9ctricos es inferior al 3% y sin subsidios gubernamentales, los VE son hasta un 50% m\u00e1s caros que los de combusti\u00f3n interna (CERAWeek)<\/figcaption><\/figure>\n\n\n\n<p>Devika Krishna Kumar, David Wethe, Bloomberg News      <\/p>\n\n\n\n<p>HOUSTON       <br>EnergiesNet.com 20 03 2024     <\/p>\n\n\n\n<p>Amin Nasser, CEO de Saudi Aramco, manifest\u00f3 que la transici\u00f3n energ\u00e9tica mundial est\u00e1 \u201cvisiblemente fracasando\u201d en casi todos los aspectos, pues sus defensores ignoran las implicaciones para los ciudadanos que requieren combustibles econ\u00f3micos y fiables.<\/p>\n\n\n\n<p>Durante su intervenci\u00f3n en la jornada inaugural de la conferencia CERAWeek by S&amp;P Global, que se celebra desde este lunes en Houston, este ejecutivo ha lamentado que el sector petrolero se haya considerado el \u201carchienemigo\u201d<strong> <\/strong>de esta transici\u00f3n.<\/p>\n\n\n\n<figure class=\"wp-block-image is-resized\"><img decoding=\"async\" src=\"https:\/\/www.bloomberglinea.com\/resizer\/YHRtMx9SBkHgHvLON8TJk-LoKds=\/768x0\/filters:format(webp):quality(75)\/cloudfront-us-east-1.images.arcpublishing.com\/bloomberglinea\/MTLQGYR6EZDCRCQLG3WPW4ZA7U.jpeg\" alt=\" Seg\u00fan Nasse, la energ\u00eda sola y la e\u00f3lica conjutamente brindan menos del 4% del suministro mundial. Fot\u00f3grafo: Jason Alden\/Bloombergdfd\" style=\"width:589px;height:auto\" title=\" Seg\u00fan Nasse, la energ\u00eda sola y la e\u00f3lica conjutamente brindan menos del 4% del suministro mundial. Fot\u00f3grafo: Jason Alden\/Bloomberg\"\/><figcaption class=\"wp-element-caption\">Nasser, CEO de Aramco, afrima que la transici\u00f3n energ\u00e9tica est\u00e1 \u00bb visiblemente fracasando\u00bb Seg\u00fan Nasse, la energ\u00eda sola y la e\u00f3lica conjutamente brindan menos del 4% del suministro mundial. Fot\u00f3grafo: Jason Alden\/Bloomberg (Jason Alden)<\/figcaption><\/figure>\n\n\n\n<p>Adem\u00e1s, Nasser vaticina que es muy poco probable que la demanda global de crudo se sit\u00fae en su punto \u00e1lgido en \u201calg\u00fan tiempo\u201d, por no mencionar la fecha prevista para 2030 por ciertos responsables pol\u00edticos y ejecutivos. A su juicio, la demanda de petrolera llegar\u00e1 a un m\u00e1ximo sin precedentes durante el segundo semestre del 2024, con un considerable potencial de expansi\u00f3n en los pa\u00edses emergentes.<\/p>\n\n\n\n<p>La energ\u00eda solar y la e\u00f3lica<strong> <\/strong>proporcionan en conjunto menos del 4% del suministro de energ\u00eda global, y el parque de VE no alcanza el 3%, seg\u00fan Nasser. Pero el gas natural contin\u00faa representando un elemento clave, con un crecimiento de la demanda de alrededor del 70% desde el comienzo del siglo.<\/p>\n\n\n\n<p>Sin subsidios gubernamentales, los veh\u00edculos el\u00e9ctricos son hasta un 50% m\u00e1s caros que los de combusti\u00f3n interna, a\u00f1adi\u00f3. \u201cNo se les puede subsidiar para siempre\u201d, afirm\u00f3.<\/p>\n\n\n\n<p>bloomberg.com 19 03 2024<\/p>\n","protected":false},"excerpt":{"rendered":"<p>Devika Krishna Kumar, David Wethe, Bloomberg News HOUSTON EnergiesNet.com 20 03 2024 Amin Nasser, CEO de Saudi Aramco, manifest\u00f3 que la transici\u00f3n energ\u00e9tica mundial est\u00e1 \u201cvisiblemente fracasando\u201d en casi todos los aspectos, pues sus defensores ignoran las implicaciones para los ciudadanos que requieren combustibles econ\u00f3micos y fiables. Durante su intervenci\u00f3n en la jornada inaugural de &hellip;<\/p>\n<p class=\"read-more\"> <a class=\"\" href=\"https:\/\/energiesnet.com\/espanol\/la-transicion-energetica-esta-visiblemente-fracasando-nasser-ceo-de-aramco\/\"> <span class=\"screen-reader-text\">CERAWeek: La transici\u00f3n energ\u00e9tica est\u00e1 \u201dvisiblemente fracasando\u201d &#8211; Nasser, CEO de Aramco<\/span> Leer m\u00e1s &raquo;<\/a><\/p>\n","protected":false},"author":2,"featured_media":20796,"comment_status":"open","ping_status":"open","sticky":false,"template":"","format":"standard","meta":{"_monsterinsights_skip_tracking":false,"_monsterinsights_sitenote_active":false,"_monsterinsights_sitenote_note":"","_monsterinsights_sitenote_category":0,"site-sidebar-layout":"default","site-content-layout":"default","ast-global-header-display":"","ast-main-header-display":"","ast-hfb-above-header-display":"","ast-hfb-below-header-display":"","ast-hfb-mobile-header-display":"","site-post-title":"","ast-breadcrumbs-content":"","ast-featured-img":"","footer-sml-layout":"","theme-transparent-header-meta":"","adv-header-id-meta":"","stick-header-meta":"","header-above-stick-meta":"","header-main-stick-meta":"","header-below-stick-meta":"","footnotes":""},"categories":[30],"tags":[3402,3401,539],"class_list":["post-20795","post","type-post","status-publish","format-standard","has-post-thumbnail","hentry","category-top-news","tag-amin-nasser","tag-clima-industria-petrolera","tag-transicion-energetica"],"aioseo_notices":[],"_links":{"self":[{"href":"https:\/\/energiesnet.com\/espanol\/wp-json\/wp\/v2\/posts\/20795","targetHints":{"allow":["GET"]}}],"collection":[{"href":"https:\/\/energiesnet.com\/espanol\/wp-json\/wp\/v2\/posts"}],"about":[{"href":"https:\/\/energiesnet.com\/espanol\/wp-json\/wp\/v2\/types\/post"}],"author":[{"embeddable":true,"href":"https:\/\/energiesnet.com\/espanol\/wp-json\/wp\/v2\/users\/2"}],"replies":[{"embeddable":true,"href":"https:\/\/energiesnet.com\/espanol\/wp-json\/wp\/v2\/comments?post=20795"}],"version-history":[{"count":0,"href":"https:\/\/energiesnet.com\/espanol\/wp-json\/wp\/v2\/posts\/20795\/revisions"}],"wp:featuredmedia":[{"embeddable":true,"href":"https:\/\/energiesnet.com\/espanol\/wp-json\/wp\/v2\/media\/20796"}],"wp:attachment":[{"href":"https:\/\/energiesnet.com\/espanol\/wp-json\/wp\/v2\/media?parent=20795"}],"wp:term":[{"taxonomy":"category","embeddable":true,"href":"https:\/\/energiesnet.com\/espanol\/wp-json\/wp\/v2\/categories?post=20795"},{"taxonomy":"post_tag","embeddable":true,"href":"https:\/\/energiesnet.com\/espanol\/wp-json\/wp\/v2\/tags?post=20795"}],"curies":[{"name":"wp","href":"https:\/\/api.w.org\/{rel}","templated":true}]}}