{"id":20925,"date":"2024-04-02T12:05:29","date_gmt":"2024-04-02T16:05:29","guid":{"rendered":"https:\/\/energiesnet.com\/espanol\/?p=20925"},"modified":"2024-04-02T16:36:34","modified_gmt":"2024-04-02T20:36:34","slug":"espiritualidad-y-lucha-contra-los-totalitarismos-frank-bracho","status":"publish","type":"post","link":"https:\/\/energiesnet.com\/espanol\/espiritualidad-y-lucha-contra-los-totalitarismos-frank-bracho\/","title":{"rendered":"Espiritualidad y lucha contra los totalitarismos &#8211; Frank Bracho"},"content":{"rendered":"\n<figure class=\"wp-block-image size-full\"><img fetchpriority=\"high\" decoding=\"async\" width=\"600\" height=\"400\" src=\"https:\/\/energiesnet.com\/espanol\/wp-content\/uploads\/2024\/04\/totalitario_espititualismo-RLC.jpg\" alt=\"\u00abQuien no quiera entrar por la Puerta de Mi Misericordia, tendr\u00e1 que entrar por la Puerta de Mi Justicia\u00bb \u2013 Jes\u00fas de la Divina Misericordia (Diario de Sor Faustina)\" class=\"wp-image-20926\" srcset=\"https:\/\/energiesnet.com\/espanol\/wp-content\/uploads\/2024\/04\/totalitario_espititualismo-RLC.jpg 600w, https:\/\/energiesnet.com\/espanol\/wp-content\/uploads\/2024\/04\/totalitario_espititualismo-RLC-300x200.jpg 300w\" sizes=\"(max-width: 600px) 100vw, 600px\" \/><figcaption class=\"wp-element-caption\"><em>\u00abQuien no quiera entrar por la Puerta de Mi Misericordia, tendr\u00e1 que entrar por la Puerta de Mi Justicia\u00bb\u00a0\u2013<\/em> Jes\u00fas de la Divina Misericordia (Diario de Sor Faustina)<\/figcaption><\/figure>\n\n\n\n<p>Por Frank Bracho      <\/p>\n\n\n\n<p><em>\u2026Aunque \u00abpor Genesis\u00bb (por partida cu\u00e1druple, desde que Carlos III nos declarara \u00ab<\/em>Capitan\u00eda General de Venezuela\u00bb en 1777).<\/p>\n\n\n\n<p>y , posteriormente, muchas manifestaciones marianas. Somos, en verdad, \u00abun pa\u00eds muy&nbsp;Mariano\u00bb (Ver nuestra pieza en la Web: \u00abGenesis Mariana\u00bb)\u2026. Lo que nos&nbsp; emparenta mucho&nbsp; con nuestros&nbsp; predecesores&nbsp; ancestrales profetas ind\u00edgenas y su \u00abDivina Madre Tierra\u00bb \u2026<em>y en particular con la \u00ab<\/em><em>Abya Ayala\u00bb (o \u00abTierra de Florecimiento\u00bb) conque los \u00ab<\/em><em>kunas<\/em>\u00ab<em> llamaron a nuestro continente&nbsp; (desde la&nbsp; especial presencia de dichos ind\u00edgenas en las hoy Panam\u00e1 -el mismo istmo que cautiv\u00f3 a Bol\u00edvar en sus sue\u00f1os unitarios- y Colombia).. A<\/em><em>lgo no muy distinto del nombre \u00abTierra de Gracia\u00bb que uso el avistador&nbsp; europeo Crist\u00f3bal Col\u00f3n en 1492<\/em><\/p>\n\n\n\n<p><em>\u2026EN VERDAD,\u00a0<u>posiblemente sea el signo celeste de \u00abJes\u00fas de la Divina\u00a0 Misericordia<\/u>\u00bb o Su frase conque hemos antes abierto este renovado nuevo aporte,\u00a0<u>lo que m\u00e1s nos condiciona celeste o prof\u00e9ticamente para estos m\u00e1s actuales tiempos de Hoy en d\u00eda\u00a0<\/u>!! : \u00abSOMOS, en efecto, una \u00abmuy generosa\u00bb Tierra de Gracia o Florecimiento\u00bb, por Designio Divino.!! \u2026Pero tambi\u00e9n, tenemos que estar acordes con el mismo -o se nos pasar\u00e1 \u00abfactura\u00bb !! : Tenemos que DAR lo mejor de nosotros, y entonces Dios se ocupar\u00e1 \u00abde el resto\u00bb con su abundante Misericordia Divina \u2013 preferentemente, de siempre !! Tenemos, pues, que hacer nuestra parte bajo el Designio Divino que nos ha tocado\u00bb\u2026. O si no, nos tocar\u00e1 \u00abllamar a Mar\u00eda\u00bb !(como se dice popularmente en nuestro pa\u00eds) \u2013 A fin de \u00abque Dios se apiade, aun mas, de nosotros\u00bb\u00a0!\u2026\u00a0<\/em><\/p>\n\n\n\n<p><em>\u2026. Y tanto es as\u00ed que, hablando de \u00abTierra de Florecimiento\u00bb, no se puede esperar que un CNE tan \u00abprofano\u00bb y \u00aboficialista\u00bb&nbsp; como el actual, pueda entenderlo, pero su actual \u00abcr\u00edtico per\u00edodo de postulaciones\u00bb para la&nbsp; \u00abactual campa\u00f1a electoral presidencial\u00bb \u2013 la cual, ojal\u00e1, aunque a trompicones, pueda terminar como \u00abjusta y exitosa\u00bb (con may\u00fascula ! ) \u2026Aunque sabemos que nuestro actual \u00abag\u00f3nico largo t\u00fanel\u00bb&nbsp;<u>no<\/u>&nbsp;se resolver\u00e1 meramente ni con \u00abvotos\u00bb \u2013 y sobre todo cierto tipo de \u00abvotos\u00bb-&nbsp; ni con \u00abbalas\u00bb\u2026 Sino<\/em><em>&nbsp;con&nbsp;<u>un<\/u>&nbsp;<u>propio genuino Cambio de Conciencia,&nbsp;<\/u>de Todos !!).. ha<\/em><em>&nbsp;venido, dicho per\u00edodo, a coincidir con un nuevo \u00abEquinoccio de Primavera\u00bb o \u00abtiempo de florecimiento primaveral\u00bb por excelencia !!\u2026&nbsp;<\/em><\/p>\n\n\n\n<p><em>(la gran manifestaci\u00f3n mariana de La Guadalupe \u2013 cercana\u00a0 \u00abprima\u00bb de nuestra Coromoto-no por accidente ocurri\u00f3, el 12 de diciembre de 1531, durante \u00abel Solisticio de Invierno de entonces\u00bb!!).\u00a0 \u00a0 \u00a0 \u00a0 \u00a0 \u00a0 \u00a0 \u00a0 \u00a0 \u00a0 \u00a0 \u00a0 \u00a0 \u00a0&#8230; Pero entremos a continuaci\u00f3n \u00aben materia\u00bb , a fin de detallar m\u00e1s lo antes dicho !!\u00a0 \u00a0 \u00a0 \u00a0 \u00a0 \u00a0 \u00a0 \u00a0 \u00a0 \u00a0 \u00a0 \u00a0 \u00a0 \u00a0 \u00a0 \u00a0 \u00a0 \u00a0 \u00a0 \u00a0 \u00a0 \u00a0 \u00a0 \u00a0 \u00a0 \u00a0 \u00a0 \u00a0 \u00a0 \u00a0 \u00a0 \u00a0 \u00a0 .\u00a0 \u00a0 \u00a0 \u00a0 \u00a0 \u00a0 **<\/em><u>Existe \u00abun Plan Divino\u00bb para Todos, y cada uno, de nosotros\u00a0 !!\u00a0<\/u><\/p>\n\n\n\n<p>\u00abLos Planes de Dios\u201d son con frecuencia ignotos o misteriosos&nbsp; a los hombres\u2026..Aunque siempre tienen su \u201cl\u00f3gica\u201d- incomprensible al com\u00fan, pero&nbsp;no&nbsp;a los firmes creyentes !! \u2026Y&nbsp;siempre estan \u00abactuando\u00bb como \u00abBrujula y Cobijo\u00bb !! \u2013 Para el que los quiera o pueda ver !\u2026Y aun a trav\u00e9s de&nbsp;el llamado \u00abmal\u00bb ! \u2013 que suele servir como \u00abpurificaci\u00f3n\u00bb para algo Superior&nbsp;!!&nbsp;<\/p>\n\n\n\n<p>Un puente entre ambas dimensiones han sido el de las \u00abprofec\u00edas divinas o se\u00f1ales celestes\u00bb acompa\u00f1antes de \u00ablo pol\u00edtico\u00bb \u2013A sabiendas que \u00abla alta pol\u00edtica nunca est\u00e1 divorciada de lo espiritual\u00bb!\u2026 Pues como dijo un Papa: \u201c la pol\u00edtica con may\u00fascula es la m\u00e1s elevada forma de caridad o de amor al pr\u00f3jimo\u201d\u2026.Y como dijo&nbsp;<em>Gandhi<\/em>&nbsp;\u2013junto con otros como el mismo&nbsp;<em>Bol\u00edvar<\/em>: \u201cLa Pol\u00edtica no puede serle indiferente a ning\u00fan creyente\u201d\u2026Porque&nbsp; \u00abla \u00c9tica y la Religi\u00f3n le son inherentes a la pol\u00edtica\u00bb: Aun m\u00e1s, aunque la generalizada corrupci\u00f3n de Hoy ha omnubilidado mucho de ello: \u201cLa Pol\u00edtica&nbsp;sin&nbsp;la \u00c9tica o la Moral&nbsp;no&nbsp;vale nada\u201d ! (\u2026lo anterior en verdad rige para todo gran quehacer humano..).<\/p>\n\n\n\n<p>Tal es la vinculaci\u00f3n estrecha entre ambos quehaceres. Y con frecuencia las profec\u00edas divinas o se\u00f1ales celestes han mostrado el puente o camino entre ambos.<\/p>\n\n\n\n<p>***&nbsp;<strong><u>Caso<\/u><\/strong>&nbsp;<strong><u>Venezuela<\/u><\/strong>&nbsp; &nbsp; &nbsp; &nbsp; &nbsp; &nbsp; &nbsp; &nbsp; &nbsp; &nbsp; &nbsp; &nbsp; &nbsp; &nbsp; &nbsp; &nbsp; &nbsp; &nbsp; &nbsp; &nbsp; &nbsp;<\/p>\n\n\n\n<p>&nbsp;T\u00f3mese el caso de&nbsp;<em>Venezuela<\/em>. Los pr\u00f3ceres de nuestra independencia, la mayor\u00eda de ellos guiados por altos valores espirituales, encontraron \u2013 ojo-propicio \u00abel natural retiro social\u00bb de la Semana Santa de 1810, para \u00abconspirar\u00bb \u00aben pro de la&nbsp;<em>Liberaci\u00f3n<\/em>&nbsp;<em>Espiritual\u00bb (!!) \u2013L\u00e9ase: \u00abEn pro de la Dignidad y la Libertad<\/em>\u00ab- de la subyugada colonia pujando por ser patria independiente ! \u2026.Y&nbsp;<em>as\u00ed ocurri\u00f3 aquel mi\u00e9rcoles santo 18 de abril, en que nuestra muy venezolana procesi\u00f3n de \u00abEl Nazareno de San Pablo\u00bb dio conveniente \u00abdiscreto cobijo\u00bb \u2013de la siempre activa implacable vigilancia del r\u00e9gimen colonial, a fin de \u00abadelantar las consultas\u00bb sobre los sediciosos preparativos&nbsp; independentistas<\/em>\u2026.Materializados al d\u00eda siguiente, en&nbsp;<em>aquel 19 de abril jueves santo, donde el gobernador espa\u00f1ol Emparan fue obligado a dimitir en favor de las fuerzas libertarias (!) \u2013incluso con el atrevido cura Madariaga \u201cinstigando por detr\u00e1s al pueblo\u201d -para que le diera a Emparan un rotundo \u201cno te queremos mas\u201d !\u2026<\/em>.Por todo lo cual, un gran erudito estudioso de la historia venezolana el Presb\u00edtero&nbsp;<em>Ram\u00f3n<\/em>&nbsp;<em>Vinke<\/em>&nbsp;ha resumido:&nbsp; \u201c<em>No es exagerado decir entonces, que tan importante paso hacia la Venezuela libre e independiente, que fue el 19 de abril de 1810, se produjo bajo el amparo y protecci\u00f3n del Nazareno de San Pablo (!!) ; y que Venezuela es, por tanto, Rep\u00fablica del Nazareno de San Pablo\u2026\u201d&nbsp;<\/em><\/p>\n\n\n\n<p>Luego de m\u00e1s de 500 a\u00f1os de cristianismo en Venezuela \u2013inclusive, \u00abcon sus luces y sombras\u00bb \u2013 es natural que las altas ense\u00f1anzas de Cristo \u2013cuando las hayamos querido ver- siempre han estado a la mano para \u00abacompa\u00f1arnos\u00bb en los momentos m\u00e1s cruciales de nuestra historia pol\u00edtica !!\u2026Y por ello, tambi\u00e9n&nbsp;<em>la<\/em>&nbsp;<em>invocaci\u00f3n al Dios Encarnado&nbsp;<\/em>por parte de los pr\u00f3ceres pol\u00edticos estuvo muy presente en aquella&nbsp; Alta Declaraci\u00f3n de la \u00ab<em>Proclamaci\u00f3n<\/em>&nbsp;<em>de la Independencia<\/em>\u00bb , un poco m\u00e1s de un a\u00f1o despu\u00e9s, en aquel&nbsp; 5&nbsp;<em>de julio de 1811\u2026<\/em>.(\u00abCuriosamente\u00bb,&nbsp; &nbsp;Hoy \u00abun misterioso nuevo ciclo Marzo-abril-julio\u00bb , parece haber sido \u00abpuesto sobre la mesa\u00bb como una \u00abesperanzadora oportunidad dorada para todos los de buena voluntad\u00bb! )\u2026&nbsp;<\/p>\n\n\n\n<p>Lo que fue \u201creciprocado\u201d luego por la propia Iglesia, cerca de la posterior&nbsp;<em>celebraci\u00f3n nonagenaria<\/em>&nbsp;de dicha&nbsp; partida de nacimiento republicana, en un&nbsp;<em>2<\/em>&nbsp;<em>de julio de 1899<\/em>, con la muy extraordinaria \u201c<em>Consagraci\u00f3n P\u00fablica de la Rep\u00fablica al Sant\u00edsimo Sacramento del Altar\u201d (o<\/em>&nbsp;\u201c<em>Sacramento de Jes\u00fas Eucarist\u00eda\u201d \u2013<\/em>instituido por el mismo Jes\u00fas en aquella ultima cena de aquel&nbsp;<em>jueves<\/em>&nbsp;<em>santo<\/em>&nbsp;-donde le dijo a sus disc\u00edpulos \u201c<em>Haced esto en memoria m\u00eda\u201d)<\/em>\u2026\u2026Consagraci\u00f3n luego p\u00fablicamente&nbsp;<em>renovada para los actuales tiempos, un 26 de junio del 2011<\/em>, al lado de la \u201c<em>Consagraci\u00f3n Nacional al Inmaculado Coraz\u00f3n de la -tambi\u00e9n muy querida en<\/em>&nbsp;<em>Venezuela- Virgen Mar\u00eda en la Advocaci\u00f3n de La -muy criolla- Coromoto\u201d<\/em>&nbsp;!\u2026Y&nbsp;&nbsp; no olvidemos que&nbsp;<em>tal tipo de&nbsp; extraordinarias ceremonias de consagraci\u00f3n a los s\u00edmbolos y signos m\u00e1s sagrados de la Iglesia,<\/em>&nbsp;se&nbsp;<em>hacen \u00aba fin de encomendar a sociedades y pueblos a la gracia y misericordia divina -en \u00e9pocas de grandes pruebas para los mismos\u00bb !!\u2026&nbsp;<\/em>Ceremonias que, realizadas con Entrega y Fe, y siguiendo protocolos milenarios de la Iglesia, han&nbsp;usualmente luego tra\u00eddo&nbsp; \u00abpatentes correspondientes favorables repercusiones\u00bb !&nbsp; (\u2026en cuanto a Santa&nbsp;<em>Mar\u00eda<\/em>&nbsp;cabe recordar que los pr\u00f3ceres&nbsp;&nbsp;<em>Jos\u00e9 F\u00e9lix Ribas, Antonio Jos\u00e9 de Sucre, y Sim\u00f3n Bol\u00edvar -todos ellos muy devotos cristianos cat\u00f3licos-(y este \u00faltimo, \u00abPadre Moral de su actual CRBV\u00bb \u2013 seg\u00fan reza su mismo Art.1)\u2026 \u00abencomendaron\u00bb muy retadoras gestas suyas como la de La Victoria, Ayacucho y Carabobo \u2013respectivamente- a la Inmaculada Concepci\u00f3n y La Coromoto&nbsp; !! \u2026Antes de libraras\u2026. Saliendo todos ellos triunfantes&nbsp; de dichos compromisos&nbsp; !\u2026).<\/em><\/p>\n\n\n\n<p>****<strong><u>Espiritualidad y lucha contra los Totatalitarismos !&nbsp; &nbsp; &nbsp;&nbsp;<\/u><\/strong><\/p>\n\n\n\n<p>Mucho se ha hablado ya de la \u00ab<em>Gran Lucha Espiritual\u00bb \u2013en particular de base cristiana- que hubo tras la ca\u00edda de los grandes totalitarismos tir\u00e1nicos y decadentes del siglo XX que fueron el Nazismo y el Comunismo Staliniano&nbsp;<\/em>&nbsp;!\u2026En cuanto al C<em>omunismo<\/em>, \u00bfqui\u00e9n podr\u00eda ignorar el clave papel que tuvo en la ca\u00edda del emblem\u00e1tico y oprobioso \u201c<em>Muro<\/em>&nbsp;<em>de<\/em>&nbsp;<em>Berl\u00edn<\/em>\u201d las militantes y abiertas \u201c<em>cadenas<\/em>&nbsp;<em>de<\/em>&nbsp;<em>oraci\u00f3n<\/em>\u201d que se hicieron desde aquella c\u00e9lebre iglesia de San&nbsp;<em>Nicol\u00e1s<\/em>&nbsp;en Leipzig (desde la propia Alemania Comunista), bajo la convocatoria de aquel infatigable cl\u00e9rigo ortodoxo de nombre Christian&nbsp;<em>Fuhrer<\/em>&nbsp;(\u2026los anteriores dos nombres en cursivas, resonando mucho con nuestra particular actual realidad (!!)\u2026Se trata del eterno&nbsp;<em>dictum<\/em>&nbsp;de todo genuino creyente de que: \u201c<em>No hay \u00abmal\u00bb del cual Dios no pueda logar un Bien Mayor<\/em>\u201d!)\u2026.<\/p>\n\n\n\n<p>\u2026..El Pastor Fuhrer \u2013el bueno, no el malo- nos rese\u00f1\u00f3 todo lo logrado entonces, en sus siguientes memorables comentarios sobre la exitosa confrontaci\u00f3n espiritual con el -armado hasta los dientes, pero totalmente decadente- tir\u00e1nico r\u00e9gimen alem\u00e1n: \u201c<em>No atacaron. No ten\u00edan ning\u00fan motivo por qu\u00e9 hacerlo. Funcionarios de la Alemania Oriental luego dijeron que estaban preparados para todo, todo menos velas y oraciones !\u2026..Lo que m\u00e1s me moviliz\u00f3 fue el hecho de que la gente que hab\u00eda crecido en dos dictaduras ateas, primero los nazis y luego los reg\u00edmenes comunistas, fuera capaz de condensar el mensaje de Jes\u00fas en dos palabras: No Violencia ! Sin la iglesia todo hubiese sido como otras revoluciones anteriores, sangriento y fallido\u2026.Lo hicimos porque la iglesia ten\u00eda que hacerlo<\/em>&nbsp;! \u201c&nbsp; &nbsp; &nbsp; &nbsp; &nbsp; &nbsp; &nbsp; &nbsp; \u2026.. \u00bf&nbsp;Una reflexi\u00f3n tambi\u00e9n particularmente relevante para nuestro actual pa\u00eds ?&nbsp;(!!) -en tan presente crucial decisiva coyuntura ?\u2026.Confiemos en que as\u00ed pueda ser !.. Por el Mayor Bien Espiritual de Todos !\u2026 \u2026..Aunque algunos desalmados&nbsp; impenitentes parecieran a\u00fan&nbsp; empe\u00f1ados en negar el, en definitiva, curso inexorable de la Historia y del Plan de&nbsp;Dios&nbsp;!!&nbsp;\u2013en nuestra vida personal propia, la de nuestro propio pa\u00eds, y mundo!\u2026<\/p>\n\n\n\n<p>Por&nbsp; supuesto, a todo lo anterior; en aquella desactivaci\u00f3n a tiempo de la tan peligrosa anarquizada \u201cGuerra Fr\u00eda\u201d; se a\u00f1adir\u00eda luego la prodigiosa alianza mutuamente liberacionista cristiana, \u201cbajo la mesa\u201d- de&nbsp;<em>Gorbachov<\/em>&nbsp; y el gran&nbsp;<em>Juan<\/em>&nbsp;<em>Pablo<\/em>&nbsp;<em>II&nbsp;<\/em>!! \u2026.A este \u00faltimo&nbsp; incluso rindieron respeto p\u00fablico hasta los posteriores Vladimir&nbsp;<em>Putin<\/em>&nbsp;y&nbsp;<em>Fidel<\/em>&nbsp;<em>Castro<\/em>&nbsp;\u2013y este \u00faltimo anterior, durante la&nbsp;<em>conmemoraci\u00f3n de exequias de JP, lo hizo en la propia Catedral de La Habana&nbsp;<\/em>&nbsp;-a pesar de que su&nbsp;<em>contempor\u00e1neo&nbsp; dilecto pupilo en Venezuela -HCHF- no fue capaz de hacerlo !- en un ciego empe\u00f1o del cual&nbsp;<\/em>luego&nbsp;<em>tard\u00edamente se arrepentir\u00eda !)<\/em>\u2026Y sin olvidar que Juan Pablo II actu\u00f3 muy a tono con las&nbsp;<em>profec\u00edas<\/em>&nbsp;de la&nbsp;<em>Virgen<\/em>&nbsp;<em>de F\u00e1tima<\/em>&nbsp;en&nbsp;<em>1917<\/em>; y en particular con la que pidi\u00f3 \u00abla&nbsp;<em>consagraci\u00f3n de Rusia al Inmaculado Coraz\u00f3n de Mar\u00eda\u00bb&nbsp;<\/em>como \u00abant\u00eddoto protector\u00bb para evitar una III Guerra Mundial !&nbsp; \u2013<em>lo que JP II finalmente hizo, luego de su prodigiosa salvaci\u00f3n del letal atentado criminal que \u00e9l sufriera en la Plaza de<\/em>&nbsp;<em>San Pedro en Roma en 1981<\/em>&nbsp;\u2013<em>en la misma fecha y hora de la primera aparici\u00f3n de F\u00e1tima a\u00f1os atr\u00e1s<\/em>&nbsp;!!\u2026..Profec\u00eda la cual tendr\u00eda al final decisivo&nbsp;<em>desenlace definitivo un 19 de agosto de 1991, D\u00eda de la Transfiguraci\u00f3n de Cristo en el calendario ruso ortodoxo !\u2026en Mosc\u00fa<\/em>; a trav\u00e9s de asonada protectora en favor de&nbsp;<em>Gorbachov,<\/em>&nbsp;de&nbsp;<em>Yeltsin<\/em>, en medio del pueblo rebelde ruso \u2013y suceso entonces transmitido al mundo por&nbsp;<em>una \u00fanica presente emisora ecum\u00e9nica&nbsp; cristiana ! (todas las dem\u00e1s estaban amordazadas<\/em>&nbsp;<em>por<\/em>&nbsp;<em>el<\/em>&nbsp;<em>r\u00e9gimen<\/em>&nbsp;<em>comunista<\/em>&nbsp;) -en otro suceso de \u00abmucha semblanza prof\u00e9tica\u00bb !!\u2026.(Cabe a\u00f1adir que \u00abla&nbsp;<em>Transfiguraci\u00f3n\u00bb<\/em>&nbsp;\u2013manifestada por&nbsp;<em>Jes\u00fas&nbsp;<\/em>nosolo&nbsp;en&nbsp;<em>Tabor<\/em>, sino tambi\u00e9n durante <em>la Ultima Cena, y bajo Su Resurrecci\u00f3n luego de su muerte en el G\u00f3lgota<\/em>; y un suceso, aun mas reverenciado por los ortodoxos que los cat\u00f3licos \u2013los primeros, incluso creyendo que \u00abes la luz sin par de Cristo Resucitado la que pervive en el Templo de la Resurrecci\u00f3n para manifestarse en el gran milagro de cirios re-encendidos durante la vigilia pascual ortodoxa\u00bb (!) -Se trata del acontecimiento de \u00abre-Comuni\u00f3n con Dios\u00bb mas vivificante del Cristianismo!\u2026..Y, como dice el&nbsp;<em>vers\u00edculo<\/em>&nbsp;<em>682<\/em>&nbsp;del&nbsp;<em>Diario de santa Sor Faustina<\/em>&nbsp;sobre&nbsp;<em>Jes\u00fas de la Misericordia<\/em>, el acontecimiento al cual mas tenemos que apuntar como emulaci\u00f3n \u2013incluso m\u00e1s que cualquier circunstancial templo, ritual externo o reliquia;\u2026pues como dice el libro del Apocalipsis,&nbsp;<em>en \u201cla nueva Jerusal\u00e9n ya no har\u00e1n falta los templos, pues nosotros mismos los seremos\u201d<\/em>&nbsp;!\u2013como Dios manda\u2026..<\/p>\n\n\n\n<p>\u2026.Y en el fondo se trata de la misma valoraci\u00f3n que hace el actual Papa Francisco cuando, en su primera enc\u00edclica \u2013hecha con su predecesor Benedicto XVI, la enc\u00edclica&nbsp;<em>Lumen<\/em>&nbsp;<em>Dei<\/em>&nbsp;(La Luz de la Fe), nos dice: \u201c<em>La caracter\u00edstica propia de la luz de la Fe es la capacidad de iluminar toda la existencia del hombre\u2026. llev\u00e1ndonos&nbsp; m\u00e1s all\u00e1 de nuestro propio \u201cyo\u201d aislado, hacia la m\u00e1s amplia comuni\u00f3n\u2026la Fe es Luz en nuestras tinieblas\u201d<\/em><\/p>\n\n\n\n<p><em>*****<\/em><strong><u>En<\/u>&nbsp;<u>conclusi\u00f3n<\/u><\/strong><\/p>\n\n\n\n<p><em>\u2026.<\/em>A todos los desalmados, enajenados y suicidas conductores o tiranos de naciones\u00a0 de Hoy en d\u00eda (o \u00abenfermos que han\u00a0 desgobernado\u00bb a re ba\u00f1os de gente pasivos en ello),\u00a0 habr\u00eda que tambien recordarles, entonces, este otro\u00a0 divino\u00a0<em>dictum<\/em>: \u201c<em>Tendr\u00e9 Misericordia con quien tenga Misericordia\u201d (<\/em>San Pablo)\u2026O, para ponerlo en t\u00e9rminos de los \u00abMensajes de Jes\u00fas de la Misericordia\u00bb \u2013en verdad el Jes\u00fas para los actuales tan necesitados tiempos que vive la Humanidad y nuestro pa\u00eds ! -como lo ha dicho su principal Ap\u00f3stol en Vzla. el insigne sacerdote capuchino Arsenio Gutierres : \u201c<em>Yo hago los milagros en la proporci\u00f3n de la entrega y la confianza que tengas en mi\u2026.No tengas miedo !\u00a0Veras grandes milagros. Te lo prometo por mi amor\u2026Pero tambi\u00e9n recuerda:\u00a0El que no quiera entrar por la puerta de Mi Divina Misericordia tendr\u00e1 que entrar por la puerta de Mi Justicia\u201d (del Diario de los Mensajes de Jes\u00fas de la Misericordia de Santa Sor Faustina).<\/em><\/p>\n\n\n\n<p><em>En definitiva:\u00a0<\/em>En la ocasi\u00f3n de la pr\u00f3xima\u00a0<em>nueva conmemoraci\u00f3n de la Semana Santa (SS) en nuestro pa\u00eds \u2013con toda su carga de Nazareno de San Pablo, y del Cristo de la Pasi\u00f3n y la Resurrecci\u00f3n<\/em>; as\u00ed como de la\u00a0<em>posterior fiesta mundial de Jes\u00fas de la Misericordia el Domingo posterior a la SS \u2013d\u00eda en el cual se realiz\u00f3 tambi\u00e9n la canonizaci\u00f3n del \u201cPapa<\/em>\u00a0de\u00a0<em>la Divina Misericordia\u201d Juan Pablo II<\/em>\u00a0(junto con la de Juan XXII), de manos del actual Papa\u00a0<em>Francisco<\/em>,\u00a0Renovemos, pues, con Fe y Compromiso, los votos por el Camino que nos ha mostrado el Cristo Redentor y de Gloria; en procura de la Paz y la Alegr\u00eda en Dios como nuestra definitiva Gu\u00eda y Liberaci\u00f3n !.<\/p>\n\n\n\n<p>___________________________________________________<\/p>\n\n\n\n<p><strong><em>Frank Bracho<\/em><\/strong> es activista de la sociedad civil; Tambi\u00e9n ha tenido una intensa y variada experiencia como autor, conferenciante y activista en la sociedad civil y en movimientos de defensa en temas de cambio de civilizaci\u00f3n. Los puntos de vista expresados no necesariamente son los de EnergiesNet.com.<\/p>\n\n\n\n<p>Nota del Editor:\u00a0Este art\u00edculo fue originalmente publicado en\u00a0Reporte Cat\u00f3lico Laico (RCL)<em><a href=\"http:\/\/lasarmasdecoronel.blogspot.com\/\">\u00a0<\/a><\/em>el 18 de marzo del 2024 Reproducimos el mismo en beneficio de los lctores.\u00a0EnergiesNet.com no se hace responsable por los juicios de valor emitidos por sus colaboradores y columnistas de opini\u00f3n y an\u00e1lisis.<\/p>\n\n\n\n<p><a href=\"https:\/\/reportecatolicolaico.com\/2024\/03\/22\/espiritualidad-y-lucha-contra-los-totalitarismos\/\">Articulo original<\/a><\/p>\n\n\n\n<p>Aviso de uso: Este sitio contiene material protegido por derechos de autor cuyo uso no siempre ha sido espec\u00edficamente autorizado por el propietario de los derechos. Ponemos a disposici\u00f3n dicho material en nuestro esfuerzo por avanzar en la comprensi\u00f3n de cuestiones de importancia social, medioambiental y humanitaria. Creemos que esto constituye un \u00abuso justo\u00bb de cualquier material protegido por derechos de autor, tal como se establece en la secci\u00f3n 107 de la Ley de Derechos de Autor de EE.UU.. De acuerdo con el T\u00edtulo 17 U.S.C. Secci\u00f3n 107. Para m\u00e1s informaci\u00f3n, visite: http:\/\/www.law.cornell.edu\/uscode\/17\/107.shtml.<\/p>\n\n\n\n<p>EnergiesNet.com 19 03 2024<\/p>\n","protected":false},"excerpt":{"rendered":"<p>Por Frank Bracho \u2026Aunque \u00abpor Genesis\u00bb (por partida cu\u00e1druple, desde que Carlos III nos declarara \u00abCapitan\u00eda General de Venezuela\u00bb en 1777). y , posteriormente, muchas manifestaciones marianas. Somos, en verdad, \u00abun pa\u00eds muy&nbsp;Mariano\u00bb (Ver nuestra pieza en la Web: \u00abGenesis Mariana\u00bb)\u2026. Lo que nos&nbsp; emparenta mucho&nbsp; con nuestros&nbsp; predecesores&nbsp; ancestrales profetas ind\u00edgenas y su \u00abDivina &hellip;<\/p>\n<p class=\"read-more\"> <a class=\"\" href=\"https:\/\/energiesnet.com\/espanol\/espiritualidad-y-lucha-contra-los-totalitarismos-frank-bracho\/\"> <span class=\"screen-reader-text\">Espiritualidad y lucha contra los totalitarismos &#8211; Frank Bracho<\/span> Leer m\u00e1s &raquo;<\/a><\/p>\n","protected":false},"author":2,"featured_media":20926,"comment_status":"open","ping_status":"open","sticky":false,"template":"","format":"standard","meta":{"_monsterinsights_skip_tracking":false,"_monsterinsights_sitenote_active":false,"_monsterinsights_sitenote_note":"","_monsterinsights_sitenote_category":0,"site-sidebar-layout":"default","site-content-layout":"default","ast-global-header-display":"","ast-main-header-display":"","ast-hfb-above-header-display":"","ast-hfb-below-header-display":"","ast-hfb-mobile-header-display":"","site-post-title":"","ast-breadcrumbs-content":"","ast-featured-img":"","footer-sml-layout":"","theme-transparent-header-meta":"","adv-header-id-meta":"","stick-header-meta":"","header-above-stick-meta":"","header-main-stick-meta":"","header-below-stick-meta":"","footnotes":""},"categories":[45,1],"tags":[3455,3453,3278,3454,3452,170],"class_list":["post-20925","post","type-post","status-publish","format-standard","has-post-thumbnail","hentry","category-noticias-diarias","category-uncategorized","tag-cistianismo","tag-espiritualismo","tag-frank-bracho","tag-profetas","tag-totalitarismo","tag-venezuela"],"aioseo_notices":[],"_links":{"self":[{"href":"https:\/\/energiesnet.com\/espanol\/wp-json\/wp\/v2\/posts\/20925","targetHints":{"allow":["GET"]}}],"collection":[{"href":"https:\/\/energiesnet.com\/espanol\/wp-json\/wp\/v2\/posts"}],"about":[{"href":"https:\/\/energiesnet.com\/espanol\/wp-json\/wp\/v2\/types\/post"}],"author":[{"embeddable":true,"href":"https:\/\/energiesnet.com\/espanol\/wp-json\/wp\/v2\/users\/2"}],"replies":[{"embeddable":true,"href":"https:\/\/energiesnet.com\/espanol\/wp-json\/wp\/v2\/comments?post=20925"}],"version-history":[{"count":0,"href":"https:\/\/energiesnet.com\/espanol\/wp-json\/wp\/v2\/posts\/20925\/revisions"}],"wp:featuredmedia":[{"embeddable":true,"href":"https:\/\/energiesnet.com\/espanol\/wp-json\/wp\/v2\/media\/20926"}],"wp:attachment":[{"href":"https:\/\/energiesnet.com\/espanol\/wp-json\/wp\/v2\/media?parent=20925"}],"wp:term":[{"taxonomy":"category","embeddable":true,"href":"https:\/\/energiesnet.com\/espanol\/wp-json\/wp\/v2\/categories?post=20925"},{"taxonomy":"post_tag","embeddable":true,"href":"https:\/\/energiesnet.com\/espanol\/wp-json\/wp\/v2\/tags?post=20925"}],"curies":[{"name":"wp","href":"https:\/\/api.w.org\/{rel}","templated":true}]}}