{"id":20929,"date":"2024-04-02T12:18:18","date_gmt":"2024-04-02T16:18:18","guid":{"rendered":"https:\/\/energiesnet.com\/espanol\/?p=20929"},"modified":"2024-04-02T12:18:19","modified_gmt":"2024-04-02T16:18:19","slug":"spe-webinar-perspectivas-del-gas-natural-en-venezuela-antero-alvarado","status":"publish","type":"post","link":"https:\/\/energiesnet.com\/espanol\/spe-webinar-perspectivas-del-gas-natural-en-venezuela-antero-alvarado\/","title":{"rendered":"SPE Webinar: Perspectivas del gas natural en Venezuela &#8211; Antero Alvarado"},"content":{"rendered":"\n<figure class=\"wp-block-image size-full\"><img fetchpriority=\"high\" decoding=\"async\" width=\"531\" height=\"490\" src=\"https:\/\/energiesnet.com\/espanol\/wp-content\/uploads\/2024\/04\/antero-webinar.jpg\" alt=\"SPE Venezuela\" class=\"wp-image-20930\" srcset=\"https:\/\/energiesnet.com\/espanol\/wp-content\/uploads\/2024\/04\/antero-webinar.jpg 531w, https:\/\/energiesnet.com\/espanol\/wp-content\/uploads\/2024\/04\/antero-webinar-300x277.jpg 300w\" sizes=\"(max-width: 531px) 100vw, 531px\" \/><figcaption class=\"wp-element-caption\">SPE Venezuela<\/figcaption><\/figure>\n\n\n\n<p>\u00bfQui\u00e9n es nuestro ponente?<\/p>\n\n\n\n<p>Antero Alvarado, Lic. en Adm\u00f3n. de Negocios y Maestr\u00eda en Econom\u00eda de la Energ\u00eda, IFP, Francia.<br><br>Desde el 2014 se desempe\u00f1a como profesor del IESA, especialidad gas natural, cuyo objetivo es incentivar el uso en Venezuela, en sustituci\u00f3n de combustibles l\u00edquidos, y la reducci\u00f3n de emisiones de CO2, producto de la quema de este recurso.<\/p>\n\n\n\n<p>Ha sido tutor de diversos trabajos de grado y ha formado a m\u00e1s de 300 estudiantes en el \u00e1rea del gas natural.<\/p>\n\n\n\n<p>Fue fundador de la oficina de GELA en Venezuela y actualmente, es socio y director de Gas Energy Lat\u00edn Am\u00e9rica.<\/p>\n\n\n\n<p>Por m\u00e1s de 20 a\u00f1os ha liderado estudios de la rentabilidad del gas natural en la regi\u00f3n y la evaluaci\u00f3n de riesgos de mercados.<\/p>\n\n\n\n<p>Desde 2021 es Chairman del Caracas Gas Forum, evento \u00fanico que une el \u00e1mbito de los negocios con la academia, orientado a posicionar a Venezuela y a este encuentro como el de mayor prestigio a nivel nacional.<\/p>\n\n\n\n<p>Antero, es invitado, como experto en la regi\u00f3n, a dictar charlas, a participar en foros y en programas de radio y televisi\u00f3n, a nivel nacional e internacional.<\/p>\n\n\n\n<p>Tambi\u00e9n, escribe para Energy Advisor, revista del Inter-American Dialogue con sede en Washington.<\/p>\n\n\n\n<p>Es co-autor y autor de varios libros, entre los cuales est\u00e1n: Energ\u00eda y Dignidad Humana, Gas Natural en Venezuela Incentivos Regulaci\u00f3n y Transici\u00f3n; La Industria gas\u00edfera en Venezuela.<\/p>\n\n\n\n<p>Es autor de las publicaciones: Gas para todos: Transici\u00f3n Energ\u00e9tica y Justicia Social en Venezuela. Friedrich Ebert Stiftung, Caracas 2023 y Lleg\u00f3 la hora del gas natural, Revista SIC, diciembre 2022.<\/p>\n\n\n\n<p>Nos vemos el mi\u00e9rcoles 03 de ABR\u200b, a las 5:00 p.m., hora de Caracas (GMT-04).<\/p>\n\n\n\n<p>Reg\u00edstrate para todos los eventos a trav\u00e9s del siguiente link, v\u00eda Zoom: https:\/\/lnkd.in\/dNeHFAp<\/p>\n\n\n\n<p>Recibir\u00e1s por correo el link de ingreso previo a nuestro evento.<\/p>\n\n\n\n<p>EnergiesNet.com  02 04 2024<\/p>\n","protected":false},"excerpt":{"rendered":"<p>\u00bfQui\u00e9n es nuestro ponente? Antero Alvarado, Lic. en Adm\u00f3n. de Negocios y Maestr\u00eda en Econom\u00eda de la Energ\u00eda, IFP, Francia. Desde el 2014 se desempe\u00f1a como profesor del IESA, especialidad gas natural, cuyo objetivo es incentivar el uso en Venezuela, en sustituci\u00f3n de combustibles l\u00edquidos, y la reducci\u00f3n de emisiones de CO2, producto de la &hellip;<\/p>\n<p class=\"read-more\"> <a class=\"\" href=\"https:\/\/energiesnet.com\/espanol\/spe-webinar-perspectivas-del-gas-natural-en-venezuela-antero-alvarado\/\"> <span class=\"screen-reader-text\">SPE Webinar: Perspectivas del gas natural en Venezuela &#8211; Antero Alvarado<\/span> Leer m\u00e1s &raquo;<\/a><\/p>\n","protected":false},"author":2,"featured_media":20930,"comment_status":"open","ping_status":"open","sticky":false,"template":"","format":"standard","meta":{"_monsterinsights_skip_tracking":false,"_monsterinsights_sitenote_active":false,"_monsterinsights_sitenote_note":"","_monsterinsights_sitenote_category":0,"site-sidebar-layout":"default","site-content-layout":"default","ast-global-header-display":"","ast-main-header-display":"","ast-hfb-above-header-display":"","ast-hfb-below-header-display":"","ast-hfb-mobile-header-display":"","site-post-title":"","ast-breadcrumbs-content":"","ast-featured-img":"","footer-sml-layout":"","theme-transparent-header-meta":"","adv-header-id-meta":"","stick-header-meta":"","header-above-stick-meta":"","header-main-stick-meta":"","header-below-stick-meta":"","footnotes":""},"categories":[2684,45],"tags":[3456,185,827,1708,170,1712],"class_list":["post-20929","post","type-post","status-publish","format-standard","has-post-thumbnail","hentry","category-energias","category-noticias-diarias","tag-antero-alvarado","tag-gas-natural","tag-proyectos-de-energia-eolica","tag-reservas","tag-venezuela","tag-webinar"],"aioseo_notices":[],"_links":{"self":[{"href":"https:\/\/energiesnet.com\/espanol\/wp-json\/wp\/v2\/posts\/20929","targetHints":{"allow":["GET"]}}],"collection":[{"href":"https:\/\/energiesnet.com\/espanol\/wp-json\/wp\/v2\/posts"}],"about":[{"href":"https:\/\/energiesnet.com\/espanol\/wp-json\/wp\/v2\/types\/post"}],"author":[{"embeddable":true,"href":"https:\/\/energiesnet.com\/espanol\/wp-json\/wp\/v2\/users\/2"}],"replies":[{"embeddable":true,"href":"https:\/\/energiesnet.com\/espanol\/wp-json\/wp\/v2\/comments?post=20929"}],"version-history":[{"count":0,"href":"https:\/\/energiesnet.com\/espanol\/wp-json\/wp\/v2\/posts\/20929\/revisions"}],"wp:featuredmedia":[{"embeddable":true,"href":"https:\/\/energiesnet.com\/espanol\/wp-json\/wp\/v2\/media\/20930"}],"wp:attachment":[{"href":"https:\/\/energiesnet.com\/espanol\/wp-json\/wp\/v2\/media?parent=20929"}],"wp:term":[{"taxonomy":"category","embeddable":true,"href":"https:\/\/energiesnet.com\/espanol\/wp-json\/wp\/v2\/categories?post=20929"},{"taxonomy":"post_tag","embeddable":true,"href":"https:\/\/energiesnet.com\/espanol\/wp-json\/wp\/v2\/tags?post=20929"}],"curies":[{"name":"wp","href":"https:\/\/api.w.org\/{rel}","templated":true}]}}