{"id":20958,"date":"2024-04-02T14:49:56","date_gmt":"2024-04-02T18:49:56","guid":{"rendered":"https:\/\/energiesnet.com\/espanol\/?p=20958"},"modified":"2024-04-02T15:02:28","modified_gmt":"2024-04-02T19:02:28","slug":"los-100-dias-de-milei-uki-goni-nytimes","status":"publish","type":"post","link":"https:\/\/energiesnet.com\/espanol\/los-100-dias-de-milei-uki-goni-nytimes\/","title":{"rendered":"Los 100 d\u00edas de Milei &#8211; Uki Go\u00f1i\/NYTimes"},"content":{"rendered":"\n<figure class=\"wp-block-image size-full\"><img fetchpriority=\"high\" decoding=\"async\" width=\"600\" height=\"400\" src=\"https:\/\/energiesnet.com\/espanol\/wp-content\/uploads\/2024\/04\/milei_mark-petersen_nyt.jpg\" alt=\"Mark Peterson para The New York Times\" class=\"wp-image-20959\" srcset=\"https:\/\/energiesnet.com\/espanol\/wp-content\/uploads\/2024\/04\/milei_mark-petersen_nyt.jpg 600w, https:\/\/energiesnet.com\/espanol\/wp-content\/uploads\/2024\/04\/milei_mark-petersen_nyt-300x200.jpg 300w\" sizes=\"(max-width: 600px) 100vw, 600px\" \/><figcaption class=\"wp-element-caption\">Mark Peterson para The New York Times<\/figcaption><\/figure>\n\n\n\n<p>Por Uki Go\u00f1i     <\/p>\n\n\n\n<p>El nuevo presidente de Argentina, Javier Milei, lleva poco m\u00e1s de 100 d\u00edas en el cargo. Desde su toma de posesi\u00f3n el pasado 10 de diciembre, Milei, libertario de extrema derecha, se ha propuesto acabar con lo que <a href=\"https:\/\/www.pagina12.com.ar\/717040-a-que-hora-habla-javier-milei-en-el-congreso-en-la-apertura-\" rel=\"noreferrer noopener\" target=\"_blank\">ha calificado<\/a> de \u201corg\u00eda de gasto p\u00fablico\u201d por parte de las gestiones anteriores, que le han dejado \u201cla peor herencia\u201d de cualquier gobierno en la historia de Argentina.<\/p>\n\n\n\n<p>El programa libertario que Milei considera que <a href=\"https:\/\/www.barrons.com\/news\/make-argentina-great-again-milei-echoes-trump-on-us-visit-7a3dbda4\" rel=\"noreferrer noopener\" target=\"_blank\">har\u00e1 a Argentina grande otra vez<\/a> \u2014junto con su cabello, tan revoltoso como su lengua\u2014 han <a href=\"https:\/\/thehill.com\/policy\/international\/4319598-who-is-argentinian-president-javier-milei-trump\/\" rel=\"noreferrer noopener\" target=\"_blank\">suscitado<\/a> innumerables <a href=\"https:\/\/www.nytimes.com\/es\/2023\/10\/20\/espanol\/elecciones-argentina-milei-trump.html\">comparaciones<\/a> con Donald Trump y lo han hecho merecedor de grandes elogios de este y otros poderosos admiradores. Elon Musk dio a entender que el discurso de Milei en el Foro Econ\u00f3mico Mundial en Davos (Suiza) este a\u00f1o era \u201ctan candente\u201d que pod\u00eda ser motivo de distracci\u00f3n durante el acto sexual.<\/p>\n\n\n\n<p>Sin embargo, a este <em>outsider<\/em> de la pol\u00edtica le est\u00e1 resultando m\u00e1s dif\u00edcil convencer a los argentinos de su proyecto. <a href=\"https:\/\/www.nytimes.com\/es\/2023\/12\/13\/espanol\/javier-milei-recortes-argentina.html\">Anarcocapitalista<\/a> declarado, Milei gan\u00f3 las elecciones presidenciales en noviembre con la promesa de poner fin a <a href=\"https:\/\/www.reuters.com\/world\/americas\/argentina-inflation-tops-160-spotlighting-challenge-milei-2023-12-13\/\" target=\"_blank\" rel=\"noreferrer noopener\">la alt\u00edsima inflaci\u00f3n<\/a> de Argentina mediante una transformaci\u00f3n del Estado basada en el libre mercado. Hasta ahora, no la ha cumplido: la inflaci\u00f3n aument\u00f3 al doble durante su primer mes en la presidencia, aunque <a href=\"https:\/\/www.reuters.com\/world\/americas\/argentina-inflation-cools-more-than-expected-february-hits-276-annually-2024-03-12\/\" target=\"_blank\" rel=\"noreferrer noopener\">se ha ralentizado<\/a> recientemente. Las tasas de pobreza se han disparado y las ventas minoristas se han <a href=\"https:\/\/www.losandes.com.ar\/economia\/comercios-en-peligro-la-caida-en-las-ventas-roza-el-40\/\" target=\"_blank\" rel=\"noreferrer noopener\">desplomado<\/a>. Milei ha tenido que lidiar con las manifestaciones generales en las calles y se ha topado con un muro en el Congreso, que hasta ahora ha rechazado dos veces los planes que, seg\u00fan \u00e9l, cambiar\u00e1n el rumbo de Argentina para que vuelva a ser \u201cuna potencia mundial\u201d.<\/p>\n\n\n\n<p>Todos estos vientos en contra han dejado una inquietante pregunta flotando sobre su nuevo gobierno: \u00bfcu\u00e1l es el verdadero Javier Milei? \u00bfEl visionario econ\u00f3mico que se gan\u00f3 a los votantes y llev\u00f3 a Musk a predecir que \u201c<a href=\"https:\/\/twitter.com\/elonmusk\/status\/1726377537259925795\" rel=\"noreferrer noopener\" target=\"_blank\">a Argentina le espera la prosperidad<\/a>\u201d? \u00bfO el villano sediento de poder contra el que miles de argentinos marchan en las calles al grito de \u201c\u00a1La patria no se vende!\u201d?<\/p>\n\n\n\n<p>Una cosa s\u00ed es segura: Milei no es Donald Trump. Aunque su car\u00e1cter <em>antiestablishment<\/em> y su lenguaje incendiario invitan a la comparaci\u00f3n con el expresidente Trump, Milei es producto de una larga historia sudamericana en la que el autoritarismo ha sido la norma, y la democracia, la excepci\u00f3n. Aunque s\u00ed adopta algunos elementos del populismo de Trump que llegan a Am\u00e9rica del Sur desde el norte \u2014incluidas las bandera de Gadsden con la leyenda \u201cDon\u2019t Tread on Me\u201d (No me pisotees) con las que ha posado\u2014, Milei tiene m\u00e1s de caudillo sudamericano arquet\u00edpico que de aspirante a ser un Trump.<\/p>\n\n\n\n<p>Milei, al igual que el l\u00edder venezolano Hugo Ch\u00e1vez, en las ant\u00edpodas ideol\u00f3gicas, est\u00e1 tratando de obtener poderes extraordinarios en nombre de la salvaci\u00f3n de su pa\u00eds. Los economistas defensores del libre mercado llevan d\u00e9cadas considerando Argentina uno de los ejemplos m\u00e1s destacados del mundo de c\u00f3mo las pol\u00edticas econ\u00f3micas progresistas pueden conducir a la cat\u00e1strofe. Su argumento es que, cuando Argentina estuvo gobernada por los conservadores a finales del siglo XIX y principios del XX, el pa\u00eds figuraba entre las principales econom\u00edas del mundo, antes de que los gobiernos de izquierda llegaran al poder e inflaran el gasto p\u00fablico con programas de ayudas sociales incosteables, lo que gener\u00f3 el problema de la inflaci\u00f3n cr\u00f3nica de Argentina. En su <a href=\"https:\/\/www.pagina12.com.ar\/693656-asuncion-presidencial-el-discurso-completo-de-javier-milei\" rel=\"noreferrer noopener\" target=\"_blank\">discurso de investidura<\/a> del 10 de diciembre, Milei expres\u00f3 su nostalgia por aquellos tiempos pasados y, sin pudor, se jact\u00f3 hiperb\u00f3licamente de que Argentina era entonces \u201cel pa\u00eds m\u00e1s rico del mundo\u201d y \u201cun faro de luz para Occidente\u201d.<\/p>\n\n\n\n<p>Pero Argentina no era ning\u00fan para\u00edso en aquel entonces. Hubo un partido pol\u00edtico que se aferr\u00f3 al poder mediante el fraude electoral entre 1874 y 1916. Aunque Argentina s\u00ed se convirti\u00f3 en una potencia agr\u00edcola, el periodo tambi\u00e9n se caracteriz\u00f3 por la corrupci\u00f3n end\u00e9mica, el excesivo endeudamiento internacional, las crisis financieras recurrentes y unas arcas del Estado vac\u00edas que el gobierno intent\u00f3 llenar como quiere hacer hoy Milei: privatizando las empresas estatales.<\/p>\n\n\n\n<p>El actual periodo democr\u00e1tico de Argentina, que empez\u00f3 en 1983, ha sido el m\u00e1s largo en sus 208 a\u00f1os de historia. Sin embargo, la econom\u00eda ha resultado ser casi irreparable para los dictadores y los presidentes electos en democracia, de izquierda y de derecha, desde la independencia de Espa\u00f1a en 1816, afectada por la inflaci\u00f3n, los impagos de la deuda externa y los diversos planes de convertibilidad.<\/p>\n\n\n\n<p>Milei se gan\u00f3 a los votantes el a\u00f1o pasado con la promesa de acabar con esta larga agon\u00eda econ\u00f3mica atacando lo que ha identificado como una causa originaria: \u201cEsa aberraci\u00f3n llamada la justicia social\u201d. Muchas de sus pol\u00edticas econ\u00f3micas se inspiran en las obras de Murray Rothbard, economista libertario estadounidense del siglo XX cercano de negacionistas del Holocausto y cuyos cr\u00edticos lo acusan de defender la <a href=\"https:\/\/www.businessinsider.com\/exposing-the-racist-history-of-libertarianism-and-murray-rothbard-2011-10?r=MX&amp;IR=T\" rel=\"noreferrer noopener\" target=\"_blank\">segregaci\u00f3n racial<\/a>. Los dogmas de Rothbard fueron principios clave en la campa\u00f1a presidencial de Milei, incluido su conocida frase \u201cLos impuestos son un robo\u201d y su promesa de <a href=\"https:\/\/www.nytimes.com\/es\/2023\/12\/13\/espanol\/javier-milei-recortes-argentina.html\">eliminar<\/a> el banco central del pa\u00eds.<\/p>\n\n\n\n<p>Milei culpa a los gobiernos progresistas como el de Cristina Fern\u00e1ndez de Kirchner, en el poder desde 2007 hasta 2015, de los numerosos males del pa\u00eds. Como remedio, Milei ha empezado ya a desmantelar los programas de ayudas sociales de Argentina y a retirar al Estado de la educaci\u00f3n y la salud.<\/p>\n\n\n\n<p>Hasta ahora, Milei no parece tener reparos a poner la democracia en un brete, dado que a su proyecto de para\u00edso libertario se le est\u00e1 oponiendo resistencia pol\u00edtica. El 14 de marzo, el Senado <a href=\"https:\/\/elpais.com\/argentina\/2024-03-15\/el-senado-argentino-asesta-un-duro-golpe-a-milei-con-el-rechazo-del-megadecreto-de-recortes.html\" rel=\"noreferrer noopener\" target=\"_blank\">vot\u00f3 en contra<\/a> de un decreto presidencial por el cual Milei se otorgaba a s\u00ed mismo el poder de llevar adelante una serie de cambios para recortar el gasto sin la aprobaci\u00f3n del Congreso. (No obstante, el decreto sigue en vigor, mientras no lo tumbe tambi\u00e9n la C\u00e1mara de Diputados, donde el presidente lo tiene m\u00e1s f\u00e1cil). El mes pasado, la oposici\u00f3n en el Congreso tambi\u00e9n lo oblig\u00f3 a <a href=\"https:\/\/www.clarin.com\/politica\/gobierno-debio-dar-marcha-ley-omnibus-acuso-gobernadores-traicion_0_RlFzrqLAKk.html\" rel=\"noreferrer noopener\" target=\"_blank\">retirar<\/a> el proyecto de ley \u00f3mnibus orientado al libre mercado, la piedra angular de su plan econ\u00f3mico y que le habr\u00eda permitido privatizar empresas estatales y desregular amplios sectores de la econom\u00eda, incluidas algunas protecciones medioambientales y el mercado laboral.<\/p>\n\n\n\n<p>Milei, seg\u00fan inform\u00f3 <a href=\"https:\/\/www.pagina12.com.ar\/718622-milei-contra-los-gobernadores-los-voy-a-mear-a-todos\" rel=\"noreferrer noopener\" target=\"_blank\">un medio<\/a>, dijo que iba a \u201cmear\u201d a los gobernadores que se negaran a respaldar el proyecto de ley econ\u00f3mica y a\u00f1adi\u00f3 que podr\u00eda cerrar el Congreso. Tach\u00f3 de \u201c<a href=\"https:\/\/twitter.com\/JMilei\/status\/1756061925710909788\" rel=\"noreferrer noopener\" target=\"_blank\">par\u00e1sitos<\/a>\u201d a los diputados que votaron en contra del proyecto de ley.<\/p>\n\n\n\n<p>Queda por responder si Milei interpret\u00f3 mal a sus votantes sobre hasta d\u00f3nde est\u00e1n dispuestos a llegar ellos tambi\u00e9n para dar un vuelco a la econom\u00eda de Argentina. Milei podr\u00eda estar poniendo a prueba los l\u00edmites de la intermitente democracia argentina para hacer realidad su sue\u00f1o de convertir un pa\u00eds que dice que es blando, populista y basado en los derechos y ayudas sociales en una utop\u00eda libertaria donde los m\u00e1s competentes puedan desarrollar su pleno potencial, libres ya de la carga de tener que repartir sus beneficios. Aunque las pol\u00edticas de Milei acaben consiguiendo reducir el precio de los productos b\u00e1sicos, puede que los argentinos no acepten de buen grado que se les nieguen las pol\u00edticas de salud p\u00fablica de las que han disfrutado varias generaciones, o que su presidente amenace con cerrar el Congreso.<\/p>\n\n\n\n<p>Argentina no es, al fin y al cabo, el absoluto desastre econ\u00f3mico que Milei y los cr\u00edticos afines a \u00e9l quieren hacernos creer que es. Tiene una base industrial diversificada y es uno de los principales exportadores agr\u00edcolas. Tiene el segundo \u00edndice de desarrollo humano <a href=\"https:\/\/hdr.undp.org\/data-center\/human-development-index#\/indicies\/HDI\" rel=\"noreferrer noopener\" target=\"_blank\">m\u00e1s alto<\/a> de Am\u00e9rica Latina y es su <a href=\"https:\/\/data.worldbank.org\/indicator\/NY.GDP.MKTP.CD?locations=ZJ&amp;most_recent_value_desc=true\" rel=\"noreferrer noopener\" target=\"_blank\">tercera econom\u00eda<\/a>, con una poblaci\u00f3n con un alto nivel de estudios y, todav\u00eda, una fuerte aunque maltrecha clase media que sabe c\u00f3mo luchar por sus derechos.<\/p>\n\n\n\n<p>En enero, poco despu\u00e9s de tomar posesi\u00f3n de su cargo, Milei fue a Davos con un mensaje para los empresarios del mundo. \u201cQue nadie les diga que su ambici\u00f3n es inmoral\u201d, <a href=\"https:\/\/es.weforum.org\/agenda\/2024\/01\/davos-2024-discurso-especial-de-javier-milei-presidente-de-argentina\/\" rel=\"noreferrer noopener\" target=\"_blank\">dijo<\/a>. \u201cUstedes son los verdaderos protagonistas de esta historia, y sepan que a partir de hoy cuentan con Argentina como un aliado incondicional\u201d.<\/p>\n\n\n\n<p>Como demuestran las entusiastas respuestas de Musk y <a href=\"https:\/\/www.ft.com\/content\/2cc06399-8214-4a49-a195-4b5be3d32752\" rel=\"noreferrer noopener\" target=\"_blank\">otros<\/a>, su mensaje ha sido bien recibido por los ricos. Sin embargo, Milei tendr\u00e1 que hacer un llamado igual de convincente a los protagonistas reales de esta historia: la gente que est\u00e1 en las calles y carreteras de Argentina, cuya paciencia puede empezar a agotarse m\u00e1s r\u00e1pido de lo esperado si Milei no mata pronto a la bestia de la inflaci\u00f3n, rara vez domada en la larga historia de nuestro pa\u00eds.<\/p>\n\n\n\n<p>Si fracasa, no ser\u00e1 recordado como el genio libertario que Trump y Musk nos quieren hacer creer que es, sino uno m\u00e1s en la larga lista de aspirantes a caudillos sudamericanos que incumplieron sus promesas y, de paso, le destrozaron la vida a millones de personas.<\/p>\n\n\n\n<p>________________________________________<\/p>\n\n\n\n<p><strong><em>Uki Go\u00f1i <\/em><\/strong>es escritor, ensayista y periodista cuyo trabajo se ha publicado en The New York Review of Books, The Guardian y The New York Times. Es autor de <em>La aut\u00e9ntica Odessa: Fuga nazi a Argentina<\/em>.  Los puntos de vista expresados no necesariamente son los de EnergiesNet.com.<\/p>\n\n\n\n<p>Nota del Editor:\u00a0Este art\u00edculo fue originalmente publicado en\u00a0<em>The New York Times,\u00a0<\/em>el 25 de marzo del 2024. Reproducimos el mismo en beneficio de los lectores.\u00a0EnergiesNet.com no se hace responsable por los juicios de valor emitidos por sus colaboradores y columnistas de opini\u00f3n y an\u00e1lisis.<\/p>\n\n\n\n<p><a href=\"https:\/\/www.nytimes.com\/es\/2024\/03\/25\/espanol\/opinion\/milei-argentina-100-dias.html\">Art\u00edculo original<\/a><\/p>\n\n\n\n<p>Aviso de uso: Este sitio contiene material protegido por derechos de autor cuyo uso no siempre ha sido espec\u00edficamente autorizado por el propietario de los derechos. Ponemos a disposici\u00f3n dicho material en nuestro esfuerzo por avanzar en la comprensi\u00f3n de cuestiones de importancia social, medioambiental y humanitaria. Creemos que esto constituye un \u00abuso justo\u00bb de dicho material protegido por derechos de autor, tal y como se establece en la secci\u00f3n 107 de la Ley de Derechos de Autor de los Estados Unidos. De acuerdo con el T\u00edtulo 17 U.S.C. Secci\u00f3n 107.<\/p>\n\n\n\n<p>Para m\u00e1s informaci\u00f3n, visite: http:\/\/www.law.cornell.edu\/uscode\/17\/107.shtml<\/p>\n\n\n\n<p>EnergiesNet.com alienta a las personas a reproducir, reimprimir, y divulgar a trav\u00e9s de los medios audiovisuales e Internet, los comentarios editoriales y de opini\u00f3n de Petroleumworld, siempre y cuando esa reproducci\u00f3n identifique, a el autor, y la fuente original, http:\/\/www.petroleumworld.com y se haga dentro de el uso normal (fair use) de la doctrina de la secci\u00f3n 107 de la Ley de derechos de autor de los Estados Unidos de Norteam\u00e9rica (US Copyright).<\/p>\n\n\n\n<p>energiesnet.com 02 04 2024<\/p>\n","protected":false},"excerpt":{"rendered":"<p>Por Uki Go\u00f1i El nuevo presidente de Argentina, Javier Milei, lleva poco m\u00e1s de 100 d\u00edas en el cargo. Desde su toma de posesi\u00f3n el pasado 10 de diciembre, Milei, libertario de extrema derecha, se ha propuesto acabar con lo que ha calificado de \u201corg\u00eda de gasto p\u00fablico\u201d por parte de las gestiones anteriores, que &hellip;<\/p>\n<p class=\"read-more\"> <a class=\"\" href=\"https:\/\/energiesnet.com\/espanol\/los-100-dias-de-milei-uki-goni-nytimes\/\"> <span class=\"screen-reader-text\">Los 100 d\u00edas de Milei &#8211; Uki Go\u00f1i\/NYTimes<\/span> Leer m\u00e1s &raquo;<\/a><\/p>\n","protected":false},"author":2,"featured_media":20959,"comment_status":"open","ping_status":"open","sticky":false,"template":"","format":"standard","meta":{"_monsterinsights_skip_tracking":false,"_monsterinsights_sitenote_active":false,"_monsterinsights_sitenote_note":"","_monsterinsights_sitenote_category":0,"site-sidebar-layout":"default","site-content-layout":"default","ast-global-header-display":"","ast-main-header-display":"","ast-hfb-above-header-display":"","ast-hfb-below-header-display":"","ast-hfb-mobile-header-display":"","site-post-title":"","ast-breadcrumbs-content":"","ast-featured-img":"","footer-sml-layout":"","theme-transparent-header-meta":"","adv-header-id-meta":"","stick-header-meta":"","header-above-stick-meta":"","header-main-stick-meta":"","header-below-stick-meta":"","footnotes":""},"categories":[40],"tags":[262,144,1649,3470,3469,3468,136],"class_list":["post-20958","post","type-post","status-publish","format-standard","has-post-thumbnail","hentry","category-puntos-de-vista","tag-argentina","tag-economia","tag-javier-milei","tag-justicia-social","tag-liberalizacion-economica","tag-libertario","tag-politica"],"aioseo_notices":[],"_links":{"self":[{"href":"https:\/\/energiesnet.com\/espanol\/wp-json\/wp\/v2\/posts\/20958","targetHints":{"allow":["GET"]}}],"collection":[{"href":"https:\/\/energiesnet.com\/espanol\/wp-json\/wp\/v2\/posts"}],"about":[{"href":"https:\/\/energiesnet.com\/espanol\/wp-json\/wp\/v2\/types\/post"}],"author":[{"embeddable":true,"href":"https:\/\/energiesnet.com\/espanol\/wp-json\/wp\/v2\/users\/2"}],"replies":[{"embeddable":true,"href":"https:\/\/energiesnet.com\/espanol\/wp-json\/wp\/v2\/comments?post=20958"}],"version-history":[{"count":0,"href":"https:\/\/energiesnet.com\/espanol\/wp-json\/wp\/v2\/posts\/20958\/revisions"}],"wp:featuredmedia":[{"embeddable":true,"href":"https:\/\/energiesnet.com\/espanol\/wp-json\/wp\/v2\/media\/20959"}],"wp:attachment":[{"href":"https:\/\/energiesnet.com\/espanol\/wp-json\/wp\/v2\/media?parent=20958"}],"wp:term":[{"taxonomy":"category","embeddable":true,"href":"https:\/\/energiesnet.com\/espanol\/wp-json\/wp\/v2\/categories?post=20958"},{"taxonomy":"post_tag","embeddable":true,"href":"https:\/\/energiesnet.com\/espanol\/wp-json\/wp\/v2\/tags?post=20958"}],"curies":[{"name":"wp","href":"https:\/\/api.w.org\/{rel}","templated":true}]}}