{"id":21108,"date":"2024-04-11T16:07:53","date_gmt":"2024-04-11T20:07:53","guid":{"rendered":"https:\/\/energiesnet.com\/espanol\/?p=21108"},"modified":"2024-04-11T17:43:38","modified_gmt":"2024-04-11T21:43:38","slug":"la-hipocresia-de-cuba-en-la-crisis-de-mexico-y-ecuador-andres-oppenheimer-video","status":"publish","type":"post","link":"https:\/\/energiesnet.com\/espanol\/la-hipocresia-de-cuba-en-la-crisis-de-mexico-y-ecuador-andres-oppenheimer-video\/","title":{"rendered":"La hipocres\u00eda de Cuba en la crisis de M\u00e9xico y Ecuador &#8211;  Andr\u00e9s Oppenheimer (video)"},"content":{"rendered":"\n<figure class=\"wp-block-image size-full\"><img fetchpriority=\"high\" decoding=\"async\" width=\"600\" height=\"400\" src=\"https:\/\/energiesnet.com\/espanol\/wp-content\/uploads\/2024\/04\/jorge_glass-detain-video.jpg\" alt=\"\" class=\"wp-image-21109\" srcset=\"https:\/\/energiesnet.com\/espanol\/wp-content\/uploads\/2024\/04\/jorge_glass-detain-video.jpg 600w, https:\/\/energiesnet.com\/espanol\/wp-content\/uploads\/2024\/04\/jorge_glass-detain-video-300x200.jpg 300w\" sizes=\"(max-width: 600px) 100vw, 600px\" \/><figcaption class=\"wp-element-caption\"><mark style=\"background-color:rgba(0, 0, 0, 0)\" class=\"has-inline-color has-ast-global-color-6-color\"><strong>Vea video<\/strong><\/mark>: <a href=\"https:\/\/youtu.be\/7E8kDzywi-o?si=XGVVjxttOPD0rEf2\"><em>M\u00e9xico denunciar\u00e1 a Ecuador ante la Corte Internacional de Justicia por el asalto policial a su embajada en Quito para detener al exvicepresidente ecuatoriano Jorge Glas.<\/em><\/a>_(El Tiempo)<\/figcaption><\/figure>\n\n\n\n<p>Por Andr\u00e9s Oppenheimer <\/p>\n\n\n\n<p>El asalto de Ecuador el 5 de abril a la embajada de M\u00e9xico en Quito para capturar al exvicepresidente Jorge Glas, que ha sido condenado por corrupci\u00f3n masiva y se hab\u00eda refugiado all\u00ed, ha desencadenado una justificada ola de indignaci\u00f3n en toda Am\u00e9rica Latina. <\/p>\n\n\n\n<p>Sin embargo, M\u00e9xico, Venezuela y otros pa\u00edses que est\u00e1n arremetiendo contra Ecuador no dicen una palabra sobre violaciones similares cometidas por Cuba.<\/p>\n\n\n\n<p> El presidente de M\u00e9xico, Andr\u00e9s Manuel L\u00f3pez Obrador, calific\u00f3 la irrupci\u00f3n de la polic\u00eda ecuatoriana en la misi\u00f3n diplom\u00e1tica mexicana como una violaci\u00f3n flagrante del derecho internacional, y rompi\u00f3 relaciones diplom\u00e1ticas con Ecuador. <\/p>\n\n\n\n<p>M\u00e9xico argument\u00f3, con raz\u00f3n, que la incursi\u00f3n a su embajada hab\u00eda violado la Convenci\u00f3n de Viena de 1963, que establece la inmunidad diplom\u00e1tica de las embajadas. Ecuador hab\u00eda expulsado poco antes a la embajadora de M\u00e9xico en Quito, argumentando que M\u00e9xico hab\u00eda intervenido en los asuntos internos de Ecuador y hab\u00eda dado asilo ilegalmente a un criminal com\u00fan.<\/p>\n\n\n\n<p>L\u00f3pez Obrador hab\u00eda cuestionado d\u00edas antes la legitimidad de la elecci\u00f3n del presidente ecuatoriano Daniel Noboa y hab\u00eda concedido asilo diplom\u00e1tico a Glas. Ecuador argument\u00f3 que el asilo a Glas viola la convenci\u00f3n de Montevideo de 1933 y la Convenci\u00f3n de Caracas de 1954, que proh\u00edben el asilo pol\u00edtico a delincuentes comunes. <\/p>\n\n\n\n<p>Entre los pa\u00edses que m\u00e1s duramente criticaron a Ecuador se encuentra Venezuela, cuyo dictador Nicol\u00e1s Maduro afirm\u00f3 falsamente en su cuenta de X, anteriormente llamada Twitter, que la incursi\u00f3n de Ecuador fue \u201calgo nunca visto en Am\u00e9rica Latina\u201d.<\/p>\n\n\n\n<p>De hecho, la invasi\u00f3n de la embajada de M\u00e9xico fue una violaci\u00f3n del derecho internacional que ya hab\u00eda sido cometida al menos dos veces por Cuba, y con consecuencias mucho m\u00e1s tr\u00e1gicas.<\/p>\n\n\n\n<p>La dictadura cubana irrumpi\u00f3 el 9 de diciembre de 1980 en la embajada del Vaticano en La Habana en busca de personas que hab\u00edan pedido asilo pol\u00edtico all\u00ed. Tres hermanos de entre 19 y 25 a\u00f1os &#8211; Ventura, Cipriano y Eugenio Garc\u00eda Mar\u00edn &#8211; fueron capturados por tropas cubanas dentro de la misi\u00f3n diplom\u00e1tica y ejecutados tres semanas despu\u00e9s, seg\u00fan Archivo Cuba (cubaarchive.org) un grupo de investigaci\u00f3n independiente basado en Washington.<\/p>\n\n\n\n<p>En otro caso, el 21 de febrero de 1981, las tropas especiales de Cuba invadieron la embajada de Ecuador en La Habana, donde 15 miembros de una familia hab\u00edan buscado asilo. Un joven de 15 a\u00f1os capturado en la embajada, Juan Owen Delgado, muri\u00f3 v\u00edctima de una golpiza policial pocos d\u00edas despu\u00e9s, inform\u00f3 Archivo Cuba con base en testimonios de familiares.<\/p>\n\n\n\n<p>La directora ejecutiva del Archivo Cuba, Mar\u00eda Werlau, me dijo al menos cinco cubanos m\u00e1s han sido asesinados mientras trataban de entrar en misiones diplom\u00e1ticas extranjeras en La Habana, y al menos otros 26 fueron asesinados por tropas cubanas mientras intentaban refugiarse en la base naval de Estados Unidos en Guant\u00e1namo.<\/p>\n\n\n\n<p>\u201cEs una gran hipocres\u00eda que Venezuela y M\u00e9xico digan ahora que la incursi\u00f3n de Ecuador en la embajada de M\u00e9xico no tuvo precedentes en la regi\u00f3n\u201d, me dijo Werlau. \u201cTienen amnesia pol\u00edtica selectiva\u201d.<\/p>\n\n\n\n<p>Incre\u00edblemente, la propia dictadura de Cuba est\u00e1 condenando ahora la acci\u00f3n de Ecuador, como si nunca hubiera hecho algo similar. El martes, Cuba solicit\u00f3 una reuni\u00f3n urgente de la Comunidad de Estados Latinoamericanos y Caribe\u00f1os, CELAC, para condenar a Ecuador.<\/p>\n\n\n\n<p>Read more at: https:\/\/www.elnuevoherald.com\/opinion-es\/opin-col-blogs\/andres-oppenheimer-es\/article287562930.html#storylink=cpy<\/p>\n\n\n\n<p>Mi impresi\u00f3n es que la disputa diplom\u00e1tica entre M\u00e9xico y Ecuador es una tormenta en un vaso de agua, que terminar\u00e1 con un restablecimiento silencioso de las relaciones una vez que el incidente desaparezca de los titulares.<\/p>\n\n\n\n<p>Por el momento, tanto el presidente de M\u00e9xico como el de Ecuador se est\u00e1n beneficiando pol\u00edticamente del incidente. L\u00f3pez Obrador est\u00e1 recibiendo aplausos por romper relaciones con Ecuador poco antes de las elecciones del 2 de junio, en las que apoya a una candidata oficialista.<\/p>\n\n\n\n<p>Noboa, a su vez, ha visto aumentar su popularidad desde el asalto a la embajada poco antes de un refer\u00e9ndum el 21 de abril que podr\u00eda ser clave para sus posibilidades de reelecci\u00f3n.<\/p>\n\n\n\n<p>No me extra\u00f1ar\u00eda que ni M\u00e9xico ni Ecuador tengan mucho apuro en resolver esta disputa. Mientras tanto, M\u00e9xico, Venezuela y Cuba est\u00e1n explotando al m\u00e1ximo el error de Ecuador, mientras hacen la vista gorda a los ataques mucho m\u00e1s brutales a embajadas cometidos por Cuba.<\/p>\n\n\n\n<p>______________________________________________<\/p>\n\n\n\n<p><em>Andr\u00e9s Oppenheimer<\/em>, seleccionado por la revista Foreign Policy en Espa\u00f1ol como \u00abuno de los 50 intelectuales latinoamericanos m\u00e1s influyentes\u00bb, es columnista de <a href=\"https:\/\/www.miamiherald.com\/news\/local\/news-columns-blogs\/andres-oppenheimer\/\" target=\"_blank\" rel=\"noreferrer noopener\">The Miami Herald<\/a>, conductor del programa \u201c<a href=\"https:\/\/www.youtube.com\/user\/oppenheimerpresenta\" target=\"_blank\" rel=\"noreferrer noopener\">Oppenheimer Presenta<\/a>\u201d por CNN en Espa\u00f1ol, y autor de ocho best-sellers. Su columna \u201c<a href=\"https:\/\/www.elnuevoherald.com\/opinion-es\/opin-col-blogs\/andres-oppenheimer-es\/\" target=\"_blank\" rel=\"noreferrer noopener\">El Informe Oppenheimer<\/a>\u201d es publicada regularmente en m\u00e1s de 50 peri\u00f3dicos, incluidos The Miami Herald de EEUU, La Naci\u00f3n de Argentina, El Mercurio de Chile, El Comercio de Per\u00fa, y Reforma de M\u00e9xico.. Los puntos de vista expresados no necesariamente son los de EnergiesNet.com.<\/p>\n\n\n\n<p>Nota del Editor:\u00a0Este art\u00edculo fue originalmente publicado en\u00a0<em>El Nuevo Herald,\u00a0<\/em>el 11 de abril del 2024. Reproducimos el mismo en beneficio de los lectores.\u00a0EnergiesNet.com no se hace responsable por los juicios de valor emitidos por sus colaboradores y columnistas de opini\u00f3n y an\u00e1lisis.<\/p>\n\n\n\n<p><a href=\"https:\/\/www.elnuevoherald.com\/opinion-es\/opin-col-blogs\/andres-oppenheimer-es\/article287562930.html#new_tab\">Art\u00edculo original<\/a><\/p>\n\n\n\n<p>Aviso de uso: Este sitio contiene material protegido por derechos de autor cuyo uso no siempre ha sido espec\u00edficamente autorizado por el propietario de los derechos. Ponemos a disposici\u00f3n dicho material en nuestro esfuerzo por avanzar en la comprensi\u00f3n de cuestiones de importancia social, medioambiental y humanitaria. Creemos que esto constituye un \u00abuso justo\u00bb de dicho material protegido por derechos de autor, tal y como se establece en la secci\u00f3n 107 de la Ley de Derechos de Autor de los Estados Unidos. De acuerdo con el T\u00edtulo 17 U.S.C. Secci\u00f3n 107.<\/p>\n\n\n\n<p>Para m\u00e1s informaci\u00f3n, visite: http:\/\/www.law.cornell.edu\/uscode\/17\/107.shtml<\/p>\n\n\n\n<p>EnergiesNet.com alienta a las personas a reproducir, reimprimir, y divulgar a trav\u00e9s de los medios audiovisuales e Internet, los comentarios editoriales y de opini\u00f3n de Petroleumworld, siempre y cuando esa reproducci\u00f3n identifique, a el autor, y la fuente original, http:\/\/www.petroleumworld.com y se haga dentro de el uso normal (fair use) de la doctrina de la secci\u00f3n 107 de la Ley de derechos de autor de los Estados Unidos de Norteam\u00e9rica (US Copyright).<\/p>\n\n\n\n<p>energiesnet.com 11 04 2024<\/p>\n\n\n\n<p><\/p>\n","protected":false},"excerpt":{"rendered":"<p>Por Andr\u00e9s Oppenheimer El asalto de Ecuador el 5 de abril a la embajada de M\u00e9xico en Quito para capturar al exvicepresidente Jorge Glas, que ha sido condenado por corrupci\u00f3n masiva y se hab\u00eda refugiado all\u00ed, ha desencadenado una justificada ola de indignaci\u00f3n en toda Am\u00e9rica Latina. Sin embargo, M\u00e9xico, Venezuela y otros pa\u00edses que &hellip;<\/p>\n<p class=\"read-more\"> <a class=\"\" href=\"https:\/\/energiesnet.com\/espanol\/la-hipocresia-de-cuba-en-la-crisis-de-mexico-y-ecuador-andres-oppenheimer-video\/\"> <span class=\"screen-reader-text\">La hipocres\u00eda de Cuba en la crisis de M\u00e9xico y Ecuador &#8211;  Andr\u00e9s Oppenheimer (video)<\/span> Leer m\u00e1s &raquo;<\/a><\/p>\n","protected":false},"author":2,"featured_media":21109,"comment_status":"open","ping_status":"open","sticky":false,"template":"","format":"standard","meta":{"_monsterinsights_skip_tracking":false,"_monsterinsights_sitenote_active":false,"_monsterinsights_sitenote_note":"","_monsterinsights_sitenote_category":0,"site-sidebar-layout":"default","site-content-layout":"default","ast-global-header-display":"","ast-main-header-display":"","ast-hfb-above-header-display":"","ast-hfb-below-header-display":"","ast-hfb-mobile-header-display":"","site-post-title":"","ast-breadcrumbs-content":"","ast-featured-img":"","footer-sml-layout":"","theme-transparent-header-meta":"","adv-header-id-meta":"","stick-header-meta":"","header-above-stick-meta":"","header-main-stick-meta":"","header-below-stick-meta":"","footnotes":""},"categories":[39],"tags":[658,164,3519,1094,109,3521,136,173],"class_list":["post-21108","post","type-post","status-publish","format-standard","has-post-thumbnail","hentry","category-opinion","tag-cuba","tag-ecuador","tag-jorge-glass","tag-latam","tag-mexico","tag-narcotrafico","tag-politica","tag-video"],"aioseo_notices":[],"_links":{"self":[{"href":"https:\/\/energiesnet.com\/espanol\/wp-json\/wp\/v2\/posts\/21108","targetHints":{"allow":["GET"]}}],"collection":[{"href":"https:\/\/energiesnet.com\/espanol\/wp-json\/wp\/v2\/posts"}],"about":[{"href":"https:\/\/energiesnet.com\/espanol\/wp-json\/wp\/v2\/types\/post"}],"author":[{"embeddable":true,"href":"https:\/\/energiesnet.com\/espanol\/wp-json\/wp\/v2\/users\/2"}],"replies":[{"embeddable":true,"href":"https:\/\/energiesnet.com\/espanol\/wp-json\/wp\/v2\/comments?post=21108"}],"version-history":[{"count":0,"href":"https:\/\/energiesnet.com\/espanol\/wp-json\/wp\/v2\/posts\/21108\/revisions"}],"wp:featuredmedia":[{"embeddable":true,"href":"https:\/\/energiesnet.com\/espanol\/wp-json\/wp\/v2\/media\/21109"}],"wp:attachment":[{"href":"https:\/\/energiesnet.com\/espanol\/wp-json\/wp\/v2\/media?parent=21108"}],"wp:term":[{"taxonomy":"category","embeddable":true,"href":"https:\/\/energiesnet.com\/espanol\/wp-json\/wp\/v2\/categories?post=21108"},{"taxonomy":"post_tag","embeddable":true,"href":"https:\/\/energiesnet.com\/espanol\/wp-json\/wp\/v2\/tags?post=21108"}],"curies":[{"name":"wp","href":"https:\/\/api.w.org\/{rel}","templated":true}]}}