{"id":21112,"date":"2024-04-11T16:32:03","date_gmt":"2024-04-11T20:32:03","guid":{"rendered":"https:\/\/energiesnet.com\/espanol\/?p=21112"},"modified":"2024-04-11T16:34:23","modified_gmt":"2024-04-11T20:34:23","slug":"mcm-sobre-el-esequibo-es-nuestra-obligacion-defenderlo-por-la-via-pacifica-juridica-y-diplomatica-version-final","status":"publish","type":"post","link":"https:\/\/energiesnet.com\/espanol\/mcm-sobre-el-esequibo-es-nuestra-obligacion-defenderlo-por-la-via-pacifica-juridica-y-diplomatica-version-final\/","title":{"rendered":"MCM sobre el Esequibo: \u00abEs nuestra obligaci\u00f3n defenderlo por la v\u00eda pac\u00edfica, jur\u00eddica y diplom\u00e1tica\u00bb &#8211; Versi\u00f3n Final"},"content":{"rendered":"\n<figure class=\"wp-block-image size-full\"><img fetchpriority=\"high\" decoding=\"async\" width=\"600\" height=\"400\" src=\"https:\/\/energiesnet.com\/espanol\/wp-content\/uploads\/2024\/04\/MCM-vfinal.jpg\" alt=\"\" class=\"wp-image-21113\" srcset=\"https:\/\/energiesnet.com\/espanol\/wp-content\/uploads\/2024\/04\/MCM-vfinal.jpg 600w, https:\/\/energiesnet.com\/espanol\/wp-content\/uploads\/2024\/04\/MCM-vfinal-300x200.jpg 300w\" sizes=\"(max-width: 600px) 100vw, 600px\" \/><figcaption class=\"wp-element-caption\">Maria Corina Machado-MCM. La dirigente pol\u00edtica destac\u00f3 que se tienen todos los argumentos suficientes para demostrar que ese territorio le pertenece a Venezuela. Indic\u00f3 que las personas encargadas de representar al Estado venezolano ante la Corte Internacional de Justicia tienen la responsabilidad y la obligaci\u00f3n de defender los intereses de la Rep\u00fablica<\/figcaption><\/figure>\n\n\n\n<p>Por Redacci\u00f3n Versi\u00f3n Final<\/p>\n\n\n\n<p>La l\u00edder opositora Mar\u00eda Corina Machado se pronuncio este s\u00e1bado acerca del caso por la disputa del territorio Esequibo a dos d\u00edas de que venza el plazo de presentaci\u00f3n de la contra memoria de Venezuela ante la Corte Internacional de Justicia.<\/p>\n\n\n\n<p>La dirigente pol\u00edtica se\u00f1al\u00f3 a trav\u00e9s de un mensaje en la red social Instagram que \u00abla reclamaci\u00f3n el territorio Esequibo es una cuesti\u00f3n de Estado que es del inter\u00e9s de todos los venezolanos, al margen de su preferencia pol\u00edtica\u00bb.<\/p>\n\n\n\n<p>Destac\u00f3 que se tienen todos los argumentos suficientes para demostrar que ese territorio le pertenece a Venezuela y se debe defender por la v\u00eda pac\u00edfica, jur\u00eddica y diplom\u00e1tica.<\/p>\n\n\n\n<p><em>Hoy quedan solo dos d\u00edas para que se venza el plazo de presentaci\u00f3n de la contra memoria de Venezuela ante la Corte Internacional de Justicia. Tenemos los argumentos suficientes para demostrar que el Esequibo es de Venezuela y es nuestra obligaci\u00f3n defenderlo por la v\u00eda pac\u00edfica, jur\u00eddica y diplom\u00e1tica\u201d, expres\u00f3<\/em><\/p>\n\n\n\n<p>De igual manera, Machado indic\u00f3 que las personas encargadas de representar al Estado venezolano ante la Corte Internacional de Justicia tienen&nbsp;la responsabilidad y la obligaci\u00f3n de defender los intereses de la Rep\u00fablica con los argumentos jur\u00eddicos necesarios para que sea declarada la nulidad del Laudo Arbitral de Par\u00eds y se reafirme nuestra titularidad jur\u00eddica e hist\u00f3rica sobre el territorio Esequibo.<\/p>\n\n\n\n<p>La l\u00edder de Vente Venezuela mencion\u00f3 que todo lo que esta sucediendo en torno al territorio Esequibo es \u00abconsecuencia de la irresponsable gesti\u00f3n de esta controversia por los gobiernos de Hugo Ch\u00e1vez y Nicol\u00e1s Maduro\u00bb.<\/p>\n\n\n\n<p>Asimismo, explic\u00f3 que pese a a las diferencias ideol\u00f3gicas y pol\u00edticas, es deber de todos los venezolanos defender la integridad territorial de la Rep\u00fablica. <\/p>\n\n\n\n<figure class=\"wp-block-image size-full\"><img decoding=\"async\" width=\"333\" height=\"63\" src=\"https:\/\/energiesnet.com\/espanol\/wp-content\/uploads\/2024\/04\/image-3.png\" alt=\"\" class=\"wp-image-21114\" srcset=\"https:\/\/energiesnet.com\/espanol\/wp-content\/uploads\/2024\/04\/image-3.png 333w, https:\/\/energiesnet.com\/espanol\/wp-content\/uploads\/2024\/04\/image-3-300x57.png 300w\" sizes=\"(max-width: 333px) 100vw, 333px\" \/><\/figure>\n\n\n\n<figure class=\"wp-block-image size-full\"><img decoding=\"async\" width=\"541\" height=\"366\" src=\"https:\/\/energiesnet.com\/espanol\/wp-content\/uploads\/2024\/04\/image-4.png\" alt=\"\" class=\"wp-image-21115\" srcset=\"https:\/\/energiesnet.com\/espanol\/wp-content\/uploads\/2024\/04\/image-4.png 541w, https:\/\/energiesnet.com\/espanol\/wp-content\/uploads\/2024\/04\/image-4-300x203.png 300w\" sizes=\"(max-width: 541px) 100vw, 541px\" \/><\/figure>\n\n\n\n<h1 class=\"wp-block-heading has-small-font-size\">La reclamaci\u00f3n del territorio Esequibo es una cuesti\u00f3n de Estado que es del inter\u00e9s de todos los venezolanos, al margen de su preferencia pol\u00edtica.<br>Como diputada y como ciudadana venezolana he respaldado todas las acciones que favorecen nuestra justa e hist\u00f3rica reclamaci\u00f3n territorial.<br><br>Quienes hoy representan al Estado venezolano ante la Corte Internacional de Justicia, tienen la responsabilidad y la obligaci\u00f3n de defender los intereses de la Rep\u00fablica con los argumentos jur\u00eddicos necesarios para que sea declarada la nulidad del Laudo Arbitral de Par\u00eds y se reafirme nuestra titularidad jur\u00eddica e hist\u00f3rica sobre el territorio Esequibo.<br><br>Hoy quedan solo DOS d\u00edas para que se venza el plazo de presentaci\u00f3n de la contra memoria de Venezuela ante la Corte Internacional de Justicia.<br>Tenemos los argumentos suficientes para demostrar que el Esequibo es de Venezuela y es nuestra obligaci\u00f3n defenderlo por la v\u00eda pac\u00edfica, jur\u00eddica y diplom\u00e1tica.<br><br>Es un hecho que la CIJ declar\u00f3 su competencia sobre esta controversia en decisi\u00f3n de fecha 18\/12\/2020 y que declar\u00f3 tambi\u00e9n su admisibilidad en decisi\u00f3n de fecha 06\/04\/2023. Ambas decisiones son vinculantes, deben ser acatadas por el Estado venezolano y lo obligan a participar en el proceso.<br><br>Venezuela nunca ha debido llegar a la situaci\u00f3n actual. Esto es consecuencia de la irresponsable gesti\u00f3n de esta controversia por los gobiernos de Hugo Ch\u00e1vez y Nicol\u00e1s Maduro.<br><br>Pero una vez que la CIJ afirm\u00f3 su jurisdicci\u00f3n, se tienen que defender responsablemente los derechos de Venezuela sobre el Esequibo, la nulidad del Laudo arbitral y lograr la recuperaci\u00f3n del territorio del cual fuimos despojados arbitrariamente.<br><br>Al margen de nuestras diferencias ideol\u00f3gicas y pol\u00edticas, es deber de todos los venezolanos defender la integridad territorial de nuestra Rep\u00fablica.<\/h1>\n\n\n\n<p>versionFinal.com.ve  06 04 2024<\/p>\n","protected":false},"excerpt":{"rendered":"<p>Por Redacci\u00f3n Versi\u00f3n Final La l\u00edder opositora Mar\u00eda Corina Machado se pronuncio este s\u00e1bado acerca del caso por la disputa del territorio Esequibo a dos d\u00edas de que venza el plazo de presentaci\u00f3n de la contra memoria de Venezuela ante la Corte Internacional de Justicia. La dirigente pol\u00edtica se\u00f1al\u00f3 a trav\u00e9s de un mensaje en &hellip;<\/p>\n<p class=\"read-more\"> <a class=\"\" href=\"https:\/\/energiesnet.com\/espanol\/mcm-sobre-el-esequibo-es-nuestra-obligacion-defenderlo-por-la-via-pacifica-juridica-y-diplomatica-version-final\/\"> <span class=\"screen-reader-text\">MCM sobre el Esequibo: \u00abEs nuestra obligaci\u00f3n defenderlo por la v\u00eda pac\u00edfica, jur\u00eddica y diplom\u00e1tica\u00bb &#8211; Versi\u00f3n Final<\/span> Leer m\u00e1s &raquo;<\/a><\/p>\n","protected":false},"author":2,"featured_media":21113,"comment_status":"open","ping_status":"open","sticky":false,"template":"","format":"standard","meta":{"_monsterinsights_skip_tracking":false,"_monsterinsights_sitenote_active":false,"_monsterinsights_sitenote_note":"","_monsterinsights_sitenote_category":0,"site-sidebar-layout":"default","site-content-layout":"default","ast-global-header-display":"","ast-main-header-display":"","ast-hfb-above-header-display":"","ast-hfb-below-header-display":"","ast-hfb-mobile-header-display":"","site-post-title":"","ast-breadcrumbs-content":"","ast-featured-img":"","footer-sml-layout":"","theme-transparent-header-meta":"","adv-header-id-meta":"","stick-header-meta":"","header-above-stick-meta":"","header-main-stick-meta":"","header-below-stick-meta":"","footnotes":""},"categories":[45],"tags":[1118,568,50,3522,2558,2801,136],"class_list":["post-21112","post","type-post","status-publish","format-standard","has-post-thumbnail","hentry","category-noticias-diarias","tag-disputa-territorial","tag-elecciones","tag-guyana","tag-mariia-corina-machado","tag-mcm","tag-oposicion","tag-politica"],"aioseo_notices":[],"_links":{"self":[{"href":"https:\/\/energiesnet.com\/espanol\/wp-json\/wp\/v2\/posts\/21112","targetHints":{"allow":["GET"]}}],"collection":[{"href":"https:\/\/energiesnet.com\/espanol\/wp-json\/wp\/v2\/posts"}],"about":[{"href":"https:\/\/energiesnet.com\/espanol\/wp-json\/wp\/v2\/types\/post"}],"author":[{"embeddable":true,"href":"https:\/\/energiesnet.com\/espanol\/wp-json\/wp\/v2\/users\/2"}],"replies":[{"embeddable":true,"href":"https:\/\/energiesnet.com\/espanol\/wp-json\/wp\/v2\/comments?post=21112"}],"version-history":[{"count":0,"href":"https:\/\/energiesnet.com\/espanol\/wp-json\/wp\/v2\/posts\/21112\/revisions"}],"wp:featuredmedia":[{"embeddable":true,"href":"https:\/\/energiesnet.com\/espanol\/wp-json\/wp\/v2\/media\/21113"}],"wp:attachment":[{"href":"https:\/\/energiesnet.com\/espanol\/wp-json\/wp\/v2\/media?parent=21112"}],"wp:term":[{"taxonomy":"category","embeddable":true,"href":"https:\/\/energiesnet.com\/espanol\/wp-json\/wp\/v2\/categories?post=21112"},{"taxonomy":"post_tag","embeddable":true,"href":"https:\/\/energiesnet.com\/espanol\/wp-json\/wp\/v2\/tags?post=21112"}],"curies":[{"name":"wp","href":"https:\/\/api.w.org\/{rel}","templated":true}]}}