{"id":21130,"date":"2024-04-11T18:03:07","date_gmt":"2024-04-11T22:03:07","guid":{"rendered":"https:\/\/energiesnet.com\/espanol\/?p=21130"},"modified":"2024-04-11T18:06:54","modified_gmt":"2024-04-11T22:06:54","slug":"del-aqui-al-mas-alla-pedro-meyer","status":"publish","type":"post","link":"https:\/\/energiesnet.com\/espanol\/del-aqui-al-mas-alla-pedro-meyer\/","title":{"rendered":"Del aqu\u00ed al m\u00e1s all\u00e1 &#8211; Pedro Meyer"},"content":{"rendered":"\n<figure class=\"wp-block-image size-full is-resized\"><img fetchpriority=\"high\" decoding=\"async\" width=\"600\" height=\"400\" src=\"https:\/\/energiesnet.com\/espanol\/wp-content\/uploads\/2024\/04\/fotos_pedro_meyer.jpg\" alt=\"Exposici\u00f3n\" class=\"wp-image-21131\" style=\"width:573px;height:auto\" srcset=\"https:\/\/energiesnet.com\/espanol\/wp-content\/uploads\/2024\/04\/fotos_pedro_meyer.jpg 600w, https:\/\/energiesnet.com\/espanol\/wp-content\/uploads\/2024\/04\/fotos_pedro_meyer-300x200.jpg 300w\" sizes=\"(max-width: 600px) 100vw, 600px\" \/><\/figure>\n\n\n\n<p class=\"has-medium-font-size\"><strong>Del aqu\u00ed al m\u00e1s all\u00e1<\/strong><br><strong>Pedro Meyer<\/strong><br>Casa Coyoac\u00e1n<br>Fundaci\u00f3n Pedro Meyer Ciudad de M\u00e9xico<\/p>\n\n\n\n<h1 class=\"wp-block-heading has-medium-font-size\"><strong>Exposici\u00f3n<\/strong><\/h1>\n\n\n\n<p><\/p>\n\n\n\n<p>La exposici\u00f3n \u00abDel Aqu\u00ed al m\u00e1s All\u00e1\u00bb muestra una serie de fotograf\u00edas tomadas por Pedro Meyer en diversas partes del mundo, todas relacionadas con la manera en que las distintas cultura y tradiciones religiosas entierran a sus muertos.<\/p>\n\n\n\n<p>Las fotograf\u00edas registran las pr\u00e1cticas del cristianismo, el juda\u00edsmo, el hinduismo, la santer\u00eda y la creencia de seres extraterrestres en las comunidades de El Valle del Amanecer, Brasil.<\/p>\n\n\n\n<p>El autor con su trabajo dice el texto de la exposici\u00f3n, \u201creflexiona sobre la impermanencia y todo el conjunto de simbolismos, percepciones, inquietudes e iron\u00edas en torno al eterno ciclo de la vida y la muerte\u201d.<\/p>\n\n\n\n<p>Las fotograf\u00edas forman parte del libro Del Aqu\u00ed al m\u00e1s All\u00e1 (Editorial Miramar) que re\u00fane una selecci\u00f3n que la curadora, Rebecca Urezke, seleccion\u00f3 entre m\u00e1s de 20 000 tomas que hizo Meyer.<\/p>\n\n\n\n<p>El libro est\u00e1 editado por Pedro Meyer, Rebecca Urezke y Alexis Ortiz Gonz\u00e1lez. En la exposici\u00f3n en una computadora se pueden ver las p\u00e1ginas del libro con fotograf\u00edas en blanco y negro y tambi\u00e9n en color.<\/p>\n\n\n\n<figure class=\"wp-block-image size-full\"><img decoding=\"async\" width=\"565\" height=\"428\" src=\"https:\/\/energiesnet.com\/espanol\/wp-content\/uploads\/2024\/04\/image-5.png\" alt=\"\" class=\"wp-image-21132\" srcset=\"https:\/\/energiesnet.com\/espanol\/wp-content\/uploads\/2024\/04\/image-5.png 565w, https:\/\/energiesnet.com\/espanol\/wp-content\/uploads\/2024\/04\/image-5-300x227.png 300w\" sizes=\"(max-width: 565px) 100vw, 565px\" \/><\/figure>\n\n\n\n<figure class=\"wp-block-image size-full is-resized\"><img decoding=\"async\" width=\"540\" height=\"407\" src=\"https:\/\/energiesnet.com\/espanol\/wp-content\/uploads\/2024\/04\/image-6.png\" alt=\"\" class=\"wp-image-21133\" style=\"width:568px;height:auto\" srcset=\"https:\/\/energiesnet.com\/espanol\/wp-content\/uploads\/2024\/04\/image-6.png 540w, https:\/\/energiesnet.com\/espanol\/wp-content\/uploads\/2024\/04\/image-6-300x226.png 300w\" sizes=\"(max-width: 540px) 100vw, 540px\" \/><\/figure>\n\n\n\n<figure class=\"wp-block-image size-full is-resized\"><img loading=\"lazy\" decoding=\"async\" width=\"532\" height=\"401\" src=\"https:\/\/energiesnet.com\/espanol\/wp-content\/uploads\/2024\/04\/image-7.png\" alt=\"\" class=\"wp-image-21134\" style=\"width:569px;height:auto\" srcset=\"https:\/\/energiesnet.com\/espanol\/wp-content\/uploads\/2024\/04\/image-7.png 532w, https:\/\/energiesnet.com\/espanol\/wp-content\/uploads\/2024\/04\/image-7-300x226.png 300w\" sizes=\"(max-width: 532px) 100vw, 532px\" \/><\/figure>\n\n\n\n<p><\/p>\n\n\n\n<p class=\"has-medium-font-size\"><strong>Comentario<\/strong><\/p>\n\n\n\n<p><\/p>\n\n\n\n<figure class=\"wp-block-image size-full is-resized\"><img loading=\"lazy\" decoding=\"async\" width=\"563\" height=\"425\" src=\"https:\/\/energiesnet.com\/espanol\/wp-content\/uploads\/2024\/04\/image-8.png\" alt=\"\" class=\"wp-image-21135\" style=\"width:572px;height:auto\" srcset=\"https:\/\/energiesnet.com\/espanol\/wp-content\/uploads\/2024\/04\/image-8.png 563w, https:\/\/energiesnet.com\/espanol\/wp-content\/uploads\/2024\/04\/image-8-300x226.png 300w\" sizes=\"(max-width: 563px) 100vw, 563px\" \/><figcaption class=\"wp-element-caption\"><strong>Inauguraci\u00f3n de la exposici\u00f3n<\/strong><\/figcaption><\/figure>\n\n\n\n<figure class=\"wp-block-table\"><table><tbody><tr><td>Inauguraci\u00f3n de la exposici\u00f3n &nbsp; &nbsp; El d\u00eda que se inaugur\u00f3 la exposici\u00f3n tambi\u00e9n se present\u00f3 el libro. Hablaron Pedro Meyer y Rebeca Urezke sobre el trabajo que realizaron, el contenido y el significado de la obra. &nbsp; En el texto de la exposici\u00f3n, firmado por Rebecca Urezke y Alexis Ortiz Gonz\u00e1lez, se dice: \u201ctodos los seres vivos compartimos el ciclo universal del nacimiento y la muerte; del inicio al final, del aqu\u00ed al m\u00e1s all\u00e1\u201d. &nbsp; Y a\u00f1aden: \u201cresultan fascinantes los modos en que las diversas culturas lograron desarrollar las tradiciones post-mortem que han viajado en el tiempo y en la distancia, y que como individuos practicamos en conjunto con un grupo social con el cual generamos un sentimiento de pertenencia\u201d. &nbsp; Las fotograf\u00edas son expresi\u00f3n del trabajo que por a\u00f1os ha desarrollado Meyer registrando, en los m\u00e1s diversos lugares del mundo y en las m\u00e1s distintas culturas, como entierran a sus muertos. &nbsp; No solo son fotograf\u00edas de car\u00e1cter antropol\u00f3gico o art\u00edstico, que lo son, sino que m\u00e1s all\u00e1, o m\u00e1s ac\u00e1, est\u00e1 la manera como Meyer percibe y concibe el momento del que es testigo. Es su propia mirada, con todo lo que esta lleva.<\/td><\/tr><tr><td><em>Por: Dr. Rub\u00e9n Aguilar Valenzuela<\/em><br><br>miscuadernos.com.mx 11 04 202<\/td><\/tr><\/tbody><\/table><\/figure>\n","protected":false},"excerpt":{"rendered":"<p>Del aqu\u00ed al m\u00e1s all\u00e1Pedro MeyerCasa Coyoac\u00e1nFundaci\u00f3n Pedro Meyer Ciudad de M\u00e9xico Exposici\u00f3n La exposici\u00f3n \u00abDel Aqu\u00ed al m\u00e1s All\u00e1\u00bb muestra una serie de fotograf\u00edas tomadas por Pedro Meyer en diversas partes del mundo, todas relacionadas con la manera en que las distintas cultura y tradiciones religiosas entierran a sus muertos. Las fotograf\u00edas registran las &hellip;<\/p>\n<p class=\"read-more\"> <a class=\"\" href=\"https:\/\/energiesnet.com\/espanol\/del-aqui-al-mas-alla-pedro-meyer\/\"> <span class=\"screen-reader-text\">Del aqu\u00ed al m\u00e1s all\u00e1 &#8211; Pedro Meyer<\/span> Leer m\u00e1s &raquo;<\/a><\/p>\n","protected":false},"author":2,"featured_media":21131,"comment_status":"open","ping_status":"open","sticky":false,"template":"","format":"standard","meta":{"_monsterinsights_skip_tracking":false,"_monsterinsights_sitenote_active":false,"_monsterinsights_sitenote_note":"","_monsterinsights_sitenote_category":0,"site-sidebar-layout":"default","site-content-layout":"default","ast-global-header-display":"","ast-main-header-display":"","ast-hfb-above-header-display":"","ast-hfb-below-header-display":"","ast-hfb-mobile-header-display":"","site-post-title":"","ast-breadcrumbs-content":"","ast-featured-img":"","footer-sml-layout":"","theme-transparent-header-meta":"","adv-header-id-meta":"","stick-header-meta":"","header-above-stick-meta":"","header-main-stick-meta":"","header-below-stick-meta":"","footnotes":""},"categories":[45,1],"tags":[690,3524,1400,3527,3526],"class_list":["post-21130","post","type-post","status-publish","format-standard","has-post-thumbnail","hentry","category-noticias-diarias","category-uncategorized","tag-ciudad-de-mexico-2","tag-exposicion","tag-fotografias","tag-libro","tag-pedro-meyer"],"aioseo_notices":[],"_links":{"self":[{"href":"https:\/\/energiesnet.com\/espanol\/wp-json\/wp\/v2\/posts\/21130","targetHints":{"allow":["GET"]}}],"collection":[{"href":"https:\/\/energiesnet.com\/espanol\/wp-json\/wp\/v2\/posts"}],"about":[{"href":"https:\/\/energiesnet.com\/espanol\/wp-json\/wp\/v2\/types\/post"}],"author":[{"embeddable":true,"href":"https:\/\/energiesnet.com\/espanol\/wp-json\/wp\/v2\/users\/2"}],"replies":[{"embeddable":true,"href":"https:\/\/energiesnet.com\/espanol\/wp-json\/wp\/v2\/comments?post=21130"}],"version-history":[{"count":0,"href":"https:\/\/energiesnet.com\/espanol\/wp-json\/wp\/v2\/posts\/21130\/revisions"}],"wp:featuredmedia":[{"embeddable":true,"href":"https:\/\/energiesnet.com\/espanol\/wp-json\/wp\/v2\/media\/21131"}],"wp:attachment":[{"href":"https:\/\/energiesnet.com\/espanol\/wp-json\/wp\/v2\/media?parent=21130"}],"wp:term":[{"taxonomy":"category","embeddable":true,"href":"https:\/\/energiesnet.com\/espanol\/wp-json\/wp\/v2\/categories?post=21130"},{"taxonomy":"post_tag","embeddable":true,"href":"https:\/\/energiesnet.com\/espanol\/wp-json\/wp\/v2\/tags?post=21130"}],"curies":[{"name":"wp","href":"https:\/\/api.w.org\/{rel}","templated":true}]}}